{"id":149081,"date":"2025-12-03T11:45:00","date_gmt":"2025-12-03T14:45:00","guid":{"rendered":"https:\/\/www.correiobraziliense.com.br\/cbradar\/?p=149081"},"modified":"2025-12-03T05:34:48","modified_gmt":"2025-12-03T08:34:48","slug":"a-cidade-de-santa-catarina-que-esta-sendo-apontada-como-uma-das-mais-tranquilas-para-viver-no-brasil","status":"publish","type":"post","link":"https:\/\/www.correiobraziliense.com.br\/cbradar\/a-cidade-de-santa-catarina-que-esta-sendo-apontada-como-uma-das-mais-tranquilas-para-viver-no-brasil\/","title":{"rendered":"A cidade de Santa Catarina que est\u00e1 sendo apontada como uma das mais tranquilas para viver no Brasil"},"content":{"rendered":"\n<p>Considerar <strong>morar em Jaragu\u00e1 do Sul<\/strong> \u00e9 escolher viver em um dos munic\u00edpios mais seguros e desenvolvidos do <strong>Brasil<\/strong>. Localizada no norte de <strong>Santa Catarina<\/strong>, a cidade \u00e9 conhecida internacionalmente como sede de gigantes industriais como a <strong>WEG<\/strong>, mas encanta seus habitantes pela combina\u00e7\u00e3o rara de oportunidades econ\u00f4micas, \u00edndices de viol\u00eancia quase nulos e uma paisagem cercada pela <strong>Mata Atl\u00e2ntica<\/strong> preservada.<\/p>\n\n\n\n<h2 class=\"wp-block-heading\">Por que a Jaragu\u00e1 do Sul \u00e9 refer\u00eancia nacional em seguran\u00e7a?<\/h2>\n\n\n\n<p>A sensa\u00e7\u00e3o de <strong>seguran\u00e7a p\u00fablica<\/strong> \u00e9 palp\u00e1vel nas ruas e confirmada por estat\u00edsticas sendo frequentemente classificada como o munic\u00edpio entre os mais pac\u00edficos do pa\u00eds. Esse cen\u00e1rio \u00e9 resultado de uma forte integra\u00e7\u00e3o entre a comunidade, o setor empresarial e as for\u00e7as policiais, criando um ambiente onde fam\u00edlias podem frequentar pra\u00e7as e parques \u00e0 noite com tranquilidade.<\/p>\n\n\n\n<p>Al\u00e9m da baixa criminalidade, o <strong>planejamento urbano<\/strong> organizado contribui para o bem-estar, com ciclovias extensas e bairros bem estruturados. A cidade atrai novos moradores justamente por oferecer a infraestrutura de uma metr\u00f3pole industrial com o acolhimento e a paz t\u00edpicos de uma cidade do interior.<\/p>\n\n\n<div class=\"wp-block-image\">\n<figure class=\"aligncenter size-large\"><img decoding=\"async\" width=\"1024\" height=\"576\" src=\"https:\/\/www.correiobraziliense.com.br\/cbradar\/wp-content\/uploads\/2025\/07\/Edicoes-57-1024x576.png\" alt=\"Essa cidade de Santa Catarina que est\u00e1 sendo apontada como uma das melhores do pa\u00eds\" class=\"wp-image-72454\" srcset=\"https:\/\/www.correiobraziliense.com.br\/cbradar\/wp-content\/uploads\/2025\/07\/Edicoes-57-1024x576.png 1024w, https:\/\/www.correiobraziliense.com.br\/cbradar\/wp-content\/uploads\/2025\/07\/Edicoes-57-300x169.png 300w, https:\/\/www.correiobraziliense.com.br\/cbradar\/wp-content\/uploads\/2025\/07\/Edicoes-57-768x432.png 768w, https:\/\/www.correiobraziliense.com.br\/cbradar\/wp-content\/uploads\/2025\/07\/Edicoes-57-750x422.png 750w, https:\/\/www.correiobraziliense.com.br\/cbradar\/wp-content\/uploads\/2025\/07\/Edicoes-57-1140x641.png 1140w, https:\/\/www.correiobraziliense.com.br\/cbradar\/wp-content\/uploads\/2025\/07\/Edicoes-57.png 1280w\" sizes=\"(max-width: 1024px) 100vw, 1024px\" \/><figcaption class=\"wp-element-caption\">Qualidade de vida, cultura e seguran\u00e7a fazem de Jaragu\u00e1 do Sul um destaque entre as cidades catarinenses. \/\/ Cr\u00e9ditos: Wikimedia Commons<\/figcaption><\/figure><\/div>\n\n\n<h2 class=\"wp-block-heading\">Quais s\u00e3o as op\u00e7\u00f5es de lazer e natureza na cidade?<\/h2>\n\n\n\n<p>O <strong>lazer ao ar livre<\/strong> \u00e9 parte essencial da rotina do jaraguaense, tendo como principal cart\u00e3o-postal o <strong>Parque Malwee<\/strong>. Com mais de 1,5 milh\u00e3o de metros quadrados, o local \u00e9 uma refer\u00eancia em preserva\u00e7\u00e3o ambiental, oferecendo lagos, trilhas, museus e restaurantes t\u00edpicos, sendo o ref\u00fagio perfeito para finais de semana em fam\u00edlia.<\/p>\n\n\n\n<p>Veja a seguir os locais que enriquecem a experi\u00eancia de viver ou visitar a regi\u00e3o:<\/p>\n\n\n\n<ul class=\"wp-block-list\">\n<li><strong>Chiesetta Alpina<\/strong>: Um monumento \u00e0 f\u00e9 e \u00e0 imigra\u00e7\u00e3o italiana no alto do Morro Boa Vista, oferecendo uma vista panor\u00e2mica espetacular.<\/li>\n\n\n\n<li><strong>Pico Malwee<\/strong>: Destino procurado para voo livre e contempla\u00e7\u00e3o, acess\u00edvel por estrada pavimentada e cercado de natureza.<\/li>\n\n\n\n<li><strong>Sch\u00fctzenfest<\/strong>: A maior Festa de Atiradores do Brasil, que celebra as tradi\u00e7\u00f5es germ\u00e2nicas com muita m\u00fasica, chopp e competi\u00e7\u00f5es de tiro ao alvo em novembro.<\/li>\n\n\n\n<li><strong>Scar (Sociedade Cultura Art\u00edstica)<\/strong>: Um dos centros culturais mais modernos do pa\u00eds, palco de grandes espet\u00e1culos de teatro, dan\u00e7a e m\u00fasica.<\/li>\n<\/ul>\n\n\n\n<p>Quem <strong>busca parques gratuitos, gastronomia alem\u00e3 e vistas panor\u00e2micas<\/strong> no Vale Europeu, vai curtir esse v\u00eddeo do canal <strong>S\u00f3 Pra Conhecer<\/strong>, com mais de <strong>23 mil<\/strong> inscritos, onde o casal <strong>Lu e Silveira<\/strong> mostra detalhadamente <strong>o roteiro completo de Jaragu\u00e1 do Sul (SC), a Capital Nacional da Malha, explorando cervejarias, mirantes e a coloniza\u00e7\u00e3o alem\u00e3<\/strong>:<\/p>\n\n\n\n<figure class=\"wp-block-embed is-type-video is-provider-youtube wp-block-embed-youtube wp-embed-aspect-16-9 wp-has-aspect-ratio\"><div class=\"wp-block-embed__wrapper\">\n<div class=\"jeg_video_container jeg_video_content\"><iframe loading=\"lazy\" title=\"A SURPREENDENTE Jaragu\u00e1 do Sul em Santa Catarina | Parques, gastronomia e muito mais\" width=\"500\" height=\"281\" src=\"https:\/\/www.youtube.com\/embed\/7A8W6a8TPfs?feature=oembed\" frameborder=\"0\" allow=\"accelerometer; autoplay; clipboard-write; encrypted-media; gyroscope; picture-in-picture; web-share\" referrerpolicy=\"strict-origin-when-cross-origin\" allowfullscreen><\/iframe><\/div>\n<\/div><\/figure>\n\n\n\n<h2 class=\"wp-block-heading\">Como a economia robusta impacta o cotidiano?<\/h2>\n\n\n\n<p>Conhecida como a &#8220;Capital do Vale do Itapocu&#8221;, a cidade possui um dos maiores PIBs do estado, impulsionado por um setor metalmec\u00e2nico e t\u00eaxtil de ponta. A presen\u00e7a de empresas globais gera um mercado de trabalho aquecido e de alta qualifica\u00e7\u00e3o, atraindo engenheiros e profissionais t\u00e9cnicos de todo o <strong>Brasil<\/strong> em busca de estabilidade e crescimento na carreira.<\/p>\n\n\n\n<p>O empreendedorismo tamb\u00e9m \u00e9 forte, com um ecossistema de inova\u00e7\u00e3o crescente no <strong>Novale Hub<\/strong>, que fomenta startups e tecnologia. Essa din\u00e2mica econ\u00f4mica garante que a riqueza gerada circule no munic\u00edpio, refletindo-se em servi\u00e7os p\u00fablicos de qualidade, com\u00e9rcio variado e um setor imobili\u00e1rio valorizado.<\/p>\n\n\n<div class=\"wp-block-image\">\n<figure class=\"aligncenter size-large\"><img decoding=\"async\" width=\"1024\" height=\"576\" src=\"https:\/\/www.correiobraziliense.com.br\/cbradar\/wp-content\/uploads\/2025\/07\/Jaragua-do-Sul_1752563021786-1024x576.jpg\" alt=\"Essa cidade de Santa Catarina que est\u00e1 sendo apontada como uma das melhores do pa\u00eds\" class=\"wp-image-70167\" srcset=\"https:\/\/www.correiobraziliense.com.br\/cbradar\/wp-content\/uploads\/2025\/07\/Jaragua-do-Sul_1752563021786-1024x576.jpg 1024w, https:\/\/www.correiobraziliense.com.br\/cbradar\/wp-content\/uploads\/2025\/07\/Jaragua-do-Sul_1752563021786-300x169.jpg 300w, https:\/\/www.correiobraziliense.com.br\/cbradar\/wp-content\/uploads\/2025\/07\/Jaragua-do-Sul_1752563021786-768x432.jpg 768w, https:\/\/www.correiobraziliense.com.br\/cbradar\/wp-content\/uploads\/2025\/07\/Jaragua-do-Sul_1752563021786-750x422.jpg 750w, https:\/\/www.correiobraziliense.com.br\/cbradar\/wp-content\/uploads\/2025\/07\/Jaragua-do-Sul_1752563021786-1140x641.jpg 1140w, https:\/\/www.correiobraziliense.com.br\/cbradar\/wp-content\/uploads\/2025\/07\/Jaragua-do-Sul_1752563021786.jpg 1280w\" sizes=\"(max-width: 1024px) 100vw, 1024px\" \/><figcaption class=\"wp-element-caption\">Jaragu\u00e1 do Sul combina seguran\u00e7a, desenvolvimento e bem-estar em um dos melhores \u00edndices do pa\u00eds. \/\/ Cr\u00e9ditos: depositphotos.com \/ sergio_pulp<\/figcaption><\/figure><\/div>\n\n\n<h2 class=\"wp-block-heading\">Melhor \u00e9poca para aproveitar a cidade?<\/h2>\n\n\n\n<p>O <strong>clima subtropical<\/strong> apresenta esta\u00e7\u00f5es bem definidas, com ver\u00f5es quentes que convidam a banhos de rio e cachoeiras na regi\u00e3o, e invernos que podem ser rigorosos. <strong><a href=\"https:\/\/www.climatempo.com.br\/previsao-do-tempo\/cidade\/379\/jaraguadosul-sc\" target=\"_blank\" rel=\"noreferrer noopener\">Segundo o Climatempo<\/a><\/strong>, a primavera \u00e9 uma das \u00e9pocas mais agrad\u00e1veis para atividades ao ar livre, enquanto novembro \u00e9 o m\u00eas mais festivo devido \u00e0 Sch\u00fctzenfest.<\/p>\n\n\n\n<p>Confira abaixo o resumo das esta\u00e7\u00f5es e as atividades recomendadas para o cotidiano local:<\/p>\n\n\n\n<figure class=\"wp-block-table\"><table class=\"has-fixed-layout\"><thead><tr><th>Per\u00edodo (meses)<\/th><th>Temperatura m\u00e9dia<\/th><th>Clima<\/th><th>Atividades recomendadas<\/th><\/tr><\/thead><tbody><tr><td>Novembro<\/td><td>24\u00b0C<\/td><td>Agrad\u00e1vel e festivo<\/td><td>Sch\u00fctzenfest e gastronomia alem\u00e3<\/td><\/tr><tr><td>Dezembro a Mar\u00e7o<\/td><td>28\u00b0C<\/td><td>Quente e \u00famido<\/td><td>Parques aqu\u00e1ticos e litoral pr\u00f3ximo<\/td><\/tr><tr><td>Abril a Junho<\/td><td>20\u00b0C<\/td><td>Ameno<\/td><td>Voo livre e caminhadas no Parque Malwee<\/td><\/tr><tr><td>Julho a Agosto<\/td><td>15\u00b0C<\/td><td>Frio e \u00famido<\/td><td>Caf\u00e9s coloniais e turismo cultural<\/td><\/tr><\/tbody><\/table><\/figure>\n\n\n<div class=\"wp-block-image\">\n<figure class=\"aligncenter size-large\"><img decoding=\"async\" width=\"1024\" height=\"576\" src=\"https:\/\/www.correiobraziliense.com.br\/cbradar\/wp-content\/uploads\/2025\/08\/Edicoes-2025-08-06T152333.847-1024x576.png\" alt=\"Essa cidade de Santa Catarina que est\u00e1 sendo apontada como uma das melhores do pa\u00eds\" class=\"wp-image-82001\" srcset=\"https:\/\/www.correiobraziliense.com.br\/cbradar\/wp-content\/uploads\/2025\/08\/Edicoes-2025-08-06T152333.847-1024x576.png 1024w, https:\/\/www.correiobraziliense.com.br\/cbradar\/wp-content\/uploads\/2025\/08\/Edicoes-2025-08-06T152333.847-300x169.png 300w, https:\/\/www.correiobraziliense.com.br\/cbradar\/wp-content\/uploads\/2025\/08\/Edicoes-2025-08-06T152333.847-768x432.png 768w, https:\/\/www.correiobraziliense.com.br\/cbradar\/wp-content\/uploads\/2025\/08\/Edicoes-2025-08-06T152333.847-750x422.png 750w, https:\/\/www.correiobraziliense.com.br\/cbradar\/wp-content\/uploads\/2025\/08\/Edicoes-2025-08-06T152333.847-1140x641.png 1140w, https:\/\/www.correiobraziliense.com.br\/cbradar\/wp-content\/uploads\/2025\/08\/Edicoes-2025-08-06T152333.847.png 1280w\" sizes=\"(max-width: 1024px) 100vw, 1024px\" \/><figcaption class=\"wp-element-caption\">Jaragu\u00e1 do Sul mant\u00e9m posi\u00e7\u00e3o entre as quatro cidades mais seguras do Brasil, segundo dados oficiais. \/\/ Cr\u00e9ditos: YouTube @BronisDrones<\/figcaption><\/figure><\/div>\n\n\n<h2 class=\"wp-block-heading\">A infraestrutura de sa\u00fade e educa\u00e7\u00e3o \u00e9 um diferencial?<\/h2>\n\n\n\n<p>A rede de <strong>educa\u00e7\u00e3o<\/strong> \u00e9 destaque, com escolas p\u00fablicas premiadas e a presen\u00e7a de <strong>institui\u00e7\u00f5es t\u00e9cnicas federais (IFSC)<\/strong> e faculdades que preparam m\u00e3o de obra qualificada para a ind\u00fastria local. O foco na forma\u00e7\u00e3o t\u00e9cnica \u00e9 uma heran\u00e7a cultural que valoriza o trabalho e o conhecimento pr\u00e1tico desde cedo.<\/p>\n\n\n\n<p>Na <strong>sa\u00fade<\/strong>, hospitais como o S\u00e3o Jos\u00e9 e o Jaragu\u00e1 s\u00e3o refer\u00eancias regionais, equipados com tecnologia de ponta muitas vezes financiada pela pr\u00f3pria comunidade empresarial. O voluntariado \u00e9 uma marca registrada da cidade, onde empres\u00e1rios e cidad\u00e3os se unem para equipar e manter as estruturas de atendimento m\u00e9dico em alto n\u00edvel.<\/p>\n\n\n\n<p><strong>Leia tamb\u00e9m: <a href=\"https:\/\/www.correiobraziliense.com.br\/cbradar\/a-cidade-em-minas-que-conquistou-moradores-com-bem-estar-natureza-e-uma-vida-muito-acima-da-media\/\" target=\"_blank\" rel=\"noreferrer noopener\">A cidade em Minas que conquistou moradores com bem-estar, natureza e uma vida muito acima da m\u00e9dia.<\/a><\/strong><\/p>\n\n\n\n<h2 class=\"wp-block-heading\">Jaragu\u00e1 do Sul consolida-se como modelo de desenvolvimento humano<\/h2>\n\n\n\n<p><strong>Assim, Jaragu\u00e1 do Sul reafirma sua posi\u00e7\u00e3o como uma das cidades mais equilibradas e pr\u00f3speras do pa\u00eds.<\/strong> Com seguran\u00e7a, oportunidades econ\u00f4micas e uma vida cultural vibrante em meio \u00e0 natureza preservada, o munic\u00edpio se destaca como um verdadeiro modelo de desenvolvimento humano e qualidade de vida.<\/p>\n","protected":false},"excerpt":{"rendered":"<p>Considerar morar em Jaragu\u00e1 do Sul \u00e9 escolher viver em um dos munic\u00edpios mais seguros e desenvolvidos do Brasil. Localizada no norte de Santa Catarina, a cidade \u00e9 conhecida internacionalmente como sede de gigantes industriais como a WEG, mas encanta seus habitantes pela combina\u00e7\u00e3o rara de oportunidades econ\u00f4micas, \u00edndices de viol\u00eancia quase nulos e uma [&hellip;]<\/p>\n","protected":false},"author":8,"featured_media":144763,"comment_status":"open","ping_status":"open","sticky":false,"template":"","format":"standard","meta":{"_yoast_wpseo_focuskw":"cidade de Santa Catarina","_yoast_wpseo_title":"","_yoast_wpseo_metadesc":"A cidade catarinense vem sendo apontada como uma das melhores do pa\u00eds pela qualidade de vida e pelo desenvolvimento constante.","jnews-multi-image_gallery":[],"jnews_single_post":{"format":"standard"},"jnews_primary_category":[],"jnews_social_meta":[],"jnews_override_counter":[],"footnotes":""},"categories":[108,111],"post_tag":[225,7196,851],"class_list":["post-149081","post","type-post","status-publish","format-standard","has-post-thumbnail","hentry","category-cidades","category-turismo","tag-brasil","tag-jaragua-do-sul","tag-santa-catarina"],"yoast_head":"<!-- This site is optimized with the Yoast SEO plugin v24.6 - https:\/\/yoast.com\/wordpress\/plugins\/seo\/ -->\n<title>A cidade de Santa Catarina que est\u00e1 sendo apontada como uma das mais tranquilas para viver no Brasil - Correio Braziliense - Radar<\/title>\n<meta name=\"description\" content=\"A cidade catarinense vem sendo apontada como uma das melhores do pa\u00eds pela qualidade de vida e pelo desenvolvimento constante.\" \/>\n<meta name=\"robots\" content=\"index, follow, max-snippet:-1, max-image-preview:large, max-video-preview:-1\" \/>\n<link rel=\"canonical\" href=\"https:\/\/www.correiobraziliense.com.br\/cbradar\/a-cidade-de-santa-catarina-que-esta-sendo-apontada-como-uma-das-mais-tranquilas-para-viver-no-brasil\/\" \/>\n<meta property=\"og:locale\" content=\"pt_BR\" \/>\n<meta property=\"og:type\" content=\"article\" \/>\n<meta property=\"og:title\" content=\"A cidade de Santa Catarina que est\u00e1 sendo apontada como uma das mais tranquilas para viver no Brasil - Correio Braziliense - Radar\" \/>\n<meta property=\"og:description\" content=\"A cidade catarinense vem sendo apontada como uma das melhores do pa\u00eds pela qualidade de vida e pelo desenvolvimento constante.\" \/>\n<meta property=\"og:url\" content=\"https:\/\/www.correiobraziliense.com.br\/cbradar\/a-cidade-de-santa-catarina-que-esta-sendo-apontada-como-uma-das-mais-tranquilas-para-viver-no-brasil\/\" \/>\n<meta property=\"og:site_name\" content=\"Correio Braziliense - Radar\" \/>\n<meta property=\"article:published_time\" content=\"2025-12-03T14:45:00+00:00\" \/>\n<meta property=\"og:image\" content=\"https:\/\/www.correiobraziliense.com.br\/cbradar\/wp-content\/uploads\/2025\/11\/G-55.png\" \/>\n\t<meta property=\"og:image:width\" content=\"1280\" \/>\n\t<meta property=\"og:image:height\" content=\"720\" \/>\n\t<meta property=\"og:image:type\" content=\"image\/png\" \/>\n<meta name=\"author\" content=\"Maura Pereira\" \/>\n<meta name=\"twitter:card\" content=\"summary_large_image\" \/>\n<meta name=\"twitter:label1\" content=\"Escrito por\" \/>\n\t<meta name=\"twitter:data1\" content=\"Maura Pereira\" \/>\n\t<meta name=\"twitter:label2\" content=\"Est. tempo de leitura\" \/>\n\t<meta name=\"twitter:data2\" content=\"6 minutos\" \/>\n<!-- \/ Yoast SEO plugin. -->","yoast_head_json":{"title":"A cidade de Santa Catarina que est\u00e1 sendo apontada como uma das mais tranquilas para viver no Brasil - Correio Braziliense - Radar","description":"A cidade catarinense vem sendo apontada como uma das melhores do pa\u00eds pela qualidade de vida e pelo desenvolvimento constante.","robots":{"index":"index","follow":"follow","max-snippet":"max-snippet:-1","max-image-preview":"max-image-preview:large","max-video-preview":"max-video-preview:-1"},"canonical":"https:\/\/www.correiobraziliense.com.br\/cbradar\/a-cidade-de-santa-catarina-que-esta-sendo-apontada-como-uma-das-mais-tranquilas-para-viver-no-brasil\/","og_locale":"pt_BR","og_type":"article","og_title":"A cidade de Santa Catarina que est\u00e1 sendo apontada como uma das mais tranquilas para viver no Brasil - Correio Braziliense - Radar","og_description":"A cidade catarinense vem sendo apontada como uma das melhores do pa\u00eds pela qualidade de vida e pelo desenvolvimento constante.","og_url":"https:\/\/www.correiobraziliense.com.br\/cbradar\/a-cidade-de-santa-catarina-que-esta-sendo-apontada-como-uma-das-mais-tranquilas-para-viver-no-brasil\/","og_site_name":"Correio Braziliense - Radar","article_published_time":"2025-12-03T14:45:00+00:00","og_image":[{"width":1280,"height":720,"url":"https:\/\/www.correiobraziliense.com.br\/cbradar\/wp-content\/uploads\/2025\/11\/G-55.png","type":"image\/png"}],"author":"Maura Pereira","twitter_card":"summary_large_image","twitter_misc":{"Escrito por":"Maura Pereira","Est. tempo de leitura":"6 minutos"},"schema":{"@context":"https:\/\/schema.org","@graph":[{"@type":"WebPage","@id":"https:\/\/www.correiobraziliense.com.br\/cbradar\/a-cidade-de-santa-catarina-que-esta-sendo-apontada-como-uma-das-mais-tranquilas-para-viver-no-brasil\/","url":"https:\/\/www.correiobraziliense.com.br\/cbradar\/a-cidade-de-santa-catarina-que-esta-sendo-apontada-como-uma-das-mais-tranquilas-para-viver-no-brasil\/","name":"A cidade de Santa Catarina que est\u00e1 sendo apontada como uma das mais tranquilas para viver no Brasil - Correio Braziliense - Radar","isPartOf":{"@id":"https:\/\/www.correiobraziliense.com.br\/cbradar\/#website"},"primaryImageOfPage":{"@id":"https:\/\/www.correiobraziliense.com.br\/cbradar\/a-cidade-de-santa-catarina-que-esta-sendo-apontada-como-uma-das-mais-tranquilas-para-viver-no-brasil\/#primaryimage"},"image":{"@id":"https:\/\/www.correiobraziliense.com.br\/cbradar\/a-cidade-de-santa-catarina-que-esta-sendo-apontada-como-uma-das-mais-tranquilas-para-viver-no-brasil\/#primaryimage"},"thumbnailUrl":"https:\/\/www.correiobraziliense.com.br\/cbradar\/wp-content\/uploads\/2025\/11\/G-55.png","datePublished":"2025-12-03T14:45:00+00:00","author":{"@id":"https:\/\/www.correiobraziliense.com.br\/cbradar\/#\/schema\/person\/4053c651a9bfc785afc6f4cbc9032fd3"},"description":"A cidade catarinense vem sendo apontada como uma das melhores do pa\u00eds pela qualidade de vida e pelo desenvolvimento constante.","breadcrumb":{"@id":"https:\/\/www.correiobraziliense.com.br\/cbradar\/a-cidade-de-santa-catarina-que-esta-sendo-apontada-como-uma-das-mais-tranquilas-para-viver-no-brasil\/#breadcrumb"},"inLanguage":"pt-BR","potentialAction":[{"@type":"ReadAction","target":["https:\/\/www.correiobraziliense.com.br\/cbradar\/a-cidade-de-santa-catarina-que-esta-sendo-apontada-como-uma-das-mais-tranquilas-para-viver-no-brasil\/"]}]},{"@type":"ImageObject","inLanguage":"pt-BR","@id":"https:\/\/www.correiobraziliense.com.br\/cbradar\/a-cidade-de-santa-catarina-que-esta-sendo-apontada-como-uma-das-mais-tranquilas-para-viver-no-brasil\/#primaryimage","url":"https:\/\/www.correiobraziliense.com.br\/cbradar\/wp-content\/uploads\/2025\/11\/G-55.png","contentUrl":"https:\/\/www.correiobraziliense.com.br\/cbradar\/wp-content\/uploads\/2025\/11\/G-55.png","width":1280,"height":720,"caption":"Jaragu\u00e1 do Sul \u00e9 cidade catarinense com forte tradi\u00e7\u00e3o industrial, especialmente em metalomec\u00e2nica e manufatura avan\u00e7ada. \/ Imagem ilustrativa"},{"@type":"BreadcrumbList","@id":"https:\/\/www.correiobraziliense.com.br\/cbradar\/a-cidade-de-santa-catarina-que-esta-sendo-apontada-como-uma-das-mais-tranquilas-para-viver-no-brasil\/#breadcrumb","itemListElement":[{"@type":"ListItem","position":1,"name":"In\u00edcio","item":"https:\/\/www.correiobraziliense.com.br\/cbradar\/"},{"@type":"ListItem","position":2,"name":"A cidade de Santa Catarina que est\u00e1 sendo apontada como uma das mais tranquilas para viver no Brasil"}]},{"@type":"WebSite","@id":"https:\/\/www.correiobraziliense.com.br\/cbradar\/#website","url":"https:\/\/www.correiobraziliense.com.br\/cbradar\/","name":"Correio Braziliense - Radar","description":"Acompanhe as \u00faltimas not\u00edcias e fique bem informado sobre tudo o que acontece no Brasil e no mundo.","potentialAction":[{"@type":"SearchAction","target":{"@type":"EntryPoint","urlTemplate":"https:\/\/www.correiobraziliense.com.br\/cbradar\/?s={search_term_string}"},"query-input":{"@type":"PropertyValueSpecification","valueRequired":true,"valueName":"search_term_string"}}],"inLanguage":"pt-BR"},{"@type":"Person","@id":"https:\/\/www.correiobraziliense.com.br\/cbradar\/#\/schema\/person\/4053c651a9bfc785afc6f4cbc9032fd3","name":"Maura Pereira","image":{"@type":"ImageObject","inLanguage":"pt-BR","@id":"https:\/\/www.correiobraziliense.com.br\/cbradar\/#\/schema\/person\/image\/","url":"https:\/\/secure.gravatar.com\/avatar\/3effd6bdadfa447f15089c7f7144eaa6?s=96&d=mm&r=g","contentUrl":"https:\/\/secure.gravatar.com\/avatar\/3effd6bdadfa447f15089c7f7144eaa6?s=96&d=mm&r=g","caption":"Maura Pereira"},"sameAs":["https:\/\/www.correiobraziliense.com.br\/"],"url":"https:\/\/www.correiobraziliense.com.br\/cbradar\/author\/mauramyth\/"}]}},"_links":{"self":[{"href":"https:\/\/www.correiobraziliense.com.br\/cbradar\/wp-json\/wp\/v2\/posts\/149081","targetHints":{"allow":["GET"]}}],"collection":[{"href":"https:\/\/www.correiobraziliense.com.br\/cbradar\/wp-json\/wp\/v2\/posts"}],"about":[{"href":"https:\/\/www.correiobraziliense.com.br\/cbradar\/wp-json\/wp\/v2\/types\/post"}],"author":[{"embeddable":true,"href":"https:\/\/www.correiobraziliense.com.br\/cbradar\/wp-json\/wp\/v2\/users\/8"}],"replies":[{"embeddable":true,"href":"https:\/\/www.correiobraziliense.com.br\/cbradar\/wp-json\/wp\/v2\/comments?post=149081"}],"version-history":[{"count":20,"href":"https:\/\/www.correiobraziliense.com.br\/cbradar\/wp-json\/wp\/v2\/posts\/149081\/revisions"}],"predecessor-version":[{"id":149200,"href":"https:\/\/www.correiobraziliense.com.br\/cbradar\/wp-json\/wp\/v2\/posts\/149081\/revisions\/149200"}],"wp:featuredmedia":[{"embeddable":true,"href":"https:\/\/www.correiobraziliense.com.br\/cbradar\/wp-json\/wp\/v2\/media\/144763"}],"wp:attachment":[{"href":"https:\/\/www.correiobraziliense.com.br\/cbradar\/wp-json\/wp\/v2\/media?parent=149081"}],"wp:term":[{"taxonomy":"category","embeddable":true,"href":"https:\/\/www.correiobraziliense.com.br\/cbradar\/wp-json\/wp\/v2\/categories?post=149081"},{"taxonomy":"post_tag","embeddable":true,"href":"https:\/\/www.correiobraziliense.com.br\/cbradar\/wp-json\/wp\/v2\/post_tag?post=149081"}],"curies":[{"name":"wp","href":"https:\/\/api.w.org\/{rel}","templated":true}]}}