{"id":14914,"date":"2025-03-24T08:23:00","date_gmt":"2025-03-24T11:23:00","guid":{"rendered":"https:\/\/www.correiobraziliense.com.br\/cbradar\/?p=14914"},"modified":"2025-03-22T16:51:08","modified_gmt":"2025-03-22T19:51:08","slug":"novas-regras-de-emplacamento-para-ficar-atento-saiba-mais","status":"publish","type":"post","link":"https:\/\/www.correiobraziliense.com.br\/cbradar\/novas-regras-de-emplacamento-para-ficar-atento-saiba-mais\/","title":{"rendered":"Novas regras de emplacamento para ficar atento, saiba mais"},"content":{"rendered":"\n<p>A partir de julho de 2025, o emplacamento de ve\u00edculos novos e a substitui\u00e7\u00e3o de placas em <strong>S\u00e3o Paulo <\/strong>passar\u00e3o por mudan\u00e7as significativas. O <strong><a href=\"https:\/\/www.detran.sp.gov.br\/wps\/portal\/portaldetran\/cidadao\/home\" target=\"_blank\" rel=\"noreferrer noopener\">Departamento Estadual de Tr\u00e2nsito de S\u00e3o Paulo (Detran-SP)<\/a><\/strong> agora centraliza o processo, buscando aumentar a seguran\u00e7a e a efici\u00eancia. Este artigo detalha as novas etapas e requisitos para o emplacamento, al\u00e9m de esclarecer quando a troca de placa \u00e9 necess\u00e1ria.<\/p>\n\n\n\n<p>Anteriormente, os propriet\u00e1rios de ve\u00edculos podiam adquirir placas diretamente de empresas credenciadas. Com as novas diretrizes, a autoriza\u00e7\u00e3o para a instala\u00e7\u00e3o da Placa de Identifica\u00e7\u00e3o Veicular (PIV) deve ser solicitada ao Detran-SP antes de contatar uma estampadora credenciada. Essa mudan\u00e7a tem como objetivo prevenir fraudes e melhorar o controle do processo.<\/p>\n\n\n\n<h2 class=\"wp-block-heading\">Quais s\u00e3o as etapas do novo processo de emplacamento?<\/h2>\n\n\n\n<p>O novo procedimento de emplacamento em S\u00e3o Paulo envolve tr\u00eas etapas principais. Primeiramente, o propriet\u00e1rio deve solicitar a Autoriza\u00e7\u00e3o para Estampagem de Placa (AEPIV) diretamente ao Detran-SP, mediante o pagamento de uma taxa de R$ 37,02. Pessoas f\u00edsicas devem fornecer o CPF, enquanto empresas podem utilizar o CNPJ para pagamentos em lote.<\/p>\n\n\n\n<p>Ap\u00f3s a obten\u00e7\u00e3o da autoriza\u00e7\u00e3o, o pr\u00f3ximo passo \u00e9 escolher uma estampadora credenciada pelo Detran-SP para a fabrica\u00e7\u00e3o da nova placa. A lista de empresas credenciadas estar\u00e1 dispon\u00edvel no site do \u00f3rg\u00e3o. O pagamento pela fabrica\u00e7\u00e3o da placa \u00e9 feito diretamente \u00e0 estampadora escolhida.<\/p>\n\n\n\n<figure class=\"wp-block-image size-large\"><img decoding=\"async\" width=\"1024\" height=\"576\" src=\"https:\/\/www.correiobraziliense.com.br\/cbradar\/wp-content\/uploads\/2025\/03\/veiculos_1742659324803-1024x576.jpg\" alt=\"Novas regras de emplacamento para ficar atento, saiba mais\" class=\"wp-image-14919\" srcset=\"https:\/\/www.correiobraziliense.com.br\/cbradar\/wp-content\/uploads\/2025\/03\/veiculos_1742659324803-1024x576.jpg 1024w, https:\/\/www.correiobraziliense.com.br\/cbradar\/wp-content\/uploads\/2025\/03\/veiculos_1742659324803-300x169.jpg 300w, https:\/\/www.correiobraziliense.com.br\/cbradar\/wp-content\/uploads\/2025\/03\/veiculos_1742659324803-768x432.jpg 768w, https:\/\/www.correiobraziliense.com.br\/cbradar\/wp-content\/uploads\/2025\/03\/veiculos_1742659324803-750x422.jpg 750w, https:\/\/www.correiobraziliense.com.br\/cbradar\/wp-content\/uploads\/2025\/03\/veiculos_1742659324803-1140x641.jpg 1140w, https:\/\/www.correiobraziliense.com.br\/cbradar\/wp-content\/uploads\/2025\/03\/veiculos_1742659324803.jpg 1280w\" sizes=\"(max-width: 1024px) 100vw, 1024px\" \/><figcaption class=\"wp-element-caption\">ve\u00edculos. Cr\u00e9ditos: depositphotos.com \/ welcomia<\/figcaption><\/figure>\n\n\n\n<h2 class=\"wp-block-heading\">Quando \u00e9 necess\u00e1rio substituir a placa do ve\u00edculo?<\/h2>\n\n\n\n<p>A substitui\u00e7\u00e3o da placa \u00e9 necess\u00e1ria em algumas situa\u00e7\u00f5es espec\u00edficas. Se a placa atual estiver danificada a ponto de dificultar a leitura, ou se o ve\u00edculo for transferido para outra cidade ou estado, a troca \u00e9 obrigat\u00f3ria. Al\u00e9m disso, os propriet\u00e1rios podem optar por trocar voluntariamente para o novo modelo de placa Mercosul.<\/p>\n\n\n\n<p>\u00c9 importante ressaltar que conduzir um ve\u00edculo com placas ileg\u00edveis ou danificadas constitui uma infra\u00e7\u00e3o grav\u00edssima, resultando em multa e pontos na carteira de habilita\u00e7\u00e3o. Portanto, manter a placa em boas condi\u00e7\u00f5es \u00e9 essencial para evitar penalidades.<\/p>\n\n\n\n<h2 class=\"wp-block-heading\">Como proceder com a instala\u00e7\u00e3o da nova placa?<\/h2>\n\n\n\n<p>Com a placa fabricada, o propriet\u00e1rio pode optar por instal\u00e1-la pessoalmente, atrav\u00e9s de um procurador ou solicitar que o estabelecimento onde o ve\u00edculo foi adquirido realize a instala\u00e7\u00e3o. Seguir corretamente as etapas \u00e9 crucial para garantir que o ve\u00edculo esteja em conformidade com as novas regulamenta\u00e7\u00f5es.<\/p>\n\n\n\n<p>Se a placa atual do ve\u00edculo est\u00e1 em boas condi\u00e7\u00f5es e n\u00e3o h\u00e1 planos de mudan\u00e7a de cidade, n\u00e3o h\u00e1 necessidade de substitu\u00ed-la imediatamente. No entanto, \u00e9 fundamental estar atento \u00e0s novas regras e procedimentos para evitar complica\u00e7\u00f5es futuras.<\/p>\n","protected":false},"excerpt":{"rendered":"<p>Novas regras para emplacamento de ve\u00edculos em S\u00e3o Paulo a partir de julho de 2025. Entenda o novo processo.<\/p>\n","protected":false},"author":3,"featured_media":14918,"comment_status":"open","ping_status":"open","sticky":false,"template":"","format":"standard","meta":{"_yoast_wpseo_focuskw":"emplacamento","_yoast_wpseo_title":"%%title%%","_yoast_wpseo_metadesc":"Novas regras para emplacamento de ve\u00edculos em S\u00e3o Paulo a partir de julho de 2025. Entenda o novo processo.","jnews-multi-image_gallery":[],"jnews_single_post":{"format":"standard"},"jnews_primary_category":[],"jnews_social_meta":[],"jnews_override_counter":[],"footnotes":""},"categories":[122],"tags":[123,2309],"class_list":["post-14914","post","type-post","status-publish","format-standard","has-post-thumbnail","hentry","category-automobilismo","tag-carros","tag-emplacamento"],"yoast_head":"<!-- This site is optimized with the Yoast SEO plugin v24.6 - https:\/\/yoast.com\/wordpress\/plugins\/seo\/ -->\n<title>Novas regras de emplacamento para ficar atento, saiba mais<\/title>\n<meta name=\"description\" content=\"Novas regras para emplacamento de ve\u00edculos em S\u00e3o Paulo a partir de julho de 2025. Entenda o novo processo.\" \/>\n<meta name=\"robots\" content=\"index, follow, max-snippet:-1, max-image-preview:large, max-video-preview:-1\" \/>\n<link rel=\"canonical\" href=\"https:\/\/www.correiobraziliense.com.br\/cbradar\/novas-regras-de-emplacamento-para-ficar-atento-saiba-mais\/\" \/>\n<meta property=\"og:locale\" content=\"pt_BR\" \/>\n<meta property=\"og:type\" content=\"article\" \/>\n<meta property=\"og:title\" content=\"Novas regras de emplacamento para ficar atento, saiba mais\" \/>\n<meta property=\"og:description\" content=\"Novas regras para emplacamento de ve\u00edculos em S\u00e3o Paulo a partir de julho de 2025. Entenda o novo processo.\" \/>\n<meta property=\"og:url\" content=\"https:\/\/www.correiobraziliense.com.br\/cbradar\/novas-regras-de-emplacamento-para-ficar-atento-saiba-mais\/\" \/>\n<meta property=\"og:site_name\" content=\"Correio Braziliense - Radar\" \/>\n<meta property=\"article:published_time\" content=\"2025-03-24T11:23:00+00:00\" \/>\n<meta property=\"og:image\" content=\"https:\/\/www.correiobraziliense.com.br\/cbradar\/wp-content\/uploads\/2025\/03\/placa-veiculos_1742659280340.jpg\" \/>\n\t<meta property=\"og:image:width\" content=\"1279\" \/>\n\t<meta property=\"og:image:height\" content=\"720\" \/>\n\t<meta property=\"og:image:type\" content=\"image\/jpeg\" \/>\n<meta name=\"author\" content=\"Larissa Carvalho\" \/>\n<meta name=\"twitter:card\" content=\"summary_large_image\" \/>\n<meta name=\"twitter:label1\" content=\"Escrito por\" \/>\n\t<meta name=\"twitter:data1\" content=\"Larissa Carvalho\" \/>\n\t<meta name=\"twitter:label2\" content=\"Est. tempo de leitura\" \/>\n\t<meta name=\"twitter:data2\" content=\"3 minutos\" \/>\n<!-- \/ Yoast SEO plugin. -->","yoast_head_json":{"title":"Novas regras de emplacamento para ficar atento, saiba mais","description":"Novas regras para emplacamento de ve\u00edculos em S\u00e3o Paulo a partir de julho de 2025. Entenda o novo processo.","robots":{"index":"index","follow":"follow","max-snippet":"max-snippet:-1","max-image-preview":"max-image-preview:large","max-video-preview":"max-video-preview:-1"},"canonical":"https:\/\/www.correiobraziliense.com.br\/cbradar\/novas-regras-de-emplacamento-para-ficar-atento-saiba-mais\/","og_locale":"pt_BR","og_type":"article","og_title":"Novas regras de emplacamento para ficar atento, saiba mais","og_description":"Novas regras para emplacamento de ve\u00edculos em S\u00e3o Paulo a partir de julho de 2025. Entenda o novo processo.","og_url":"https:\/\/www.correiobraziliense.com.br\/cbradar\/novas-regras-de-emplacamento-para-ficar-atento-saiba-mais\/","og_site_name":"Correio Braziliense - Radar","article_published_time":"2025-03-24T11:23:00+00:00","og_image":[{"width":1279,"height":720,"url":"https:\/\/www.correiobraziliense.com.br\/cbradar\/wp-content\/uploads\/2025\/03\/placa-veiculos_1742659280340.jpg","type":"image\/jpeg"}],"author":"Larissa Carvalho","twitter_card":"summary_large_image","twitter_misc":{"Escrito por":"Larissa Carvalho","Est. tempo de leitura":"3 minutos"},"schema":{"@context":"https:\/\/schema.org","@graph":[{"@type":"WebPage","@id":"https:\/\/www.correiobraziliense.com.br\/cbradar\/novas-regras-de-emplacamento-para-ficar-atento-saiba-mais\/","url":"https:\/\/www.correiobraziliense.com.br\/cbradar\/novas-regras-de-emplacamento-para-ficar-atento-saiba-mais\/","name":"Novas regras de emplacamento para ficar atento, saiba mais","isPartOf":{"@id":"https:\/\/www.correiobraziliense.com.br\/cbradar\/#website"},"primaryImageOfPage":{"@id":"https:\/\/www.correiobraziliense.com.br\/cbradar\/novas-regras-de-emplacamento-para-ficar-atento-saiba-mais\/#primaryimage"},"image":{"@id":"https:\/\/www.correiobraziliense.com.br\/cbradar\/novas-regras-de-emplacamento-para-ficar-atento-saiba-mais\/#primaryimage"},"thumbnailUrl":"https:\/\/www.correiobraziliense.com.br\/cbradar\/wp-content\/uploads\/2025\/03\/placa-veiculos_1742659280340.jpg","datePublished":"2025-03-24T11:23:00+00:00","author":{"@id":"https:\/\/www.correiobraziliense.com.br\/cbradar\/#\/schema\/person\/58422787644df994b53a19d3e56c1513"},"description":"Novas regras para emplacamento de ve\u00edculos em S\u00e3o Paulo a partir de julho de 2025. Entenda o novo processo.","breadcrumb":{"@id":"https:\/\/www.correiobraziliense.com.br\/cbradar\/novas-regras-de-emplacamento-para-ficar-atento-saiba-mais\/#breadcrumb"},"inLanguage":"pt-BR","potentialAction":[{"@type":"ReadAction","target":["https:\/\/www.correiobraziliense.com.br\/cbradar\/novas-regras-de-emplacamento-para-ficar-atento-saiba-mais\/"]}]},{"@type":"ImageObject","inLanguage":"pt-BR","@id":"https:\/\/www.correiobraziliense.com.br\/cbradar\/novas-regras-de-emplacamento-para-ficar-atento-saiba-mais\/#primaryimage","url":"https:\/\/www.correiobraziliense.com.br\/cbradar\/wp-content\/uploads\/2025\/03\/placa-veiculos_1742659280340.jpg","contentUrl":"https:\/\/www.correiobraziliense.com.br\/cbradar\/wp-content\/uploads\/2025\/03\/placa-veiculos_1742659280340.jpg","width":1279,"height":720,"caption":"placa ve\u00edculos. Cr\u00e9ditos: depositphotos.com \/ joasouza"},{"@type":"BreadcrumbList","@id":"https:\/\/www.correiobraziliense.com.br\/cbradar\/novas-regras-de-emplacamento-para-ficar-atento-saiba-mais\/#breadcrumb","itemListElement":[{"@type":"ListItem","position":1,"name":"In\u00edcio","item":"https:\/\/www.correiobraziliense.com.br\/cbradar\/"},{"@type":"ListItem","position":2,"name":"Novas regras de emplacamento para ficar atento, saiba mais"}]},{"@type":"WebSite","@id":"https:\/\/www.correiobraziliense.com.br\/cbradar\/#website","url":"https:\/\/www.correiobraziliense.com.br\/cbradar\/","name":"Correio Braziliense - Radar","description":"Acompanhe as \u00faltimas not\u00edcias e fique bem informado sobre tudo o que acontece no Brasil e no mundo.","potentialAction":[{"@type":"SearchAction","target":{"@type":"EntryPoint","urlTemplate":"https:\/\/www.correiobraziliense.com.br\/cbradar\/?s={search_term_string}"},"query-input":{"@type":"PropertyValueSpecification","valueRequired":true,"valueName":"search_term_string"}}],"inLanguage":"pt-BR"},{"@type":"Person","@id":"https:\/\/www.correiobraziliense.com.br\/cbradar\/#\/schema\/person\/58422787644df994b53a19d3e56c1513","name":"Larissa Carvalho","image":{"@type":"ImageObject","inLanguage":"pt-BR","@id":"https:\/\/www.correiobraziliense.com.br\/cbradar\/#\/schema\/person\/image\/","url":"https:\/\/secure.gravatar.com\/avatar\/fe4f91a0de32b52a838d0d612abdc1aa?s=96&d=mm&r=g","contentUrl":"https:\/\/secure.gravatar.com\/avatar\/fe4f91a0de32b52a838d0d612abdc1aa?s=96&d=mm&r=g","caption":"Larissa Carvalho"},"url":"https:\/\/www.correiobraziliense.com.br\/cbradar\/author\/larissamyth\/"}]}},"_links":{"self":[{"href":"https:\/\/www.correiobraziliense.com.br\/cbradar\/wp-json\/wp\/v2\/posts\/14914","targetHints":{"allow":["GET"]}}],"collection":[{"href":"https:\/\/www.correiobraziliense.com.br\/cbradar\/wp-json\/wp\/v2\/posts"}],"about":[{"href":"https:\/\/www.correiobraziliense.com.br\/cbradar\/wp-json\/wp\/v2\/types\/post"}],"author":[{"embeddable":true,"href":"https:\/\/www.correiobraziliense.com.br\/cbradar\/wp-json\/wp\/v2\/users\/3"}],"replies":[{"embeddable":true,"href":"https:\/\/www.correiobraziliense.com.br\/cbradar\/wp-json\/wp\/v2\/comments?post=14914"}],"version-history":[{"count":1,"href":"https:\/\/www.correiobraziliense.com.br\/cbradar\/wp-json\/wp\/v2\/posts\/14914\/revisions"}],"predecessor-version":[{"id":14920,"href":"https:\/\/www.correiobraziliense.com.br\/cbradar\/wp-json\/wp\/v2\/posts\/14914\/revisions\/14920"}],"wp:featuredmedia":[{"embeddable":true,"href":"https:\/\/www.correiobraziliense.com.br\/cbradar\/wp-json\/wp\/v2\/media\/14918"}],"wp:attachment":[{"href":"https:\/\/www.correiobraziliense.com.br\/cbradar\/wp-json\/wp\/v2\/media?parent=14914"}],"wp:term":[{"taxonomy":"category","embeddable":true,"href":"https:\/\/www.correiobraziliense.com.br\/cbradar\/wp-json\/wp\/v2\/categories?post=14914"},{"taxonomy":"post_tag","embeddable":true,"href":"https:\/\/www.correiobraziliense.com.br\/cbradar\/wp-json\/wp\/v2\/tags?post=14914"}],"curies":[{"name":"wp","href":"https:\/\/api.w.org\/{rel}","templated":true}]}}