{"id":14921,"date":"2025-03-24T12:30:00","date_gmt":"2025-03-24T15:30:00","guid":{"rendered":"https:\/\/www.correiobraziliense.com.br\/cbradar\/?p=14921"},"modified":"2025-03-22T16:49:21","modified_gmt":"2025-03-22T19:49:21","slug":"mercedes-e-audi-se-despedem-dos-seus-modelos-mais-economicos-entenda","status":"publish","type":"post","link":"https:\/\/www.correiobraziliense.com.br\/cbradar\/mercedes-e-audi-se-despedem-dos-seus-modelos-mais-economicos-entenda\/","title":{"rendered":"Mercedes e Audi se despedem dos seus modelos mais econ\u00f4micos, entenda"},"content":{"rendered":"\n<p>A <strong>Mercedes-Benz<\/strong> confirmou que o Classe A, um dos modelos mais ic\u00f4nicos da marca, deixar\u00e1 de ser produzido. O hatch, que j\u00e1 foi um sonho de consumo para muitos, encerra sua trajet\u00f3ria com a quarta gera\u00e7\u00e3o, ap\u00f3s rumores de sua aposentadoria circularem desde 2022.<\/p>\n\n\n\n<p>A decis\u00e3o de descontinuar o Classe A faz parte de uma estrat\u00e9gia da Mercedes-Benz para simplificar sua linha de produtos. A marca alem\u00e3 optou por reduzir a quantidade de modelos, focando em ve\u00edculos que ofere\u00e7am maior exclusividade e se distanciem da competi\u00e7\u00e3o com fabricantes de volume.<\/p>\n\n\n\n<h2 class=\"wp-block-heading\"><strong>Por que a Mercedes-Benz est\u00e1 descontinuando o Classe A?<\/strong><\/h2>\n\n\n\n<p>A Mercedes-Benz justificou a decis\u00e3o de encerrar a produ\u00e7\u00e3o do Classe A como parte de um movimento para &#8220;reduzir a complexidade&#8221; de sua linha de modelos. Em vez de competir com fabricantes que produzem em grande escala, a marca prefere concentrar-se em ve\u00edculos que reforcem sua imagem de luxo e exclusividade.<\/p>\n\n\n\n<p>Com o fim do Classe A, a Mercedes-Benz tamb\u00e9m deixar\u00e1 de produzir o Classe B e a vers\u00e3o sed\u00e3 do modelo. Em seu lugar, a marca planeja lan\u00e7ar um novo modelo, o &#8220;baby&#8221; Classe G, que promete ser um mini SUV com estilo robusto e caracter\u00edsticas premium.<\/p>\n\n\n\n<figure class=\"wp-block-image size-large\"><img decoding=\"async\" width=\"1024\" height=\"576\" src=\"https:\/\/www.correiobraziliense.com.br\/cbradar\/wp-content\/uploads\/2025\/03\/Mercedes-Benz_1742659453207-1024x576.jpg\" alt=\"Mercedes e Audi se despedem dos seus modelos mais econ\u00f4micos, entenda\" class=\"wp-image-14923\" srcset=\"https:\/\/www.correiobraziliense.com.br\/cbradar\/wp-content\/uploads\/2025\/03\/Mercedes-Benz_1742659453207-1024x576.jpg 1024w, https:\/\/www.correiobraziliense.com.br\/cbradar\/wp-content\/uploads\/2025\/03\/Mercedes-Benz_1742659453207-300x169.jpg 300w, https:\/\/www.correiobraziliense.com.br\/cbradar\/wp-content\/uploads\/2025\/03\/Mercedes-Benz_1742659453207-768x432.jpg 768w, https:\/\/www.correiobraziliense.com.br\/cbradar\/wp-content\/uploads\/2025\/03\/Mercedes-Benz_1742659453207-750x422.jpg 750w, https:\/\/www.correiobraziliense.com.br\/cbradar\/wp-content\/uploads\/2025\/03\/Mercedes-Benz_1742659453207-1140x641.jpg 1140w, https:\/\/www.correiobraziliense.com.br\/cbradar\/wp-content\/uploads\/2025\/03\/Mercedes-Benz_1742659453207.jpg 1280w\" sizes=\"(max-width: 1024px) 100vw, 1024px\" \/><figcaption class=\"wp-element-caption\">Mercedes-Benz. Cr\u00e9ditos: depositphotos.com \/ level99<\/figcaption><\/figure>\n\n\n\n<h2 class=\"wp-block-heading\"><strong>O impacto da nacionaliza\u00e7\u00e3o do Classe A no Brasil<\/strong><\/h2>\n\n\n\n<p>Entre 1999 e 2005, a Mercedes-Benz fez hist\u00f3ria ao produzir o Classe A no Brasil, em Juiz de Fora (MG). Esta foi a primeira vez que a marca fabricou um carro de passeio fora da Alemanha. O investimento na f\u00e1brica foi de aproximadamente US$ 850 milh\u00f5es, com a expectativa de vender mais de 40 mil unidades por ano.<\/p>\n\n\n\n<p>No entanto, o Classe A n\u00e3o alcan\u00e7ou o sucesso esperado no mercado brasileiro. Apesar de ser um Mercedes mais acess\u00edvel, seu pre\u00e7o ainda era elevado para os padr\u00f5es locais. Al\u00e9m disso, o design e a prefer\u00eancia dos consumidores por carros maiores e mais baratos influenciaram nas vendas, resultando em uma produ\u00e7\u00e3o total de 63.448 unidades em seis anos.<\/p>\n\n\n\n<h2 class=\"wp-block-heading\"><strong>Quais s\u00e3o os planos futuros da Audi?<\/strong><\/h2>\n\n\n\n<p>Assim como a Mercedes-Benz, a Audi tamb\u00e9m est\u00e1 reformulando sua linha de produtos. A marca anunciou que o A1 e o Q2 deixar\u00e3o de ser produzidos em 2026. Em seu lugar, a Audi planeja lan\u00e7ar um novo modelo el\u00e9trico, que trar\u00e1 o DNA premium da marca para um futuro mais sustent\u00e1vel.<\/p>\n\n\n\n<p>O novo modelo el\u00e9trico da Audi ser\u00e1 produzido na f\u00e1brica de Ingolstadt, na Alemanha, a partir de 2026. Utilizando a plataforma MEB do Grupo Volkswagen, o ve\u00edculo promete alta performance e uma autonomia respeit\u00e1vel. Com um pre\u00e7o estimado em 30.000 euros, ele se posicionar\u00e1 como um dos el\u00e9tricos de entrada da marca.<\/p>\n\n\n\n<h2 class=\"wp-block-heading\"><strong>O que esperar do futuro do mercado automotivo?<\/strong><\/h2>\n\n\n\n<p>As decis\u00f5es da Mercedes-Benz e da Audi refletem uma tend\u00eancia crescente no mercado automotivo: a transi\u00e7\u00e3o para ve\u00edculos el\u00e9tricos e a simplifica\u00e7\u00e3o das linhas de produtos. As marcas est\u00e3o focando em oferecer modelos que n\u00e3o apenas atendam \u00e0s demandas dos consumidores, mas que tamb\u00e9m se alinhem com as diretrizes de sustentabilidade e inova\u00e7\u00e3o tecnol\u00f3gica.<\/p>\n\n\n\n<p>Com essas mudan\u00e7as, o mercado automotivo est\u00e1 se preparando para um futuro onde a exclusividade e a efici\u00eancia energ\u00e9tica ser\u00e3o os principais diferenciais. Resta saber como os consumidores reagir\u00e3o a essas transforma\u00e7\u00f5es e quais ser\u00e3o os pr\u00f3ximos passos das grandes marcas do setor.<\/p>\n","protected":false},"excerpt":{"rendered":"<p>A Mercedes-Benz anunciou o fim da produ\u00e7\u00e3o do Classe A, focando em luxo e exclusividade.<\/p>\n","protected":false},"author":3,"featured_media":14922,"comment_status":"open","ping_status":"open","sticky":false,"template":"","format":"standard","meta":{"_yoast_wpseo_focuskw":"mercedes audi econ\u00f4micos","_yoast_wpseo_title":"%%title%% %%page%%","_yoast_wpseo_metadesc":"A Mercedes-Benz anunciou o fim da produ\u00e7\u00e3o do Classe A, focando em luxo e exclusividade.","jnews-multi-image_gallery":[],"jnews_single_post":{"format":"standard"},"jnews_primary_category":[],"jnews_social_meta":[],"jnews_override_counter":[],"footnotes":""},"categories":[122],"post_tag":[896,1245],"class_list":["post-14921","post","type-post","status-publish","format-standard","has-post-thumbnail","hentry","category-automobilismo","tag-audi","tag-mercedes"],"yoast_head":"<!-- This site is optimized with the Yoast SEO plugin v24.6 - https:\/\/yoast.com\/wordpress\/plugins\/seo\/ -->\n<title>Mercedes e Audi se despedem dos seus modelos mais econ\u00f4micos, entenda<\/title>\n<meta name=\"description\" content=\"A Mercedes-Benz anunciou o fim da produ\u00e7\u00e3o do Classe A, focando em luxo e exclusividade.\" \/>\n<meta name=\"robots\" content=\"index, follow, max-snippet:-1, max-image-preview:large, max-video-preview:-1\" \/>\n<link rel=\"canonical\" href=\"https:\/\/www.correiobraziliense.com.br\/cbradar\/mercedes-e-audi-se-despedem-dos-seus-modelos-mais-economicos-entenda\/\" \/>\n<meta property=\"og:locale\" content=\"pt_BR\" \/>\n<meta property=\"og:type\" content=\"article\" \/>\n<meta property=\"og:title\" content=\"Mercedes e Audi se despedem dos seus modelos mais econ\u00f4micos, entenda\" \/>\n<meta property=\"og:description\" content=\"A Mercedes-Benz anunciou o fim da produ\u00e7\u00e3o do Classe A, focando em luxo e exclusividade.\" \/>\n<meta property=\"og:url\" content=\"https:\/\/www.correiobraziliense.com.br\/cbradar\/mercedes-e-audi-se-despedem-dos-seus-modelos-mais-economicos-entenda\/\" \/>\n<meta property=\"og:site_name\" content=\"Correio Braziliense - Radar\" \/>\n<meta property=\"article:published_time\" content=\"2025-03-24T15:30:00+00:00\" \/>\n<meta property=\"og:image\" content=\"https:\/\/www.correiobraziliense.com.br\/cbradar\/wp-content\/uploads\/2025\/03\/Mercedes-Benz_1742659423505.jpg\" \/>\n\t<meta property=\"og:image:width\" content=\"1280\" \/>\n\t<meta property=\"og:image:height\" content=\"720\" \/>\n\t<meta property=\"og:image:type\" content=\"image\/jpeg\" \/>\n<meta name=\"author\" content=\"Larissa Carvalho\" \/>\n<meta name=\"twitter:card\" content=\"summary_large_image\" \/>\n<meta name=\"twitter:label1\" content=\"Escrito por\" \/>\n\t<meta name=\"twitter:data1\" content=\"Larissa Carvalho\" \/>\n\t<meta name=\"twitter:label2\" content=\"Est. tempo de leitura\" \/>\n\t<meta name=\"twitter:data2\" content=\"4 minutos\" \/>\n<!-- \/ Yoast SEO plugin. -->","yoast_head_json":{"title":"Mercedes e Audi se despedem dos seus modelos mais econ\u00f4micos, entenda","description":"A Mercedes-Benz anunciou o fim da produ\u00e7\u00e3o do Classe A, focando em luxo e exclusividade.","robots":{"index":"index","follow":"follow","max-snippet":"max-snippet:-1","max-image-preview":"max-image-preview:large","max-video-preview":"max-video-preview:-1"},"canonical":"https:\/\/www.correiobraziliense.com.br\/cbradar\/mercedes-e-audi-se-despedem-dos-seus-modelos-mais-economicos-entenda\/","og_locale":"pt_BR","og_type":"article","og_title":"Mercedes e Audi se despedem dos seus modelos mais econ\u00f4micos, entenda","og_description":"A Mercedes-Benz anunciou o fim da produ\u00e7\u00e3o do Classe A, focando em luxo e exclusividade.","og_url":"https:\/\/www.correiobraziliense.com.br\/cbradar\/mercedes-e-audi-se-despedem-dos-seus-modelos-mais-economicos-entenda\/","og_site_name":"Correio Braziliense - Radar","article_published_time":"2025-03-24T15:30:00+00:00","og_image":[{"width":1280,"height":720,"url":"https:\/\/www.correiobraziliense.com.br\/cbradar\/wp-content\/uploads\/2025\/03\/Mercedes-Benz_1742659423505.jpg","type":"image\/jpeg"}],"author":"Larissa Carvalho","twitter_card":"summary_large_image","twitter_misc":{"Escrito por":"Larissa Carvalho","Est. tempo de leitura":"4 minutos"},"schema":{"@context":"https:\/\/schema.org","@graph":[{"@type":"WebPage","@id":"https:\/\/www.correiobraziliense.com.br\/cbradar\/mercedes-e-audi-se-despedem-dos-seus-modelos-mais-economicos-entenda\/","url":"https:\/\/www.correiobraziliense.com.br\/cbradar\/mercedes-e-audi-se-despedem-dos-seus-modelos-mais-economicos-entenda\/","name":"Mercedes e Audi se despedem dos seus modelos mais econ\u00f4micos, entenda","isPartOf":{"@id":"https:\/\/www.correiobraziliense.com.br\/cbradar\/#website"},"primaryImageOfPage":{"@id":"https:\/\/www.correiobraziliense.com.br\/cbradar\/mercedes-e-audi-se-despedem-dos-seus-modelos-mais-economicos-entenda\/#primaryimage"},"image":{"@id":"https:\/\/www.correiobraziliense.com.br\/cbradar\/mercedes-e-audi-se-despedem-dos-seus-modelos-mais-economicos-entenda\/#primaryimage"},"thumbnailUrl":"https:\/\/www.correiobraziliense.com.br\/cbradar\/wp-content\/uploads\/2025\/03\/Mercedes-Benz_1742659423505.jpg","datePublished":"2025-03-24T15:30:00+00:00","author":{"@id":"https:\/\/www.correiobraziliense.com.br\/cbradar\/#\/schema\/person\/58422787644df994b53a19d3e56c1513"},"description":"A Mercedes-Benz anunciou o fim da produ\u00e7\u00e3o do Classe A, focando em luxo e exclusividade.","breadcrumb":{"@id":"https:\/\/www.correiobraziliense.com.br\/cbradar\/mercedes-e-audi-se-despedem-dos-seus-modelos-mais-economicos-entenda\/#breadcrumb"},"inLanguage":"pt-BR","potentialAction":[{"@type":"ReadAction","target":["https:\/\/www.correiobraziliense.com.br\/cbradar\/mercedes-e-audi-se-despedem-dos-seus-modelos-mais-economicos-entenda\/"]}]},{"@type":"ImageObject","inLanguage":"pt-BR","@id":"https:\/\/www.correiobraziliense.com.br\/cbradar\/mercedes-e-audi-se-despedem-dos-seus-modelos-mais-economicos-entenda\/#primaryimage","url":"https:\/\/www.correiobraziliense.com.br\/cbradar\/wp-content\/uploads\/2025\/03\/Mercedes-Benz_1742659423505.jpg","contentUrl":"https:\/\/www.correiobraziliense.com.br\/cbradar\/wp-content\/uploads\/2025\/03\/Mercedes-Benz_1742659423505.jpg","width":1280,"height":720,"caption":"Mercedes-Benz. Cr\u00e9ditos: depositphotos.com \/ jovannig"},{"@type":"BreadcrumbList","@id":"https:\/\/www.correiobraziliense.com.br\/cbradar\/mercedes-e-audi-se-despedem-dos-seus-modelos-mais-economicos-entenda\/#breadcrumb","itemListElement":[{"@type":"ListItem","position":1,"name":"In\u00edcio","item":"https:\/\/www.correiobraziliense.com.br\/cbradar\/"},{"@type":"ListItem","position":2,"name":"Mercedes e Audi se despedem dos seus modelos mais econ\u00f4micos, entenda"}]},{"@type":"WebSite","@id":"https:\/\/www.correiobraziliense.com.br\/cbradar\/#website","url":"https:\/\/www.correiobraziliense.com.br\/cbradar\/","name":"Correio Braziliense - Radar","description":"Acompanhe as \u00faltimas not\u00edcias e fique bem informado sobre tudo o que acontece no Brasil e no mundo.","potentialAction":[{"@type":"SearchAction","target":{"@type":"EntryPoint","urlTemplate":"https:\/\/www.correiobraziliense.com.br\/cbradar\/?s={search_term_string}"},"query-input":{"@type":"PropertyValueSpecification","valueRequired":true,"valueName":"search_term_string"}}],"inLanguage":"pt-BR"},{"@type":"Person","@id":"https:\/\/www.correiobraziliense.com.br\/cbradar\/#\/schema\/person\/58422787644df994b53a19d3e56c1513","name":"Larissa Carvalho","image":{"@type":"ImageObject","inLanguage":"pt-BR","@id":"https:\/\/www.correiobraziliense.com.br\/cbradar\/#\/schema\/person\/image\/","url":"https:\/\/secure.gravatar.com\/avatar\/fe4f91a0de32b52a838d0d612abdc1aa?s=96&d=mm&r=g","contentUrl":"https:\/\/secure.gravatar.com\/avatar\/fe4f91a0de32b52a838d0d612abdc1aa?s=96&d=mm&r=g","caption":"Larissa Carvalho"},"url":"https:\/\/www.correiobraziliense.com.br\/cbradar\/author\/larissamyth\/"}]}},"_links":{"self":[{"href":"https:\/\/www.correiobraziliense.com.br\/cbradar\/wp-json\/wp\/v2\/posts\/14921","targetHints":{"allow":["GET"]}}],"collection":[{"href":"https:\/\/www.correiobraziliense.com.br\/cbradar\/wp-json\/wp\/v2\/posts"}],"about":[{"href":"https:\/\/www.correiobraziliense.com.br\/cbradar\/wp-json\/wp\/v2\/types\/post"}],"author":[{"embeddable":true,"href":"https:\/\/www.correiobraziliense.com.br\/cbradar\/wp-json\/wp\/v2\/users\/3"}],"replies":[{"embeddable":true,"href":"https:\/\/www.correiobraziliense.com.br\/cbradar\/wp-json\/wp\/v2\/comments?post=14921"}],"version-history":[{"count":1,"href":"https:\/\/www.correiobraziliense.com.br\/cbradar\/wp-json\/wp\/v2\/posts\/14921\/revisions"}],"predecessor-version":[{"id":14924,"href":"https:\/\/www.correiobraziliense.com.br\/cbradar\/wp-json\/wp\/v2\/posts\/14921\/revisions\/14924"}],"wp:featuredmedia":[{"embeddable":true,"href":"https:\/\/www.correiobraziliense.com.br\/cbradar\/wp-json\/wp\/v2\/media\/14922"}],"wp:attachment":[{"href":"https:\/\/www.correiobraziliense.com.br\/cbradar\/wp-json\/wp\/v2\/media?parent=14921"}],"wp:term":[{"taxonomy":"category","embeddable":true,"href":"https:\/\/www.correiobraziliense.com.br\/cbradar\/wp-json\/wp\/v2\/categories?post=14921"},{"taxonomy":"post_tag","embeddable":true,"href":"https:\/\/www.correiobraziliense.com.br\/cbradar\/wp-json\/wp\/v2\/post_tag?post=14921"}],"curies":[{"name":"wp","href":"https:\/\/api.w.org\/{rel}","templated":true}]}}