{"id":149264,"date":"2025-12-04T11:55:00","date_gmt":"2025-12-04T14:55:00","guid":{"rendered":"https:\/\/www.correiobraziliense.com.br\/cbradar\/?p=149264"},"modified":"2025-12-03T09:53:16","modified_gmt":"2025-12-03T12:53:16","slug":"o-alimento-vibrante-que-fortalece-a-visao-protege-a-pele-e-turbina-a-imunidade-naturalmente","status":"publish","type":"post","link":"https:\/\/www.correiobraziliense.com.br\/cbradar\/o-alimento-vibrante-que-fortalece-a-visao-protege-a-pele-e-turbina-a-imunidade-naturalmente\/","title":{"rendered":"O alimento vibrante que fortalece a vis\u00e3o, protege a pele e turbina a imunidade naturalmente"},"content":{"rendered":"\n<p>A <strong>cenoura<\/strong> (<em>Daucus carota<\/em> L.), um tub\u00e9rculo amplamente consumido e de cor vibrante, \u00e9 um superalimento com not\u00e1veis <strong>propriedades medicinais<\/strong>. Sua fama como alimento funcional deriva da alta concentra\u00e7\u00e3o de <strong>betacaroteno<\/strong>, um <strong>composto bioativo<\/strong> que o organismo converte em Vitamina A. Esse <strong>princ\u00edpio ativo<\/strong> confere <strong>benef\u00edcios terap\u00eauticos<\/strong> cruciais para a <strong>sa\u00fade ocular<\/strong>, o <strong>fortalecimento imunol\u00f3gico<\/strong> e a prote\u00e7\u00e3o celular contra danos e envelhecimento.<\/p>\n\n\n\n<p>Este artigo explora as principais propriedades curativas da cenoura, com foco em:<\/p>\n\n\n\n<ul class=\"wp-block-list\">\n<li>Seu papel vital na <strong>sa\u00fade ocular<\/strong> e na preven\u00e7\u00e3o de dist\u00farbios visuais.<\/li>\n\n\n\n<li>O <strong>fortalecimento imunol\u00f3gico<\/strong>, mediado pelo betacaroteno e Vitamina C.<\/li>\n\n\n\n<li>A poderosa <strong>a\u00e7\u00e3o antioxidante<\/strong> na prote\u00e7\u00e3o celular e da pele.<\/li>\n<\/ul>\n\n\n\n<h2 class=\"wp-block-heading\">Suporte \u00e0 sa\u00fade ocular e preven\u00e7\u00e3o de dist\u00farbios visuais<\/h2>\n\n\n\n<p>A principal <strong>propriedade curativa<\/strong> da <strong>cenoura<\/strong> \u00e9 seu suporte \u00e0 <strong>sa\u00fade ocular<\/strong>. o <strong>betacaroteno<\/strong>, o <strong>carotenoide<\/strong> que confere a cor laranja, \u00e9 um precursor da <strong>Vitamina A<\/strong> (retinol), que \u00e9 essencial para a s\u00edntese da rodopsina, um pigmento fundamental para a <strong>vis\u00e3o noturna<\/strong>. al\u00e9m disso, o betacaroteno, juntamente com a lute\u00edna e a zeaxantina (tamb\u00e9m presentes na cenoura, especialmente nas folhas), atua como um filtro protetor contra a luz azul, prevenindo a Degenera\u00e7\u00e3o Macular Relacionada \u00e0 Idade (DMRI). de acordo com o estudo de Krinsky, a import\u00e2ncia dos carotenoides \u00e9 ineg\u00e1vel:<\/p>\n\n\n\n<blockquote class=\"wp-block-quote is-layout-flow wp-block-quote-is-layout-flow\">\n<p><em>&#8220;O betacaroteno da Daucus carota L. \u00e9 o principal precursor da Vitamina A, sendo essencial para a fun\u00e7\u00e3o visual. A ingest\u00e3o adequada de carotenoides diet\u00e9ticos \u00e9 vital na prote\u00e7\u00e3o contra a cegueira noturna e na redu\u00e7\u00e3o do risco de doen\u00e7as cr\u00f4nicas da retina&#8221;<\/em> (KRINSKY, 2003).<\/p>\n<\/blockquote>\n\n\n<div class=\"wp-block-image\">\n<figure class=\"aligncenter size-large\"><img decoding=\"async\" width=\"1024\" height=\"576\" src=\"https:\/\/www.correiobraziliense.com.br\/cbradar\/wp-content\/uploads\/2025\/03\/cenouras_1741022394577-1024x576.jpg\" alt=\"Por que algumas cenouras s\u00e3o mais doces do que outras?\" class=\"wp-image-8504\" srcset=\"https:\/\/www.correiobraziliense.com.br\/cbradar\/wp-content\/uploads\/2025\/03\/cenouras_1741022394577-1024x576.jpg 1024w, https:\/\/www.correiobraziliense.com.br\/cbradar\/wp-content\/uploads\/2025\/03\/cenouras_1741022394577-300x169.jpg 300w, https:\/\/www.correiobraziliense.com.br\/cbradar\/wp-content\/uploads\/2025\/03\/cenouras_1741022394577-768x432.jpg 768w, https:\/\/www.correiobraziliense.com.br\/cbradar\/wp-content\/uploads\/2025\/03\/cenouras_1741022394577-750x422.jpg 750w, https:\/\/www.correiobraziliense.com.br\/cbradar\/wp-content\/uploads\/2025\/03\/cenouras_1741022394577-1140x641.jpg 1140w, https:\/\/www.correiobraziliense.com.br\/cbradar\/wp-content\/uploads\/2025\/03\/cenouras_1741022394577.jpg 1280w\" sizes=\"(max-width: 1024px) 100vw, 1024px\" \/><figcaption class=\"wp-element-caption\">Seu papel vital na sa\u00fade ocular e na preven\u00e7\u00e3o de dist\u00farbios visuais &#8211; Cr\u00e9ditos: depositphotos.com \/ merc67<\/figcaption><\/figure><\/div>\n\n\n<p>Leia tamb\u00e9m: <a href=\"https:\/\/www.correiobraziliense.com.br\/cbradar\/a-folha-nutritiva-que-ajuda-no-combate-a-anemia-e-da-mais-disposicao-no-dia-a-dia\/\" target=\"_blank\" rel=\"noreferrer noopener\">A folha nutritiva que ajuda no combate \u00e0 anemia e d\u00e1 mais disposi\u00e7\u00e3o no dia a dia<\/a><\/p>\n\n\n\n<h2 class=\"wp-block-heading\">Fortalecimento imunol\u00f3gico e a\u00e7\u00e3o Antioxidante<\/h2>\n\n\n\n<p>O <strong>consumo de cenoura<\/strong> \u00e9 um <strong>recurso terap\u00eautico<\/strong> eficaz para o <strong>fortalecimento imunol\u00f3gico<\/strong>. a <strong>Vitamina A<\/strong> e a <strong>Vitamina C<\/strong> presentes na cenoura s\u00e3o <strong>princ\u00edpios ativos<\/strong> que atuam na produ\u00e7\u00e3o e na fun\u00e7\u00e3o das c\u00e9lulas de defesa, al\u00e9m de manterem a integridade das barreiras mucosas e epiteliais (pele). a <strong>a\u00e7\u00e3o antioxidante<\/strong> do betacaroteno neutraliza os radicais livres, protegendo as c\u00e9lulas do sistema imune do estresse oxidativo, o que \u00e9 crucial durante o combate a infec\u00e7\u00f5es. a pesquisa de Van der Waal e colaboradores, publicada no <em>Journal of Nutrition<\/em>, confirma essa rela\u00e7\u00e3o:<\/p>\n\n\n\n<blockquote class=\"wp-block-quote is-layout-flow wp-block-quote-is-layout-flow\">\n<p><em>&#8220;A Vitamina A, derivada do betacaroteno da cenoura, \u00e9 um micronutriente fundamental para a fun\u00e7\u00e3o imunol\u00f3gica e o desenvolvimento de c\u00e9lulas de defesa. Sua defici\u00eancia compromete severamente a resist\u00eancia do hospedeiro a infec\u00e7\u00f5es&#8221;<\/em> (VAN DER WAAL et al., 2018).<\/p>\n<\/blockquote>\n\n\n\n<h2 class=\"wp-block-heading\">Benef\u00edcio para a sa\u00fade da pele e antienvelhecimento<\/h2>\n\n\n\n<p>A <strong>cenoura<\/strong> oferece importantes <strong>benef\u00edcios terap\u00eauticos<\/strong> para a <strong>sa\u00fade da pele<\/strong>. o <strong>betacaroteno<\/strong> atua como um protetor celular interno, aumentando a resist\u00eancia da pele aos danos causados pela radia\u00e7\u00e3o UV (fotoprote\u00e7\u00e3o end\u00f3gena). al\u00e9m disso, sua <strong>a\u00e7\u00e3o antioxidante<\/strong> protege o col\u00e1geno e a elastina da degrada\u00e7\u00e3o, retardando o aparecimento de rugas e a flacidez. esse <strong>composto bioativo<\/strong> ajuda a manter a pele mais jovem e saud\u00e1vel. um estudo de pesquisa de B. R. Grasa e colaboradores, publicado no <em>Food Chemistry<\/em>, refor\u00e7a essa capacidade:<\/p>\n\n\n\n<blockquote class=\"wp-block-quote is-layout-flow wp-block-quote-is-layout-flow\">\n<p><em>&#8220;A alta concentra\u00e7\u00e3o de carotenoides na cenoura contribui para a integridade da pele, oferecendo prote\u00e7\u00e3o celular contra o estresse oxidativo induzido por fatores ambientais, o que \u00e9 um componente chave na estrat\u00e9gia anti-envelhecimento&#8221;<\/em> (GRASA et al., 2016).<\/p>\n<\/blockquote>\n\n\n\n<p>Para aprofundar essa t\u00e9cnica, selecionamos o conte\u00fado do canal do m\u00e9dico <a href=\"https:\/\/www.youtube.com\/@DayanSiebra\">Dayan Siebra<\/a>, que j\u00e1 conta com mais de 7 milh\u00f5es de inscritos. No v\u00eddeo a seguir, o canal detalha sobre outros benef\u00edcios na sa\u00fade:<\/p>\n\n\n\n<figure class=\"wp-block-embed is-type-video is-provider-youtube wp-block-embed-youtube wp-embed-aspect-16-9 wp-has-aspect-ratio\"><div class=\"wp-block-embed__wrapper\">\n<div class=\"jeg_video_container jeg_video_content\"><iframe loading=\"lazy\" title=\"10 benef\u00edcios da cenoura para a sa\u00fade e beleza \ud83e\udd55\ud83e\udd55 | Dr. Dayan Siebra\" width=\"500\" height=\"281\" src=\"https:\/\/www.youtube.com\/embed\/tCyFtuxQ-9Q?feature=oembed\" frameborder=\"0\" allow=\"accelerometer; autoplay; clipboard-write; encrypted-media; gyroscope; picture-in-picture; web-share\" referrerpolicy=\"strict-origin-when-cross-origin\" allowfullscreen><\/iframe><\/div>\n<\/div><\/figure>\n\n\n\n<h2 class=\"wp-block-heading\">Um pilar nutricional para o bem-estar<\/h2>\n\n\n\n<p>A <strong>cenoura<\/strong> \u00e9 um <strong>alimento funcional<\/strong> com <strong>propriedades curativas<\/strong> essenciais e cientificamente validadas. o <strong>betacaroteno<\/strong> e as vitaminas A e C s\u00e3o os <strong>princ\u00edpios ativos<\/strong> que garantem um <strong>benef\u00edcio terap\u00eautico<\/strong> abrangente, do refor\u00e7o da <strong>imunidade<\/strong> \u00e0 prote\u00e7\u00e3o das estruturas mais delicadas do corpo, como a retina.<\/p>\n\n\n\n<ul class=\"wp-block-list\">\n<li>A cenoura \u00e9 a fonte mais eficiente de <strong>betacaroteno<\/strong>, essencial para a <strong>sa\u00fade ocular<\/strong> e a preven\u00e7\u00e3o da cegueira noturna.<\/li>\n\n\n\n<li>As Vitaminas A e C garantem o <strong>fortalecimento imunol\u00f3gico<\/strong> e a prote\u00e7\u00e3o das mucosas e da pele.<\/li>\n\n\n\n<li>Sua forte <strong>a\u00e7\u00e3o antioxidante<\/strong> protege a pele do dano UV e combate o envelhecimento precoce.<\/li>\n<\/ul>\n\n\n\n<h2 class=\"wp-block-heading\">Refer\u00eancias bibliogr\u00e1ficas<\/h2>\n\n\n\n<ul class=\"wp-block-list\">\n<li>GRASA, B. R. et al. Antioxidant capacity and phenolic composition of different parts of carrot (<em>Daucus carota<\/em> L.) cultivars. <em>Food Chemistry<\/em>, v. 200, p. 28-35, 2016.<\/li>\n\n\n\n<li>KRINSKY, N. I. The antioxdant capacity of the macula: protection against photochemical damage. <em>Photochemistry and Photobiology<\/em>, v. 78, n. 6, p. 557-565, 2003.<\/li>\n\n\n\n<li>VAN DER WAAL, T. M. H. et al. The essential role of vitamin A (retinol) and beta-carotene in immune function: a systematic review. <em>Journal of Nutrition<\/em>, v. 148, n. 12, p. 2005-2015, 2018.<\/li>\n<\/ul>\n","protected":false},"excerpt":{"rendered":"<p>A cenoura (Daucus carota L.), um tub\u00e9rculo amplamente consumido e de cor vibrante, \u00e9 um superalimento com not\u00e1veis propriedades medicinais. Sua fama como alimento funcional deriva da alta concentra\u00e7\u00e3o de betacaroteno, um composto bioativo que o organismo converte em Vitamina A. Esse princ\u00edpio ativo confere benef\u00edcios terap\u00eauticos cruciais para a sa\u00fade ocular, o fortalecimento imunol\u00f3gico [&hellip;]<\/p>\n","protected":false},"author":9,"featured_media":149379,"comment_status":"open","ping_status":"open","sticky":false,"template":"","format":"standard","meta":{"_yoast_wpseo_focuskw":"benef\u00edcios da cenoura na sa\u00fade","_yoast_wpseo_title":"","_yoast_wpseo_metadesc":"A raiz que protege os olhos, fortalece a imunidade e preserva a pele com antioxidantes potentes que reduzem danos e retardam o envelhecimento.","jnews-multi-image_gallery":[],"jnews_single_post":{"format":"standard"},"jnews_primary_category":[],"jnews_social_meta":[],"jnews_override_counter":[],"footnotes":""},"categories":[119],"tags":[12237,4167,10337],"class_list":["post-149264","post","type-post","status-publish","format-standard","has-post-thumbnail","hentry","category-bem-estar","tag-cha-de-dente-de-leao","tag-figado","tag-infusoes"],"yoast_head":"<!-- This site is optimized with the Yoast SEO plugin v24.6 - https:\/\/yoast.com\/wordpress\/plugins\/seo\/ -->\n<title>O alimento vibrante que fortalece a vis\u00e3o, protege a pele e turbina a imunidade naturalmente - Correio Braziliense - Radar<\/title>\n<meta name=\"description\" content=\"A raiz que protege os olhos, fortalece a imunidade e preserva a pele com antioxidantes potentes que reduzem danos e retardam o envelhecimento.\" \/>\n<meta name=\"robots\" content=\"index, follow, max-snippet:-1, max-image-preview:large, max-video-preview:-1\" \/>\n<link rel=\"canonical\" href=\"https:\/\/www.correiobraziliense.com.br\/cbradar\/o-alimento-vibrante-que-fortalece-a-visao-protege-a-pele-e-turbina-a-imunidade-naturalmente\/\" \/>\n<meta property=\"og:locale\" content=\"pt_BR\" \/>\n<meta property=\"og:type\" content=\"article\" \/>\n<meta property=\"og:title\" content=\"O alimento vibrante que fortalece a vis\u00e3o, protege a pele e turbina a imunidade naturalmente - Correio Braziliense - Radar\" \/>\n<meta property=\"og:description\" content=\"A raiz que protege os olhos, fortalece a imunidade e preserva a pele com antioxidantes potentes que reduzem danos e retardam o envelhecimento.\" \/>\n<meta property=\"og:url\" content=\"https:\/\/www.correiobraziliense.com.br\/cbradar\/o-alimento-vibrante-que-fortalece-a-visao-protege-a-pele-e-turbina-a-imunidade-naturalmente\/\" \/>\n<meta property=\"og:site_name\" content=\"Correio Braziliense - Radar\" \/>\n<meta property=\"article:published_time\" content=\"2025-12-04T14:55:00+00:00\" \/>\n<meta property=\"og:image\" content=\"https:\/\/www.correiobraziliense.com.br\/cbradar\/wp-content\/uploads\/2025\/12\/freepik__faa-uma-imagem-realista-de-vrias-cenouras__6930.jpeg\" \/>\n\t<meta property=\"og:image:width\" content=\"1280\" \/>\n\t<meta property=\"og:image:height\" content=\"720\" \/>\n\t<meta property=\"og:image:type\" content=\"image\/jpeg\" \/>\n<meta name=\"author\" content=\"Daniely Cardoso\" \/>\n<meta name=\"twitter:card\" content=\"summary_large_image\" \/>\n<meta name=\"twitter:label1\" content=\"Escrito por\" \/>\n\t<meta name=\"twitter:data1\" content=\"Daniely Cardoso\" \/>\n\t<meta name=\"twitter:label2\" content=\"Est. tempo de leitura\" \/>\n\t<meta name=\"twitter:data2\" content=\"4 minutos\" \/>\n<!-- \/ Yoast SEO plugin. -->","yoast_head_json":{"title":"O alimento vibrante que fortalece a vis\u00e3o, protege a pele e turbina a imunidade naturalmente - Correio Braziliense - Radar","description":"A raiz que protege os olhos, fortalece a imunidade e preserva a pele com antioxidantes potentes que reduzem danos e retardam o envelhecimento.","robots":{"index":"index","follow":"follow","max-snippet":"max-snippet:-1","max-image-preview":"max-image-preview:large","max-video-preview":"max-video-preview:-1"},"canonical":"https:\/\/www.correiobraziliense.com.br\/cbradar\/o-alimento-vibrante-que-fortalece-a-visao-protege-a-pele-e-turbina-a-imunidade-naturalmente\/","og_locale":"pt_BR","og_type":"article","og_title":"O alimento vibrante que fortalece a vis\u00e3o, protege a pele e turbina a imunidade naturalmente - Correio Braziliense - Radar","og_description":"A raiz que protege os olhos, fortalece a imunidade e preserva a pele com antioxidantes potentes que reduzem danos e retardam o envelhecimento.","og_url":"https:\/\/www.correiobraziliense.com.br\/cbradar\/o-alimento-vibrante-que-fortalece-a-visao-protege-a-pele-e-turbina-a-imunidade-naturalmente\/","og_site_name":"Correio Braziliense - Radar","article_published_time":"2025-12-04T14:55:00+00:00","og_image":[{"width":1280,"height":720,"url":"https:\/\/www.correiobraziliense.com.br\/cbradar\/wp-content\/uploads\/2025\/12\/freepik__faa-uma-imagem-realista-de-vrias-cenouras__6930.jpeg","type":"image\/jpeg"}],"author":"Daniely Cardoso","twitter_card":"summary_large_image","twitter_misc":{"Escrito por":"Daniely Cardoso","Est. tempo de leitura":"4 minutos"},"schema":{"@context":"https:\/\/schema.org","@graph":[{"@type":"WebPage","@id":"https:\/\/www.correiobraziliense.com.br\/cbradar\/o-alimento-vibrante-que-fortalece-a-visao-protege-a-pele-e-turbina-a-imunidade-naturalmente\/","url":"https:\/\/www.correiobraziliense.com.br\/cbradar\/o-alimento-vibrante-que-fortalece-a-visao-protege-a-pele-e-turbina-a-imunidade-naturalmente\/","name":"O alimento vibrante que fortalece a vis\u00e3o, protege a pele e turbina a imunidade naturalmente - Correio Braziliense - Radar","isPartOf":{"@id":"https:\/\/www.correiobraziliense.com.br\/cbradar\/#website"},"primaryImageOfPage":{"@id":"https:\/\/www.correiobraziliense.com.br\/cbradar\/o-alimento-vibrante-que-fortalece-a-visao-protege-a-pele-e-turbina-a-imunidade-naturalmente\/#primaryimage"},"image":{"@id":"https:\/\/www.correiobraziliense.com.br\/cbradar\/o-alimento-vibrante-que-fortalece-a-visao-protege-a-pele-e-turbina-a-imunidade-naturalmente\/#primaryimage"},"thumbnailUrl":"https:\/\/www.correiobraziliense.com.br\/cbradar\/wp-content\/uploads\/2025\/12\/freepik__faa-uma-imagem-realista-de-vrias-cenouras__6930.jpeg","datePublished":"2025-12-04T14:55:00+00:00","author":{"@id":"https:\/\/www.correiobraziliense.com.br\/cbradar\/#\/schema\/person\/7356666e12ec0ee53f348ee5db227032"},"description":"A raiz que protege os olhos, fortalece a imunidade e preserva a pele com antioxidantes potentes que reduzem danos e retardam o envelhecimento.","breadcrumb":{"@id":"https:\/\/www.correiobraziliense.com.br\/cbradar\/o-alimento-vibrante-que-fortalece-a-visao-protege-a-pele-e-turbina-a-imunidade-naturalmente\/#breadcrumb"},"inLanguage":"pt-BR","potentialAction":[{"@type":"ReadAction","target":["https:\/\/www.correiobraziliense.com.br\/cbradar\/o-alimento-vibrante-que-fortalece-a-visao-protege-a-pele-e-turbina-a-imunidade-naturalmente\/"]}]},{"@type":"ImageObject","inLanguage":"pt-BR","@id":"https:\/\/www.correiobraziliense.com.br\/cbradar\/o-alimento-vibrante-que-fortalece-a-visao-protege-a-pele-e-turbina-a-imunidade-naturalmente\/#primaryimage","url":"https:\/\/www.correiobraziliense.com.br\/cbradar\/wp-content\/uploads\/2025\/12\/freepik__faa-uma-imagem-realista-de-vrias-cenouras__6930.jpeg","contentUrl":"https:\/\/www.correiobraziliense.com.br\/cbradar\/wp-content\/uploads\/2025\/12\/freepik__faa-uma-imagem-realista-de-vrias-cenouras__6930.jpeg","width":1280,"height":720,"caption":"Rica em betacaroteno com a\u00e7\u00e3o antioxidante natural"},{"@type":"BreadcrumbList","@id":"https:\/\/www.correiobraziliense.com.br\/cbradar\/o-alimento-vibrante-que-fortalece-a-visao-protege-a-pele-e-turbina-a-imunidade-naturalmente\/#breadcrumb","itemListElement":[{"@type":"ListItem","position":1,"name":"In\u00edcio","item":"https:\/\/www.correiobraziliense.com.br\/cbradar\/"},{"@type":"ListItem","position":2,"name":"O alimento vibrante que fortalece a vis\u00e3o, protege a pele e turbina a imunidade naturalmente"}]},{"@type":"WebSite","@id":"https:\/\/www.correiobraziliense.com.br\/cbradar\/#website","url":"https:\/\/www.correiobraziliense.com.br\/cbradar\/","name":"Correio Braziliense - Radar","description":"Acompanhe as \u00faltimas not\u00edcias e fique bem informado sobre tudo o que acontece no Brasil e no mundo.","potentialAction":[{"@type":"SearchAction","target":{"@type":"EntryPoint","urlTemplate":"https:\/\/www.correiobraziliense.com.br\/cbradar\/?s={search_term_string}"},"query-input":{"@type":"PropertyValueSpecification","valueRequired":true,"valueName":"search_term_string"}}],"inLanguage":"pt-BR"},{"@type":"Person","@id":"https:\/\/www.correiobraziliense.com.br\/cbradar\/#\/schema\/person\/7356666e12ec0ee53f348ee5db227032","name":"Daniely Cardoso","image":{"@type":"ImageObject","inLanguage":"pt-BR","@id":"https:\/\/www.correiobraziliense.com.br\/cbradar\/#\/schema\/person\/image\/","url":"https:\/\/secure.gravatar.com\/avatar\/4b80ddbd124d1f071b626d52d62e5dff?s=96&d=mm&r=g","contentUrl":"https:\/\/secure.gravatar.com\/avatar\/4b80ddbd124d1f071b626d52d62e5dff?s=96&d=mm&r=g","caption":"Daniely Cardoso"},"description":"Redatora nos portais CB Radar e EM Foco, formada pela Universidade Federal de Goi\u00e1s, em Goi\u00e2nia. Apaixonada por comunica\u00e7\u00e3o, arte, decora\u00e7\u00e3o e tend\u00eancias, atuo na produ\u00e7\u00e3o de conte\u00fados envolventes sobre curiosidades, moda, beleza e paisagismo, sempre com um olhar atento \u00e0s novidades do momento.","sameAs":["https:\/\/www.correiobraziliense.com.br\/cbradar"],"url":"https:\/\/www.correiobraziliense.com.br\/cbradar\/author\/danielymyth\/"}]}},"_links":{"self":[{"href":"https:\/\/www.correiobraziliense.com.br\/cbradar\/wp-json\/wp\/v2\/posts\/149264","targetHints":{"allow":["GET"]}}],"collection":[{"href":"https:\/\/www.correiobraziliense.com.br\/cbradar\/wp-json\/wp\/v2\/posts"}],"about":[{"href":"https:\/\/www.correiobraziliense.com.br\/cbradar\/wp-json\/wp\/v2\/types\/post"}],"author":[{"embeddable":true,"href":"https:\/\/www.correiobraziliense.com.br\/cbradar\/wp-json\/wp\/v2\/users\/9"}],"replies":[{"embeddable":true,"href":"https:\/\/www.correiobraziliense.com.br\/cbradar\/wp-json\/wp\/v2\/comments?post=149264"}],"version-history":[{"count":2,"href":"https:\/\/www.correiobraziliense.com.br\/cbradar\/wp-json\/wp\/v2\/posts\/149264\/revisions"}],"predecessor-version":[{"id":149302,"href":"https:\/\/www.correiobraziliense.com.br\/cbradar\/wp-json\/wp\/v2\/posts\/149264\/revisions\/149302"}],"wp:featuredmedia":[{"embeddable":true,"href":"https:\/\/www.correiobraziliense.com.br\/cbradar\/wp-json\/wp\/v2\/media\/149379"}],"wp:attachment":[{"href":"https:\/\/www.correiobraziliense.com.br\/cbradar\/wp-json\/wp\/v2\/media?parent=149264"}],"wp:term":[{"taxonomy":"category","embeddable":true,"href":"https:\/\/www.correiobraziliense.com.br\/cbradar\/wp-json\/wp\/v2\/categories?post=149264"},{"taxonomy":"post_tag","embeddable":true,"href":"https:\/\/www.correiobraziliense.com.br\/cbradar\/wp-json\/wp\/v2\/tags?post=149264"}],"curies":[{"name":"wp","href":"https:\/\/api.w.org\/{rel}","templated":true}]}}