{"id":149267,"date":"2025-12-04T14:25:00","date_gmt":"2025-12-04T17:25:00","guid":{"rendered":"https:\/\/www.correiobraziliense.com.br\/cbradar\/?p=149267"},"modified":"2025-12-03T10:04:30","modified_gmt":"2025-12-03T13:04:30","slug":"essa-erva-aromatica-guarda-beneficios-que-impressionam-ate-especialistas","status":"publish","type":"post","link":"https:\/\/www.correiobraziliense.com.br\/cbradar\/essa-erva-aromatica-guarda-beneficios-que-impressionam-ate-especialistas\/","title":{"rendered":"Essa erva arom\u00e1tica guarda benef\u00edcios que impressionam at\u00e9 especialistas"},"content":{"rendered":"\n<p>A <strong>arruda<\/strong> (<em>Ruta graveolens<\/em> L.), um subarbusto de aroma forte e marcante, \u00e9 uma das plantas mais antigas e respeitadas na medicina popular e na fitoterapia. Embora seu uso exija cautela devido \u00e0 toxicidade em altas doses, a arruda possui <strong>propriedades medicinais<\/strong> poderosas quando utilizada corretamente, especialmente para a sa\u00fade vascular e o tratamento de dores. Seus <strong>compostos bioativos<\/strong>, como a <strong>rutina<\/strong> (um flavonoide) e alcaloides, conferem <strong>benef\u00edcios terap\u00eauticos<\/strong> not\u00e1veis para a circula\u00e7\u00e3o e o combate \u00e0 inflama\u00e7\u00e3o.<\/p>\n\n\n\n<p>Este artigo explora as principais propriedades curativas da arruda, com foco em:<\/p>\n\n\n\n<ul class=\"wp-block-list\">\n<li>A a\u00e7\u00e3o da <strong>rutina<\/strong> no fortalecimento dos vasos sangu\u00edneos e combate a varizes.<\/li>\n\n\n\n<li>O potente <strong>efeito anti-inflamat\u00f3rio<\/strong> e analg\u00e9sico para dores reum\u00e1ticas.<\/li>\n\n\n\n<li>As <strong>propriedades antimicrobianas<\/strong> e antiparasit\u00e1rias para uso externo (como contra piolhos).<\/li>\n<\/ul>\n\n\n\n<h2 class=\"wp-block-heading\">Fortalecimento vascular e a a\u00e7\u00e3o da rutina<\/h2>\n\n\n\n<p>A principal <strong>propriedade curativa<\/strong> da <strong>arruda<\/strong> para o sistema circulat\u00f3rio deve-se \u00e0 alta concentra\u00e7\u00e3o de <strong>rutina<\/strong> (tamb\u00e9m conhecida como Vitamina P). A rutina \u00e9 um <strong>princ\u00edpio ativo<\/strong> que aumenta a resist\u00eancia dos capilares sangu\u00edneos e diminui a sua permeabilidade, prevenindo o rompimento de vasos e a forma\u00e7\u00e3o de edemas. Este <strong>benef\u00edcio terap\u00eautico<\/strong> torna a arruda um auxiliar eficaz no tratamento de varizes e insufici\u00eancia venosa. De acordo com o livro <em>Plantas Medicinais no Brasil<\/em>, de Lorenzi e Matos:<\/p>\n\n\n\n<blockquote class=\"wp-block-quote is-layout-flow wp-block-quote-is-layout-flow\">\n<p><em>&#8220;A rutina presente na arruda confere propriedades venot\u00f4nicas e vasoprotetoras, sendo indicada para aumentar a resist\u00eancia dos capilares sangu\u00edneos e auxiliar no tratamento de varizes e fragilidade capilar&#8221;<\/em> (LORENZI; MATOS, 2008).<\/p>\n<\/blockquote>\n\n\n<div class=\"wp-block-image\">\n<figure class=\"aligncenter size-large\"><img decoding=\"async\" width=\"1024\" height=\"576\" src=\"https:\/\/www.correiobraziliense.com.br\/cbradar\/wp-content\/uploads\/2025\/05\/arruda-erva_1747404380911-1024x576.jpg\" alt=\"Aprenda a plantar arruda e purificar sua casa naturalmente\" class=\"wp-image-37824\" srcset=\"https:\/\/www.correiobraziliense.com.br\/cbradar\/wp-content\/uploads\/2025\/05\/arruda-erva_1747404380911-1024x576.jpg 1024w, https:\/\/www.correiobraziliense.com.br\/cbradar\/wp-content\/uploads\/2025\/05\/arruda-erva_1747404380911-300x169.jpg 300w, https:\/\/www.correiobraziliense.com.br\/cbradar\/wp-content\/uploads\/2025\/05\/arruda-erva_1747404380911-768x432.jpg 768w, https:\/\/www.correiobraziliense.com.br\/cbradar\/wp-content\/uploads\/2025\/05\/arruda-erva_1747404380911-750x422.jpg 750w, https:\/\/www.correiobraziliense.com.br\/cbradar\/wp-content\/uploads\/2025\/05\/arruda-erva_1747404380911-1140x641.jpg 1140w, https:\/\/www.correiobraziliense.com.br\/cbradar\/wp-content\/uploads\/2025\/05\/arruda-erva_1747404380911.jpg 1280w\" sizes=\"(max-width: 1024px) 100vw, 1024px\" \/><figcaption class=\"wp-element-caption\">A arruda \u00e9 conhecida por sua capacidade de atuar na circula\u00e7\u00e3o sangu\u00ednea &#8211; Cr\u00e9ditos: depositphotos.com \/ arousa<\/figcaption><\/figure><\/div>\n\n\n<p>Leia tamb\u00e9m: <a href=\"https:\/\/www.correiobraziliense.com.br\/cbradar\/a-folha-nutritiva-que-ajuda-no-combate-a-anemia-e-da-mais-disposicao-no-dia-a-dia\/\" target=\"_blank\" rel=\"noreferrer noopener\">A folha nutritiva que ajuda no combate \u00e0 anemia e d\u00e1 mais disposi\u00e7\u00e3o no dia a dia<\/a><\/p>\n\n\n\n<h2 class=\"wp-block-heading\">A\u00e7\u00e3o anti-inflamat\u00f3ria e al\u00edvio de dores reum\u00e1ticas<\/h2>\n\n\n\n<p>A <strong>arruda<\/strong> \u00e9 tradicionalmente utilizada em compressas e \u00f3leos para o al\u00edvio de <strong>dores reum\u00e1ticas<\/strong>, artrite e contus\u00f5es. Estudos cient\u00edficos confirmam que os extratos da planta possuem forte <strong>atividade anti-inflamat\u00f3ria<\/strong>, inibindo a produ\u00e7\u00e3o de mediadores da inflama\u00e7\u00e3o e o edema (incha\u00e7o) nos tecidos. Essa <strong>propriedade curativa<\/strong> faz da arruda um <strong>recurso terap\u00eautico<\/strong> natural valioso para o manejo da dor e da inflama\u00e7\u00e3o cr\u00f4nica ou aguda. A pesquisa de Ratheesh e Helen, publicada no <em>African Journal of Biotechnology<\/em>, comprova essa efic\u00e1cia:<\/p>\n\n\n\n<blockquote class=\"wp-block-quote is-layout-flow wp-block-quote-is-layout-flow\">\n<p><em>&#8220;O extrato metan\u00f3lico de Ruta graveolens demonstrou uma inibi\u00e7\u00e3o significativa do edema e da inflama\u00e7\u00e3o em modelos experimentais, sugerindo um potencial terap\u00eautico compar\u00e1vel ao de anti-inflamat\u00f3rios padr\u00f5es no tratamento de condi\u00e7\u00f5es inflamat\u00f3rias agudas&#8221;<\/em> (RATHEESH; HELEN, 2007).<\/p>\n<\/blockquote>\n\n\n\n<h2 class=\"wp-block-heading\">Propriedades antimicrobianas e uso externo<\/h2>\n\n\n\n<p>Al\u00e9m de atuar na circula\u00e7\u00e3o e na dor, a <strong>arruda<\/strong> possui <strong>propriedades antimicrobianas<\/strong> e antiparasit\u00e1rias, sendo historicamente usada para combater piolhos (pediculose) e sarna. Os \u00f3leos essenciais e <strong>compostos bioativos<\/strong> da planta, como as cumarinas e alcaloides, criam um ambiente hostil para fungos e parasitas externos. O uso t\u00f3pico, na forma de infus\u00e3o forte ou tintura dilu\u00edda, \u00e9 a forma mais segura de aproveitar esse <strong>benef\u00edcio terap\u00eautico<\/strong> sem os riscos da ingest\u00e3o excessiva. Um estudo publicado no <em>Journal of Ethnopharmacology<\/em> destaca a atividade da planta:<\/p>\n\n\n\n<blockquote class=\"wp-block-quote is-layout-flow wp-block-quote-is-layout-flow\">\n<p><em>&#8220;Extratos de Ruta graveolens exibiram atividade antimicrobiana significativa contra uma variedade de bact\u00e9rias e fungos, validando seu uso tradicional como agente antiss\u00e9ptico e antiparasit\u00e1rio em aplica\u00e7\u00f5es t\u00f3picas&#8221;<\/em> (OJALA et al., 2000).<\/p>\n<\/blockquote>\n\n\n\n<h2 class=\"wp-block-heading\">Uma planta potente que exige respeito<\/h2>\n\n\n\n<p>A <strong>arruda<\/strong> \u00e9 um <strong>fitoter\u00e1pico<\/strong> de grande pot\u00eancia, com <strong>propriedades curativas<\/strong> essenciais para a sa\u00fade vascular e o tratamento de dores. A presen\u00e7a de <strong>rutina<\/strong> e agentes anti-inflamat\u00f3rios valida cientificamente seus usos tradicionais. No entanto, devido \u00e0 sua toxicidade em altas doses (especialmente para gestantes), seu uso deve ser feito com cautela e conhecimento, priorizando aplica\u00e7\u00f5es externas ou doses controladas.<\/p>\n\n\n\n<ul class=\"wp-block-list\">\n<li>A arruda \u00e9 rica em <strong>rutina<\/strong>, que fortalece os vasos sangu\u00edneos e combate a fragilidade capilar e varizes.<\/li>\n\n\n\n<li>Possui forte <strong>a\u00e7\u00e3o anti-inflamat\u00f3ria<\/strong>, sendo eficaz no al\u00edvio de dores reum\u00e1ticas e incha\u00e7os.<\/li>\n\n\n\n<li>Sua <strong>atividade antimicrobiana<\/strong> e antiparasit\u00e1ria a torna \u00fatil no combate a piolhos e infec\u00e7\u00f5es de pele.<\/li>\n<\/ul>\n\n\n\n<p>Para aprofundar essa t\u00e9cnica, selecionamos o conte\u00fado do canal <a href=\"https:\/\/www.youtube.com\/@AngelaXavier\" target=\"_blank\" rel=\"noreferrer noopener\">Angela Xavier<\/a>, que j\u00e1 conta com mais de 3 milh\u00f5es de inscritos. No v\u00eddeo a seguir, o canal detalha sobre outros benef\u00edcios na sa\u00fade:<\/p>\n\n\n\n<figure class=\"wp-block-embed is-type-video is-provider-youtube wp-block-embed-youtube wp-embed-aspect-16-9 wp-has-aspect-ratio\"><div class=\"wp-block-embed__wrapper\">\n<div class=\"jeg_video_container jeg_video_content\"><iframe loading=\"lazy\" title=\"Arruda e seus efeitos incr\u00edveis\" width=\"500\" height=\"281\" src=\"https:\/\/www.youtube.com\/embed\/nGVQpiCbb4Q?start=1&#038;feature=oembed\" frameborder=\"0\" allow=\"accelerometer; autoplay; clipboard-write; encrypted-media; gyroscope; picture-in-picture; web-share\" referrerpolicy=\"strict-origin-when-cross-origin\" allowfullscreen><\/iframe><\/div>\n<\/div><\/figure>\n\n\n\n<h2 class=\"wp-block-heading\">Refer\u00eancias bibliogr\u00e1ficas<\/h2>\n\n\n\n<ul class=\"wp-block-list\">\n<li>LORENZI, H.; MATOS, F. J. A. <em>Plantas Medicinais no Brasil: Nativas e Ex\u00f3ticas<\/em>. 2. ed. Nova Odessa: Instituto Plantarum, 2008.<\/li>\n\n\n\n<li>OJALA, T. et al. Antimicrobial activity of some coumarin-containing herbal plants growing in Finland. <em>Journal of Ethnopharmacology<\/em>, v. 73, n. 1-2, p. 299-305, 2000.<\/li>\n\n\n\n<li>RATHEESH, M.; HELEN, A. Anti-inflammatory activity of <em>Ruta graveolens<\/em> L. on carrageenan induced paw edema in wistar male rats. <em>African Journal of Biotechnology<\/em>, v. 6, n. 10, p. 1209-1211, 2007.<\/li>\n<\/ul>\n","protected":false},"excerpt":{"rendered":"<p>A arruda (Ruta graveolens L.), um subarbusto de aroma forte e marcante, \u00e9 uma das plantas mais antigas e respeitadas na medicina popular e na fitoterapia. Embora seu uso exija cautela devido \u00e0 toxicidade em altas doses, a arruda possui propriedades medicinais poderosas quando utilizada corretamente, especialmente para a sa\u00fade vascular e o tratamento de [&hellip;]<\/p>\n","protected":false},"author":9,"featured_media":149384,"comment_status":"open","ping_status":"open","sticky":false,"template":"","format":"standard","meta":{"_yoast_wpseo_focuskw":"arruda benef\u00edcios na sa\u00fade","_yoast_wpseo_title":"","_yoast_wpseo_metadesc":"Planta tradicional e potente, a arruda oferece benef\u00edcios para circula\u00e7\u00e3o, dores e cuidados externos quando usada com seguran\u00e7a.","jnews-multi-image_gallery":[],"jnews_single_post":{"format":"standard"},"jnews_primary_category":[],"jnews_social_meta":[],"jnews_override_counter":[],"footnotes":""},"categories":[119],"tags":[1720,12239,7215],"class_list":["post-149267","post","type-post","status-publish","format-standard","has-post-thumbnail","hentry","category-bem-estar","tag-arruda","tag-dores-reumaticas","tag-varizes"],"yoast_head":"<!-- This site is optimized with the Yoast SEO plugin v24.6 - https:\/\/yoast.com\/wordpress\/plugins\/seo\/ -->\n<title>Essa erva arom\u00e1tica guarda benef\u00edcios que impressionam at\u00e9 especialistas - Correio Braziliense - Radar<\/title>\n<meta name=\"description\" content=\"Planta tradicional e potente, a arruda oferece benef\u00edcios para circula\u00e7\u00e3o, dores e cuidados externos quando usada com seguran\u00e7a.\" \/>\n<meta name=\"robots\" content=\"index, follow, max-snippet:-1, max-image-preview:large, max-video-preview:-1\" \/>\n<link rel=\"canonical\" href=\"https:\/\/www.correiobraziliense.com.br\/cbradar\/essa-erva-aromatica-guarda-beneficios-que-impressionam-ate-especialistas\/\" \/>\n<meta property=\"og:locale\" content=\"pt_BR\" \/>\n<meta property=\"og:type\" content=\"article\" \/>\n<meta property=\"og:title\" content=\"Essa erva arom\u00e1tica guarda benef\u00edcios que impressionam at\u00e9 especialistas - Correio Braziliense - Radar\" \/>\n<meta property=\"og:description\" content=\"Planta tradicional e potente, a arruda oferece benef\u00edcios para circula\u00e7\u00e3o, dores e cuidados externos quando usada com seguran\u00e7a.\" \/>\n<meta property=\"og:url\" content=\"https:\/\/www.correiobraziliense.com.br\/cbradar\/essa-erva-aromatica-guarda-beneficios-que-impressionam-ate-especialistas\/\" \/>\n<meta property=\"og:site_name\" content=\"Correio Braziliense - Radar\" \/>\n<meta property=\"article:published_time\" content=\"2025-12-04T17:25:00+00:00\" \/>\n<meta property=\"og:image\" content=\"https:\/\/www.correiobraziliense.com.br\/cbradar\/wp-content\/uploads\/2025\/12\/freepik__faa-uma-imagem-realista-da-planta-arruda__14300.jpeg\" \/>\n\t<meta property=\"og:image:width\" content=\"1280\" \/>\n\t<meta property=\"og:image:height\" content=\"720\" \/>\n\t<meta property=\"og:image:type\" content=\"image\/jpeg\" \/>\n<meta name=\"author\" content=\"Daniely Cardoso\" \/>\n<meta name=\"twitter:card\" content=\"summary_large_image\" \/>\n<meta name=\"twitter:label1\" content=\"Escrito por\" \/>\n\t<meta name=\"twitter:data1\" content=\"Daniely Cardoso\" \/>\n\t<meta name=\"twitter:label2\" content=\"Est. tempo de leitura\" \/>\n\t<meta name=\"twitter:data2\" content=\"4 minutos\" \/>\n<!-- \/ Yoast SEO plugin. -->","yoast_head_json":{"title":"Essa erva arom\u00e1tica guarda benef\u00edcios que impressionam at\u00e9 especialistas - Correio Braziliense - Radar","description":"Planta tradicional e potente, a arruda oferece benef\u00edcios para circula\u00e7\u00e3o, dores e cuidados externos quando usada com seguran\u00e7a.","robots":{"index":"index","follow":"follow","max-snippet":"max-snippet:-1","max-image-preview":"max-image-preview:large","max-video-preview":"max-video-preview:-1"},"canonical":"https:\/\/www.correiobraziliense.com.br\/cbradar\/essa-erva-aromatica-guarda-beneficios-que-impressionam-ate-especialistas\/","og_locale":"pt_BR","og_type":"article","og_title":"Essa erva arom\u00e1tica guarda benef\u00edcios que impressionam at\u00e9 especialistas - Correio Braziliense - Radar","og_description":"Planta tradicional e potente, a arruda oferece benef\u00edcios para circula\u00e7\u00e3o, dores e cuidados externos quando usada com seguran\u00e7a.","og_url":"https:\/\/www.correiobraziliense.com.br\/cbradar\/essa-erva-aromatica-guarda-beneficios-que-impressionam-ate-especialistas\/","og_site_name":"Correio Braziliense - Radar","article_published_time":"2025-12-04T17:25:00+00:00","og_image":[{"width":1280,"height":720,"url":"https:\/\/www.correiobraziliense.com.br\/cbradar\/wp-content\/uploads\/2025\/12\/freepik__faa-uma-imagem-realista-da-planta-arruda__14300.jpeg","type":"image\/jpeg"}],"author":"Daniely Cardoso","twitter_card":"summary_large_image","twitter_misc":{"Escrito por":"Daniely Cardoso","Est. tempo de leitura":"4 minutos"},"schema":{"@context":"https:\/\/schema.org","@graph":[{"@type":"WebPage","@id":"https:\/\/www.correiobraziliense.com.br\/cbradar\/essa-erva-aromatica-guarda-beneficios-que-impressionam-ate-especialistas\/","url":"https:\/\/www.correiobraziliense.com.br\/cbradar\/essa-erva-aromatica-guarda-beneficios-que-impressionam-ate-especialistas\/","name":"Essa erva arom\u00e1tica guarda benef\u00edcios que impressionam at\u00e9 especialistas - Correio Braziliense - Radar","isPartOf":{"@id":"https:\/\/www.correiobraziliense.com.br\/cbradar\/#website"},"primaryImageOfPage":{"@id":"https:\/\/www.correiobraziliense.com.br\/cbradar\/essa-erva-aromatica-guarda-beneficios-que-impressionam-ate-especialistas\/#primaryimage"},"image":{"@id":"https:\/\/www.correiobraziliense.com.br\/cbradar\/essa-erva-aromatica-guarda-beneficios-que-impressionam-ate-especialistas\/#primaryimage"},"thumbnailUrl":"https:\/\/www.correiobraziliense.com.br\/cbradar\/wp-content\/uploads\/2025\/12\/freepik__faa-uma-imagem-realista-da-planta-arruda__14300.jpeg","datePublished":"2025-12-04T17:25:00+00:00","author":{"@id":"https:\/\/www.correiobraziliense.com.br\/cbradar\/#\/schema\/person\/7356666e12ec0ee53f348ee5db227032"},"description":"Planta tradicional e potente, a arruda oferece benef\u00edcios para circula\u00e7\u00e3o, dores e cuidados externos quando usada com seguran\u00e7a.","breadcrumb":{"@id":"https:\/\/www.correiobraziliense.com.br\/cbradar\/essa-erva-aromatica-guarda-beneficios-que-impressionam-ate-especialistas\/#breadcrumb"},"inLanguage":"pt-BR","potentialAction":[{"@type":"ReadAction","target":["https:\/\/www.correiobraziliense.com.br\/cbradar\/essa-erva-aromatica-guarda-beneficios-que-impressionam-ate-especialistas\/"]}]},{"@type":"ImageObject","inLanguage":"pt-BR","@id":"https:\/\/www.correiobraziliense.com.br\/cbradar\/essa-erva-aromatica-guarda-beneficios-que-impressionam-ate-especialistas\/#primaryimage","url":"https:\/\/www.correiobraziliense.com.br\/cbradar\/wp-content\/uploads\/2025\/12\/freepik__faa-uma-imagem-realista-da-planta-arruda__14300.jpeg","contentUrl":"https:\/\/www.correiobraziliense.com.br\/cbradar\/wp-content\/uploads\/2025\/12\/freepik__faa-uma-imagem-realista-da-planta-arruda__14300.jpeg","width":1280,"height":720,"caption":"Planta medicinal tradicional usada na fitoterapia popular"},{"@type":"BreadcrumbList","@id":"https:\/\/www.correiobraziliense.com.br\/cbradar\/essa-erva-aromatica-guarda-beneficios-que-impressionam-ate-especialistas\/#breadcrumb","itemListElement":[{"@type":"ListItem","position":1,"name":"In\u00edcio","item":"https:\/\/www.correiobraziliense.com.br\/cbradar\/"},{"@type":"ListItem","position":2,"name":"Essa erva arom\u00e1tica guarda benef\u00edcios que impressionam at\u00e9 especialistas"}]},{"@type":"WebSite","@id":"https:\/\/www.correiobraziliense.com.br\/cbradar\/#website","url":"https:\/\/www.correiobraziliense.com.br\/cbradar\/","name":"Correio Braziliense - Radar","description":"Acompanhe as \u00faltimas not\u00edcias e fique bem informado sobre tudo o que acontece no Brasil e no mundo.","potentialAction":[{"@type":"SearchAction","target":{"@type":"EntryPoint","urlTemplate":"https:\/\/www.correiobraziliense.com.br\/cbradar\/?s={search_term_string}"},"query-input":{"@type":"PropertyValueSpecification","valueRequired":true,"valueName":"search_term_string"}}],"inLanguage":"pt-BR"},{"@type":"Person","@id":"https:\/\/www.correiobraziliense.com.br\/cbradar\/#\/schema\/person\/7356666e12ec0ee53f348ee5db227032","name":"Daniely Cardoso","image":{"@type":"ImageObject","inLanguage":"pt-BR","@id":"https:\/\/www.correiobraziliense.com.br\/cbradar\/#\/schema\/person\/image\/","url":"https:\/\/secure.gravatar.com\/avatar\/4b80ddbd124d1f071b626d52d62e5dff?s=96&d=mm&r=g","contentUrl":"https:\/\/secure.gravatar.com\/avatar\/4b80ddbd124d1f071b626d52d62e5dff?s=96&d=mm&r=g","caption":"Daniely Cardoso"},"description":"Redatora nos portais CB Radar e EM Foco, formada pela Universidade Federal de Goi\u00e1s, em Goi\u00e2nia. Apaixonada por comunica\u00e7\u00e3o, arte, decora\u00e7\u00e3o e tend\u00eancias, atuo na produ\u00e7\u00e3o de conte\u00fados envolventes sobre curiosidades, moda, beleza e paisagismo, sempre com um olhar atento \u00e0s novidades do momento.","sameAs":["https:\/\/www.correiobraziliense.com.br\/cbradar"],"url":"https:\/\/www.correiobraziliense.com.br\/cbradar\/author\/danielymyth\/"}]}},"_links":{"self":[{"href":"https:\/\/www.correiobraziliense.com.br\/cbradar\/wp-json\/wp\/v2\/posts\/149267","targetHints":{"allow":["GET"]}}],"collection":[{"href":"https:\/\/www.correiobraziliense.com.br\/cbradar\/wp-json\/wp\/v2\/posts"}],"about":[{"href":"https:\/\/www.correiobraziliense.com.br\/cbradar\/wp-json\/wp\/v2\/types\/post"}],"author":[{"embeddable":true,"href":"https:\/\/www.correiobraziliense.com.br\/cbradar\/wp-json\/wp\/v2\/users\/9"}],"replies":[{"embeddable":true,"href":"https:\/\/www.correiobraziliense.com.br\/cbradar\/wp-json\/wp\/v2\/comments?post=149267"}],"version-history":[{"count":2,"href":"https:\/\/www.correiobraziliense.com.br\/cbradar\/wp-json\/wp\/v2\/posts\/149267\/revisions"}],"predecessor-version":[{"id":149304,"href":"https:\/\/www.correiobraziliense.com.br\/cbradar\/wp-json\/wp\/v2\/posts\/149267\/revisions\/149304"}],"wp:featuredmedia":[{"embeddable":true,"href":"https:\/\/www.correiobraziliense.com.br\/cbradar\/wp-json\/wp\/v2\/media\/149384"}],"wp:attachment":[{"href":"https:\/\/www.correiobraziliense.com.br\/cbradar\/wp-json\/wp\/v2\/media?parent=149267"}],"wp:term":[{"taxonomy":"category","embeddable":true,"href":"https:\/\/www.correiobraziliense.com.br\/cbradar\/wp-json\/wp\/v2\/categories?post=149267"},{"taxonomy":"post_tag","embeddable":true,"href":"https:\/\/www.correiobraziliense.com.br\/cbradar\/wp-json\/wp\/v2\/tags?post=149267"}],"curies":[{"name":"wp","href":"https:\/\/api.w.org\/{rel}","templated":true}]}}