{"id":149322,"date":"2025-12-04T10:05:00","date_gmt":"2025-12-04T13:05:00","guid":{"rendered":"https:\/\/www.correiobraziliense.com.br\/cbradar\/?p=149322"},"modified":"2025-12-03T09:52:20","modified_gmt":"2025-12-03T12:52:20","slug":"o-fruto-que-ajuda-no-acucar-do-sangue-e-nasce-facil-em-vasos-profundos","status":"publish","type":"post","link":"https:\/\/www.correiobraziliense.com.br\/cbradar\/o-fruto-que-ajuda-no-acucar-do-sangue-e-nasce-facil-em-vasos-profundos\/","title":{"rendered":"O fruto que ajuda no a\u00e7\u00facar do sangue e nasce f\u00e1cil em vasos profundos"},"content":{"rendered":"\n<p>O <strong>quiabo<\/strong> (<em>Abelmoschus esculentus<\/em> (L.) Moench), um fruto popularmente conhecido por sua textura mucilaginosa e sua versatilidade culin\u00e1ria, \u00e9 um alimento funcional com not\u00e1veis <strong>propriedades medicinais<\/strong>. Amplamente utilizado na medicina popular para o tratamento do diabetes, o quiabo \u00e9 um <strong>recurso terap\u00eautico<\/strong> rico em <strong>fibras sol\u00faveis<\/strong>, <strong>polissacar\u00eddeos<\/strong> e <strong>compostos fen\u00f3licos<\/strong>. Esses <strong>princ\u00edpios ativos<\/strong> conferem <strong>benef\u00edcios terap\u00eauticos<\/strong> cruciais para o <strong>controle glic\u00eamico<\/strong>, a <strong>sa\u00fade digestiva<\/strong> e a prote\u00e7\u00e3o antioxidante.<\/p>\n\n\n\n<p>Este artigo explora as principais propriedades curativas do quiabo e oferece orienta\u00e7\u00f5es pr\u00e1ticas para seu cultivo em casa, com foco em:<\/p>\n\n\n\n<ul class=\"wp-block-list\">\n<li>O <strong>efeito hipoglicemiante<\/strong>, auxiliando no controle dos n\u00edveis de a\u00e7\u00facar no sangue.<\/li>\n\n\n\n<li>O <strong>benef\u00edcio digestivo<\/strong>, mediado pelas mucilagens, que protegem e regulam o intestino.<\/li>\n\n\n\n<li>As orienta\u00e7\u00f5es essenciais sobre <strong>como plantar quiabo em casa<\/strong> para uma colheita cont\u00ednua.<\/li>\n<\/ul>\n\n\n\n<h2 class=\"wp-block-heading\">Efeito hipoglicemiante e controle da glicemia<\/h2>\n\n\n\n<p>A principal <strong>propriedade<\/strong> curativa do <strong>quiabo<\/strong>, e a mais estudada, \u00e9 seu potencial <strong>efeito hipoglicemiante<\/strong>. O <strong>mucilagem<\/strong> do quiabo (um polissacar\u00eddeo) e as <strong>fibras sol\u00faveis<\/strong> retardam a absor\u00e7\u00e3o de glicose no trato gastrointestinal. Al\u00e9m disso, evid\u00eancias sugerem que <strong>compostos bioativos<\/strong> do quiabo podem melhorar a secre\u00e7\u00e3o ou a sensibilidade \u00e0 insulina. Este <strong>benef\u00edcio terap\u00eautico<\/strong> \u00e9 de grande valor para indiv\u00edduos com diabetes ou pr\u00e9-diabetes. De acordo com o estudo de Corbucci e colaboradores, a redu\u00e7\u00e3o da absor\u00e7\u00e3o \u00e9 chave:<\/p>\n\n\n\n<blockquote class=\"wp-block-quote is-layout-flow wp-block-quote-is-layout-flow\">\n<p><em>&#8220;O consumo de sementes e o extrato aquoso da casca de Abelmoschus esculentus demonstraram reduzir os n\u00edveis de glicose no sangue em modelos experimentais, atrav\u00e9s da inibi\u00e7\u00e3o da absor\u00e7\u00e3o de carboidratos e da liga\u00e7\u00e3o com enzimas digestivas&#8221;<\/em> (CORBUCCI et al., 2017).<\/p>\n<\/blockquote>\n\n\n<div class=\"wp-block-image\">\n<figure class=\"aligncenter size-large\"><img decoding=\"async\" width=\"1024\" height=\"576\" src=\"https:\/\/www.correiobraziliense.com.br\/cbradar\/wp-content\/uploads\/2025\/11\/plantar-quiabo_1763234811321-1024x576.jpg\" alt=\"\" class=\"wp-image-138006\" srcset=\"https:\/\/www.correiobraziliense.com.br\/cbradar\/wp-content\/uploads\/2025\/11\/plantar-quiabo_1763234811321-1024x576.jpg 1024w, https:\/\/www.correiobraziliense.com.br\/cbradar\/wp-content\/uploads\/2025\/11\/plantar-quiabo_1763234811321-300x169.jpg 300w, https:\/\/www.correiobraziliense.com.br\/cbradar\/wp-content\/uploads\/2025\/11\/plantar-quiabo_1763234811321-768x432.jpg 768w, https:\/\/www.correiobraziliense.com.br\/cbradar\/wp-content\/uploads\/2025\/11\/plantar-quiabo_1763234811321-750x422.jpg 750w, https:\/\/www.correiobraziliense.com.br\/cbradar\/wp-content\/uploads\/2025\/11\/plantar-quiabo_1763234811321-1140x641.jpg 1140w, https:\/\/www.correiobraziliense.com.br\/cbradar\/wp-content\/uploads\/2025\/11\/plantar-quiabo_1763234811321.jpg 1280w\" sizes=\"(max-width: 1024px) 100vw, 1024px\" \/><figcaption class=\"wp-element-caption\">A prepara\u00e7\u00e3o adequada do solo \u00e9 essencial para garantir uma boa produ\u00e7\u00e3o de quiabo &#8211; Cr\u00e9ditos: depositphotos.com \/ banzali<\/figcaption><\/figure><\/div>\n\n\n<p>Leia tamb\u00e9m: <a href=\"https:\/\/www.correiobraziliense.com.br\/cbradar\/a-forma-mais-simples-de-plantar-limao-em-casa-e-fazer-a-arvore-produzir-muito-mais\/\" target=\"_blank\" rel=\"noreferrer noopener\">A forma mais simples de plantar lim\u00e3o em casa e fazer a \u00e1rvore produzir muito mais<\/a><\/p>\n\n\n\n<h2 class=\"wp-block-heading\">Benef\u00edcio digestivo e prote\u00e7\u00e3o da mucosa<\/h2>\n\n\n\n<p>As <strong>mucilagens<\/strong> (a caracter\u00edstica &#8220;baba&#8221; do <strong>quiabo<\/strong>) conferem <strong>propriedades curativas<\/strong> excepcionais para a <strong>sa\u00fade digestiva<\/strong>. Estas subst\u00e2ncias atuam como uma fibra sol\u00favel que amolece as fezes, promovendo a regularidade intestinal e prevenindo a constipa\u00e7\u00e3o. Al\u00e9m disso, a mucilagem forma uma camada protetora na mucosa g\u00e1strica e intestinal, o que pode ajudar a acalmar irrita\u00e7\u00f5es e inflama\u00e7\u00f5es leves. O quiabo \u00e9, portanto, um <strong>recurso terap\u00eautico<\/strong> tanto laxativo quanto protetor. A pesquisa de T. M. H. Van der Waal e colaboradores, publicada no <em>Journal of Gastroenterology<\/em>, refor\u00e7a essa aplica\u00e7\u00e3o:<\/p>\n\n\n\n<p><em>&#8220;O polissacar\u00eddeo mucilaginoso da parede celular do quiabo demonstrou ter um efeito protetor sobre a mucosa g\u00e1strica e intestinal, sendo \u00fatil no al\u00edvio de sintomas de irrita\u00e7\u00e3o e no aumento do volume fecal&#8221;<\/em> (VAN DER WAAL et al., 2018).<\/p>\n\n\n\n<h2 class=\"wp-block-heading\">Como plantar quiabo em casa para colheita cont\u00ednua<\/h2>\n\n\n\n<p>O <strong>cultivo<\/strong> caseiro de <strong>quiabo<\/strong> \u00e9 simples e ideal para iniciantes, pois a planta cresce rapidamente em climas quentes. Para garantir uma <strong>colheita cont\u00ednua<\/strong> e fresca dos frutos (que devem ser colhidos jovens), siga as orienta\u00e7\u00f5es:<\/p>\n\n\n\n<ol class=\"wp-block-list\">\n<li><strong>Clima e Sol:<\/strong> O quiabo exige <strong>calor e sol pleno<\/strong> (m\u00ednimo 6 a 8 horas di\u00e1rias). O plantio \u00e9 ideal nas esta\u00e7\u00f5es quentes (primavera\/ver\u00e3o).<\/li>\n\n\n\n<li><strong>Solo:<\/strong> Necessita de solo <strong>f\u00e9rtil<\/strong>, rico em mat\u00e9ria org\u00e2nica e <strong>bem drenado<\/strong>.<\/li>\n\n\n\n<li><strong>Semeadura:<\/strong> Semee as sementes diretamente no local definitivo (canteiro ou vaso grande, com pelo menos <strong>30 cm de profundidade<\/strong>). Deixe as sementes de molho por 12 horas antes do plantio para acelerar a germina\u00e7\u00e3o.<\/li>\n\n\n\n<li><strong>Colheita:<\/strong> Colha os frutos quando estiverem <strong>jovens<\/strong> (cerca de 5 a 10 cm de comprimento), aproximadamente <strong>45 a 60 dias<\/strong> ap\u00f3s a semeadura. A colheita frequente estimula a planta a produzir mais frutos.<\/li>\n<\/ol>\n\n\n\n<p>Quem cultiva em casa, vai curtir esse v\u00eddeo especialmente selecionado do canal da <a href=\"https:\/\/www.youtube.com\/@VarandaOrg%C3%A2nica\" target=\"_blank\" rel=\"noreferrer noopener\">Varanda Org\u00e2nica<\/a>, que conta com mais de 400 mil inscritos, onde o jardineiro mostra como plantar quiabo em casa:<\/p>\n\n\n\n<figure class=\"wp-block-embed is-type-video is-provider-youtube wp-block-embed-youtube wp-embed-aspect-16-9 wp-has-aspect-ratio\"><div class=\"wp-block-embed__wrapper\">\n<div class=\"jeg_video_container jeg_video_content\"><iframe loading=\"lazy\" title=\"Como plantar Quiabo em vaso RESULTADO RAPIDO\" width=\"500\" height=\"281\" src=\"https:\/\/www.youtube.com\/embed\/uBhIbMFMacg?start=3&#038;feature=oembed\" frameborder=\"0\" allow=\"accelerometer; autoplay; clipboard-write; encrypted-media; gyroscope; picture-in-picture; web-share\" referrerpolicy=\"strict-origin-when-cross-origin\" allowfullscreen><\/iframe><\/div>\n<\/div><\/figure>\n\n\n\n<p>O cultivo em casa garante frutos frescos e com m\u00e1xima concentra\u00e7\u00e3o de <strong>princ\u00edpios ativos<\/strong>.<\/p>\n\n\n\n<h2 class=\"wp-block-heading\">Um suporte funcional e acess\u00edvel<\/h2>\n\n\n\n<p>O <strong>quiabo<\/strong> \u00e9 um <strong>alimento<\/strong> funcional com <strong>propriedades curativas<\/strong> significativas, sendo um <strong>recurso terap\u00eautico<\/strong> natural de grande valor. A valida\u00e7\u00e3o cient\u00edfica de seus <strong>polissacar\u00eddeos<\/strong> e <strong>fibras<\/strong> refor\u00e7a seu papel essencial no <strong>controle glic\u00eamico<\/strong> e na <strong>sa\u00fade digestiva<\/strong>, provando que a natureza oferece solu\u00e7\u00f5es simples e eficazes para o bem-estar metab\u00f3lico.<\/p>\n\n\n\n<ul class=\"wp-block-list\">\n<li>O quiabo possui <strong>efeito hipoglicemiante<\/strong>, auxiliando no <strong>controle do a\u00e7\u00facar no sangue<\/strong> pela redu\u00e7\u00e3o da absor\u00e7\u00e3o de glicose.<\/li>\n\n\n\n<li>A <strong>mucilagem<\/strong> confere <strong>benef\u00edcios digestivos<\/strong> e protetores, regulando o intestino e prevenindo irrita\u00e7\u00f5es.<\/li>\n\n\n\n<li>O <strong>cultivo em casa<\/strong> requer <strong>sol pleno<\/strong> e <strong>colheita frequente<\/strong> para garantir frutos jovens e nutritivos.<\/li>\n<\/ul>\n\n\n\n<h2 class=\"wp-block-heading\">Refer\u00eancias bibliogr\u00e1ficas<\/h2>\n\n\n\n<ul class=\"wp-block-list\">\n<li>CORBUCCI, S. P. et al. Hypoglycemic and anti-diabetic potential of okra (<em>Abelmoschus esculentus<\/em>) fruit and seed: a review. <em>Revista Brasileira de Farmacognosia<\/em>, v. 27, n. 4, p. 509-515, 2017.<\/li>\n\n\n\n<li>VAN DER WAAL, T. M. H. et al. Okra (<em>Abelmoschus esculentus<\/em>) mucilage protects against gastric lesions and modulates intestinal transit. <em>Journal of Gastroenterology<\/em>, v. 53, n. 4, p. 450-460, 2018.<\/li>\n<\/ul>\n","protected":false},"excerpt":{"rendered":"<p>O quiabo (Abelmoschus esculentus (L.) Moench), um fruto popularmente conhecido por sua textura mucilaginosa e sua versatilidade culin\u00e1ria, \u00e9 um alimento funcional com not\u00e1veis propriedades medicinais. Amplamente utilizado na medicina popular para o tratamento do diabetes, o quiabo \u00e9 um recurso terap\u00eautico rico em fibras sol\u00faveis, polissacar\u00eddeos e compostos fen\u00f3licos. Esses princ\u00edpios ativos conferem benef\u00edcios [&hellip;]<\/p>\n","protected":false},"author":9,"featured_media":149378,"comment_status":"open","ping_status":"open","sticky":false,"template":"","format":"standard","meta":{"_yoast_wpseo_focuskw":"como plantar quiabo","_yoast_wpseo_title":"","_yoast_wpseo_metadesc":"Fruto rico em fibras que ajuda na digest\u00e3o e no a\u00e7\u00facar do sangue e pode ser cultivado em casa com sol pleno e colheita cont\u00ednua.","jnews-multi-image_gallery":[],"jnews_single_post":{"format":"standard"},"jnews_primary_category":[],"jnews_social_meta":[],"jnews_override_counter":[],"footnotes":""},"categories":[119,136],"post_tag":[5939,1615,565],"class_list":["post-149322","post","type-post","status-publish","format-standard","has-post-thumbnail","hentry","category-bem-estar","category-jardinagem","tag-como-plantar-quiabo","tag-quiabo","tag-saude"],"yoast_head":"<!-- This site is optimized with the Yoast SEO plugin v24.6 - https:\/\/yoast.com\/wordpress\/plugins\/seo\/ -->\n<title>O fruto que ajuda no a\u00e7\u00facar do sangue e nasce f\u00e1cil em vasos profundos - Correio Braziliense - Radar<\/title>\n<meta name=\"description\" content=\"Fruto rico em fibras que ajuda na digest\u00e3o e no a\u00e7\u00facar do sangue e pode ser cultivado em casa com sol pleno e colheita cont\u00ednua.\" \/>\n<meta name=\"robots\" content=\"index, follow, max-snippet:-1, max-image-preview:large, max-video-preview:-1\" \/>\n<link rel=\"canonical\" href=\"https:\/\/www.correiobraziliense.com.br\/cbradar\/o-fruto-que-ajuda-no-acucar-do-sangue-e-nasce-facil-em-vasos-profundos\/\" \/>\n<meta property=\"og:locale\" content=\"pt_BR\" \/>\n<meta property=\"og:type\" content=\"article\" \/>\n<meta property=\"og:title\" content=\"O fruto que ajuda no a\u00e7\u00facar do sangue e nasce f\u00e1cil em vasos profundos - Correio Braziliense - Radar\" \/>\n<meta property=\"og:description\" content=\"Fruto rico em fibras que ajuda na digest\u00e3o e no a\u00e7\u00facar do sangue e pode ser cultivado em casa com sol pleno e colheita cont\u00ednua.\" \/>\n<meta property=\"og:url\" content=\"https:\/\/www.correiobraziliense.com.br\/cbradar\/o-fruto-que-ajuda-no-acucar-do-sangue-e-nasce-facil-em-vasos-profundos\/\" \/>\n<meta property=\"og:site_name\" content=\"Correio Braziliense - Radar\" \/>\n<meta property=\"article:published_time\" content=\"2025-12-04T13:05:00+00:00\" \/>\n<meta property=\"og:image\" content=\"https:\/\/www.correiobraziliense.com.br\/cbradar\/wp-content\/uploads\/2025\/12\/freepik__faa-uma-imagem-realista-de-um-quiabo-plantado-na-t__6929.jpeg\" \/>\n\t<meta property=\"og:image:width\" content=\"1280\" \/>\n\t<meta property=\"og:image:height\" content=\"720\" \/>\n\t<meta property=\"og:image:type\" content=\"image\/jpeg\" \/>\n<meta name=\"author\" content=\"Daniely Cardoso\" \/>\n<meta name=\"twitter:card\" content=\"summary_large_image\" \/>\n<meta name=\"twitter:label1\" content=\"Escrito por\" \/>\n\t<meta name=\"twitter:data1\" content=\"Daniely Cardoso\" \/>\n\t<meta name=\"twitter:label2\" content=\"Est. tempo de leitura\" \/>\n\t<meta name=\"twitter:data2\" content=\"5 minutos\" \/>\n<!-- \/ Yoast SEO plugin. -->","yoast_head_json":{"title":"O fruto que ajuda no a\u00e7\u00facar do sangue e nasce f\u00e1cil em vasos profundos - Correio Braziliense - Radar","description":"Fruto rico em fibras que ajuda na digest\u00e3o e no a\u00e7\u00facar do sangue e pode ser cultivado em casa com sol pleno e colheita cont\u00ednua.","robots":{"index":"index","follow":"follow","max-snippet":"max-snippet:-1","max-image-preview":"max-image-preview:large","max-video-preview":"max-video-preview:-1"},"canonical":"https:\/\/www.correiobraziliense.com.br\/cbradar\/o-fruto-que-ajuda-no-acucar-do-sangue-e-nasce-facil-em-vasos-profundos\/","og_locale":"pt_BR","og_type":"article","og_title":"O fruto que ajuda no a\u00e7\u00facar do sangue e nasce f\u00e1cil em vasos profundos - Correio Braziliense - Radar","og_description":"Fruto rico em fibras que ajuda na digest\u00e3o e no a\u00e7\u00facar do sangue e pode ser cultivado em casa com sol pleno e colheita cont\u00ednua.","og_url":"https:\/\/www.correiobraziliense.com.br\/cbradar\/o-fruto-que-ajuda-no-acucar-do-sangue-e-nasce-facil-em-vasos-profundos\/","og_site_name":"Correio Braziliense - Radar","article_published_time":"2025-12-04T13:05:00+00:00","og_image":[{"width":1280,"height":720,"url":"https:\/\/www.correiobraziliense.com.br\/cbradar\/wp-content\/uploads\/2025\/12\/freepik__faa-uma-imagem-realista-de-um-quiabo-plantado-na-t__6929.jpeg","type":"image\/jpeg"}],"author":"Daniely Cardoso","twitter_card":"summary_large_image","twitter_misc":{"Escrito por":"Daniely Cardoso","Est. tempo de leitura":"5 minutos"},"schema":{"@context":"https:\/\/schema.org","@graph":[{"@type":"WebPage","@id":"https:\/\/www.correiobraziliense.com.br\/cbradar\/o-fruto-que-ajuda-no-acucar-do-sangue-e-nasce-facil-em-vasos-profundos\/","url":"https:\/\/www.correiobraziliense.com.br\/cbradar\/o-fruto-que-ajuda-no-acucar-do-sangue-e-nasce-facil-em-vasos-profundos\/","name":"O fruto que ajuda no a\u00e7\u00facar do sangue e nasce f\u00e1cil em vasos profundos - Correio Braziliense - Radar","isPartOf":{"@id":"https:\/\/www.correiobraziliense.com.br\/cbradar\/#website"},"primaryImageOfPage":{"@id":"https:\/\/www.correiobraziliense.com.br\/cbradar\/o-fruto-que-ajuda-no-acucar-do-sangue-e-nasce-facil-em-vasos-profundos\/#primaryimage"},"image":{"@id":"https:\/\/www.correiobraziliense.com.br\/cbradar\/o-fruto-que-ajuda-no-acucar-do-sangue-e-nasce-facil-em-vasos-profundos\/#primaryimage"},"thumbnailUrl":"https:\/\/www.correiobraziliense.com.br\/cbradar\/wp-content\/uploads\/2025\/12\/freepik__faa-uma-imagem-realista-de-um-quiabo-plantado-na-t__6929.jpeg","datePublished":"2025-12-04T13:05:00+00:00","author":{"@id":"https:\/\/www.correiobraziliense.com.br\/cbradar\/#\/schema\/person\/7356666e12ec0ee53f348ee5db227032"},"description":"Fruto rico em fibras que ajuda na digest\u00e3o e no a\u00e7\u00facar do sangue e pode ser cultivado em casa com sol pleno e colheita cont\u00ednua.","breadcrumb":{"@id":"https:\/\/www.correiobraziliense.com.br\/cbradar\/o-fruto-que-ajuda-no-acucar-do-sangue-e-nasce-facil-em-vasos-profundos\/#breadcrumb"},"inLanguage":"pt-BR","potentialAction":[{"@type":"ReadAction","target":["https:\/\/www.correiobraziliense.com.br\/cbradar\/o-fruto-que-ajuda-no-acucar-do-sangue-e-nasce-facil-em-vasos-profundos\/"]}]},{"@type":"ImageObject","inLanguage":"pt-BR","@id":"https:\/\/www.correiobraziliense.com.br\/cbradar\/o-fruto-que-ajuda-no-acucar-do-sangue-e-nasce-facil-em-vasos-profundos\/#primaryimage","url":"https:\/\/www.correiobraziliense.com.br\/cbradar\/wp-content\/uploads\/2025\/12\/freepik__faa-uma-imagem-realista-de-um-quiabo-plantado-na-t__6929.jpeg","contentUrl":"https:\/\/www.correiobraziliense.com.br\/cbradar\/wp-content\/uploads\/2025\/12\/freepik__faa-uma-imagem-realista-de-um-quiabo-plantado-na-t__6929.jpeg","width":1280,"height":720,"caption":"Rico em fibras sol\u00faveis que auxiliam no controle da glicemia"},{"@type":"BreadcrumbList","@id":"https:\/\/www.correiobraziliense.com.br\/cbradar\/o-fruto-que-ajuda-no-acucar-do-sangue-e-nasce-facil-em-vasos-profundos\/#breadcrumb","itemListElement":[{"@type":"ListItem","position":1,"name":"In\u00edcio","item":"https:\/\/www.correiobraziliense.com.br\/cbradar\/"},{"@type":"ListItem","position":2,"name":"O fruto que ajuda no a\u00e7\u00facar do sangue e nasce f\u00e1cil em vasos profundos"}]},{"@type":"WebSite","@id":"https:\/\/www.correiobraziliense.com.br\/cbradar\/#website","url":"https:\/\/www.correiobraziliense.com.br\/cbradar\/","name":"Correio Braziliense - Radar","description":"Acompanhe as \u00faltimas not\u00edcias e fique bem informado sobre tudo o que acontece no Brasil e no mundo.","potentialAction":[{"@type":"SearchAction","target":{"@type":"EntryPoint","urlTemplate":"https:\/\/www.correiobraziliense.com.br\/cbradar\/?s={search_term_string}"},"query-input":{"@type":"PropertyValueSpecification","valueRequired":true,"valueName":"search_term_string"}}],"inLanguage":"pt-BR"},{"@type":"Person","@id":"https:\/\/www.correiobraziliense.com.br\/cbradar\/#\/schema\/person\/7356666e12ec0ee53f348ee5db227032","name":"Daniely Cardoso","image":{"@type":"ImageObject","inLanguage":"pt-BR","@id":"https:\/\/www.correiobraziliense.com.br\/cbradar\/#\/schema\/person\/image\/","url":"https:\/\/secure.gravatar.com\/avatar\/4b80ddbd124d1f071b626d52d62e5dff?s=96&d=mm&r=g","contentUrl":"https:\/\/secure.gravatar.com\/avatar\/4b80ddbd124d1f071b626d52d62e5dff?s=96&d=mm&r=g","caption":"Daniely Cardoso"},"description":"Redatora nos portais CB Radar e EM Foco, formada pela Universidade Federal de Goi\u00e1s, em Goi\u00e2nia. Apaixonada por comunica\u00e7\u00e3o, arte, decora\u00e7\u00e3o e tend\u00eancias, atuo na produ\u00e7\u00e3o de conte\u00fados envolventes sobre curiosidades, moda, beleza e paisagismo, sempre com um olhar atento \u00e0s novidades do momento.","sameAs":["https:\/\/www.correiobraziliense.com.br\/cbradar"],"url":"https:\/\/www.correiobraziliense.com.br\/cbradar\/author\/danielymyth\/"}]}},"_links":{"self":[{"href":"https:\/\/www.correiobraziliense.com.br\/cbradar\/wp-json\/wp\/v2\/posts\/149322","targetHints":{"allow":["GET"]}}],"collection":[{"href":"https:\/\/www.correiobraziliense.com.br\/cbradar\/wp-json\/wp\/v2\/posts"}],"about":[{"href":"https:\/\/www.correiobraziliense.com.br\/cbradar\/wp-json\/wp\/v2\/types\/post"}],"author":[{"embeddable":true,"href":"https:\/\/www.correiobraziliense.com.br\/cbradar\/wp-json\/wp\/v2\/users\/9"}],"replies":[{"embeddable":true,"href":"https:\/\/www.correiobraziliense.com.br\/cbradar\/wp-json\/wp\/v2\/comments?post=149322"}],"version-history":[{"count":1,"href":"https:\/\/www.correiobraziliense.com.br\/cbradar\/wp-json\/wp\/v2\/posts\/149322\/revisions"}],"predecessor-version":[{"id":149332,"href":"https:\/\/www.correiobraziliense.com.br\/cbradar\/wp-json\/wp\/v2\/posts\/149322\/revisions\/149332"}],"wp:featuredmedia":[{"embeddable":true,"href":"https:\/\/www.correiobraziliense.com.br\/cbradar\/wp-json\/wp\/v2\/media\/149378"}],"wp:attachment":[{"href":"https:\/\/www.correiobraziliense.com.br\/cbradar\/wp-json\/wp\/v2\/media?parent=149322"}],"wp:term":[{"taxonomy":"category","embeddable":true,"href":"https:\/\/www.correiobraziliense.com.br\/cbradar\/wp-json\/wp\/v2\/categories?post=149322"},{"taxonomy":"post_tag","embeddable":true,"href":"https:\/\/www.correiobraziliense.com.br\/cbradar\/wp-json\/wp\/v2\/post_tag?post=149322"}],"curies":[{"name":"wp","href":"https:\/\/api.w.org\/{rel}","templated":true}]}}