{"id":149357,"date":"2025-12-03T09:58:00","date_gmt":"2025-12-03T12:58:00","guid":{"rendered":"https:\/\/www.correiobraziliense.com.br\/cbradar\/?p=149357"},"modified":"2025-12-03T09:30:50","modified_gmt":"2025-12-03T12:30:50","slug":"a-erva-que-limpa-o-figado-e-tambem-reduz-o-inchaco-de-forma-natural","status":"publish","type":"post","link":"https:\/\/www.correiobraziliense.com.br\/cbradar\/a-erva-que-limpa-o-figado-e-tambem-reduz-o-inchaco-de-forma-natural\/","title":{"rendered":"A erva que limpa o f\u00edgado e tamb\u00e9m reduz o incha\u00e7o de forma natural"},"content":{"rendered":"\n<p>O dente-de-le\u00e3o, conhecido cientificamente como <em>Taraxacum officinale<\/em>, \u00e9 uma planta amplamente distribu\u00edda em \u00e1reas urbanas e rurais, muitas vezes vista apenas como mato indesejado em jardins e cal\u00e7adas. No entanto, em diferentes tradi\u00e7\u00f5es medicinais, essa esp\u00e9cie herb\u00e1cea \u00e9 associada ao cuidado do f\u00edgado, dos rins e do sistema linf\u00e1tico, sendo frequentemente inclu\u00edda em protocolos de <strong>fitoterapia, desintoxica\u00e7\u00e3o e drenagem de l\u00edquidos<\/strong>, o que explica o crescente interesse cient\u00edfico e popular ao seu redor.<\/p>\n\n\n\n<h2 class=\"wp-block-heading\">Qual \u00e9 a rela\u00e7\u00e3o entre dente-de-le\u00e3o e drenagem linf\u00e1tica<\/h2>\n\n\n\n<p>A express\u00e3o <strong>dente-de-le\u00e3o para drenagem linf\u00e1tica<\/strong> aparece com frequ\u00eancia em materiais sobre sa\u00fade natural, principalmente quando o tema \u00e9 <strong>reten\u00e7\u00e3o de l\u00edquidos, edema leve e sensa\u00e7\u00e3o de incha\u00e7o<\/strong>. O sistema linf\u00e1tico \u00e9 respons\u00e1vel pelo transporte de l\u00edquidos e pela remo\u00e7\u00e3o de subst\u00e2ncias indesejadas do organismo, e quando esse fluxo se torna lento podem surgir edemas, sensa\u00e7\u00e3o de peso nas pernas e maior predisposi\u00e7\u00e3o a infec\u00e7\u00f5es.<\/p>\n\n\n\n<p>O uso tradicional do dente-de-le\u00e3o combina dois pontos importantes: o <strong>est\u00edmulo \u00e0 produ\u00e7\u00e3o de urina<\/strong> e o apoio indireto ao <strong>f\u00edgado<\/strong>, \u00f3rg\u00e3o que participa da filtra\u00e7\u00e3o e processamento de toxinas. Ao favorecer a elimina\u00e7\u00e3o de \u00e1gua e sais minerais em excesso, a planta contribui para reduzir o volume de l\u00edquido presente nos tecidos e, paralelamente, auxilia a circula\u00e7\u00e3o de subst\u00e2ncias que passam pelo sangue e pelo sistema linf\u00e1tico.<\/p>\n\n\n\n<ul class=\"wp-block-list\">\n<li><strong>Aux\u00edlio na remo\u00e7\u00e3o de l\u00edquidos acumulados<\/strong>, gra\u00e7as \u00e0 a\u00e7\u00e3o diur\u00e9tica;<\/li>\n\n\n\n<li><strong>Apoio \u00e0 fun\u00e7\u00e3o hep\u00e1tica<\/strong>, favorecendo a depura\u00e7\u00e3o de metab\u00f3litos;<\/li>\n\n\n\n<li><strong>Contribui\u00e7\u00e3o para o equil\u00edbrio geral do sistema linf\u00e1tico<\/strong>, ao associar esses dois mecanismos.<\/li>\n<\/ul>\n\n\n\n<figure class=\"wp-block-image size-large\"><img decoding=\"async\" width=\"1024\" height=\"576\" src=\"https:\/\/www.correiobraziliense.com.br\/cbradar\/wp-content\/uploads\/2025\/12\/mosaico_1764764661214-1024x576.jpg\" alt=\"A erva que limpa o f\u00edgado e tamb\u00e9m reduz o incha\u00e7o de forma natural\" class=\"wp-image-149366\" srcset=\"https:\/\/www.correiobraziliense.com.br\/cbradar\/wp-content\/uploads\/2025\/12\/mosaico_1764764661214-1024x576.jpg 1024w, https:\/\/www.correiobraziliense.com.br\/cbradar\/wp-content\/uploads\/2025\/12\/mosaico_1764764661214-300x169.jpg 300w, https:\/\/www.correiobraziliense.com.br\/cbradar\/wp-content\/uploads\/2025\/12\/mosaico_1764764661214-768x432.jpg 768w, https:\/\/www.correiobraziliense.com.br\/cbradar\/wp-content\/uploads\/2025\/12\/mosaico_1764764661214-750x422.jpg 750w, https:\/\/www.correiobraziliense.com.br\/cbradar\/wp-content\/uploads\/2025\/12\/mosaico_1764764661214-1140x641.jpg 1140w, https:\/\/www.correiobraziliense.com.br\/cbradar\/wp-content\/uploads\/2025\/12\/mosaico_1764764661214.jpg 1280w\" sizes=\"(max-width: 1024px) 100vw, 1024px\" \/><figcaption class=\"wp-element-caption\">Taraxacum officinale atua com flavonoides e lactonas sesquiterp\u00eanicas, promovendo drenagem linf\u00e1tica e fun\u00e7\u00e3o hep\u00e1tica otimizada. Cr\u00e9ditos: depositphotos.com \/ TarasMalyarevich e Cr\u00e9ditos: depositphotos.com \/ jolopes<\/figcaption><\/figure>\n\n\n\n<h2 class=\"wp-block-heading\">Como o dente-de-le\u00e3o atua na desintoxica\u00e7\u00e3o do organismo<\/h2>\n\n\n\n<p>O conceito de <strong>desintoxica\u00e7\u00e3o com dente-de-le\u00e3o<\/strong> envolve principalmente o f\u00edgado, os rins e a circula\u00e7\u00e3o linf\u00e1tica, com \u00eanfase em processos de depura\u00e7\u00e3o de res\u00edduos metab\u00f3licos. Os compostos amargos presentes na raiz e nas folhas s\u00e3o reconhecidos por estimular a produ\u00e7\u00e3o e a libera\u00e7\u00e3o de bile, secre\u00e7\u00e3o produzida pelo f\u00edgado e armazenada na ves\u00edcula biliar, essencial para a digest\u00e3o de gorduras e excre\u00e7\u00e3o de subst\u00e2ncias.<\/p>\n\n\n\n<p>Quando h\u00e1 maior produ\u00e7\u00e3o de bile e fluxo adequado desse l\u00edquido, o f\u00edgado tende a trabalhar de forma mais eficiente no processamento de <strong>toxinas e metab\u00f3litos<\/strong>. Em paralelo, a a\u00e7\u00e3o diur\u00e9tica do dente-de-le\u00e3o aumenta a quantidade de urina e favorece a remo\u00e7\u00e3o de subst\u00e2ncias hidrossol\u00faveis pelos rins, o que explica sua inclus\u00e3o em programas de <strong>\u201cdetox\u201d e manejo de reten\u00e7\u00e3o de l\u00edquidos<\/strong>.<\/p>\n\n\n\n<ol class=\"wp-block-list\">\n<li><strong>Estimula\u00e7\u00e3o da bile<\/strong>, o que auxilia o f\u00edgado a metabolizar gorduras e compostos indesejados;<\/li>\n\n\n\n<li><strong>Prote\u00e7\u00e3o das c\u00e9lulas hep\u00e1ticas<\/strong>, atribu\u00edda a flavonoides e outros antioxidantes presentes na planta;<\/li>\n\n\n\n<li><strong>Aumento da diurese<\/strong>, com maior volume urin\u00e1rio em curto per\u00edodo de tempo;<\/li>\n\n\n\n<li><strong>Redu\u00e7\u00e3o de edemas leves<\/strong>, relacionada \u00e0 elimina\u00e7\u00e3o de \u00e1gua e s\u00f3dio;<\/li>\n\n\n\n<li><strong>Suporte indireto ao sistema linf\u00e1tico<\/strong>, por meio da melhora global da circula\u00e7\u00e3o de l\u00edquidos.<\/li>\n<\/ol>\n\n\n\n<p>Para aprofundarmos no assunto, o Dr. Julio Luchmann abordou o tema trazendo os benef\u00edcios do ch\u00e1 para a sa\u00fade e para a regula\u00e7\u00e3o intestinal:<\/p>\n\n\n\n<blockquote class=\"tiktok-embed\" cite=\"https:\/\/www.tiktok.com\/@julioluchmann\/video\/7320980587110616325\" data-video-id=\"7320980587110616325\" style=\"max-width: 605px;min-width: 325px;\" > <section> <a target=\"_blank\" title=\"@julioluchmann\" href=\"https:\/\/www.tiktok.com\/@julioluchmann?refer=embed\">@julioluchmann<\/a> <a title=\"dentedeleao\" target=\"_blank\" href=\"https:\/\/www.tiktok.com\/tag\/dentedeleao?refer=embed\">#dentedeleao<\/a> <a title=\"julioluchmann\" target=\"_blank\" href=\"https:\/\/www.tiktok.com\/tag\/julioluchmann?refer=embed\">#julioluchmann<\/a> <a title=\"fitoessencia\" target=\"_blank\" href=\"https:\/\/www.tiktok.com\/tag\/fitoessencia?refer=embed\">#fitoessencia<\/a> <a title=\"plantas\" target=\"_blank\" href=\"https:\/\/www.tiktok.com\/tag\/plantas?refer=embed\">#plantas<\/a> <a title=\"plantasmedicinais\" target=\"_blank\" href=\"https:\/\/www.tiktok.com\/tag\/plantasmedicinais?refer=embed\">#plantasmedicinais<\/a> <a target=\"_blank\" title=\"\u266c som original - J\u00falio\u2002luchmann\" href=\"https:\/\/www.tiktok.com\/music\/som-original-7320980639432510213?refer=embed\">\u266c som original &#8211; J\u00falio\u2002luchmann<\/a> <\/section> <\/blockquote> <script async src=\"https:\/\/www.tiktok.com\/embed.js\"><\/script>\n\n\n\n<h2 class=\"wp-block-heading\">De que forma o dente-de-le\u00e3o pode ser consumido com foco na drenagem linf\u00e1tica<\/h2>\n\n\n\n<p>O dente-de-le\u00e3o pode ser encontrado em diferentes apresenta\u00e7\u00f5es, como <strong>folhas secas para infus\u00e3o, ra\u00edzes desidratadas, c\u00e1psulas, extratos l\u00edquidos<\/strong> e misturas com outras ervas. Em muitos pa\u00edses, as folhas jovens tamb\u00e9m s\u00e3o usadas em saladas e prepara\u00e7\u00f5es culin\u00e1rias, embora com concentra\u00e7\u00f5es vari\u00e1veis de compostos ativos, o que torna importante a orienta\u00e7\u00e3o profissional na defini\u00e7\u00e3o da forma de uso.<\/p>\n\n\n\n<p>Quando o objetivo \u00e9 apoiar a drenagem linf\u00e1tica e a elimina\u00e7\u00e3o de l\u00edquidos, o uso mais comum \u00e9 em forma de ch\u00e1 ou extrato, com doses ajustadas por profissionais de sa\u00fade. Essa avalia\u00e7\u00e3o \u00e9 essencial, sobretudo em indiv\u00edduos com <strong>doen\u00e7as renais, card\u00edacas ou hep\u00e1ticas<\/strong>, para reduzir riscos, avaliar intera\u00e7\u00f5es medicamentosas e definir o tempo adequado de utiliza\u00e7\u00e3o da planta.<\/p>\n\n\n\n<ul class=\"wp-block-list\">\n<li><strong>Evitar o uso sem orienta\u00e7\u00e3o<\/strong> em casos de doen\u00e7a renal ou hep\u00e1tica diagnosticada;<\/li>\n\n\n\n<li><strong>Verificar poss\u00edveis intera\u00e7\u00f5es<\/strong> com diur\u00e9ticos, anti-hipertensivos e outros medicamentos;<\/li>\n\n\n\n<li><strong>Observar sinais de sensibilidade<\/strong>, como desconforto g\u00e1strico ou rea\u00e7\u00f5es al\u00e9rgicas;<\/li>\n\n\n\n<li><strong>Priorizar produtos de origem confi\u00e1vel<\/strong>, com identifica\u00e7\u00e3o correta da esp\u00e9cie bot\u00e2nica;<\/li>\n\n\n\n<li><strong>Respeitar limites de tempo<\/strong> no uso cont\u00ednuo, quando indicado pelo profissional respons\u00e1vel.<\/li>\n<\/ul>\n\n\n\n<h2 class=\"wp-block-heading\">Qual \u00e9 o papel do dente-de-le\u00e3o em rotinas de sa\u00fade e bem-estar<\/h2>\n\n\n\n<p>Em 2025, o interesse por estrat\u00e9gias naturais de cuidado com o corpo continua em crescimento, e o dente-de-le\u00e3o permanece entre as plantas mais citadas quando o foco \u00e9 <strong>drenagem linf\u00e1tica, desintoxica\u00e7\u00e3o hep\u00e1tica e redu\u00e7\u00e3o de incha\u00e7o leve<\/strong>. A planta \u00e9 tratada como um recurso complementar, que pode integrar h\u00e1bitos mais amplos de cuidado, como alimenta\u00e7\u00e3o equilibrada, hidrata\u00e7\u00e3o adequada, pr\u00e1tica regular de atividade f\u00edsica e t\u00e9cnicas de drenagem manual.<\/p>\n\n\n\n<p><em>\u201cAs propriedades diur\u00e9ticas e de suporte hep\u00e1tico do Taraxacum officinale contribuem para a efic\u00e1cia do tratamento de edemas e de outras condi\u00e7\u00f5es relacionadas \u00e0 m\u00e1 circula\u00e7\u00e3o linf\u00e1tica\u201d\u00a0(MATOS et al., 2015).<\/em><\/p>\n\n\n\n<p>Para quem recorre \u00e0 fitoterapia, o dente-de-le\u00e3o representa um exemplo de esp\u00e9cie comum que re\u00fane propriedades relevantes para a sa\u00fade, com presen\u00e7a em <strong>estudos cl\u00ednicos e revis\u00f5es cient\u00edficas<\/strong> sobre <em>Taraxacum officinale<\/em>. Seu uso deve ser inserido em um contexto de acompanhamento profissional e avalia\u00e7\u00e3o individualizada, mantendo o foco no <strong>equil\u00edbrio geral do organismo, na drenagem de l\u00edquidos e no suporte hep\u00e1tico<\/strong>.<\/p>\n\n\n\n<h2 class=\"wp-block-heading\">Refer\u00eancias bibliogr\u00e1ficas<\/h2>\n\n\n\n<ul class=\"wp-block-list\">\n<li>MATOS, L. P. M. F. A. G. O. M. A. T. O. S. S. A. G. O. M. A. T. O. S. et al. Propriedades farmacol\u00f3gicas e uso terap\u00eautico de\u00a0<em>Taraxacum officinale<\/em>\u00a0Weber.\u00a0<em>Revista Brasileira de Plantas Medicinais<\/em>, v. 17, n. 4, p. 741-750, 2015.<\/li>\n<\/ul>\n","protected":false},"excerpt":{"rendered":"<p>Dente-de-le\u00e3o para drenagem linf\u00e1tica: descubra como essa planta diur\u00e9tica e hepatoprotetora auxilia na desintoxica\u00e7\u00e3o natural do corpo.<\/p>\n","protected":false},"author":3,"featured_media":149364,"comment_status":"open","ping_status":"open","sticky":false,"template":"","format":"standard","meta":{"_yoast_wpseo_focuskw":"erva limpa f\u00edgado","_yoast_wpseo_title":"%%title%%","_yoast_wpseo_metadesc":"Dente-de-le\u00e3o para drenagem linf\u00e1tica: descubra como essa planta diur\u00e9tica e hepatoprotetora auxilia na desintoxica\u00e7\u00e3o natural do corpo.","jnews-multi-image_gallery":[],"jnews_single_post":{"format":"standard"},"jnews_primary_category":[],"jnews_social_meta":[],"jnews_override_counter":[],"footnotes":""},"categories":[112],"tags":[535,3559,144,6037,565],"class_list":["post-149357","post","type-post","status-publish","format-standard","has-post-thumbnail","hentry","category-curiosidades","tag-cha","tag-corpo-humano","tag-curiosidades","tag-dente-de-leao","tag-saude"],"yoast_head":"<!-- This site is optimized with the Yoast SEO plugin v24.6 - https:\/\/yoast.com\/wordpress\/plugins\/seo\/ -->\n<title>A erva que limpa o f\u00edgado e tamb\u00e9m reduz o incha\u00e7o de forma natural<\/title>\n<meta name=\"description\" content=\"Dente-de-le\u00e3o para drenagem linf\u00e1tica: descubra como essa planta diur\u00e9tica e hepatoprotetora auxilia na desintoxica\u00e7\u00e3o natural do corpo.\" \/>\n<meta name=\"robots\" content=\"index, follow, max-snippet:-1, max-image-preview:large, max-video-preview:-1\" \/>\n<link rel=\"canonical\" href=\"https:\/\/www.correiobraziliense.com.br\/cbradar\/a-erva-que-limpa-o-figado-e-tambem-reduz-o-inchaco-de-forma-natural\/\" \/>\n<meta property=\"og:locale\" content=\"pt_BR\" \/>\n<meta property=\"og:type\" content=\"article\" \/>\n<meta property=\"og:title\" content=\"A erva que limpa o f\u00edgado e tamb\u00e9m reduz o incha\u00e7o de forma natural\" \/>\n<meta property=\"og:description\" content=\"Dente-de-le\u00e3o para drenagem linf\u00e1tica: descubra como essa planta diur\u00e9tica e hepatoprotetora auxilia na desintoxica\u00e7\u00e3o natural do corpo.\" \/>\n<meta property=\"og:url\" content=\"https:\/\/www.correiobraziliense.com.br\/cbradar\/a-erva-que-limpa-o-figado-e-tambem-reduz-o-inchaco-de-forma-natural\/\" \/>\n<meta property=\"og:site_name\" content=\"Correio Braziliense - Radar\" \/>\n<meta property=\"article:published_time\" content=\"2025-12-03T12:58:00+00:00\" \/>\n<meta property=\"og:image\" content=\"https:\/\/www.correiobraziliense.com.br\/cbradar\/wp-content\/uploads\/2025\/12\/Dente-Leao-Erva-e1764764549998.png\" \/>\n\t<meta property=\"og:image:width\" content=\"1280\" \/>\n\t<meta property=\"og:image:height\" content=\"714\" \/>\n\t<meta property=\"og:image:type\" content=\"image\/png\" \/>\n<meta name=\"author\" content=\"Larissa Carvalho\" \/>\n<meta name=\"twitter:card\" content=\"summary_large_image\" \/>\n<meta name=\"twitter:label1\" content=\"Escrito por\" \/>\n\t<meta name=\"twitter:data1\" content=\"Larissa Carvalho\" \/>\n\t<meta name=\"twitter:label2\" content=\"Est. tempo de leitura\" \/>\n\t<meta name=\"twitter:data2\" content=\"6 minutos\" \/>\n<!-- \/ Yoast SEO plugin. -->","yoast_head_json":{"title":"A erva que limpa o f\u00edgado e tamb\u00e9m reduz o incha\u00e7o de forma natural","description":"Dente-de-le\u00e3o para drenagem linf\u00e1tica: descubra como essa planta diur\u00e9tica e hepatoprotetora auxilia na desintoxica\u00e7\u00e3o natural do corpo.","robots":{"index":"index","follow":"follow","max-snippet":"max-snippet:-1","max-image-preview":"max-image-preview:large","max-video-preview":"max-video-preview:-1"},"canonical":"https:\/\/www.correiobraziliense.com.br\/cbradar\/a-erva-que-limpa-o-figado-e-tambem-reduz-o-inchaco-de-forma-natural\/","og_locale":"pt_BR","og_type":"article","og_title":"A erva que limpa o f\u00edgado e tamb\u00e9m reduz o incha\u00e7o de forma natural","og_description":"Dente-de-le\u00e3o para drenagem linf\u00e1tica: descubra como essa planta diur\u00e9tica e hepatoprotetora auxilia na desintoxica\u00e7\u00e3o natural do corpo.","og_url":"https:\/\/www.correiobraziliense.com.br\/cbradar\/a-erva-que-limpa-o-figado-e-tambem-reduz-o-inchaco-de-forma-natural\/","og_site_name":"Correio Braziliense - Radar","article_published_time":"2025-12-03T12:58:00+00:00","og_image":[{"width":1280,"height":714,"url":"https:\/\/www.correiobraziliense.com.br\/cbradar\/wp-content\/uploads\/2025\/12\/Dente-Leao-Erva-e1764764549998.png","type":"image\/png"}],"author":"Larissa Carvalho","twitter_card":"summary_large_image","twitter_misc":{"Escrito por":"Larissa Carvalho","Est. tempo de leitura":"6 minutos"},"schema":{"@context":"https:\/\/schema.org","@graph":[{"@type":"WebPage","@id":"https:\/\/www.correiobraziliense.com.br\/cbradar\/a-erva-que-limpa-o-figado-e-tambem-reduz-o-inchaco-de-forma-natural\/","url":"https:\/\/www.correiobraziliense.com.br\/cbradar\/a-erva-que-limpa-o-figado-e-tambem-reduz-o-inchaco-de-forma-natural\/","name":"A erva que limpa o f\u00edgado e tamb\u00e9m reduz o incha\u00e7o de forma natural","isPartOf":{"@id":"https:\/\/www.correiobraziliense.com.br\/cbradar\/#website"},"primaryImageOfPage":{"@id":"https:\/\/www.correiobraziliense.com.br\/cbradar\/a-erva-que-limpa-o-figado-e-tambem-reduz-o-inchaco-de-forma-natural\/#primaryimage"},"image":{"@id":"https:\/\/www.correiobraziliense.com.br\/cbradar\/a-erva-que-limpa-o-figado-e-tambem-reduz-o-inchaco-de-forma-natural\/#primaryimage"},"thumbnailUrl":"https:\/\/www.correiobraziliense.com.br\/cbradar\/wp-content\/uploads\/2025\/12\/Dente-Leao-Erva-e1764764549998.png","datePublished":"2025-12-03T12:58:00+00:00","author":{"@id":"https:\/\/www.correiobraziliense.com.br\/cbradar\/#\/schema\/person\/58422787644df994b53a19d3e56c1513"},"description":"Dente-de-le\u00e3o para drenagem linf\u00e1tica: descubra como essa planta diur\u00e9tica e hepatoprotetora auxilia na desintoxica\u00e7\u00e3o natural do corpo.","breadcrumb":{"@id":"https:\/\/www.correiobraziliense.com.br\/cbradar\/a-erva-que-limpa-o-figado-e-tambem-reduz-o-inchaco-de-forma-natural\/#breadcrumb"},"inLanguage":"pt-BR","potentialAction":[{"@type":"ReadAction","target":["https:\/\/www.correiobraziliense.com.br\/cbradar\/a-erva-que-limpa-o-figado-e-tambem-reduz-o-inchaco-de-forma-natural\/"]}]},{"@type":"ImageObject","inLanguage":"pt-BR","@id":"https:\/\/www.correiobraziliense.com.br\/cbradar\/a-erva-que-limpa-o-figado-e-tambem-reduz-o-inchaco-de-forma-natural\/#primaryimage","url":"https:\/\/www.correiobraziliense.com.br\/cbradar\/wp-content\/uploads\/2025\/12\/Dente-Leao-Erva-e1764764549998.png","contentUrl":"https:\/\/www.correiobraziliense.com.br\/cbradar\/wp-content\/uploads\/2025\/12\/Dente-Leao-Erva-e1764764549998.png","width":1280,"height":714,"caption":"O dente-de-le\u00e3o (Taraxacum officinale) protege f\u00edgado, rins e sistema linf\u00e1tico, ideal para desintoxica\u00e7\u00e3o em jardins urbanos."},{"@type":"BreadcrumbList","@id":"https:\/\/www.correiobraziliense.com.br\/cbradar\/a-erva-que-limpa-o-figado-e-tambem-reduz-o-inchaco-de-forma-natural\/#breadcrumb","itemListElement":[{"@type":"ListItem","position":1,"name":"In\u00edcio","item":"https:\/\/www.correiobraziliense.com.br\/cbradar\/"},{"@type":"ListItem","position":2,"name":"A erva que limpa o f\u00edgado e tamb\u00e9m reduz o incha\u00e7o de forma natural"}]},{"@type":"WebSite","@id":"https:\/\/www.correiobraziliense.com.br\/cbradar\/#website","url":"https:\/\/www.correiobraziliense.com.br\/cbradar\/","name":"Correio Braziliense - Radar","description":"Acompanhe as \u00faltimas not\u00edcias e fique bem informado sobre tudo o que acontece no Brasil e no mundo.","potentialAction":[{"@type":"SearchAction","target":{"@type":"EntryPoint","urlTemplate":"https:\/\/www.correiobraziliense.com.br\/cbradar\/?s={search_term_string}"},"query-input":{"@type":"PropertyValueSpecification","valueRequired":true,"valueName":"search_term_string"}}],"inLanguage":"pt-BR"},{"@type":"Person","@id":"https:\/\/www.correiobraziliense.com.br\/cbradar\/#\/schema\/person\/58422787644df994b53a19d3e56c1513","name":"Larissa Carvalho","image":{"@type":"ImageObject","inLanguage":"pt-BR","@id":"https:\/\/www.correiobraziliense.com.br\/cbradar\/#\/schema\/person\/image\/","url":"https:\/\/secure.gravatar.com\/avatar\/fe4f91a0de32b52a838d0d612abdc1aa?s=96&d=mm&r=g","contentUrl":"https:\/\/secure.gravatar.com\/avatar\/fe4f91a0de32b52a838d0d612abdc1aa?s=96&d=mm&r=g","caption":"Larissa Carvalho"},"url":"https:\/\/www.correiobraziliense.com.br\/cbradar\/author\/larissamyth\/"}]}},"_links":{"self":[{"href":"https:\/\/www.correiobraziliense.com.br\/cbradar\/wp-json\/wp\/v2\/posts\/149357","targetHints":{"allow":["GET"]}}],"collection":[{"href":"https:\/\/www.correiobraziliense.com.br\/cbradar\/wp-json\/wp\/v2\/posts"}],"about":[{"href":"https:\/\/www.correiobraziliense.com.br\/cbradar\/wp-json\/wp\/v2\/types\/post"}],"author":[{"embeddable":true,"href":"https:\/\/www.correiobraziliense.com.br\/cbradar\/wp-json\/wp\/v2\/users\/3"}],"replies":[{"embeddable":true,"href":"https:\/\/www.correiobraziliense.com.br\/cbradar\/wp-json\/wp\/v2\/comments?post=149357"}],"version-history":[{"count":3,"href":"https:\/\/www.correiobraziliense.com.br\/cbradar\/wp-json\/wp\/v2\/posts\/149357\/revisions"}],"predecessor-version":[{"id":149368,"href":"https:\/\/www.correiobraziliense.com.br\/cbradar\/wp-json\/wp\/v2\/posts\/149357\/revisions\/149368"}],"wp:featuredmedia":[{"embeddable":true,"href":"https:\/\/www.correiobraziliense.com.br\/cbradar\/wp-json\/wp\/v2\/media\/149364"}],"wp:attachment":[{"href":"https:\/\/www.correiobraziliense.com.br\/cbradar\/wp-json\/wp\/v2\/media?parent=149357"}],"wp:term":[{"taxonomy":"category","embeddable":true,"href":"https:\/\/www.correiobraziliense.com.br\/cbradar\/wp-json\/wp\/v2\/categories?post=149357"},{"taxonomy":"post_tag","embeddable":true,"href":"https:\/\/www.correiobraziliense.com.br\/cbradar\/wp-json\/wp\/v2\/tags?post=149357"}],"curies":[{"name":"wp","href":"https:\/\/api.w.org\/{rel}","templated":true}]}}