{"id":149394,"date":"2025-12-05T17:05:00","date_gmt":"2025-12-05T20:05:00","guid":{"rendered":"https:\/\/www.correiobraziliense.com.br\/cbradar\/?p=149394"},"modified":"2025-12-03T20:38:10","modified_gmt":"2025-12-03T23:38:10","slug":"o-que-significa-andar-sempre-com-o-celular-na-mao-segundo-a-psicologia","status":"publish","type":"post","link":"https:\/\/www.correiobraziliense.com.br\/cbradar\/o-que-significa-andar-sempre-com-o-celular-na-mao-segundo-a-psicologia\/","title":{"rendered":"O que significa andar sempre com o celular na m\u00e3o, segundo a psicologia"},"content":{"rendered":"\n<p>Carregar o smartphone na m\u00e3o, at\u00e9 mesmo em trajetos curtos, tornou-se um comportamento quase autom\u00e1tico em ambientes urbanos. Esse gesto, aparentemente simples, est\u00e1 cada vez mais associado a padr\u00f5es de ansiedade, necessidade de <strong>hiperconectividade<\/strong> e mudan\u00e7as na forma como a mente organiza a aten\u00e7\u00e3o.<\/p>\n\n\n\n<h2 class=\"wp-block-heading\">Por que o h\u00e1bito de levar o celular na m\u00e3o \u00e9 t\u00e3o comum<\/h2>\n\n\n\n<p>Uma das explica\u00e7\u00f5es mais citadas por especialistas \u00e9 a sensa\u00e7\u00e3o de <strong>seguran\u00e7a psicol\u00f3gica<\/strong> que o smartphone oferece. Ter o aparelho ao alcance imediato pode transmitir a ideia de estar preparado para qualquer contato, emerg\u00eancia ou intera\u00e7\u00e3o social, funcionando como um objeto de conforto em meio ao fluxo intenso da cidade.<\/p>\n\n\n\n<p>Do ponto de vista psicol\u00f3gico, esse comportamento se relaciona a fen\u00f4menos como o <strong>FOMO<\/strong> (medo de perder algo importante) e a <strong>nomofobia<\/strong>, o desconforto diante da possibilidade de ficar sem o telefone. Em 2025, esses quadros s\u00e3o observados tanto em adolescentes quanto em adultos, especialmente entre quem depende do celular para trabalho, estudo ou socializa\u00e7\u00e3o di\u00e1ria.<\/p>\n\n\n\n<p>A discuss\u00e3o ganhou voz nas redes sociais, e o especialista Rafael Gratta, no v\u00eddeo abaixo publicado no seu perfil @rafaelgrattap, explicou sobre a necessidade de sempre chegar o celular:<\/p>\n\n\n\n<blockquote class=\"tiktok-embed\" cite=\"https:\/\/www.tiktok.com\/@rafaelgrattap\/video\/7372178889503821061\" data-video-id=\"7372178889503821061\" style=\"max-width: 605px;min-width: 325px;\" > <section> <a target=\"_blank\" title=\"@rafaelgrattap\" href=\"https:\/\/www.tiktok.com\/@rafaelgrattap?refer=embed\">@rafaelgrattap<\/a> A disponibilidade e recompensa intermitente do celular torna ele um grande \u201csugador\u201d da sua energia e aten\u00e7\u00e3o. N\u00e3o \u00e9 que seja ruim, mas vamos usar as redes sociais de forma consciente e orientada aos nossos objetivos e felicidade. Mais Foco Menos Ansiedade \ud83d\ude4f\ud83c\udffd <a title=\"sa\u00fademental\" target=\"_blank\" href=\"https:\/\/www.tiktok.com\/tag\/sa%C3%BAdemental?refer=embed\">#sa\u00fademental<\/a> <a title=\"ansiedade\" target=\"_blank\" href=\"https:\/\/www.tiktok.com\/tag\/ansiedade?refer=embed\">#ansiedade<\/a> <a title=\"dopamina\" target=\"_blank\" href=\"https:\/\/www.tiktok.com\/tag\/dopamina?refer=embed\">#dopamina<\/a> <a title=\"celular\" target=\"_blank\" href=\"https:\/\/www.tiktok.com\/tag\/celular?refer=embed\">#celular<\/a> <a target=\"_blank\" title=\"\u266c som original - Rafael Gratta\" href=\"https:\/\/www.tiktok.com\/music\/som-original-7372178910421617414?refer=embed\">\u266c som original &#8211; Rafael Gratta<\/a> <\/section> <\/blockquote> <script async src=\"https:\/\/www.tiktok.com\/embed.js\"><\/script>\n\n\n\n<h2 class=\"wp-block-heading\">Como o celular atua como filtro social no dia a dia<\/h2>\n\n\n\n<p>Outro elemento relevante \u00e9 o papel do celular como <strong>filtro social<\/strong>. Em trajetos a p\u00e9, filas ou transportes p\u00fablicos, muitas pessoas mant\u00eam o smartphone na m\u00e3o para evitar contato visual, conversas inesperadas ou situa\u00e7\u00f5es interpretadas como desconfort\u00e1veis, usando a tela como prote\u00e7\u00e3o simb\u00f3lica.<\/p>\n\n\n\n<p>Assim, o aparelho funciona como uma esp\u00e9cie de <strong>\u201cescudo\u201d social<\/strong>, normalizando um tipo de isolamento silencioso em espa\u00e7os compartilhados. Para alguns, isso reduz o estresse de intera\u00e7\u00f5es indesejadas; para outros, pode aumentar a sensa\u00e7\u00e3o de solid\u00e3o e dificultar a constru\u00e7\u00e3o de v\u00ednculos presenciais significativos.<\/p>\n\n\n\n<h2 class=\"wp-block-heading\">Como a hiperconectividade altera a aten\u00e7\u00e3o ao caminhar<\/h2>\n\n\n\n<p>A palavra-chave principal nesse contexto \u00e9 <strong>hiperconectividade<\/strong>, que descreve a conex\u00e3o constante com fluxos digitais de informa\u00e7\u00e3o. Pesquisas em psicologia cognitiva indicam que o consumo cont\u00ednuo de notifica\u00e7\u00f5es, mensagens curtas e conte\u00fados r\u00e1pidos treina o c\u00e9rebro a buscar est\u00edmulos breves e frequentes, reduzindo a toler\u00e2ncia ao t\u00e9dio (Rosen et al., 2013).<\/p>\n\n\n\n<p>Estudos internacionais em comportamento digital mostram uma redu\u00e7\u00e3o significativa na dura\u00e7\u00e3o da <strong>aten\u00e7\u00e3o focada<\/strong>. Em vez de minutos dedicados a uma mesma tarefa, o tempo m\u00e9dio se aproxima de segundos, interrompido por checagens constantes de aplicativos e redes sociais, o que afeta at\u00e9 atividades simples como caminhar e observar o entorno.<\/p>\n\n\n\n<h2 class=\"wp-block-heading\">Principais mudan\u00e7as na aten\u00e7\u00e3o associadas ao uso do smartphone<\/h2>\n\n\n\n<p>Essas transforma\u00e7\u00f5es da aten\u00e7\u00e3o se manifestam em situa\u00e7\u00f5es cotidianas, especialmente quando o celular est\u00e1 sempre \u00e0 m\u00e3o. A mente passa a alternar entre o ambiente f\u00edsico e o digital, criando um estado de alerta cont\u00ednuo que impacta a concentra\u00e7\u00e3o e a percep\u00e7\u00e3o de riscos ao se deslocar pela cidade.<\/p>\n\n\n\n<ul class=\"wp-block-list\">\n<li><strong>Dificuldade em manter foco cont\u00ednuo<\/strong> em atividades simples, como caminhar, conversar ou esperar;<\/li>\n\n\n\n<li><strong>Aumento da multitarefa<\/strong>, alternando rapidamente entre o ambiente f\u00edsico e a tela;<\/li>\n\n\n\n<li><strong>Sensa\u00e7\u00e3o de urg\u00eancia constante<\/strong> diante de alertas sonoros ou visuais;<\/li>\n\n\n\n<li><strong>Queda na percep\u00e7\u00e3o do entorno<\/strong>, com menor aten\u00e7\u00e3o a sinais de tr\u00e2nsito, obst\u00e1culos e outras pessoas.<\/li>\n<\/ul>\n\n\n\n<h2 class=\"wp-block-heading\">De que forma levar o celular na m\u00e3o muda a forma de caminhar<\/h2>\n\n\n\n<p>Pesquisas sobre marcha humana mostram que caminhar com o smartphone na m\u00e3o, especialmente quando est\u00e1 em uso, altera o <strong>ritmo natural do corpo<\/strong>. Estudos com pedestres indicam que, ao digitar mensagens ou consultar aplicativos durante o deslocamento, as pessoas tendem a reduzir a velocidade, encurtar os passos e desviar mais da trajet\u00f3ria prevista.<\/p>\n\n\n\n<p>Mesmo quando o aparelho n\u00e3o est\u00e1 sendo usado ativamente, apenas segur\u00e1-lo j\u00e1 interfere no <strong>balanceio dos bra\u00e7os<\/strong>. Esse movimento contribui para o equil\u00edbrio corporal, para a estabilidade e para a efici\u00eancia da caminhada, de modo que sua restri\u00e7\u00e3o pode modificar a postura, o gasto de energia e o padr\u00e3o de locomo\u00e7\u00e3o em espa\u00e7os urbanos cheios.<\/p>\n\n\n\n<h2 class=\"wp-block-heading\">Quais efeitos na marcha e na seguran\u00e7a dos pedestres<\/h2>\n\n\n\n<p>Alguns efeitos observados em quem anda com o celular na m\u00e3o incluem altera\u00e7\u00f5es na coordena\u00e7\u00e3o motora e aumento de pequenos incidentes di\u00e1rios. Em ambientes movimentados, esse comportamento individual pode se ampliar, afetando o fluxo coletivo de pessoas e a seguran\u00e7a nas travessias.<\/p>\n\n\n\n<ol class=\"wp-block-list\">\n<li><strong>Redu\u00e7\u00e3o da velocidade<\/strong> de marcha, especialmente em vias movimentadas;<\/li>\n\n\n\n<li><strong>Menor oscila\u00e7\u00e3o dos bra\u00e7os<\/strong>, afetando o equil\u00edbrio natural;<\/li>\n\n\n\n<li><strong>Desvios frequentes da rota<\/strong>, com zigue-zagues ou paradas bruscas;<\/li>\n\n\n\n<li><strong>Aumento de riscos<\/strong> de esbarr\u00f5es, trope\u00e7os e distra\u00e7\u00f5es perto de cruzamentos.<\/li>\n<\/ol>\n\n\n\n<h2 class=\"wp-block-heading\">Qual \u00e9 a rela\u00e7\u00e3o entre ansiedade depend\u00eancia e uso constante do smartphone<\/h2>\n\n\n\n<p>Manter o celular permanentemente \u00e0 vista costuma estar associado a um <strong>v\u00ednculo emocional intenso<\/strong> com o dispositivo. Pesquisas recentes com jovens adultos identificam correla\u00e7\u00e3o entre uso intensivo, altos n\u00edveis de nomofobia e sintomas de ansiedade, como inquieta\u00e7\u00e3o, dificuldade de relaxar e necessidade de checar o aparelho repetidas vezes ao dia.<\/p>\n\n\n\n<p>A depend\u00eancia tecnol\u00f3gica n\u00e3o se resume ao tempo de tela, mas \u00e0 fun\u00e7\u00e3o que o smartphone cumpre na <strong>regula\u00e7\u00e3o do humor<\/strong> e da sensa\u00e7\u00e3o de controle. Para muitas pessoas, o aparelho funciona como uma \u201c\u00e2ncora\u201d de previsibilidade em meio a rotinas aceleradas, o que pode dificultar momentos de descanso, prejudicar o sono e fragmentar conversas presenciais.<\/p>\n\n\n\n<figure class=\"wp-block-image size-large\"><img decoding=\"async\" width=\"1024\" height=\"572\" src=\"https:\/\/www.correiobraziliense.com.br\/cbradar\/wp-content\/uploads\/2025\/12\/Celular-Psicologia-1024x572.png\" alt=\"O que significa andar sempre com o celular na m\u00e3o, segundo a psicologia\" class=\"wp-image-149396\"\/><figcaption class=\"wp-element-caption\">Carregar o smartphone na m\u00e3o virou h\u00e1bito ligado \u00e0 ansiedade e hiperconectividade nas cidades urbanas.<\/figcaption><\/figure>\n\n\n\n<h2 class=\"wp-block-heading\">Como o estado de alerta digital afeta o bem-estar mental<\/h2>\n\n\n\n<p>Relat\u00f3rios recentes em sa\u00fade mental destacam que a hiperconectividade pode manter o c\u00e9rebro em <strong>estado de alerta prolongado<\/strong>. A expectativa de novas mensagens, chamadas ou atualiza\u00e7\u00f5es reduz as oportunidades de pausa mental, mantendo a mente sempre parcialmente ligada ao fluxo digital.<\/p>\n\n\n\n<p>Essa vigil\u00e2ncia constante interfere na percep\u00e7\u00e3o de tempo livre, na capacidade de relaxamento profundo e na qualidade das intera\u00e7\u00f5es face a face. Com menos intervalos de sil\u00eancio e introspec\u00e7\u00e3o, torna-se mais dif\u00edcil reconhecer sinais de cansa\u00e7o, ansiedade e sobrecarga associados ao uso cont\u00ednuo do smartphone.<\/p>\n\n\n\n<h2 class=\"wp-block-heading\">Como incentivar um uso mais consciente do celular ao caminhar<\/h2>\n\n\n\n<p>Especialistas em comportamento digital sugerem estrat\u00e9gias simples para diminuir a depend\u00eancia sem abandonar os benef\u00edcios do smartphone. O foco principal \u00e9 recuperar espa\u00e7os de <strong>aten\u00e7\u00e3o plena<\/strong> no dia a dia, especialmente em atividades rotineiras, como caminhar at\u00e9 o trabalho, ir ao mercado ou circular pela cidade.<\/p>\n\n\n\n<p>Entre as medidas mais mencionadas est\u00e3o a\u00e7\u00f5es pr\u00e1ticas que ajudam a criar novas rotinas com o aparelho. Essas escolhas n\u00e3o exigem abandono total da tecnologia, mas prop\u00f5em um uso mais intencional e alinhado \u00e0 sa\u00fade f\u00edsica e mental.<\/p>\n\n\n\n<ul class=\"wp-block-list\">\n<li><strong>Guardar o celular<\/strong> no bolso ou na bolsa durante trajetos curtos, evitando segur\u00e1-lo sem necessidade;<\/li>\n\n\n\n<li><strong>Revisar notifica\u00e7\u00f5es<\/strong> e manter ativas apenas as realmente importantes, reduzindo interrup\u00e7\u00f5es constantes;<\/li>\n\n\n\n<li><strong>Estabelecer momentos sem tela<\/strong> em passeios, refei\u00e7\u00f5es, encontros ou pausas no trabalho;<\/li>\n\n\n\n<li><strong>Praticar caminhadas conscientes<\/strong>, observando paisagens, sons, respira\u00e7\u00e3o e postura corporal.<\/li>\n<\/ul>\n\n\n\n<h2 class=\"wp-block-heading\">Como criar novos h\u00e1bitos e equilibrar tecnologia e presen\u00e7a<\/h2>\n\n\n\n<p>Algumas pessoas tamb\u00e9m adotam pequenos acordos pessoais, como checar o celular somente em pontos espec\u00edficos do trajeto ou ap\u00f3s determinados intervalos de tempo. Outros preferem usar recursos do pr\u00f3prio sistema operacional, como relat\u00f3rios semanais de uso, modos de concentra\u00e7\u00e3o e limites de tempo para aplicativos mais consumidos.<\/p>\n\n\n\n<p>Ao longo do tempo, essas pr\u00e1ticas podem contribuir para uma rela\u00e7\u00e3o mais <strong>equilibrada com a tecnologia<\/strong>. Caminhar sem o smartphone na m\u00e3o deixa de ser um gesto incomum e volta a ser um momento simples de contato com o ambiente, com o pr\u00f3prio corpo e com o ritmo real da cidade, fortalecendo a sensa\u00e7\u00e3o de presen\u00e7a e autonomia.<\/p>\n\n\n\n<h2 class=\"wp-block-heading\">Refer\u00eancias bibliogr\u00e1ficas<\/h2>\n\n\n\n<ul class=\"wp-block-list\">\n<li>ROSEN, L. D.; LIM, A.; CARRIER, L.; CHEEVER, N. <em>An empirical examination of the influences of media multitasking on attention and task performance.<\/em> Computers in Human Behavior, v. 29, p. 159\u2013168, 2013.<\/li>\n\n\n\n<li><\/li>\n<\/ul>\n","protected":false},"excerpt":{"rendered":"<p>Caminhar com o celular na m\u00e3o revela ansiedade, hiperconectividade e depend\u00eancia tecnol\u00f3gica, afetando a aten\u00e7\u00e3o, a caminhada e o bem-estar di\u00e1rio.<\/p>\n","protected":false},"author":3,"featured_media":149553,"comment_status":"open","ping_status":"open","sticky":false,"template":"","format":"standard","meta":{"_yoast_wpseo_focuskw":"andar celular m\u00e3o psicologia","_yoast_wpseo_title":"%%title%%","_yoast_wpseo_metadesc":"Caminhar com o celular na m\u00e3o revela ansiedade, hiperconectividade e depend\u00eancia tecnol\u00f3gica, afetando a aten\u00e7\u00e3o, a caminhada e o bem-estar di\u00e1rio.","jnews-multi-image_gallery":[],"jnews_single_post":{"format":"standard"},"jnews_primary_category":[],"jnews_social_meta":[],"jnews_override_counter":[],"footnotes":""},"categories":[112],"tags":[9990,322,144,404,551],"class_list":["post-149394","post","type-post","status-publish","format-standard","has-post-thumbnail","hentry","category-curiosidades","tag-aparelhos","tag-celular","tag-curiosidades","tag-psicologia","tag-smartphone"],"yoast_head":"<!-- This site is optimized with the Yoast SEO plugin v24.6 - https:\/\/yoast.com\/wordpress\/plugins\/seo\/ -->\n<title>O que significa andar sempre com o celular na m\u00e3o, segundo a psicologia<\/title>\n<meta name=\"description\" content=\"Caminhar com o celular na m\u00e3o revela ansiedade, hiperconectividade e depend\u00eancia tecnol\u00f3gica, afetando a aten\u00e7\u00e3o, a caminhada e o bem-estar di\u00e1rio.\" \/>\n<meta name=\"robots\" content=\"index, follow, max-snippet:-1, max-image-preview:large, max-video-preview:-1\" \/>\n<link rel=\"canonical\" href=\"https:\/\/www.correiobraziliense.com.br\/cbradar\/o-que-significa-andar-sempre-com-o-celular-na-mao-segundo-a-psicologia\/\" \/>\n<meta property=\"og:locale\" content=\"pt_BR\" \/>\n<meta property=\"og:type\" content=\"article\" \/>\n<meta property=\"og:title\" content=\"O que significa andar sempre com o celular na m\u00e3o, segundo a psicologia\" \/>\n<meta property=\"og:description\" content=\"Caminhar com o celular na m\u00e3o revela ansiedade, hiperconectividade e depend\u00eancia tecnol\u00f3gica, afetando a aten\u00e7\u00e3o, a caminhada e o bem-estar di\u00e1rio.\" \/>\n<meta property=\"og:url\" content=\"https:\/\/www.correiobraziliense.com.br\/cbradar\/o-que-significa-andar-sempre-com-o-celular-na-mao-segundo-a-psicologia\/\" \/>\n<meta property=\"og:site_name\" content=\"Correio Braziliense - Radar\" \/>\n<meta property=\"article:published_time\" content=\"2025-12-05T20:05:00+00:00\" \/>\n<meta property=\"og:image\" content=\"https:\/\/www.correiobraziliense.com.br\/cbradar\/wp-content\/uploads\/2025\/12\/freepik__faa-uma-imagem-realista-de-uma-pessoa-brasileira-a__53323.png\" \/>\n\t<meta property=\"og:image:width\" content=\"1280\" \/>\n\t<meta property=\"og:image:height\" content=\"720\" \/>\n\t<meta property=\"og:image:type\" content=\"image\/png\" \/>\n<meta name=\"author\" content=\"Larissa Carvalho\" \/>\n<meta name=\"twitter:card\" content=\"summary_large_image\" \/>\n<meta name=\"twitter:label1\" content=\"Escrito por\" \/>\n\t<meta name=\"twitter:data1\" content=\"Larissa Carvalho\" \/>\n\t<meta name=\"twitter:label2\" content=\"Est. tempo de leitura\" \/>\n\t<meta name=\"twitter:data2\" content=\"8 minutos\" \/>\n<!-- \/ Yoast SEO plugin. -->","yoast_head_json":{"title":"O que significa andar sempre com o celular na m\u00e3o, segundo a psicologia","description":"Caminhar com o celular na m\u00e3o revela ansiedade, hiperconectividade e depend\u00eancia tecnol\u00f3gica, afetando a aten\u00e7\u00e3o, a caminhada e o bem-estar di\u00e1rio.","robots":{"index":"index","follow":"follow","max-snippet":"max-snippet:-1","max-image-preview":"max-image-preview:large","max-video-preview":"max-video-preview:-1"},"canonical":"https:\/\/www.correiobraziliense.com.br\/cbradar\/o-que-significa-andar-sempre-com-o-celular-na-mao-segundo-a-psicologia\/","og_locale":"pt_BR","og_type":"article","og_title":"O que significa andar sempre com o celular na m\u00e3o, segundo a psicologia","og_description":"Caminhar com o celular na m\u00e3o revela ansiedade, hiperconectividade e depend\u00eancia tecnol\u00f3gica, afetando a aten\u00e7\u00e3o, a caminhada e o bem-estar di\u00e1rio.","og_url":"https:\/\/www.correiobraziliense.com.br\/cbradar\/o-que-significa-andar-sempre-com-o-celular-na-mao-segundo-a-psicologia\/","og_site_name":"Correio Braziliense - Radar","article_published_time":"2025-12-05T20:05:00+00:00","og_image":[{"width":1280,"height":720,"url":"https:\/\/www.correiobraziliense.com.br\/cbradar\/wp-content\/uploads\/2025\/12\/freepik__faa-uma-imagem-realista-de-uma-pessoa-brasileira-a__53323.png","type":"image\/png"}],"author":"Larissa Carvalho","twitter_card":"summary_large_image","twitter_misc":{"Escrito por":"Larissa Carvalho","Est. tempo de leitura":"8 minutos"},"schema":{"@context":"https:\/\/schema.org","@graph":[{"@type":"WebPage","@id":"https:\/\/www.correiobraziliense.com.br\/cbradar\/o-que-significa-andar-sempre-com-o-celular-na-mao-segundo-a-psicologia\/","url":"https:\/\/www.correiobraziliense.com.br\/cbradar\/o-que-significa-andar-sempre-com-o-celular-na-mao-segundo-a-psicologia\/","name":"O que significa andar sempre com o celular na m\u00e3o, segundo a psicologia","isPartOf":{"@id":"https:\/\/www.correiobraziliense.com.br\/cbradar\/#website"},"primaryImageOfPage":{"@id":"https:\/\/www.correiobraziliense.com.br\/cbradar\/o-que-significa-andar-sempre-com-o-celular-na-mao-segundo-a-psicologia\/#primaryimage"},"image":{"@id":"https:\/\/www.correiobraziliense.com.br\/cbradar\/o-que-significa-andar-sempre-com-o-celular-na-mao-segundo-a-psicologia\/#primaryimage"},"thumbnailUrl":"https:\/\/www.correiobraziliense.com.br\/cbradar\/wp-content\/uploads\/2025\/12\/freepik__faa-uma-imagem-realista-de-uma-pessoa-brasileira-a__53323.png","datePublished":"2025-12-05T20:05:00+00:00","author":{"@id":"https:\/\/www.correiobraziliense.com.br\/cbradar\/#\/schema\/person\/58422787644df994b53a19d3e56c1513"},"description":"Caminhar com o celular na m\u00e3o revela ansiedade, hiperconectividade e depend\u00eancia tecnol\u00f3gica, afetando a aten\u00e7\u00e3o, a caminhada e o bem-estar di\u00e1rio.","breadcrumb":{"@id":"https:\/\/www.correiobraziliense.com.br\/cbradar\/o-que-significa-andar-sempre-com-o-celular-na-mao-segundo-a-psicologia\/#breadcrumb"},"inLanguage":"pt-BR","potentialAction":[{"@type":"ReadAction","target":["https:\/\/www.correiobraziliense.com.br\/cbradar\/o-que-significa-andar-sempre-com-o-celular-na-mao-segundo-a-psicologia\/"]}]},{"@type":"ImageObject","inLanguage":"pt-BR","@id":"https:\/\/www.correiobraziliense.com.br\/cbradar\/o-que-significa-andar-sempre-com-o-celular-na-mao-segundo-a-psicologia\/#primaryimage","url":"https:\/\/www.correiobraziliense.com.br\/cbradar\/wp-content\/uploads\/2025\/12\/freepik__faa-uma-imagem-realista-de-uma-pessoa-brasileira-a__53323.png","contentUrl":"https:\/\/www.correiobraziliense.com.br\/cbradar\/wp-content\/uploads\/2025\/12\/freepik__faa-uma-imagem-realista-de-uma-pessoa-brasileira-a__53323.png","width":1280,"height":720,"caption":"H\u00e1bito urbano que reflete a necessidade constante de conex\u00e3o"},{"@type":"BreadcrumbList","@id":"https:\/\/www.correiobraziliense.com.br\/cbradar\/o-que-significa-andar-sempre-com-o-celular-na-mao-segundo-a-psicologia\/#breadcrumb","itemListElement":[{"@type":"ListItem","position":1,"name":"In\u00edcio","item":"https:\/\/www.correiobraziliense.com.br\/cbradar\/"},{"@type":"ListItem","position":2,"name":"O que significa andar sempre com o celular na m\u00e3o, segundo a psicologia"}]},{"@type":"WebSite","@id":"https:\/\/www.correiobraziliense.com.br\/cbradar\/#website","url":"https:\/\/www.correiobraziliense.com.br\/cbradar\/","name":"Correio Braziliense - Radar","description":"Acompanhe as \u00faltimas not\u00edcias e fique bem informado sobre tudo o que acontece no Brasil e no mundo.","potentialAction":[{"@type":"SearchAction","target":{"@type":"EntryPoint","urlTemplate":"https:\/\/www.correiobraziliense.com.br\/cbradar\/?s={search_term_string}"},"query-input":{"@type":"PropertyValueSpecification","valueRequired":true,"valueName":"search_term_string"}}],"inLanguage":"pt-BR"},{"@type":"Person","@id":"https:\/\/www.correiobraziliense.com.br\/cbradar\/#\/schema\/person\/58422787644df994b53a19d3e56c1513","name":"Larissa Carvalho","image":{"@type":"ImageObject","inLanguage":"pt-BR","@id":"https:\/\/www.correiobraziliense.com.br\/cbradar\/#\/schema\/person\/image\/","url":"https:\/\/secure.gravatar.com\/avatar\/fe4f91a0de32b52a838d0d612abdc1aa?s=96&d=mm&r=g","contentUrl":"https:\/\/secure.gravatar.com\/avatar\/fe4f91a0de32b52a838d0d612abdc1aa?s=96&d=mm&r=g","caption":"Larissa Carvalho"},"url":"https:\/\/www.correiobraziliense.com.br\/cbradar\/author\/larissamyth\/"}]}},"_links":{"self":[{"href":"https:\/\/www.correiobraziliense.com.br\/cbradar\/wp-json\/wp\/v2\/posts\/149394","targetHints":{"allow":["GET"]}}],"collection":[{"href":"https:\/\/www.correiobraziliense.com.br\/cbradar\/wp-json\/wp\/v2\/posts"}],"about":[{"href":"https:\/\/www.correiobraziliense.com.br\/cbradar\/wp-json\/wp\/v2\/types\/post"}],"author":[{"embeddable":true,"href":"https:\/\/www.correiobraziliense.com.br\/cbradar\/wp-json\/wp\/v2\/users\/3"}],"replies":[{"embeddable":true,"href":"https:\/\/www.correiobraziliense.com.br\/cbradar\/wp-json\/wp\/v2\/comments?post=149394"}],"version-history":[{"count":3,"href":"https:\/\/www.correiobraziliense.com.br\/cbradar\/wp-json\/wp\/v2\/posts\/149394\/revisions"}],"predecessor-version":[{"id":149644,"href":"https:\/\/www.correiobraziliense.com.br\/cbradar\/wp-json\/wp\/v2\/posts\/149394\/revisions\/149644"}],"wp:featuredmedia":[{"embeddable":true,"href":"https:\/\/www.correiobraziliense.com.br\/cbradar\/wp-json\/wp\/v2\/media\/149553"}],"wp:attachment":[{"href":"https:\/\/www.correiobraziliense.com.br\/cbradar\/wp-json\/wp\/v2\/media?parent=149394"}],"wp:term":[{"taxonomy":"category","embeddable":true,"href":"https:\/\/www.correiobraziliense.com.br\/cbradar\/wp-json\/wp\/v2\/categories?post=149394"},{"taxonomy":"post_tag","embeddable":true,"href":"https:\/\/www.correiobraziliense.com.br\/cbradar\/wp-json\/wp\/v2\/tags?post=149394"}],"curies":[{"name":"wp","href":"https:\/\/api.w.org\/{rel}","templated":true}]}}