{"id":149436,"date":"2025-12-04T06:45:00","date_gmt":"2025-12-04T09:45:00","guid":{"rendered":"https:\/\/www.correiobraziliense.com.br\/cbradar\/?p=149436"},"modified":"2025-12-03T14:03:40","modified_gmt":"2025-12-03T17:03:40","slug":"aurora-voltou-aos-cartorios-em-2025-e-carrega-um-significado-que-surpreende-e-emociona","status":"publish","type":"post","link":"https:\/\/www.correiobraziliense.com.br\/cbradar\/aurora-voltou-aos-cartorios-em-2025-e-carrega-um-significado-que-surpreende-e-emociona\/","title":{"rendered":"Aurora voltou aos cart\u00f3rios em 2025 e carrega um significado que surpreende e emociona"},"content":{"rendered":"\n<p>O nome <strong>Aurora<\/strong> <a href=\"https:\/\/www.correiobraziliense.com.br\/cbradar\/o-nome-feminino-mais-usado-da-historia-continua-enc\" target=\"_blank\" rel=\"noreferrer noopener\">ganhou for\u00e7a nos cart\u00f3rios brasileiros <\/a>em 2025. Com sonoridade suave e forte apelo simb\u00f3lico, ele se tornou uma escolha comum entre fam\u00edlias que buscam nomes associados \u00e0 luz, renova\u00e7\u00e3o e significados positivos. A tend\u00eancia acompanha o crescimento de nomes ligados \u00e0 natureza e a elementos que remetem a equil\u00edbrio e esperan\u00e7a.<\/p>\n\n\n\n<h2 class=\"wp-block-heading\">Origem do nome Aurora<\/h2>\n\n\n\n<p>Aurora tem origem no latim <em>aurora<\/em>, que significa literalmente \u201camanhecer\u201d. Na mitologia romana, Aurora era a deusa que anunciava o nascer do sol, representando o in\u00edcio de um novo ciclo. Por esse motivo, o nome carrega uma longa tradi\u00e7\u00e3o de simbolismos ligados \u00e0 vitalidade, clareza e recome\u00e7o.<\/p>\n\n\n\n<figure class=\"wp-block-image size-large\"><img decoding=\"async\" width=\"1024\" height=\"576\" src=\"https:\/\/www.correiobraziliense.com.br\/cbradar\/wp-content\/uploads\/2025\/12\/baby-girl_1764719737758-1024x576.jpg\" alt=\"Aurora voltou aos cart\u00f3rios em 2025 e carrega um significado que surpreende e emociona\" class=\"wp-image-149052\" srcset=\"https:\/\/www.correiobraziliense.com.br\/cbradar\/wp-content\/uploads\/2025\/12\/baby-girl_1764719737758-1024x576.jpg 1024w, https:\/\/www.correiobraziliense.com.br\/cbradar\/wp-content\/uploads\/2025\/12\/baby-girl_1764719737758-300x169.jpg 300w, https:\/\/www.correiobraziliense.com.br\/cbradar\/wp-content\/uploads\/2025\/12\/baby-girl_1764719737758-768x432.jpg 768w, https:\/\/www.correiobraziliense.com.br\/cbradar\/wp-content\/uploads\/2025\/12\/baby-girl_1764719737758-750x422.jpg 750w, https:\/\/www.correiobraziliense.com.br\/cbradar\/wp-content\/uploads\/2025\/12\/baby-girl_1764719737758-1140x641.jpg 1140w, https:\/\/www.correiobraziliense.com.br\/cbradar\/wp-content\/uploads\/2025\/12\/baby-girl_1764719737758.jpg 1280w\" sizes=\"(max-width: 1024px) 100vw, 1024px\" \/><figcaption class=\"wp-element-caption\">Aurora tem origem no latim aurora, que significa literalmente \u201camanhecer\u201d &#8211; Cr\u00e9ditos: depositphotos.com \/ oksanka_2<\/figcaption><\/figure>\n\n\n\n<h2 class=\"wp-block-heading\">Significado do nome Aurora<\/h2>\n\n\n\n<p>O significado central \u00e9 <strong>\u201co nascer do sol\u201d<\/strong> ou <strong>\u201ca chegada da luz\u201d<\/strong>. Em interpreta\u00e7\u00f5es modernas, Aurora tamb\u00e9m \u00e9 associado a esperan\u00e7a, criatividade e renova\u00e7\u00e3o emocional. Muitas fam\u00edlias escolhem o nome por enxerg\u00e1-lo como uma met\u00e1fora de novos come\u00e7os, algo que dialoga com o cen\u00e1rio atual de 2025, marcado por mudan\u00e7as sociais e busca por estabilidade.<\/p>\n\n\n\n<p>Abaixo, um v\u00eddeo por <strong>nomesesiginificados <\/strong>no TikTok:<\/p>\n\n\n\n<figure class=\"wp-block-embed is-type-video is-provider-tiktok wp-block-embed-tiktok\"><div class=\"wp-block-embed__wrapper\">\n<blockquote class=\"tiktok-embed\" cite=\"https:\/\/www.tiktok.com\/@nomesesiginificados\/video\/7389781555197005061\" data-video-id=\"7389781555197005061\" data-embed-from=\"oembed\" style=\"max-width:605px; min-width:325px;\"> <section> <a target=\"_blank\" title=\"@nomesesiginificados\" href=\"https:\/\/www.tiktok.com\/@nomesesiginificados?refer=embed\">@nomesesiginificados<\/a> <p>A responder a @orionevaleska <a title=\"nomedemenina\" target=\"_blank\" href=\"https:\/\/www.tiktok.com\/tag\/nomedemenina?refer=embed\">#nomedemenina<\/a> <a title=\"mamaehija\" target=\"_blank\" href=\"https:\/\/www.tiktok.com\/tag\/mamaehija?refer=embed\">#mamaehija<\/a> <a title=\"bebes\" target=\"_blank\" href=\"https:\/\/www.tiktok.com\/tag\/bebes?refer=embed\">#bebes<\/a> <a title=\"fyp\u30b7\" target=\"_blank\" href=\"https:\/\/www.tiktok.com\/tag\/fyp%E3%82%B7?refer=embed\">#fyp\u30b7<\/a> <a title=\"bebeemamae\" target=\"_blank\" href=\"https:\/\/www.tiktok.com\/tag\/bebeemamae?refer=embed\">#bebeemamae<\/a> <a title=\"fofura\" target=\"_blank\" href=\"https:\/\/www.tiktok.com\/tag\/fofura?refer=embed\">#fofura<\/a> <a title=\"maternidadereal\" target=\"_blank\" href=\"https:\/\/www.tiktok.com\/tag\/maternidadereal?refer=embed\">#maternidadereal<\/a> <a title=\"fofura\" target=\"_blank\" href=\"https:\/\/www.tiktok.com\/tag\/fofura?refer=embed\">#fofura<\/a> <a title=\"mamaedeprimeiraviagem\" target=\"_blank\" href=\"https:\/\/www.tiktok.com\/tag\/mamaedeprimeiraviagem?refer=embed\">#mamaedeprimeiraviagem<\/a> <\/p> <a target=\"_blank\" title=\"\u266c som original - R\u00e1dio ansiedade (mpb)\" href=\"https:\/\/www.tiktok.com\/music\/som-original-7198149929959738117?refer=embed\">\u266c som original &#8211; R\u00e1dio ansiedade (mpb)<\/a> <\/section> <\/blockquote> <script async src=\"https:\/\/www.tiktok.com\/embed.js\"><\/script>\n<\/div><\/figure>\n\n\n\n<h2 class=\"wp-block-heading\">Por que Aurora voltou a ser tend\u00eancia em 2025<\/h2>\n\n\n\n<p>A popularidade atual tem rela\u00e7\u00e3o com tr\u00eas movimentos: a prefer\u00eancia por nomes curtos ou com sonoridade suave, o interesse crescente por significados ligados \u00e0 natureza e a presen\u00e7a do nome em obras liter\u00e1rias e refer\u00eancias culturais recentes. Esses fatores ajudaram Aurora a se manter relevante sem se tornar um nome considerado \u201cda moda\u201d ou passageiro.<\/p>\n\n\n\n<figure class=\"wp-block-image size-large\"><img decoding=\"async\" width=\"1024\" height=\"576\" src=\"https:\/\/www.correiobraziliense.com.br\/cbradar\/wp-content\/uploads\/2025\/12\/baby_1764696459637-1024x576.jpg\" alt=\"Aurora voltou aos cart\u00f3rios em 2025 e carrega um significado que surpreende e emociona\" class=\"wp-image-148818\" srcset=\"https:\/\/www.correiobraziliense.com.br\/cbradar\/wp-content\/uploads\/2025\/12\/baby_1764696459637-1024x576.jpg 1024w, https:\/\/www.correiobraziliense.com.br\/cbradar\/wp-content\/uploads\/2025\/12\/baby_1764696459637-300x169.jpg 300w, https:\/\/www.correiobraziliense.com.br\/cbradar\/wp-content\/uploads\/2025\/12\/baby_1764696459637-768x432.jpg 768w, https:\/\/www.correiobraziliense.com.br\/cbradar\/wp-content\/uploads\/2025\/12\/baby_1764696459637-750x422.jpg 750w, https:\/\/www.correiobraziliense.com.br\/cbradar\/wp-content\/uploads\/2025\/12\/baby_1764696459637-1140x641.jpg 1140w, https:\/\/www.correiobraziliense.com.br\/cbradar\/wp-content\/uploads\/2025\/12\/baby_1764696459637.jpg 1280w\" sizes=\"(max-width: 1024px) 100vw, 1024px\" \/><figcaption class=\"wp-element-caption\">Em interpreta\u00e7\u00f5es modernas, Aurora tamb\u00e9m \u00e9 associado a esperan\u00e7a, criatividade e renova\u00e7\u00e3o emocional &#8211; Cr\u00e9ditos: depositphotos.com \/ LenaMiloslavskaya<\/figcaption><\/figure>\n\n\n\n<h2 class=\"wp-block-heading\">Como o nome \u00e9 percebido hoje<\/h2>\n\n\n\n<p>Em 2025, Aurora \u00e9 visto como um nome delicado, po\u00e9tico e sofisticado. Ele se adapta bem a diferentes perfis e combina\u00e7\u00f5es de sobrenome, mantendo uma identidade marcante. Para especialistas em linguagem, sua popularidade est\u00e1 ligada ao desejo das fam\u00edlias de marcar os filhos com significados positivos, luminosos e atemporais.<\/p>\n","protected":false},"excerpt":{"rendered":"<p>O nome Aurora ganhou for\u00e7a nos cart\u00f3rios brasileiros em 2025. Com sonoridade suave e forte apelo simb\u00f3lico, ele se tornou uma escolha comum entre fam\u00edlias que buscam nomes associados \u00e0 luz, renova\u00e7\u00e3o e significados positivos. A tend\u00eancia acompanha o crescimento de nomes ligados \u00e0 natureza e a elementos que remetem a equil\u00edbrio e esperan\u00e7a. Origem [&hellip;]<\/p>\n","protected":false},"author":18,"featured_media":149440,"comment_status":"open","ping_status":"open","sticky":false,"template":"","format":"standard","meta":{"_yoast_wpseo_focuskw":"significado do nome Aurora","_yoast_wpseo_title":"","_yoast_wpseo_metadesc":"Em 2025, Aurora segue entre os nomes mais registrados no Brasil por seu significado ligado \u00e0 luz e renova\u00e7\u00e3o.","jnews-multi-image_gallery":[],"jnews_single_post":{"format":"standard"},"jnews_primary_category":[],"jnews_social_meta":[],"jnews_override_counter":[],"footnotes":""},"categories":[112],"post_tag":[12251,127,4243,5812],"class_list":["post-149436","post","type-post","status-publish","format-standard","has-post-thumbnail","hentry","category-curiosidades","tag-aurora","tag-dicas","tag-origem","tag-significado"],"yoast_head":"<!-- This site is optimized with the Yoast SEO plugin v24.6 - https:\/\/yoast.com\/wordpress\/plugins\/seo\/ -->\n<title>Aurora voltou aos cart\u00f3rios em 2025 e carrega um significado que surpreende e emociona - Correio Braziliense - Radar<\/title>\n<meta name=\"description\" content=\"Em 2025, Aurora segue entre os nomes mais registrados no Brasil por seu significado ligado \u00e0 luz e renova\u00e7\u00e3o.\" \/>\n<meta name=\"robots\" content=\"index, follow, max-snippet:-1, max-image-preview:large, max-video-preview:-1\" \/>\n<link rel=\"canonical\" href=\"https:\/\/www.correiobraziliense.com.br\/cbradar\/aurora-voltou-aos-cartorios-em-2025-e-carrega-um-significado-que-surpreende-e-emociona\/\" \/>\n<meta property=\"og:locale\" content=\"pt_BR\" \/>\n<meta property=\"og:type\" content=\"article\" \/>\n<meta property=\"og:title\" content=\"Aurora voltou aos cart\u00f3rios em 2025 e carrega um significado que surpreende e emociona - Correio Braziliense - Radar\" \/>\n<meta property=\"og:description\" content=\"Em 2025, Aurora segue entre os nomes mais registrados no Brasil por seu significado ligado \u00e0 luz e renova\u00e7\u00e3o.\" \/>\n<meta property=\"og:url\" content=\"https:\/\/www.correiobraziliense.com.br\/cbradar\/aurora-voltou-aos-cartorios-em-2025-e-carrega-um-significado-que-surpreende-e-emociona\/\" \/>\n<meta property=\"og:site_name\" content=\"Correio Braziliense - Radar\" \/>\n<meta property=\"article:published_time\" content=\"2025-12-04T09:45:00+00:00\" \/>\n<meta property=\"og:image\" content=\"https:\/\/www.correiobraziliense.com.br\/cbradar\/wp-content\/uploads\/2025\/12\/baby-girl_1764781185126.jpg\" \/>\n\t<meta property=\"og:image:width\" content=\"1280\" \/>\n\t<meta property=\"og:image:height\" content=\"720\" \/>\n\t<meta property=\"og:image:type\" content=\"image\/jpeg\" \/>\n<meta name=\"author\" content=\"Maria Eduarda Pacheco\" \/>\n<meta name=\"twitter:card\" content=\"summary_large_image\" \/>\n<meta name=\"twitter:label1\" content=\"Escrito por\" \/>\n\t<meta name=\"twitter:data1\" content=\"Maria Eduarda Pacheco\" \/>\n\t<meta name=\"twitter:label2\" content=\"Est. tempo de leitura\" \/>\n\t<meta name=\"twitter:data2\" content=\"3 minutos\" \/>\n<!-- \/ Yoast SEO plugin. -->","yoast_head_json":{"title":"Aurora voltou aos cart\u00f3rios em 2025 e carrega um significado que surpreende e emociona - Correio Braziliense - Radar","description":"Em 2025, Aurora segue entre os nomes mais registrados no Brasil por seu significado ligado \u00e0 luz e renova\u00e7\u00e3o.","robots":{"index":"index","follow":"follow","max-snippet":"max-snippet:-1","max-image-preview":"max-image-preview:large","max-video-preview":"max-video-preview:-1"},"canonical":"https:\/\/www.correiobraziliense.com.br\/cbradar\/aurora-voltou-aos-cartorios-em-2025-e-carrega-um-significado-que-surpreende-e-emociona\/","og_locale":"pt_BR","og_type":"article","og_title":"Aurora voltou aos cart\u00f3rios em 2025 e carrega um significado que surpreende e emociona - Correio Braziliense - Radar","og_description":"Em 2025, Aurora segue entre os nomes mais registrados no Brasil por seu significado ligado \u00e0 luz e renova\u00e7\u00e3o.","og_url":"https:\/\/www.correiobraziliense.com.br\/cbradar\/aurora-voltou-aos-cartorios-em-2025-e-carrega-um-significado-que-surpreende-e-emociona\/","og_site_name":"Correio Braziliense - Radar","article_published_time":"2025-12-04T09:45:00+00:00","og_image":[{"width":1280,"height":720,"url":"https:\/\/www.correiobraziliense.com.br\/cbradar\/wp-content\/uploads\/2025\/12\/baby-girl_1764781185126.jpg","type":"image\/jpeg"}],"author":"Maria Eduarda Pacheco","twitter_card":"summary_large_image","twitter_misc":{"Escrito por":"Maria Eduarda Pacheco","Est. tempo de leitura":"3 minutos"},"schema":{"@context":"https:\/\/schema.org","@graph":[{"@type":"WebPage","@id":"https:\/\/www.correiobraziliense.com.br\/cbradar\/aurora-voltou-aos-cartorios-em-2025-e-carrega-um-significado-que-surpreende-e-emociona\/","url":"https:\/\/www.correiobraziliense.com.br\/cbradar\/aurora-voltou-aos-cartorios-em-2025-e-carrega-um-significado-que-surpreende-e-emociona\/","name":"Aurora voltou aos cart\u00f3rios em 2025 e carrega um significado que surpreende e emociona - Correio Braziliense - Radar","isPartOf":{"@id":"https:\/\/www.correiobraziliense.com.br\/cbradar\/#website"},"primaryImageOfPage":{"@id":"https:\/\/www.correiobraziliense.com.br\/cbradar\/aurora-voltou-aos-cartorios-em-2025-e-carrega-um-significado-que-surpreende-e-emociona\/#primaryimage"},"image":{"@id":"https:\/\/www.correiobraziliense.com.br\/cbradar\/aurora-voltou-aos-cartorios-em-2025-e-carrega-um-significado-que-surpreende-e-emociona\/#primaryimage"},"thumbnailUrl":"https:\/\/www.correiobraziliense.com.br\/cbradar\/wp-content\/uploads\/2025\/12\/baby-girl_1764781185126.jpg","datePublished":"2025-12-04T09:45:00+00:00","author":{"@id":"https:\/\/www.correiobraziliense.com.br\/cbradar\/#\/schema\/person\/6fdd694c4c0d658f15df15f390ddf066"},"description":"Em 2025, Aurora segue entre os nomes mais registrados no Brasil por seu significado ligado \u00e0 luz e renova\u00e7\u00e3o.","breadcrumb":{"@id":"https:\/\/www.correiobraziliense.com.br\/cbradar\/aurora-voltou-aos-cartorios-em-2025-e-carrega-um-significado-que-surpreende-e-emociona\/#breadcrumb"},"inLanguage":"pt-BR","potentialAction":[{"@type":"ReadAction","target":["https:\/\/www.correiobraziliense.com.br\/cbradar\/aurora-voltou-aos-cartorios-em-2025-e-carrega-um-significado-que-surpreende-e-emociona\/"]}]},{"@type":"ImageObject","inLanguage":"pt-BR","@id":"https:\/\/www.correiobraziliense.com.br\/cbradar\/aurora-voltou-aos-cartorios-em-2025-e-carrega-um-significado-que-surpreende-e-emociona\/#primaryimage","url":"https:\/\/www.correiobraziliense.com.br\/cbradar\/wp-content\/uploads\/2025\/12\/baby-girl_1764781185126.jpg","contentUrl":"https:\/\/www.correiobraziliense.com.br\/cbradar\/wp-content\/uploads\/2025\/12\/baby-girl_1764781185126.jpg","width":1280,"height":720,"caption":"Com sonoridade suave e forte apelo simb\u00f3lico, ele se tornou uma escolha comum entre fam\u00edlias que buscam nomes associados \u00e0 luz - Cr\u00e9ditos: depositphotos.com \/ evgenyataman"},{"@type":"BreadcrumbList","@id":"https:\/\/www.correiobraziliense.com.br\/cbradar\/aurora-voltou-aos-cartorios-em-2025-e-carrega-um-significado-que-surpreende-e-emociona\/#breadcrumb","itemListElement":[{"@type":"ListItem","position":1,"name":"In\u00edcio","item":"https:\/\/www.correiobraziliense.com.br\/cbradar\/"},{"@type":"ListItem","position":2,"name":"Aurora voltou aos cart\u00f3rios em 2025 e carrega um significado que surpreende e emociona"}]},{"@type":"WebSite","@id":"https:\/\/www.correiobraziliense.com.br\/cbradar\/#website","url":"https:\/\/www.correiobraziliense.com.br\/cbradar\/","name":"Correio Braziliense - Radar","description":"Acompanhe as \u00faltimas not\u00edcias e fique bem informado sobre tudo o que acontece no Brasil e no mundo.","potentialAction":[{"@type":"SearchAction","target":{"@type":"EntryPoint","urlTemplate":"https:\/\/www.correiobraziliense.com.br\/cbradar\/?s={search_term_string}"},"query-input":{"@type":"PropertyValueSpecification","valueRequired":true,"valueName":"search_term_string"}}],"inLanguage":"pt-BR"},{"@type":"Person","@id":"https:\/\/www.correiobraziliense.com.br\/cbradar\/#\/schema\/person\/6fdd694c4c0d658f15df15f390ddf066","name":"Maria Eduarda Pacheco","image":{"@type":"ImageObject","inLanguage":"pt-BR","@id":"https:\/\/www.correiobraziliense.com.br\/cbradar\/#\/schema\/person\/image\/","url":"https:\/\/secure.gravatar.com\/avatar\/f72a487b26fdeec08ba4868875ea328e?s=96&d=mm&r=g","contentUrl":"https:\/\/secure.gravatar.com\/avatar\/f72a487b26fdeec08ba4868875ea328e?s=96&d=mm&r=g","caption":"Maria Eduarda Pacheco"},"sameAs":["https:\/\/www.correiobraziliense.com.br\/cbradar\/"],"url":"https:\/\/www.correiobraziliense.com.br\/cbradar\/author\/maria-eduarda\/"}]}},"_links":{"self":[{"href":"https:\/\/www.correiobraziliense.com.br\/cbradar\/wp-json\/wp\/v2\/posts\/149436","targetHints":{"allow":["GET"]}}],"collection":[{"href":"https:\/\/www.correiobraziliense.com.br\/cbradar\/wp-json\/wp\/v2\/posts"}],"about":[{"href":"https:\/\/www.correiobraziliense.com.br\/cbradar\/wp-json\/wp\/v2\/types\/post"}],"author":[{"embeddable":true,"href":"https:\/\/www.correiobraziliense.com.br\/cbradar\/wp-json\/wp\/v2\/users\/18"}],"replies":[{"embeddable":true,"href":"https:\/\/www.correiobraziliense.com.br\/cbradar\/wp-json\/wp\/v2\/comments?post=149436"}],"version-history":[{"count":1,"href":"https:\/\/www.correiobraziliense.com.br\/cbradar\/wp-json\/wp\/v2\/posts\/149436\/revisions"}],"predecessor-version":[{"id":149444,"href":"https:\/\/www.correiobraziliense.com.br\/cbradar\/wp-json\/wp\/v2\/posts\/149436\/revisions\/149444"}],"wp:featuredmedia":[{"embeddable":true,"href":"https:\/\/www.correiobraziliense.com.br\/cbradar\/wp-json\/wp\/v2\/media\/149440"}],"wp:attachment":[{"href":"https:\/\/www.correiobraziliense.com.br\/cbradar\/wp-json\/wp\/v2\/media?parent=149436"}],"wp:term":[{"taxonomy":"category","embeddable":true,"href":"https:\/\/www.correiobraziliense.com.br\/cbradar\/wp-json\/wp\/v2\/categories?post=149436"},{"taxonomy":"post_tag","embeddable":true,"href":"https:\/\/www.correiobraziliense.com.br\/cbradar\/wp-json\/wp\/v2\/post_tag?post=149436"}],"curies":[{"name":"wp","href":"https:\/\/api.w.org\/{rel}","templated":true}]}}