{"id":149492,"date":"2025-12-04T07:45:00","date_gmt":"2025-12-04T10:45:00","guid":{"rendered":"https:\/\/www.correiobraziliense.com.br\/cbradar\/?p=149492"},"modified":"2025-12-03T15:43:25","modified_gmt":"2025-12-03T18:43:25","slug":"o-metodo-inteligente-para-evitar-exageros-nas-festas","status":"publish","type":"post","link":"https:\/\/www.correiobraziliense.com.br\/cbradar\/o-metodo-inteligente-para-evitar-exageros-nas-festas\/","title":{"rendered":"O m\u00e9todo inteligente para evitar exageros nas festas"},"content":{"rendered":"\n<p>\u00c0 medida que o ano se aproxima do seu fim, muitos se preparam para as tradicionais festividades que re\u00fanem amigos e familiares. Esse per\u00edodo, repleto de reuni\u00f5es e celebra\u00e7\u00f5es, transforma-se em um verdadeiro festival gastron\u00f4mico. Pratos decorados e mesas fartas s\u00e3o comuns, o que pode suscitar preocupa\u00e7\u00f5es em rela\u00e7\u00e3o ao ganho de peso e \u00e0 indulg\u00eancia excessiva. No entanto, desfrutar dessas iguarias sem culpa \u00e9 poss\u00edvel, desde que se tenha algumas estrat\u00e9gias em mente.<\/p>\n\n\n\n<p>Este tempo de celebra\u00e7\u00e3o e reencontro social traz consigo o fen\u00f4meno conhecido como &#8220;fome social&#8221;, em que a presen\u00e7a de comida em abund\u00e2ncia, aliada \u00e0s intera\u00e7\u00f5es grupais, pode levar ao consumo exagerado. Neste clima, \u00e9 f\u00e1cil perder o equil\u00edbrio alimentar e, eventualmente, enfrentar dilemas entre aproveitar o momento ou evitar o arrependimento posterior. Para equilibrar o prazer e a modera\u00e7\u00e3o, \u00e9 preciso encontrar formas saud\u00e1veis de lidar com o excesso de alimentos durante essas comemora\u00e7\u00f5es.<\/p>\n\n\n\n<h2 class=\"wp-block-heading\">Como evitar exageros nas Festas?<\/h2>\n\n\n\n<p>A principal recomenda\u00e7\u00e3o \u00e9 escutar o pr\u00f3prio corpo. Ele \u00e9 um guia natural que sinaliza fome, saciedade e necessidades nutricionais. Ignorar essas indica\u00e7\u00f5es, em busca de uma indulg\u00eancia planejada, como pular refei\u00e7\u00f5es antes dos eventos, pode ser contraproducente. Praticar a escuta ativa do corpo auxilia no desenvolvimento de uma rela\u00e7\u00e3o mais saud\u00e1vel com a comida, permitindo um equil\u00edbrio entre desfrutar e moderar.<\/p>\n\n\n<div class=\"wp-block-image\">\n<figure class=\"aligncenter size-large\"><img decoding=\"async\" width=\"1024\" height=\"576\" src=\"https:\/\/www.correiobraziliense.com.br\/cbradar\/wp-content\/uploads\/2025\/12\/festas-fim-de-ano_1764787905807-1024x576.jpg\" alt=\"\" class=\"wp-image-149495\" srcset=\"https:\/\/www.correiobraziliense.com.br\/cbradar\/wp-content\/uploads\/2025\/12\/festas-fim-de-ano_1764787905807-1024x576.jpg 1024w, https:\/\/www.correiobraziliense.com.br\/cbradar\/wp-content\/uploads\/2025\/12\/festas-fim-de-ano_1764787905807-300x169.jpg 300w, https:\/\/www.correiobraziliense.com.br\/cbradar\/wp-content\/uploads\/2025\/12\/festas-fim-de-ano_1764787905807-768x432.jpg 768w, https:\/\/www.correiobraziliense.com.br\/cbradar\/wp-content\/uploads\/2025\/12\/festas-fim-de-ano_1764787905807-750x422.jpg 750w, https:\/\/www.correiobraziliense.com.br\/cbradar\/wp-content\/uploads\/2025\/12\/festas-fim-de-ano_1764787905807-1140x641.jpg 1140w, https:\/\/www.correiobraziliense.com.br\/cbradar\/wp-content\/uploads\/2025\/12\/festas-fim-de-ano_1764787905807.jpg 1280w\" sizes=\"(max-width: 1024px) 100vw, 1024px\" \/><figcaption class=\"wp-element-caption\">Festas &#8211; Cr\u00e9ditos: depositphotos.com \/ IgorVetushko<\/figcaption><\/figure><\/div>\n\n\n<h2 class=\"wp-block-heading\">Quais pr\u00e1ticas ajudam a manter o equil\u00edbrio?<\/h2>\n\n\n\n<p>Ap\u00f3s o fim das festividades \u00e9 vital retornar \u00e0 rotina alimentar habitual. Isso significa adotar hor\u00e1rios regulares para refei\u00e7\u00f5es e dar prefer\u00eancia a alimentos frescos e preparados em casa. Esse retorno ao padr\u00e3o regular traz estabilidade ao corpo, permitindo que ele recupere o equil\u00edbrio ap\u00f3s as extravag\u00e2ncias sazonais.<\/p>\n\n\n\n<ul class=\"wp-block-list\">\n<li><strong>Hidrata\u00e7\u00e3o adequada:<\/strong>\u00a0Al\u00e9m de ajudar a manter o corpo em sua melhor forma, hidrata\u00e7\u00e3o suficiente \u00e9 fundamental. Consumo de \u00e1gua deve ser prioridade, mesmo em meio a celebra\u00e7\u00f5es regadas a bebidas.<\/li>\n\n\n\n<li><strong>Comer com consci\u00eancia:<\/strong>\u00a0Participar das <strong>Festas <\/strong>n\u00e3o significa reduzir a qualidade das refei\u00e7\u00f5es. Saborear os alimentos sem pressa e consciente \u00e9 um excelente modo de aproveitar o momento.<\/li>\n<\/ul>\n\n\n\n<h2 class=\"wp-block-heading\">Como lidar com sentimentos de culpa?<\/h2>\n\n\n\n<p>Em meio a prepara\u00e7\u00f5es culin\u00e1rias tradicionais, \u00e9 natural bater a preocupa\u00e7\u00e3o com as consequ\u00eancias em termos de peso. No entanto, um epis\u00f3dio de indulg\u00eancia n\u00e3o deve se traduzir em culpa prolongada. Cada celebra\u00e7\u00e3o \u00e9 uma oportunidade para criar mem\u00f3rias, e a rela\u00e7\u00e3o com a comida n\u00e3o deve imped\u00ed-las. O segredo est\u00e1 em ingerir com prazer e sem preconceitos, transformando a experi\u00eancia alimentar em uma parte positiva e sem remorso das Festas.<\/p>\n\n\n\n<p>Portanto, adotar estrat\u00e9gias como ouvir o corpo, manter h\u00e1bitos saud\u00e1veis ap\u00f3s o per\u00edodo festivo, e viver o presente com qualidade, pode transformar a rela\u00e7\u00e3o com a comida neste fim de ano. Assim, \u00e9 poss\u00edvel conciliar divers\u00e3o e <a href=\"https:\/\/www.correiobraziliense.com.br\/cbradar\/como-identificar-e-lidar-com-a-sindrome-do-jaleco-branco\/\" target=\"_blank\" rel=\"noreferrer noopener\">sa\u00fade<\/a>, sem abrir m\u00e3o do prazer que as tradi\u00e7\u00f5es culin\u00e1rias trazem. Durante as festividades, a comida deve ser uma ponte para momentos felizes e n\u00e3o um ponto de partida para ansiedades e culpas. Aproveitar com modera\u00e7\u00e3o \u00e9 a chave para um fim de ano saud\u00e1vel e memor\u00e1vel.<\/p>\n\n\n<a href=\"https:\/\/www.instagram.com\/dra.annaluisabf\/\" target=\"_blank\" rel=\"noopener\" style=\"text-decoration: none; color: inherit;\">\n    <span style=\"display: inline-block; border: 1px solid #ccc; border-radius: 10px; padding: 15px; max-width: 550px; font-family: sans-serif; box-shadow: 0 2px 5px rgba(0,0,0,0.1); width: 100%;\">\n\n      <!-- T\u00edtulo -->\n      <span style=\"display: block; margin: 0 0 15px 0; font-weight: bold; color: #2c3e50; text-align: center;\">\n        Entre em contato:\n      <\/span>\n\n      <!-- Linha do perfil -->\n      <span style=\"display: flex; align-items: center; gap: 15px;\">\n        <img decoding=\"async\"\n          src=\"https:\/\/www.correiobraziliense.com.br\/cbradar\/wp-content\/uploads\/2025\/08\/dra_anna_luisa.jpeg\"\n          alt=\"Foto da Dra. Anna Lu\u00edsa\"\n          style=\"border-radius: 50%; width: 80px; height: 80px; object-fit: cover;\"\n        \/>\n        <span style=\"display: flex; flex-direction: column;\">\n          <span style=\"font-size: 18px; font-weight: 700; color: #2c3e50;\">Dra. Anna Lu\u00edsa Barbosa Fernandes<\/span>\n          <span style=\"color: #555;\">CRM-GO 33.271<\/span>\n        <\/span>\n      <\/span>\n\n      <!-- Redes -->\n      <span style=\"display: flex; align-items: center; gap: 10px; margin-top: 12px;\">\n        <img decoding=\"async\" src=\"https:\/\/cdn-icons-png.flaticon.com\/24\/1384\/1384063.png\" alt=\"Instagram\" width=\"24\" height=\"24\" \/>\n        <span style=\"text-decoration: underline; color: #2c3e50;\">@dra.annaluisabf<\/span>\n      <\/span>\n\n    <\/span>\n  <\/a>","protected":false},"excerpt":{"rendered":"<p>\u00c0 medida que o ano se aproxima do seu fim, muitos se preparam para as tradicionais festividades que re\u00fanem amigos e familiares. Esse per\u00edodo, repleto de reuni\u00f5es e celebra\u00e7\u00f5es, transforma-se em um verdadeiro festival gastron\u00f4mico. Pratos decorados e mesas fartas s\u00e3o comuns, o que pode suscitar preocupa\u00e7\u00f5es em rela\u00e7\u00e3o ao ganho de peso e \u00e0 [&hellip;]<\/p>\n","protected":false},"author":14,"featured_media":149494,"comment_status":"open","ping_status":"open","sticky":false,"template":"","format":"standard","meta":{"_yoast_wpseo_focuskw":"Festas","_yoast_wpseo_title":"","_yoast_wpseo_metadesc":"Quer curtir o fim de ano sem exagerar? A alimenta\u00e7\u00e3o nas festas pode ser leve e feliz com atitudes simples que fazem toda a diferen\u00e7a.","jnews-multi-image_gallery":[],"jnews_single_post":{"format":"standard"},"jnews_primary_category":[],"jnews_social_meta":[],"jnews_override_counter":[],"footnotes":""},"categories":[4404],"tags":[281,120,1318],"class_list":["post-149492","post","type-post","status-publish","format-standard","has-post-thumbnail","hentry","category-saude","tag-alimentacao","tag-bem-estar","tag-saude-2"],"yoast_head":"<!-- This site is optimized with the Yoast SEO plugin v24.6 - https:\/\/yoast.com\/wordpress\/plugins\/seo\/ -->\n<title>O m\u00e9todo inteligente para evitar exageros nas festas - Correio Braziliense - Radar<\/title>\n<meta name=\"description\" content=\"Quer curtir o fim de ano sem exagerar? A alimenta\u00e7\u00e3o nas festas pode ser leve e feliz com atitudes simples que fazem toda a diferen\u00e7a.\" \/>\n<meta name=\"robots\" content=\"index, follow, max-snippet:-1, max-image-preview:large, max-video-preview:-1\" \/>\n<link rel=\"canonical\" href=\"https:\/\/www.correiobraziliense.com.br\/cbradar\/o-metodo-inteligente-para-evitar-exageros-nas-festas\/\" \/>\n<meta property=\"og:locale\" content=\"pt_BR\" \/>\n<meta property=\"og:type\" content=\"article\" \/>\n<meta property=\"og:title\" content=\"O m\u00e9todo inteligente para evitar exageros nas festas - Correio Braziliense - Radar\" \/>\n<meta property=\"og:description\" content=\"Quer curtir o fim de ano sem exagerar? A alimenta\u00e7\u00e3o nas festas pode ser leve e feliz com atitudes simples que fazem toda a diferen\u00e7a.\" \/>\n<meta property=\"og:url\" content=\"https:\/\/www.correiobraziliense.com.br\/cbradar\/o-metodo-inteligente-para-evitar-exageros-nas-festas\/\" \/>\n<meta property=\"og:site_name\" content=\"Correio Braziliense - Radar\" \/>\n<meta property=\"article:published_time\" content=\"2025-12-04T10:45:00+00:00\" \/>\n<meta property=\"og:image\" content=\"https:\/\/www.correiobraziliense.com.br\/cbradar\/wp-content\/uploads\/2025\/12\/festas-fim-de-ano_1764787881851.jpg\" \/>\n\t<meta property=\"og:image:width\" content=\"1280\" \/>\n\t<meta property=\"og:image:height\" content=\"720\" \/>\n\t<meta property=\"og:image:type\" content=\"image\/jpeg\" \/>\n<meta name=\"author\" content=\"guilherme_saude\" \/>\n<meta name=\"twitter:card\" content=\"summary_large_image\" \/>\n<meta name=\"twitter:label1\" content=\"Escrito por\" \/>\n\t<meta name=\"twitter:data1\" content=\"guilherme_saude\" \/>\n\t<meta name=\"twitter:label2\" content=\"Est. tempo de leitura\" \/>\n\t<meta name=\"twitter:data2\" content=\"4 minutos\" \/>\n<!-- \/ Yoast SEO plugin. -->","yoast_head_json":{"title":"O m\u00e9todo inteligente para evitar exageros nas festas - Correio Braziliense - Radar","description":"Quer curtir o fim de ano sem exagerar? A alimenta\u00e7\u00e3o nas festas pode ser leve e feliz com atitudes simples que fazem toda a diferen\u00e7a.","robots":{"index":"index","follow":"follow","max-snippet":"max-snippet:-1","max-image-preview":"max-image-preview:large","max-video-preview":"max-video-preview:-1"},"canonical":"https:\/\/www.correiobraziliense.com.br\/cbradar\/o-metodo-inteligente-para-evitar-exageros-nas-festas\/","og_locale":"pt_BR","og_type":"article","og_title":"O m\u00e9todo inteligente para evitar exageros nas festas - Correio Braziliense - Radar","og_description":"Quer curtir o fim de ano sem exagerar? A alimenta\u00e7\u00e3o nas festas pode ser leve e feliz com atitudes simples que fazem toda a diferen\u00e7a.","og_url":"https:\/\/www.correiobraziliense.com.br\/cbradar\/o-metodo-inteligente-para-evitar-exageros-nas-festas\/","og_site_name":"Correio Braziliense - Radar","article_published_time":"2025-12-04T10:45:00+00:00","og_image":[{"width":1280,"height":720,"url":"https:\/\/www.correiobraziliense.com.br\/cbradar\/wp-content\/uploads\/2025\/12\/festas-fim-de-ano_1764787881851.jpg","type":"image\/jpeg"}],"author":"guilherme_saude","twitter_card":"summary_large_image","twitter_misc":{"Escrito por":"guilherme_saude","Est. tempo de leitura":"4 minutos"},"schema":{"@context":"https:\/\/schema.org","@graph":[{"@type":"WebPage","@id":"https:\/\/www.correiobraziliense.com.br\/cbradar\/o-metodo-inteligente-para-evitar-exageros-nas-festas\/","url":"https:\/\/www.correiobraziliense.com.br\/cbradar\/o-metodo-inteligente-para-evitar-exageros-nas-festas\/","name":"O m\u00e9todo inteligente para evitar exageros nas festas - Correio Braziliense - Radar","isPartOf":{"@id":"https:\/\/www.correiobraziliense.com.br\/cbradar\/#website"},"primaryImageOfPage":{"@id":"https:\/\/www.correiobraziliense.com.br\/cbradar\/o-metodo-inteligente-para-evitar-exageros-nas-festas\/#primaryimage"},"image":{"@id":"https:\/\/www.correiobraziliense.com.br\/cbradar\/o-metodo-inteligente-para-evitar-exageros-nas-festas\/#primaryimage"},"thumbnailUrl":"https:\/\/www.correiobraziliense.com.br\/cbradar\/wp-content\/uploads\/2025\/12\/festas-fim-de-ano_1764787881851.jpg","datePublished":"2025-12-04T10:45:00+00:00","author":{"@id":"https:\/\/www.correiobraziliense.com.br\/cbradar\/#\/schema\/person\/5aa4bf3c8fa699c267933611de12978b"},"description":"Quer curtir o fim de ano sem exagerar? A alimenta\u00e7\u00e3o nas festas pode ser leve e feliz com atitudes simples que fazem toda a diferen\u00e7a.","breadcrumb":{"@id":"https:\/\/www.correiobraziliense.com.br\/cbradar\/o-metodo-inteligente-para-evitar-exageros-nas-festas\/#breadcrumb"},"inLanguage":"pt-BR","potentialAction":[{"@type":"ReadAction","target":["https:\/\/www.correiobraziliense.com.br\/cbradar\/o-metodo-inteligente-para-evitar-exageros-nas-festas\/"]}]},{"@type":"ImageObject","inLanguage":"pt-BR","@id":"https:\/\/www.correiobraziliense.com.br\/cbradar\/o-metodo-inteligente-para-evitar-exageros-nas-festas\/#primaryimage","url":"https:\/\/www.correiobraziliense.com.br\/cbradar\/wp-content\/uploads\/2025\/12\/festas-fim-de-ano_1764787881851.jpg","contentUrl":"https:\/\/www.correiobraziliense.com.br\/cbradar\/wp-content\/uploads\/2025\/12\/festas-fim-de-ano_1764787881851.jpg","width":1280,"height":720,"caption":"Festas - Cr\u00e9ditos: depositphotos.com \/ IgorVetushko"},{"@type":"BreadcrumbList","@id":"https:\/\/www.correiobraziliense.com.br\/cbradar\/o-metodo-inteligente-para-evitar-exageros-nas-festas\/#breadcrumb","itemListElement":[{"@type":"ListItem","position":1,"name":"In\u00edcio","item":"https:\/\/www.correiobraziliense.com.br\/cbradar\/"},{"@type":"ListItem","position":2,"name":"O m\u00e9todo inteligente para evitar exageros nas festas"}]},{"@type":"WebSite","@id":"https:\/\/www.correiobraziliense.com.br\/cbradar\/#website","url":"https:\/\/www.correiobraziliense.com.br\/cbradar\/","name":"Correio Braziliense - Radar","description":"Acompanhe as \u00faltimas not\u00edcias e fique bem informado sobre tudo o que acontece no Brasil e no mundo.","potentialAction":[{"@type":"SearchAction","target":{"@type":"EntryPoint","urlTemplate":"https:\/\/www.correiobraziliense.com.br\/cbradar\/?s={search_term_string}"},"query-input":{"@type":"PropertyValueSpecification","valueRequired":true,"valueName":"search_term_string"}}],"inLanguage":"pt-BR"},{"@type":"Person","@id":"https:\/\/www.correiobraziliense.com.br\/cbradar\/#\/schema\/person\/5aa4bf3c8fa699c267933611de12978b","name":"guilherme_saude","image":{"@type":"ImageObject","inLanguage":"pt-BR","@id":"https:\/\/www.correiobraziliense.com.br\/cbradar\/#\/schema\/person\/image\/","url":"https:\/\/secure.gravatar.com\/avatar\/df9adfb835d344bc0af109d41756253f?s=96&d=mm&r=g","contentUrl":"https:\/\/secure.gravatar.com\/avatar\/df9adfb835d344bc0af109d41756253f?s=96&d=mm&r=g","caption":"guilherme_saude"},"url":"https:\/\/www.correiobraziliense.com.br\/cbradar\/author\/guilherme_saude\/"}]}},"_links":{"self":[{"href":"https:\/\/www.correiobraziliense.com.br\/cbradar\/wp-json\/wp\/v2\/posts\/149492","targetHints":{"allow":["GET"]}}],"collection":[{"href":"https:\/\/www.correiobraziliense.com.br\/cbradar\/wp-json\/wp\/v2\/posts"}],"about":[{"href":"https:\/\/www.correiobraziliense.com.br\/cbradar\/wp-json\/wp\/v2\/types\/post"}],"author":[{"embeddable":true,"href":"https:\/\/www.correiobraziliense.com.br\/cbradar\/wp-json\/wp\/v2\/users\/14"}],"replies":[{"embeddable":true,"href":"https:\/\/www.correiobraziliense.com.br\/cbradar\/wp-json\/wp\/v2\/comments?post=149492"}],"version-history":[{"count":1,"href":"https:\/\/www.correiobraziliense.com.br\/cbradar\/wp-json\/wp\/v2\/posts\/149492\/revisions"}],"predecessor-version":[{"id":149496,"href":"https:\/\/www.correiobraziliense.com.br\/cbradar\/wp-json\/wp\/v2\/posts\/149492\/revisions\/149496"}],"wp:featuredmedia":[{"embeddable":true,"href":"https:\/\/www.correiobraziliense.com.br\/cbradar\/wp-json\/wp\/v2\/media\/149494"}],"wp:attachment":[{"href":"https:\/\/www.correiobraziliense.com.br\/cbradar\/wp-json\/wp\/v2\/media?parent=149492"}],"wp:term":[{"taxonomy":"category","embeddable":true,"href":"https:\/\/www.correiobraziliense.com.br\/cbradar\/wp-json\/wp\/v2\/categories?post=149492"},{"taxonomy":"post_tag","embeddable":true,"href":"https:\/\/www.correiobraziliense.com.br\/cbradar\/wp-json\/wp\/v2\/tags?post=149492"}],"curies":[{"name":"wp","href":"https:\/\/api.w.org\/{rel}","templated":true}]}}