{"id":149501,"date":"2025-12-04T17:15:00","date_gmt":"2025-12-04T20:15:00","guid":{"rendered":"https:\/\/www.correiobraziliense.com.br\/cbradar\/?p=149501"},"modified":"2025-12-03T15:57:51","modified_gmt":"2025-12-03T18:57:51","slug":"os-alimentos-mais-poderosos-para-combater-a-anemia","status":"publish","type":"post","link":"https:\/\/www.correiobraziliense.com.br\/cbradar\/os-alimentos-mais-poderosos-para-combater-a-anemia\/","title":{"rendered":"Os alimentos mais poderosos para combater a anemia"},"content":{"rendered":"\n<p>No contexto contempor\u00e2neo, a sa\u00fade tem se tornado uma preocupa\u00e7\u00e3o crescente, levando muitos a procurar maneiras eficazes de prevenir e tratar a <strong>Anemia<\/strong>. Essa condi\u00e7\u00e3o, caracterizada pela redu\u00e7\u00e3o de gl\u00f3bulos vermelhos ou n\u00edveis insuficientes de hemoglobina no sangue, pode ser significativamente influenciada por escolhas alimentares. Manter uma dieta rica em nutrientes essenciais \u00e9 um dos passos mais efetivos para combater esse problema de sa\u00fade p\u00fablica.<\/p>\n\n\n\n<p>Especialistas em nutri\u00e7\u00e3o destacam a import\u00e2ncia de certos alimentos como aliados poderosos no combate \u00e0 Anemia. Al\u00e9m de ferro, que \u00e9 essencial, esses alimentos fornecem outros nutrientes fundamentais para o bom funcionamento do organismo. Eles s\u00e3o vitais n\u00e3o apenas para a forma\u00e7\u00e3o de c\u00e9lulas sangu\u00edneas adequadas, mas tamb\u00e9m para melhorar a absor\u00e7\u00e3o de minerais essenciais ao corpo.<\/p>\n\n\n\n<h2 class=\"wp-block-heading\">Quais alimentos s\u00e3o eficazes contra a Anemia?<\/h2>\n\n\n\n<p>O ferro ocupa um papel central na luta contra a Anemia, e sua ingest\u00e3o pode ser otimizada atrav\u00e9s de uma variedade de alimentos. Entre os mais recomendados est\u00e3o\u00a0<strong>carnes vermelhas magras<\/strong>,\u00a0<strong>f\u00edgado bovino<\/strong>\u00a0e\u00a0<strong>aves<\/strong>, que fornecem ferro heme, uma forma facilmente absorv\u00edvel pelo corpo. No entanto, fontes vegetais como\u00a0<strong>feij\u00e3o<\/strong>,\u00a0<strong>lentilha<\/strong>\u00a0e\u00a0<strong>espinafre<\/strong>\u00a0n\u00e3o devem ser subestimadas, especialmente para aqueles que seguem dietas vegetarianas ou veganas. A combina\u00e7\u00e3o desses alimentos com fontes de\u00a0<strong>vitamina C<\/strong>, como laranja e acerola, \u00e9 crucial para aumentar a absor\u00e7\u00e3o do ferro n\u00e3o heme.<\/p>\n\n\n<div class=\"wp-block-image\">\n<figure class=\"aligncenter size-large\"><img decoding=\"async\" width=\"1024\" height=\"576\" src=\"https:\/\/www.correiobraziliense.com.br\/cbradar\/wp-content\/uploads\/2025\/07\/anemia_1751564275606-1024x576.jpg\" alt=\"\" class=\"wp-image-64212\" srcset=\"https:\/\/www.correiobraziliense.com.br\/cbradar\/wp-content\/uploads\/2025\/07\/anemia_1751564275606-1024x576.jpg 1024w, https:\/\/www.correiobraziliense.com.br\/cbradar\/wp-content\/uploads\/2025\/07\/anemia_1751564275606-300x169.jpg 300w, https:\/\/www.correiobraziliense.com.br\/cbradar\/wp-content\/uploads\/2025\/07\/anemia_1751564275606-768x432.jpg 768w, https:\/\/www.correiobraziliense.com.br\/cbradar\/wp-content\/uploads\/2025\/07\/anemia_1751564275606-750x422.jpg 750w, https:\/\/www.correiobraziliense.com.br\/cbradar\/wp-content\/uploads\/2025\/07\/anemia_1751564275606-1140x641.jpg 1140w, https:\/\/www.correiobraziliense.com.br\/cbradar\/wp-content\/uploads\/2025\/07\/anemia_1751564275606.jpg 1280w\" sizes=\"(max-width: 1024px) 100vw, 1024px\" \/><figcaption class=\"wp-element-caption\">Anemia &#8211; Cr\u00e9ditos: depositphotos.com \/ vchalup2<\/figcaption><\/figure><\/div>\n\n\n<h2 class=\"wp-block-heading\">Como potencializar a absor\u00e7\u00e3o de ferro dos alimentos?<\/h2>\n\n\n\n<p>Compreender o processo de absor\u00e7\u00e3o de ferro \u00e9 t\u00e3o importante quanto identificar os alimentos ricos nesse mineral. Enquanto o ferro de origem animal \u00e9 mais facilmente absorvido, o ferro de fontes vegetais frequentemente requer uma ajudinha extra. A combina\u00e7\u00e3o com vitamina C melhora a assimila\u00e7\u00e3o, convertendo o ferro em uma forma mais utiliz\u00e1vel pelo organismo. A dica \u00e9 incluir sucos de acerola, laranja ou lim\u00e3o nas refei\u00e7\u00f5es ricas em ferro vegetal e evitar subst\u00e2ncias que prejudicam a absor\u00e7\u00e3o, como caf\u00e9 e ch\u00e1 preto nas proximidades das refei\u00e7\u00f5es.<\/p>\n\n\n\n<h2 class=\"wp-block-heading\">Quais outros nutrientes s\u00e3o relevantes para prevenir a Anemia?<\/h2>\n\n\n\n<p>Superar a Anemia vai al\u00e9m do ferro; outros nutrientes tamb\u00e9m desempenham pap\u00e9is chave. O\u00a0<strong>\u00e1cido f\u00f3lico<\/strong>, essencial para a forma\u00e7\u00e3o apropriada de gl\u00f3bulos vermelhos, \u00e9 encontrado em vegetais de folhas verdes e no abacate, sendo especialmente importante durante a gesta\u00e7\u00e3o. A\u00a0<strong>vitamina B12<\/strong>, presente em carnes, latic\u00ednios e ovos, deve ser monitorada por aqueles que n\u00e3o consomem produtos de origem animal. Al\u00e9m disso, minerais como\u00a0<strong>cobre<\/strong>\u00a0e\u00a0<strong>zinco<\/strong>\u00a0s\u00e3o cruciais, encontrados em frutos do mar e sementes, contribuindo significativamente para a forma\u00e7\u00e3o de c\u00e9lulas sangu\u00edneas.<\/p>\n\n\n\n<p>A nutri\u00e7\u00e3o correta e equilibrada que inclui esses elementos pode fazer uma diferen\u00e7a significativa na preven\u00e7\u00e3o e tratamento da Anemia. Ajustar a dieta conforme as necessidades individuais \u00e9 essencial, e o acompanhamento de um profissional de sa\u00fade pode ser crucial para garantir que todas as exig\u00eancias nutricionais sejam atendidas.<\/p>\n\n\n<a href=\"https:\/\/www.instagram.com\/dra.annaluisabf\/\" target=\"_blank\" rel=\"noopener\" style=\"text-decoration: none; color: inherit;\">\n    <span style=\"display: inline-block; border: 1px solid #ccc; border-radius: 10px; padding: 15px; max-width: 550px; font-family: sans-serif; box-shadow: 0 2px 5px rgba(0,0,0,0.1); width: 100%;\">\n\n      <!-- T\u00edtulo -->\n      <span style=\"display: block; margin: 0 0 15px 0; font-weight: bold; color: #2c3e50; text-align: center;\">\n        Entre em contato:\n      <\/span>\n\n      <!-- Linha do perfil -->\n      <span style=\"display: flex; align-items: center; gap: 15px;\">\n        <img decoding=\"async\"\n          src=\"https:\/\/www.correiobraziliense.com.br\/cbradar\/wp-content\/uploads\/2025\/08\/dra_anna_luisa.jpeg\"\n          alt=\"Foto da Dra. Anna Lu\u00edsa\"\n          style=\"border-radius: 50%; width: 80px; height: 80px; object-fit: cover;\"\n        \/>\n        <span style=\"display: flex; flex-direction: column;\">\n          <span style=\"font-size: 18px; font-weight: 700; color: #2c3e50;\">Dra. Anna Lu\u00edsa Barbosa Fernandes<\/span>\n          <span style=\"color: #555;\">CRM-GO 33.271<\/span>\n        <\/span>\n      <\/span>\n\n      <!-- Redes -->\n      <span style=\"display: flex; align-items: center; gap: 10px; margin-top: 12px;\">\n        <img decoding=\"async\" src=\"https:\/\/cdn-icons-png.flaticon.com\/24\/1384\/1384063.png\" alt=\"Instagram\" width=\"24\" height=\"24\" \/>\n        <span style=\"text-decoration: underline; color: #2c3e50;\">@dra.annaluisabf<\/span>\n      <\/span>\n\n    <\/span>\n  <\/a>","protected":false},"excerpt":{"rendered":"<p>No contexto contempor\u00e2neo, a sa\u00fade tem se tornado uma preocupa\u00e7\u00e3o crescente, levando muitos a procurar maneiras eficazes de prevenir e tratar a Anemia. Essa condi\u00e7\u00e3o, caracterizada pela redu\u00e7\u00e3o de gl\u00f3bulos vermelhos ou n\u00edveis insuficientes de hemoglobina no sangue, pode ser significativamente influenciada por escolhas alimentares. Manter uma dieta rica em nutrientes essenciais \u00e9 um dos [&hellip;]<\/p>\n","protected":false},"author":14,"featured_media":64212,"comment_status":"open","ping_status":"open","sticky":false,"template":"","format":"standard","meta":{"_yoast_wpseo_focuskw":"Anemia","_yoast_wpseo_title":"","_yoast_wpseo_metadesc":"Alimentos contra anemia como carnes, folhas verdes e vitamina C podem transformar sua sa\u00fade. Saiba como usar a nutri\u00e7\u00e3o a seu favor.","jnews-multi-image_gallery":[],"jnews_single_post":{"format":"standard"},"jnews_primary_category":[],"jnews_social_meta":[],"jnews_override_counter":[],"footnotes":""},"categories":[4404],"tags":[281,120,565],"class_list":["post-149501","post","type-post","status-publish","format-standard","has-post-thumbnail","hentry","category-saude","tag-alimentacao","tag-bem-estar","tag-saude"],"yoast_head":"<!-- This site is optimized with the Yoast SEO plugin v24.6 - https:\/\/yoast.com\/wordpress\/plugins\/seo\/ -->\n<title>Os alimentos mais poderosos para combater a anemia - Correio Braziliense - Radar<\/title>\n<meta name=\"description\" content=\"Alimentos contra anemia como carnes, folhas verdes e vitamina C podem transformar sua sa\u00fade. Saiba como usar a nutri\u00e7\u00e3o a seu favor.\" \/>\n<meta name=\"robots\" content=\"index, follow, max-snippet:-1, max-image-preview:large, max-video-preview:-1\" \/>\n<link rel=\"canonical\" href=\"https:\/\/www.correiobraziliense.com.br\/cbradar\/os-alimentos-mais-poderosos-para-combater-a-anemia\/\" \/>\n<meta property=\"og:locale\" content=\"pt_BR\" \/>\n<meta property=\"og:type\" content=\"article\" \/>\n<meta property=\"og:title\" content=\"Os alimentos mais poderosos para combater a anemia - Correio Braziliense - Radar\" \/>\n<meta property=\"og:description\" content=\"Alimentos contra anemia como carnes, folhas verdes e vitamina C podem transformar sua sa\u00fade. Saiba como usar a nutri\u00e7\u00e3o a seu favor.\" \/>\n<meta property=\"og:url\" content=\"https:\/\/www.correiobraziliense.com.br\/cbradar\/os-alimentos-mais-poderosos-para-combater-a-anemia\/\" \/>\n<meta property=\"og:site_name\" content=\"Correio Braziliense - Radar\" \/>\n<meta property=\"article:published_time\" content=\"2025-12-04T20:15:00+00:00\" \/>\n<meta property=\"og:image\" content=\"https:\/\/www.correiobraziliense.com.br\/cbradar\/wp-content\/uploads\/2025\/07\/anemia_1751564275606.jpg\" \/>\n\t<meta property=\"og:image:width\" content=\"1280\" \/>\n\t<meta property=\"og:image:height\" content=\"720\" \/>\n\t<meta property=\"og:image:type\" content=\"image\/jpeg\" \/>\n<meta name=\"author\" content=\"guilherme_saude\" \/>\n<meta name=\"twitter:card\" content=\"summary_large_image\" \/>\n<meta name=\"twitter:label1\" content=\"Escrito por\" \/>\n\t<meta name=\"twitter:data1\" content=\"guilherme_saude\" \/>\n\t<meta name=\"twitter:label2\" content=\"Est. tempo de leitura\" \/>\n\t<meta name=\"twitter:data2\" content=\"4 minutos\" \/>\n<!-- \/ Yoast SEO plugin. -->","yoast_head_json":{"title":"Os alimentos mais poderosos para combater a anemia - Correio Braziliense - Radar","description":"Alimentos contra anemia como carnes, folhas verdes e vitamina C podem transformar sua sa\u00fade. Saiba como usar a nutri\u00e7\u00e3o a seu favor.","robots":{"index":"index","follow":"follow","max-snippet":"max-snippet:-1","max-image-preview":"max-image-preview:large","max-video-preview":"max-video-preview:-1"},"canonical":"https:\/\/www.correiobraziliense.com.br\/cbradar\/os-alimentos-mais-poderosos-para-combater-a-anemia\/","og_locale":"pt_BR","og_type":"article","og_title":"Os alimentos mais poderosos para combater a anemia - Correio Braziliense - Radar","og_description":"Alimentos contra anemia como carnes, folhas verdes e vitamina C podem transformar sua sa\u00fade. Saiba como usar a nutri\u00e7\u00e3o a seu favor.","og_url":"https:\/\/www.correiobraziliense.com.br\/cbradar\/os-alimentos-mais-poderosos-para-combater-a-anemia\/","og_site_name":"Correio Braziliense - Radar","article_published_time":"2025-12-04T20:15:00+00:00","og_image":[{"width":1280,"height":720,"url":"https:\/\/www.correiobraziliense.com.br\/cbradar\/wp-content\/uploads\/2025\/07\/anemia_1751564275606.jpg","type":"image\/jpeg"}],"author":"guilherme_saude","twitter_card":"summary_large_image","twitter_misc":{"Escrito por":"guilherme_saude","Est. tempo de leitura":"4 minutos"},"schema":{"@context":"https:\/\/schema.org","@graph":[{"@type":"WebPage","@id":"https:\/\/www.correiobraziliense.com.br\/cbradar\/os-alimentos-mais-poderosos-para-combater-a-anemia\/","url":"https:\/\/www.correiobraziliense.com.br\/cbradar\/os-alimentos-mais-poderosos-para-combater-a-anemia\/","name":"Os alimentos mais poderosos para combater a anemia - Correio Braziliense - Radar","isPartOf":{"@id":"https:\/\/www.correiobraziliense.com.br\/cbradar\/#website"},"primaryImageOfPage":{"@id":"https:\/\/www.correiobraziliense.com.br\/cbradar\/os-alimentos-mais-poderosos-para-combater-a-anemia\/#primaryimage"},"image":{"@id":"https:\/\/www.correiobraziliense.com.br\/cbradar\/os-alimentos-mais-poderosos-para-combater-a-anemia\/#primaryimage"},"thumbnailUrl":"https:\/\/www.correiobraziliense.com.br\/cbradar\/wp-content\/uploads\/2025\/07\/anemia_1751564275606.jpg","datePublished":"2025-12-04T20:15:00+00:00","author":{"@id":"https:\/\/www.correiobraziliense.com.br\/cbradar\/#\/schema\/person\/5aa4bf3c8fa699c267933611de12978b"},"description":"Alimentos contra anemia como carnes, folhas verdes e vitamina C podem transformar sua sa\u00fade. Saiba como usar a nutri\u00e7\u00e3o a seu favor.","breadcrumb":{"@id":"https:\/\/www.correiobraziliense.com.br\/cbradar\/os-alimentos-mais-poderosos-para-combater-a-anemia\/#breadcrumb"},"inLanguage":"pt-BR","potentialAction":[{"@type":"ReadAction","target":["https:\/\/www.correiobraziliense.com.br\/cbradar\/os-alimentos-mais-poderosos-para-combater-a-anemia\/"]}]},{"@type":"ImageObject","inLanguage":"pt-BR","@id":"https:\/\/www.correiobraziliense.com.br\/cbradar\/os-alimentos-mais-poderosos-para-combater-a-anemia\/#primaryimage","url":"https:\/\/www.correiobraziliense.com.br\/cbradar\/wp-content\/uploads\/2025\/07\/anemia_1751564275606.jpg","contentUrl":"https:\/\/www.correiobraziliense.com.br\/cbradar\/wp-content\/uploads\/2025\/07\/anemia_1751564275606.jpg","width":1280,"height":720,"caption":"Anemia - Cr\u00e9ditos: depositphotos.com \/ vchalup2"},{"@type":"BreadcrumbList","@id":"https:\/\/www.correiobraziliense.com.br\/cbradar\/os-alimentos-mais-poderosos-para-combater-a-anemia\/#breadcrumb","itemListElement":[{"@type":"ListItem","position":1,"name":"In\u00edcio","item":"https:\/\/www.correiobraziliense.com.br\/cbradar\/"},{"@type":"ListItem","position":2,"name":"Os alimentos mais poderosos para combater a anemia"}]},{"@type":"WebSite","@id":"https:\/\/www.correiobraziliense.com.br\/cbradar\/#website","url":"https:\/\/www.correiobraziliense.com.br\/cbradar\/","name":"Correio Braziliense - Radar","description":"Acompanhe as \u00faltimas not\u00edcias e fique bem informado sobre tudo o que acontece no Brasil e no mundo.","potentialAction":[{"@type":"SearchAction","target":{"@type":"EntryPoint","urlTemplate":"https:\/\/www.correiobraziliense.com.br\/cbradar\/?s={search_term_string}"},"query-input":{"@type":"PropertyValueSpecification","valueRequired":true,"valueName":"search_term_string"}}],"inLanguage":"pt-BR"},{"@type":"Person","@id":"https:\/\/www.correiobraziliense.com.br\/cbradar\/#\/schema\/person\/5aa4bf3c8fa699c267933611de12978b","name":"guilherme_saude","image":{"@type":"ImageObject","inLanguage":"pt-BR","@id":"https:\/\/www.correiobraziliense.com.br\/cbradar\/#\/schema\/person\/image\/","url":"https:\/\/secure.gravatar.com\/avatar\/df9adfb835d344bc0af109d41756253f?s=96&d=mm&r=g","contentUrl":"https:\/\/secure.gravatar.com\/avatar\/df9adfb835d344bc0af109d41756253f?s=96&d=mm&r=g","caption":"guilherme_saude"},"url":"https:\/\/www.correiobraziliense.com.br\/cbradar\/author\/guilherme_saude\/"}]}},"_links":{"self":[{"href":"https:\/\/www.correiobraziliense.com.br\/cbradar\/wp-json\/wp\/v2\/posts\/149501","targetHints":{"allow":["GET"]}}],"collection":[{"href":"https:\/\/www.correiobraziliense.com.br\/cbradar\/wp-json\/wp\/v2\/posts"}],"about":[{"href":"https:\/\/www.correiobraziliense.com.br\/cbradar\/wp-json\/wp\/v2\/types\/post"}],"author":[{"embeddable":true,"href":"https:\/\/www.correiobraziliense.com.br\/cbradar\/wp-json\/wp\/v2\/users\/14"}],"replies":[{"embeddable":true,"href":"https:\/\/www.correiobraziliense.com.br\/cbradar\/wp-json\/wp\/v2\/comments?post=149501"}],"version-history":[{"count":1,"href":"https:\/\/www.correiobraziliense.com.br\/cbradar\/wp-json\/wp\/v2\/posts\/149501\/revisions"}],"predecessor-version":[{"id":149504,"href":"https:\/\/www.correiobraziliense.com.br\/cbradar\/wp-json\/wp\/v2\/posts\/149501\/revisions\/149504"}],"wp:featuredmedia":[{"embeddable":true,"href":"https:\/\/www.correiobraziliense.com.br\/cbradar\/wp-json\/wp\/v2\/media\/64212"}],"wp:attachment":[{"href":"https:\/\/www.correiobraziliense.com.br\/cbradar\/wp-json\/wp\/v2\/media?parent=149501"}],"wp:term":[{"taxonomy":"category","embeddable":true,"href":"https:\/\/www.correiobraziliense.com.br\/cbradar\/wp-json\/wp\/v2\/categories?post=149501"},{"taxonomy":"post_tag","embeddable":true,"href":"https:\/\/www.correiobraziliense.com.br\/cbradar\/wp-json\/wp\/v2\/tags?post=149501"}],"curies":[{"name":"wp","href":"https:\/\/api.w.org\/{rel}","templated":true}]}}