{"id":149503,"date":"2025-12-04T13:15:00","date_gmt":"2025-12-04T16:15:00","guid":{"rendered":"https:\/\/www.correiobraziliense.com.br\/cbradar\/?p=149503"},"modified":"2025-12-03T15:51:53","modified_gmt":"2025-12-03T18:51:53","slug":"o-alimento-mais-poderoso-para-manter-energia-na-corrida","status":"publish","type":"post","link":"https:\/\/www.correiobraziliense.com.br\/cbradar\/o-alimento-mais-poderoso-para-manter-energia-na-corrida\/","title":{"rendered":"O alimento mais poderoso para manter energia na corrida"},"content":{"rendered":"\n<p>Para os adeptos da <strong>Corrida<\/strong>, manter n\u00edveis adequados de energia durante todo o percurso \u00e9 fundamental. A escolha correta dos alimentos pode influenciar n\u00e3o apenas o desempenho, mas tamb\u00e9m a recupera\u00e7\u00e3o p\u00f3s-treino. Entre os macronutrientes essenciais, os carboidratos destacam-se como eficientes fornecedores de energia, suportando o esfor\u00e7o f\u00edsico e prevenindo quedas de rendimento ao longo da atividade.<\/p>\n\n\n\n<p>Os carboidratos s\u00e3o essenciais para o funcionamento muscular durante a pr\u00e1tica de exerc\u00edcios. Uma ingest\u00e3o inadequada ou desorganizada desse macronutriente pode resultar em fadiga precoce e diminui\u00e7\u00e3o do desempenho. Especialistas costumam indicar que corredores de m\u00e9dia e longa dist\u00e2ncia consumam entre 5 e 10 gramas de carboidrato por quilo de peso corporal di\u00e1rio, ajustando conforme a intensidade e volume dos treinos.<\/p>\n\n\n\n<h2 class=\"wp-block-heading\">Quais alimentos s\u00e3o ideais para corredores?<\/h2>\n\n\n\n<p>Estabelecendo-se que 60% a 70% da dieta de um atleta deve ser composta por carboidratos, certos alimentos ganham destaque. A batata-doce, por exemplo, \u00e9 uma excelente fonte de carboidratos complexos e sua digest\u00e3o mais lenta promove uma libera\u00e7\u00e3o de energia gradual e est\u00e1vel, ideal para preserva\u00e7\u00e3o da glicemia durante atividades prolongadas.<\/p>\n\n\n\n<figure class=\"wp-block-image aligncenter size-large\"><img decoding=\"async\" width=\"1024\" height=\"576\" src=\"https:\/\/www.correiobraziliense.com.br\/cbradar\/wp-content\/uploads\/2025\/05\/caminhada_1747751149191-1024x576.jpg\" alt=\"\" class=\"wp-image-40038\" srcset=\"https:\/\/www.correiobraziliense.com.br\/cbradar\/wp-content\/uploads\/2025\/05\/caminhada_1747751149191-1024x576.jpg 1024w, https:\/\/www.correiobraziliense.com.br\/cbradar\/wp-content\/uploads\/2025\/05\/caminhada_1747751149191-300x169.jpg 300w, https:\/\/www.correiobraziliense.com.br\/cbradar\/wp-content\/uploads\/2025\/05\/caminhada_1747751149191-768x432.jpg 768w, https:\/\/www.correiobraziliense.com.br\/cbradar\/wp-content\/uploads\/2025\/05\/caminhada_1747751149191-750x422.jpg 750w, https:\/\/www.correiobraziliense.com.br\/cbradar\/wp-content\/uploads\/2025\/05\/caminhada_1747751149191-1140x641.jpg 1140w, https:\/\/www.correiobraziliense.com.br\/cbradar\/wp-content\/uploads\/2025\/05\/caminhada_1747751149191.jpg 1280w\" sizes=\"(max-width: 1024px) 100vw, 1024px\" \/><figcaption class=\"wp-element-caption\">Corrida &#8211; Cr\u00e9ditos: depositphotos.com \/ VitalikRadko\n\n<\/figcaption><\/figure>\n\n\n\n<p>Outro alimento amplamente consumido \u00e9 a banana, conhecida por sua praticidade e r\u00e1pida digest\u00e3o. Rica em glicose e frutose, fornece r\u00e1pida reposi\u00e7\u00e3o energ\u00e9tica, e seu alto teor de pot\u00e1ssio \u00e9 vital para evitar c\u00e3ibras e manter a fun\u00e7\u00e3o muscular. A aveia tamb\u00e9m merece men\u00e7\u00e3o; combina carboidratos complexos com fibras <a href=\"https:\/\/www.correiobraziliense.com.br\/cbradar\/como-identificar-e-lidar-com-a-sindrome-do-jaleco-branco\/\" target=\"_blank\" rel=\"noreferrer noopener\">sol\u00faveis<\/a>, oferecendo uma libera\u00e7\u00e3o cont\u00ednua de energia, al\u00e9m de ser fonte de vitaminas do complexo B.<\/p>\n\n\n\n<h2 class=\"wp-block-heading\">Como montar uma dieta eficiente para corredores?<\/h2>\n\n\n\n<p>Mais do que focar em alimentos espec\u00edficos, \u00e9 crucial buscar uma dieta equilibrada que inclua frutas, gr\u00e3os integrais, prote\u00ednas de qualidade e gorduras saud\u00e1veis. Essa abordagem n\u00e3o apenas abastece o corpo com energia, mas tamb\u00e9m otimiza a recupera\u00e7\u00e3o muscular. Contratar os servi\u00e7os de um nutricionista esportivo pode fornecer orienta\u00e7\u00e3o personalizada, ajustando as necessidades diet\u00e9ticas \u00e0s particularidades de cada atleta, considerando fatores como peso, n\u00edvel de treinamento e metabolismo.<\/p>\n\n\n\n<p>Cada corredor tem suas particularidades e necessidades nutricionais \u00fanicas. Ajustar a alimenta\u00e7\u00e3o de acordo com esses fatores individuais \u00e9 a melhor estrat\u00e9gia para garantir um desempenho consolidado e saud\u00e1vel. Potenciar a performance \u00e9 uma combina\u00e7\u00e3o de estrat\u00e9gia alimentar planejada e treinamento dedicado.<\/p>\n\n\n<a href=\"https:\/\/www.instagram.com\/dra.annaluisabf\/\" target=\"_blank\" rel=\"noopener\" style=\"text-decoration: none; color: inherit;\">\n    <span style=\"display: inline-block; border: 1px solid #ccc; border-radius: 10px; padding: 15px; max-width: 550px; font-family: sans-serif; box-shadow: 0 2px 5px rgba(0,0,0,0.1); width: 100%;\">\n\n      <!-- T\u00edtulo -->\n      <span style=\"display: block; margin: 0 0 15px 0; font-weight: bold; color: #2c3e50; text-align: center;\">\n        Entre em contato:\n      <\/span>\n\n      <!-- Linha do perfil -->\n      <span style=\"display: flex; align-items: center; gap: 15px;\">\n        <img decoding=\"async\"\n          src=\"https:\/\/www.correiobraziliense.com.br\/cbradar\/wp-content\/uploads\/2025\/08\/dra_anna_luisa.jpeg\"\n          alt=\"Foto da Dra. Anna Lu\u00edsa\"\n          style=\"border-radius: 50%; width: 80px; height: 80px; object-fit: cover;\"\n        \/>\n        <span style=\"display: flex; flex-direction: column;\">\n          <span style=\"font-size: 18px; font-weight: 700; color: #2c3e50;\">Dra. Anna Lu\u00edsa Barbosa Fernandes<\/span>\n          <span style=\"color: #555;\">CRM-GO 33.271<\/span>\n        <\/span>\n      <\/span>\n\n      <!-- Redes -->\n      <span style=\"display: flex; align-items: center; gap: 10px; margin-top: 12px;\">\n        <img decoding=\"async\" src=\"https:\/\/cdn-icons-png.flaticon.com\/24\/1384\/1384063.png\" alt=\"Instagram\" width=\"24\" height=\"24\" \/>\n        <span style=\"text-decoration: underline; color: #2c3e50;\">@dra.annaluisabf<\/span>\n      <\/span>\n\n    <\/span>\n  <\/a>","protected":false},"excerpt":{"rendered":"<p>Para os adeptos da Corrida, manter n\u00edveis adequados de energia durante todo o percurso \u00e9 fundamental. A escolha correta dos alimentos pode influenciar n\u00e3o apenas o desempenho, mas tamb\u00e9m a recupera\u00e7\u00e3o p\u00f3s-treino. Entre os macronutrientes essenciais, os carboidratos destacam-se como eficientes fornecedores de energia, suportando o esfor\u00e7o f\u00edsico e prevenindo quedas de rendimento ao longo [&hellip;]<\/p>\n","protected":false},"author":14,"featured_media":38337,"comment_status":"open","ping_status":"open","sticky":false,"template":"","format":"standard","meta":{"_yoast_wpseo_focuskw":"Corrida","_yoast_wpseo_title":"","_yoast_wpseo_metadesc":"Com a alimenta\u00e7\u00e3o certa, corredores ganham resist\u00eancia e evitam fadiga precoce. Veja os carboidratos mais indicados e como us\u00e1-los.","jnews-multi-image_gallery":[],"jnews_single_post":{"format":"standard"},"jnews_primary_category":[],"jnews_social_meta":[],"jnews_override_counter":[],"footnotes":""},"categories":[4404],"tags":[281,120,1318],"class_list":["post-149503","post","type-post","status-publish","format-standard","has-post-thumbnail","hentry","category-saude","tag-alimentacao","tag-bem-estar","tag-saude-2"],"yoast_head":"<!-- This site is optimized with the Yoast SEO plugin v24.6 - https:\/\/yoast.com\/wordpress\/plugins\/seo\/ -->\n<title>O alimento mais poderoso para manter energia na corrida - Correio Braziliense - Radar<\/title>\n<meta name=\"description\" content=\"Com a alimenta\u00e7\u00e3o certa, corredores ganham resist\u00eancia e evitam fadiga precoce. Veja os carboidratos mais indicados e como us\u00e1-los.\" \/>\n<meta name=\"robots\" content=\"index, follow, max-snippet:-1, max-image-preview:large, max-video-preview:-1\" \/>\n<link rel=\"canonical\" href=\"https:\/\/www.correiobraziliense.com.br\/cbradar\/o-alimento-mais-poderoso-para-manter-energia-na-corrida\/\" \/>\n<meta property=\"og:locale\" content=\"pt_BR\" \/>\n<meta property=\"og:type\" content=\"article\" \/>\n<meta property=\"og:title\" content=\"O alimento mais poderoso para manter energia na corrida - Correio Braziliense - Radar\" \/>\n<meta property=\"og:description\" content=\"Com a alimenta\u00e7\u00e3o certa, corredores ganham resist\u00eancia e evitam fadiga precoce. Veja os carboidratos mais indicados e como us\u00e1-los.\" \/>\n<meta property=\"og:url\" content=\"https:\/\/www.correiobraziliense.com.br\/cbradar\/o-alimento-mais-poderoso-para-manter-energia-na-corrida\/\" \/>\n<meta property=\"og:site_name\" content=\"Correio Braziliense - Radar\" \/>\n<meta property=\"article:published_time\" content=\"2025-12-04T16:15:00+00:00\" \/>\n<meta property=\"og:image\" content=\"https:\/\/www.correiobraziliense.com.br\/cbradar\/wp-content\/uploads\/2025\/05\/caminhada_1747439724117.jpg\" \/>\n\t<meta property=\"og:image:width\" content=\"1280\" \/>\n\t<meta property=\"og:image:height\" content=\"720\" \/>\n\t<meta property=\"og:image:type\" content=\"image\/jpeg\" \/>\n<meta name=\"author\" content=\"guilherme_saude\" \/>\n<meta name=\"twitter:card\" content=\"summary_large_image\" \/>\n<meta name=\"twitter:label1\" content=\"Escrito por\" \/>\n\t<meta name=\"twitter:data1\" content=\"guilherme_saude\" \/>\n\t<meta name=\"twitter:label2\" content=\"Est. tempo de leitura\" \/>\n\t<meta name=\"twitter:data2\" content=\"3 minutos\" \/>\n<!-- \/ Yoast SEO plugin. -->","yoast_head_json":{"title":"O alimento mais poderoso para manter energia na corrida - Correio Braziliense - Radar","description":"Com a alimenta\u00e7\u00e3o certa, corredores ganham resist\u00eancia e evitam fadiga precoce. Veja os carboidratos mais indicados e como us\u00e1-los.","robots":{"index":"index","follow":"follow","max-snippet":"max-snippet:-1","max-image-preview":"max-image-preview:large","max-video-preview":"max-video-preview:-1"},"canonical":"https:\/\/www.correiobraziliense.com.br\/cbradar\/o-alimento-mais-poderoso-para-manter-energia-na-corrida\/","og_locale":"pt_BR","og_type":"article","og_title":"O alimento mais poderoso para manter energia na corrida - Correio Braziliense - Radar","og_description":"Com a alimenta\u00e7\u00e3o certa, corredores ganham resist\u00eancia e evitam fadiga precoce. Veja os carboidratos mais indicados e como us\u00e1-los.","og_url":"https:\/\/www.correiobraziliense.com.br\/cbradar\/o-alimento-mais-poderoso-para-manter-energia-na-corrida\/","og_site_name":"Correio Braziliense - Radar","article_published_time":"2025-12-04T16:15:00+00:00","og_image":[{"width":1280,"height":720,"url":"https:\/\/www.correiobraziliense.com.br\/cbradar\/wp-content\/uploads\/2025\/05\/caminhada_1747439724117.jpg","type":"image\/jpeg"}],"author":"guilherme_saude","twitter_card":"summary_large_image","twitter_misc":{"Escrito por":"guilherme_saude","Est. tempo de leitura":"3 minutos"},"schema":{"@context":"https:\/\/schema.org","@graph":[{"@type":"WebPage","@id":"https:\/\/www.correiobraziliense.com.br\/cbradar\/o-alimento-mais-poderoso-para-manter-energia-na-corrida\/","url":"https:\/\/www.correiobraziliense.com.br\/cbradar\/o-alimento-mais-poderoso-para-manter-energia-na-corrida\/","name":"O alimento mais poderoso para manter energia na corrida - Correio Braziliense - Radar","isPartOf":{"@id":"https:\/\/www.correiobraziliense.com.br\/cbradar\/#website"},"primaryImageOfPage":{"@id":"https:\/\/www.correiobraziliense.com.br\/cbradar\/o-alimento-mais-poderoso-para-manter-energia-na-corrida\/#primaryimage"},"image":{"@id":"https:\/\/www.correiobraziliense.com.br\/cbradar\/o-alimento-mais-poderoso-para-manter-energia-na-corrida\/#primaryimage"},"thumbnailUrl":"https:\/\/www.correiobraziliense.com.br\/cbradar\/wp-content\/uploads\/2025\/05\/caminhada_1747439724117.jpg","datePublished":"2025-12-04T16:15:00+00:00","author":{"@id":"https:\/\/www.correiobraziliense.com.br\/cbradar\/#\/schema\/person\/5aa4bf3c8fa699c267933611de12978b"},"description":"Com a alimenta\u00e7\u00e3o certa, corredores ganham resist\u00eancia e evitam fadiga precoce. Veja os carboidratos mais indicados e como us\u00e1-los.","breadcrumb":{"@id":"https:\/\/www.correiobraziliense.com.br\/cbradar\/o-alimento-mais-poderoso-para-manter-energia-na-corrida\/#breadcrumb"},"inLanguage":"pt-BR","potentialAction":[{"@type":"ReadAction","target":["https:\/\/www.correiobraziliense.com.br\/cbradar\/o-alimento-mais-poderoso-para-manter-energia-na-corrida\/"]}]},{"@type":"ImageObject","inLanguage":"pt-BR","@id":"https:\/\/www.correiobraziliense.com.br\/cbradar\/o-alimento-mais-poderoso-para-manter-energia-na-corrida\/#primaryimage","url":"https:\/\/www.correiobraziliense.com.br\/cbradar\/wp-content\/uploads\/2025\/05\/caminhada_1747439724117.jpg","contentUrl":"https:\/\/www.correiobraziliense.com.br\/cbradar\/wp-content\/uploads\/2025\/05\/caminhada_1747439724117.jpg","width":1280,"height":720,"caption":"Corrida - Cr\u00e9ditos: depositphotos.com \/ blasbike"},{"@type":"BreadcrumbList","@id":"https:\/\/www.correiobraziliense.com.br\/cbradar\/o-alimento-mais-poderoso-para-manter-energia-na-corrida\/#breadcrumb","itemListElement":[{"@type":"ListItem","position":1,"name":"In\u00edcio","item":"https:\/\/www.correiobraziliense.com.br\/cbradar\/"},{"@type":"ListItem","position":2,"name":"O alimento mais poderoso para manter energia na corrida"}]},{"@type":"WebSite","@id":"https:\/\/www.correiobraziliense.com.br\/cbradar\/#website","url":"https:\/\/www.correiobraziliense.com.br\/cbradar\/","name":"Correio Braziliense - Radar","description":"Acompanhe as \u00faltimas not\u00edcias e fique bem informado sobre tudo o que acontece no Brasil e no mundo.","potentialAction":[{"@type":"SearchAction","target":{"@type":"EntryPoint","urlTemplate":"https:\/\/www.correiobraziliense.com.br\/cbradar\/?s={search_term_string}"},"query-input":{"@type":"PropertyValueSpecification","valueRequired":true,"valueName":"search_term_string"}}],"inLanguage":"pt-BR"},{"@type":"Person","@id":"https:\/\/www.correiobraziliense.com.br\/cbradar\/#\/schema\/person\/5aa4bf3c8fa699c267933611de12978b","name":"guilherme_saude","image":{"@type":"ImageObject","inLanguage":"pt-BR","@id":"https:\/\/www.correiobraziliense.com.br\/cbradar\/#\/schema\/person\/image\/","url":"https:\/\/secure.gravatar.com\/avatar\/df9adfb835d344bc0af109d41756253f?s=96&d=mm&r=g","contentUrl":"https:\/\/secure.gravatar.com\/avatar\/df9adfb835d344bc0af109d41756253f?s=96&d=mm&r=g","caption":"guilherme_saude"},"url":"https:\/\/www.correiobraziliense.com.br\/cbradar\/author\/guilherme_saude\/"}]}},"_links":{"self":[{"href":"https:\/\/www.correiobraziliense.com.br\/cbradar\/wp-json\/wp\/v2\/posts\/149503","targetHints":{"allow":["GET"]}}],"collection":[{"href":"https:\/\/www.correiobraziliense.com.br\/cbradar\/wp-json\/wp\/v2\/posts"}],"about":[{"href":"https:\/\/www.correiobraziliense.com.br\/cbradar\/wp-json\/wp\/v2\/types\/post"}],"author":[{"embeddable":true,"href":"https:\/\/www.correiobraziliense.com.br\/cbradar\/wp-json\/wp\/v2\/users\/14"}],"replies":[{"embeddable":true,"href":"https:\/\/www.correiobraziliense.com.br\/cbradar\/wp-json\/wp\/v2\/comments?post=149503"}],"version-history":[{"count":1,"href":"https:\/\/www.correiobraziliense.com.br\/cbradar\/wp-json\/wp\/v2\/posts\/149503\/revisions"}],"predecessor-version":[{"id":149506,"href":"https:\/\/www.correiobraziliense.com.br\/cbradar\/wp-json\/wp\/v2\/posts\/149503\/revisions\/149506"}],"wp:featuredmedia":[{"embeddable":true,"href":"https:\/\/www.correiobraziliense.com.br\/cbradar\/wp-json\/wp\/v2\/media\/38337"}],"wp:attachment":[{"href":"https:\/\/www.correiobraziliense.com.br\/cbradar\/wp-json\/wp\/v2\/media?parent=149503"}],"wp:term":[{"taxonomy":"category","embeddable":true,"href":"https:\/\/www.correiobraziliense.com.br\/cbradar\/wp-json\/wp\/v2\/categories?post=149503"},{"taxonomy":"post_tag","embeddable":true,"href":"https:\/\/www.correiobraziliense.com.br\/cbradar\/wp-json\/wp\/v2\/tags?post=149503"}],"curies":[{"name":"wp","href":"https:\/\/api.w.org\/{rel}","templated":true}]}}