{"id":149540,"date":"2025-12-05T22:05:00","date_gmt":"2025-12-06T01:05:00","guid":{"rendered":"https:\/\/www.correiobraziliense.com.br\/cbradar\/?p=149540"},"modified":"2025-12-04T08:52:12","modified_gmt":"2025-12-04T11:52:12","slug":"o-que-significa-se-uma-pessoa-dorme-vestida-segundo-a-psicologia-2","status":"publish","type":"post","link":"https:\/\/www.correiobraziliense.com.br\/cbradar\/o-que-significa-se-uma-pessoa-dorme-vestida-segundo-a-psicologia-2\/","title":{"rendered":"O que significa se uma pessoa dorme vestida, segundo a psicologia"},"content":{"rendered":"\n<p>Dormir bem \u00e9 uma necessidade b\u00e1sica para o organismo e, mesmo assim, muitas pessoas mant\u00eam h\u00e1bitos que atrapalham o descanso sem perceber. Um dos comportamentos mais comuns \u00e9 deitar com a mesma roupa usada na rua, carregada de poeira, polui\u00e7\u00e3o e res\u00edduos do ambiente.<\/p>\n\n\n\n<h2 class=\"wp-block-heading\">Por que a higiene do sono \u00e9 t\u00e3o importante para a sa\u00fade?<\/h2>\n\n\n\n<p>A express\u00e3o <strong>higiene do sono<\/strong> re\u00fane um conjunto de h\u00e1bitos que favorecem um descanso profundo e reparador, ajudando o c\u00e9rebro a entender que \u00e9 hora de desacelerar. Entre eles, est\u00e3o o uso de roupas limpas e confort\u00e1veis, um ambiente arejado e escuro e a redu\u00e7\u00e3o de est\u00edmulos antes de deitar, como barulhos excessivos e luz intensa.<\/p>\n\n\n\n<p>Quando a pessoa dorme com as mesmas pe\u00e7as usadas na rua, leva para a cama part\u00edculas de sujeira, microrganismos e odores que se acumulam ao longo do dia, interferindo nesse processo. Com o tempo, isso pode contribuir para alergias, maior despertar noturno e um sono menos restaurador, prejudicando a <strong>qualidade do sono<\/strong> e o bem-estar geral.<\/p>\n\n\n\n<h2 class=\"wp-block-heading\">Como dormir com roupa da rua afeta corpo e mente?<\/h2>\n\n\n\n<p>Do ponto de vista f\u00edsico, dormir com roupas apertadas, \u00e1speras ou sujas pode atrapalhar a circula\u00e7\u00e3o, aumentar a sensa\u00e7\u00e3o de calor, causar coceiras e irrita\u00e7\u00f5es na pele. Al\u00e9m disso, o contato prolongado com suor, polui\u00e7\u00e3o e poeira pode agravar problemas como dermatites, espinhas e alergias respirat\u00f3rias.<\/p>\n\n\n\n<p>J\u00e1 no campo mental, um sono fragmentado ou desconfort\u00e1vel est\u00e1 associado a maior risco de dificuldades de concentra\u00e7\u00e3o, lapsos de mem\u00f3ria e piora do humor. Com o tempo, noites mal dormidas favorecem a sensa\u00e7\u00e3o de esgotamento, irritabilidade e redu\u00e7\u00e3o da motiva\u00e7\u00e3o, tornando a <strong>qualidade do sono<\/strong> um indicador importante da sa\u00fade geral e do equil\u00edbrio emocional.<\/p>\n\n\n\n<figure class=\"wp-block-image size-large\"><img decoding=\"async\" width=\"1024\" height=\"585\" src=\"https:\/\/www.correiobraziliense.com.br\/cbradar\/wp-content\/uploads\/2025\/12\/Dormir-Vestido-Psicologia-1024x585.png\" alt=\"O que significa se uma pessoa dorme vestida, segundo a psicologia\" class=\"wp-image-149648\" srcset=\"https:\/\/www.correiobraziliense.com.br\/cbradar\/wp-content\/uploads\/2025\/12\/Dormir-Vestido-Psicologia-1024x585.png 1024w, https:\/\/www.correiobraziliense.com.br\/cbradar\/wp-content\/uploads\/2025\/12\/Dormir-Vestido-Psicologia-300x171.png 300w, https:\/\/www.correiobraziliense.com.br\/cbradar\/wp-content\/uploads\/2025\/12\/Dormir-Vestido-Psicologia-768x439.png 768w, https:\/\/www.correiobraziliense.com.br\/cbradar\/wp-content\/uploads\/2025\/12\/Dormir-Vestido-Psicologia-750x429.png 750w, https:\/\/www.correiobraziliense.com.br\/cbradar\/wp-content\/uploads\/2025\/12\/Dormir-Vestido-Psicologia-1140x651.png 1140w, https:\/\/www.correiobraziliense.com.br\/cbradar\/wp-content\/uploads\/2025\/12\/Dormir-Vestido-Psicologia.png 1344w\" sizes=\"(max-width: 1024px) 100vw, 1024px\" \/><figcaption class=\"wp-element-caption\">Dormir com roupa usada na rua pode prejudicar seu sono e sa\u00fade por sujeira e polui\u00e7\u00e3o.<\/figcaption><\/figure>\n\n\n\n<h2 class=\"wp-block-heading\">Qual \u00e9 a rela\u00e7\u00e3o entre psicologia e dormir com a roupa da rua?<\/h2>\n\n\n\n<p>Profissionais de psicologia costumam observar que os h\u00e1bitos de sono revelam aspectos do comportamento e da forma como cada pessoa se relaciona com o pr\u00f3prio corpo. Quem frequentemente dorme com a roupa da rua, mesmo sentindo desconforto, pode demonstrar menor aten\u00e7\u00e3o aos sinais f\u00edsicos, tend\u00eancia a adiar cuidados pessoais ou dificuldade em estabelecer rotinas saud\u00e1veis e limites claros entre trabalho e descanso.<\/p>\n\n\n\n<p>Esses padr\u00f5es costumam aparecer em diferentes \u00e1reas da rotina, revelando comportamentos repetitivos e autom\u00e1ticos que afetam o bem-estar. Abaixo est\u00e3o alguns sinais que podem indicar um relacionamento menos cuidadoso com o pr\u00f3prio corpo e com o momento de descanso:<\/p>\n\n\n\n<ul class=\"wp-block-list\">\n<li><strong>Desaten\u00e7\u00e3o ao pr\u00f3prio corpo:<\/strong> pouca percep\u00e7\u00e3o de desconfortos f\u00edsicos e sinais de cansa\u00e7o.<\/li>\n\n\n\n<li><strong>Rotinas irregulares:<\/strong> hor\u00e1rios vari\u00e1veis para dormir e acordar, sem uma estrutura est\u00e1vel.<\/li>\n\n\n\n<li><strong>Ambiente desorganizado:<\/strong> quarto bagun\u00e7ado, cama sempre desarrumada e excesso de objetos ao redor.<\/li>\n\n\n\n<li><strong>Uso da cama para tudo:<\/strong> trabalhar, comer, mexer no celular por horas, dificultando a associa\u00e7\u00e3o com o sono.<\/li>\n<\/ul>\n\n\n\n<p>Para aprofundar no tema, trouxemos o v\u00eddeo abaixo da Dra Sandra Chagas, publicado em seu perfil @drasandrachagas, onde ela explica sobre como a roupa pode roubar o seu sono:<\/p>\n\n\n\n<blockquote class=\"tiktok-embed\" cite=\"https:\/\/www.tiktok.com\/@drasandrachagas\/video\/7470505502699474181\" data-video-id=\"7470505502699474181\" style=\"max-width: 605px;min-width: 325px;\" > <section> <a target=\"_blank\" title=\"@drasandrachagas\" href=\"https:\/\/www.tiktok.com\/@drasandrachagas?refer=embed\">@drasandrachagas<\/a> Roupas que SABOTAM seu SONO! Cuidado! . <a title=\"ins\u00f4nia\" target=\"_blank\" href=\"https:\/\/www.tiktok.com\/tag\/ins%C3%B4nia?refer=embed\">#ins\u00f4nia<\/a> <a title=\"saudeintegrativa\" target=\"_blank\" href=\"https:\/\/www.tiktok.com\/tag\/saudeintegrativa?refer=embed\">#saudeintegrativa<\/a> <a target=\"_blank\" title=\"\u266c som original - Sandra Chagas\" href=\"https:\/\/www.tiktok.com\/music\/som-original-7470505511377505030?refer=embed\">\u266c som original &#8211; Sandra Chagas<\/a> <\/section> <\/blockquote> <script async src=\"https:\/\/www.tiktok.com\/embed.js\"><\/script>\n\n\n\n<h2 class=\"wp-block-heading\">Como melhorar a higiene do sono no dia a dia?<\/h2>\n\n\n\n<p>Adotar pequenas mudan\u00e7as no final do dia j\u00e1 \u00e9 suficiente para transformar a rela\u00e7\u00e3o com o descanso e fortalecer a sensa\u00e7\u00e3o de cuidado consigo mesmo. A <strong>higiene do sono<\/strong> n\u00e3o exige grandes investimentos, mas sim organiza\u00e7\u00e3o, const\u00e2ncia e a cria\u00e7\u00e3o de um ritual noturno simples que sinalize ao c\u00e9rebro que \u00e9 hora de relaxar.<\/p>\n\n\n\n<p>Ao estruturar uma rotina, fica mais f\u00e1cil evitar dormir com a roupa da rua, reduzir o uso de telas e criar um ambiente que favore\u00e7a o adormecer. Algumas a\u00e7\u00f5es pr\u00e1ticas podem ser inclu\u00eddas gradualmente, respeitando o ritmo de cada pessoa e refor\u00e7ando a ideia de que sono de qualidade \u00e9 parte essencial da <strong>sa\u00fade mental e f\u00edsica<\/strong>:<\/p>\n\n\n\n<ol class=\"wp-block-list\">\n<li><strong>Trocar de roupa ao chegar em casa:<\/strong> separar uma pe\u00e7a confort\u00e1vel apenas para ficar em casa j\u00e1 reduz a quantidade de sujeira que chega \u00e0 cama.<\/li>\n\n\n\n<li><strong>Usar pijamas ou roupas leves para dormir:<\/strong> tecidos macios e folgados ajudam na regula\u00e7\u00e3o t\u00e9rmica e no conforto corporal.<\/li>\n\n\n\n<li><strong>Manter o quarto limpo e arejado:<\/strong> ventila\u00e7\u00e3o adequada e limpeza frequente diminuem poeira, odores e alerg\u00eanicos.<\/li>\n\n\n\n<li><strong>Desligar telas antes de deitar:<\/strong> reduzir o uso de celular, TV e computador pelo menos alguns minutos antes de dormir favorece o relaxamento mental.<\/li>\n\n\n\n<li><strong>Estabelecer hor\u00e1rios regulares:<\/strong> deitar e acordar em hor\u00e1rios parecidos todos os dias ajuda a sincronizar o rel\u00f3gio biol\u00f3gico.<\/li>\n<\/ol>\n\n\n\n<p>A <strong>qualidade do sono<\/strong> reflete diretamente na sa\u00fade f\u00edsica e mental. Um descanso adequado est\u00e1 associado a melhor funcionamento do sistema imunol\u00f3gico, maior estabilidade emocional e mais disposi\u00e7\u00e3o para as atividades di\u00e1rias. Ajustar h\u00e1bitos como deixar de dormir com a roupa da rua, escolher um pijama adequado e organizar o ambiente do quarto s\u00e3o medidas simples que contribuem para noites mais tranquilas, autocuidado mais consciente e dias mais equilibrados.<\/p>\n","protected":false},"excerpt":{"rendered":"<p>Durma melhor e cuide da sa\u00fade mental: descubra por que dormir com roupa de rua faz mal, o papel do pijama e dicas da psicologia<\/p>\n","protected":false},"author":3,"featured_media":149916,"comment_status":"open","ping_status":"open","sticky":false,"template":"","format":"standard","meta":{"_yoast_wpseo_focuskw":"dormir vestida psicologia","_yoast_wpseo_title":"%%title%%","_yoast_wpseo_metadesc":"Durma melhor e cuide da sa\u00fade mental: descubra por que dormir com roupa de rua faz mal, o papel do pijama e dicas da psicologia","jnews-multi-image_gallery":[],"jnews_single_post":{"format":"standard"},"jnews_primary_category":[],"jnews_social_meta":[],"jnews_override_counter":[],"footnotes":""},"categories":[112],"tags":[3559,144,404,565,1313],"class_list":["post-149540","post","type-post","status-publish","format-standard","has-post-thumbnail","hentry","category-curiosidades","tag-corpo-humano","tag-curiosidades","tag-psicologia","tag-saude","tag-sono"],"yoast_head":"<!-- This site is optimized with the Yoast SEO plugin v24.6 - https:\/\/yoast.com\/wordpress\/plugins\/seo\/ -->\n<title>O que significa se uma pessoa dorme vestida, segundo a psicologia<\/title>\n<meta name=\"description\" content=\"Durma melhor e cuide da sa\u00fade mental: descubra por que dormir com roupa de rua faz mal, o papel do pijama e dicas da psicologia\" \/>\n<meta name=\"robots\" content=\"index, follow, max-snippet:-1, max-image-preview:large, max-video-preview:-1\" \/>\n<link rel=\"canonical\" href=\"https:\/\/www.correiobraziliense.com.br\/cbradar\/o-que-significa-se-uma-pessoa-dorme-vestida-segundo-a-psicologia-2\/\" \/>\n<meta property=\"og:locale\" content=\"pt_BR\" \/>\n<meta property=\"og:type\" content=\"article\" \/>\n<meta property=\"og:title\" content=\"O que significa se uma pessoa dorme vestida, segundo a psicologia\" \/>\n<meta property=\"og:description\" content=\"Durma melhor e cuide da sa\u00fade mental: descubra por que dormir com roupa de rua faz mal, o papel do pijama e dicas da psicologia\" \/>\n<meta property=\"og:url\" content=\"https:\/\/www.correiobraziliense.com.br\/cbradar\/o-que-significa-se-uma-pessoa-dorme-vestida-segundo-a-psicologia-2\/\" \/>\n<meta property=\"og:site_name\" content=\"Correio Braziliense - Radar\" \/>\n<meta property=\"article:published_time\" content=\"2025-12-06T01:05:00+00:00\" \/>\n<meta property=\"og:image\" content=\"https:\/\/www.correiobraziliense.com.br\/cbradar\/wp-content\/uploads\/2025\/12\/freepik__faa-uma-imagem-realista-de-uma-pessoa-vestida-com-__95192-scaled.jpeg\" \/>\n\t<meta property=\"og:image:width\" content=\"2560\" \/>\n\t<meta property=\"og:image:height\" content=\"1463\" \/>\n\t<meta property=\"og:image:type\" content=\"image\/jpeg\" \/>\n<meta name=\"author\" content=\"Larissa Carvalho\" \/>\n<meta name=\"twitter:card\" content=\"summary_large_image\" \/>\n<meta name=\"twitter:label1\" content=\"Escrito por\" \/>\n\t<meta name=\"twitter:data1\" content=\"Larissa Carvalho\" \/>\n\t<meta name=\"twitter:label2\" content=\"Est. tempo de leitura\" \/>\n\t<meta name=\"twitter:data2\" content=\"5 minutos\" \/>\n<!-- \/ Yoast SEO plugin. -->","yoast_head_json":{"title":"O que significa se uma pessoa dorme vestida, segundo a psicologia","description":"Durma melhor e cuide da sa\u00fade mental: descubra por que dormir com roupa de rua faz mal, o papel do pijama e dicas da psicologia","robots":{"index":"index","follow":"follow","max-snippet":"max-snippet:-1","max-image-preview":"max-image-preview:large","max-video-preview":"max-video-preview:-1"},"canonical":"https:\/\/www.correiobraziliense.com.br\/cbradar\/o-que-significa-se-uma-pessoa-dorme-vestida-segundo-a-psicologia-2\/","og_locale":"pt_BR","og_type":"article","og_title":"O que significa se uma pessoa dorme vestida, segundo a psicologia","og_description":"Durma melhor e cuide da sa\u00fade mental: descubra por que dormir com roupa de rua faz mal, o papel do pijama e dicas da psicologia","og_url":"https:\/\/www.correiobraziliense.com.br\/cbradar\/o-que-significa-se-uma-pessoa-dorme-vestida-segundo-a-psicologia-2\/","og_site_name":"Correio Braziliense - Radar","article_published_time":"2025-12-06T01:05:00+00:00","og_image":[{"width":2560,"height":1463,"url":"https:\/\/www.correiobraziliense.com.br\/cbradar\/wp-content\/uploads\/2025\/12\/freepik__faa-uma-imagem-realista-de-uma-pessoa-vestida-com-__95192-scaled.jpeg","type":"image\/jpeg"}],"author":"Larissa Carvalho","twitter_card":"summary_large_image","twitter_misc":{"Escrito por":"Larissa Carvalho","Est. tempo de leitura":"5 minutos"},"schema":{"@context":"https:\/\/schema.org","@graph":[{"@type":"WebPage","@id":"https:\/\/www.correiobraziliense.com.br\/cbradar\/o-que-significa-se-uma-pessoa-dorme-vestida-segundo-a-psicologia-2\/","url":"https:\/\/www.correiobraziliense.com.br\/cbradar\/o-que-significa-se-uma-pessoa-dorme-vestida-segundo-a-psicologia-2\/","name":"O que significa se uma pessoa dorme vestida, segundo a psicologia","isPartOf":{"@id":"https:\/\/www.correiobraziliense.com.br\/cbradar\/#website"},"primaryImageOfPage":{"@id":"https:\/\/www.correiobraziliense.com.br\/cbradar\/o-que-significa-se-uma-pessoa-dorme-vestida-segundo-a-psicologia-2\/#primaryimage"},"image":{"@id":"https:\/\/www.correiobraziliense.com.br\/cbradar\/o-que-significa-se-uma-pessoa-dorme-vestida-segundo-a-psicologia-2\/#primaryimage"},"thumbnailUrl":"https:\/\/www.correiobraziliense.com.br\/cbradar\/wp-content\/uploads\/2025\/12\/freepik__faa-uma-imagem-realista-de-uma-pessoa-vestida-com-__95192-scaled.jpeg","datePublished":"2025-12-06T01:05:00+00:00","author":{"@id":"https:\/\/www.correiobraziliense.com.br\/cbradar\/#\/schema\/person\/58422787644df994b53a19d3e56c1513"},"description":"Durma melhor e cuide da sa\u00fade mental: descubra por que dormir com roupa de rua faz mal, o papel do pijama e dicas da psicologia","breadcrumb":{"@id":"https:\/\/www.correiobraziliense.com.br\/cbradar\/o-que-significa-se-uma-pessoa-dorme-vestida-segundo-a-psicologia-2\/#breadcrumb"},"inLanguage":"pt-BR","potentialAction":[{"@type":"ReadAction","target":["https:\/\/www.correiobraziliense.com.br\/cbradar\/o-que-significa-se-uma-pessoa-dorme-vestida-segundo-a-psicologia-2\/"]}]},{"@type":"ImageObject","inLanguage":"pt-BR","@id":"https:\/\/www.correiobraziliense.com.br\/cbradar\/o-que-significa-se-uma-pessoa-dorme-vestida-segundo-a-psicologia-2\/#primaryimage","url":"https:\/\/www.correiobraziliense.com.br\/cbradar\/wp-content\/uploads\/2025\/12\/freepik__faa-uma-imagem-realista-de-uma-pessoa-vestida-com-__95192-scaled.jpeg","contentUrl":"https:\/\/www.correiobraziliense.com.br\/cbradar\/wp-content\/uploads\/2025\/12\/freepik__faa-uma-imagem-realista-de-uma-pessoa-vestida-com-__95192-scaled.jpeg","width":2560,"height":1463,"caption":"Contato direto da pele com res\u00edduos de polui\u00e7\u00e3o pode aumentar irrita\u00e7\u00f5es e alergias"},{"@type":"BreadcrumbList","@id":"https:\/\/www.correiobraziliense.com.br\/cbradar\/o-que-significa-se-uma-pessoa-dorme-vestida-segundo-a-psicologia-2\/#breadcrumb","itemListElement":[{"@type":"ListItem","position":1,"name":"In\u00edcio","item":"https:\/\/www.correiobraziliense.com.br\/cbradar\/"},{"@type":"ListItem","position":2,"name":"O que significa se uma pessoa dorme vestida, segundo a psicologia"}]},{"@type":"WebSite","@id":"https:\/\/www.correiobraziliense.com.br\/cbradar\/#website","url":"https:\/\/www.correiobraziliense.com.br\/cbradar\/","name":"Correio Braziliense - Radar","description":"Acompanhe as \u00faltimas not\u00edcias e fique bem informado sobre tudo o que acontece no Brasil e no mundo.","potentialAction":[{"@type":"SearchAction","target":{"@type":"EntryPoint","urlTemplate":"https:\/\/www.correiobraziliense.com.br\/cbradar\/?s={search_term_string}"},"query-input":{"@type":"PropertyValueSpecification","valueRequired":true,"valueName":"search_term_string"}}],"inLanguage":"pt-BR"},{"@type":"Person","@id":"https:\/\/www.correiobraziliense.com.br\/cbradar\/#\/schema\/person\/58422787644df994b53a19d3e56c1513","name":"Larissa Carvalho","image":{"@type":"ImageObject","inLanguage":"pt-BR","@id":"https:\/\/www.correiobraziliense.com.br\/cbradar\/#\/schema\/person\/image\/","url":"https:\/\/secure.gravatar.com\/avatar\/fe4f91a0de32b52a838d0d612abdc1aa?s=96&d=mm&r=g","contentUrl":"https:\/\/secure.gravatar.com\/avatar\/fe4f91a0de32b52a838d0d612abdc1aa?s=96&d=mm&r=g","caption":"Larissa Carvalho"},"url":"https:\/\/www.correiobraziliense.com.br\/cbradar\/author\/larissamyth\/"}]}},"_links":{"self":[{"href":"https:\/\/www.correiobraziliense.com.br\/cbradar\/wp-json\/wp\/v2\/posts\/149540","targetHints":{"allow":["GET"]}}],"collection":[{"href":"https:\/\/www.correiobraziliense.com.br\/cbradar\/wp-json\/wp\/v2\/posts"}],"about":[{"href":"https:\/\/www.correiobraziliense.com.br\/cbradar\/wp-json\/wp\/v2\/types\/post"}],"author":[{"embeddable":true,"href":"https:\/\/www.correiobraziliense.com.br\/cbradar\/wp-json\/wp\/v2\/users\/3"}],"replies":[{"embeddable":true,"href":"https:\/\/www.correiobraziliense.com.br\/cbradar\/wp-json\/wp\/v2\/comments?post=149540"}],"version-history":[{"count":4,"href":"https:\/\/www.correiobraziliense.com.br\/cbradar\/wp-json\/wp\/v2\/posts\/149540\/revisions"}],"predecessor-version":[{"id":149895,"href":"https:\/\/www.correiobraziliense.com.br\/cbradar\/wp-json\/wp\/v2\/posts\/149540\/revisions\/149895"}],"wp:featuredmedia":[{"embeddable":true,"href":"https:\/\/www.correiobraziliense.com.br\/cbradar\/wp-json\/wp\/v2\/media\/149916"}],"wp:attachment":[{"href":"https:\/\/www.correiobraziliense.com.br\/cbradar\/wp-json\/wp\/v2\/media?parent=149540"}],"wp:term":[{"taxonomy":"category","embeddable":true,"href":"https:\/\/www.correiobraziliense.com.br\/cbradar\/wp-json\/wp\/v2\/categories?post=149540"},{"taxonomy":"post_tag","embeddable":true,"href":"https:\/\/www.correiobraziliense.com.br\/cbradar\/wp-json\/wp\/v2\/tags?post=149540"}],"curies":[{"name":"wp","href":"https:\/\/api.w.org\/{rel}","templated":true}]}}