{"id":149567,"date":"2025-12-04T17:35:00","date_gmt":"2025-12-04T20:35:00","guid":{"rendered":"https:\/\/www.correiobraziliense.com.br\/cbradar\/?p=149567"},"modified":"2025-12-03T17:18:33","modified_gmt":"2025-12-03T20:18:33","slug":"a-frase-antiga-que-esta-ressurgindo-nas-redes-com-um-motivo-forte-por-tras-o-que-significa-conheca-cogito-ergo-sum-e-sua-filosofia","status":"publish","type":"post","link":"https:\/\/www.correiobraziliense.com.br\/cbradar\/a-frase-antiga-que-esta-ressurgindo-nas-redes-com-um-motivo-forte-por-tras-o-que-significa-conheca-cogito-ergo-sum-e-sua-filosofia\/","title":{"rendered":"A frase antiga que est\u00e1 ressurgindo nas redes com um motivo forte por tr\u00e1s, o que significa, conhe\u00e7a \u201ccogito, ergo sum\u201d e sua filosofia"},"content":{"rendered":"\n<p>A frase latina <strong>\u201ccogito, ergo sum\u201d<\/strong> \u201cpenso, logo existo\u201d, <a href=\"https:\/\/www.correiobraziliense.com.br\/cbradar\/o-que-aristoteles-entendia-como-excelencia-e-por-que-isso-ainda-influencia-a-vida-moderna\/\" target=\"_blank\" rel=\"noreferrer noopener\">\u00e9 uma das mais conhecidas da filosofia<\/a>. Em 2025, ela volta a circular nas redes sociais e em conte\u00fados de educa\u00e7\u00e3o justamente porque expressa, de forma simples, a base do pensamento moderno. Criada pelo fil\u00f3sofo franc\u00eas Ren\u00e9 Descartes no s\u00e9culo XVII, a express\u00e3o resume a ideia de que a pr\u00f3pria capacidade de pensar \u00e9 a \u00fanica certeza absoluta do ser humano.<\/p>\n\n\n\n<h2 class=\"wp-block-heading\">O que Descartes quis dizer com \u201cpenso, logo existo\u201d<\/h2>\n\n\n\n<p>Descartes viveu um per\u00edodo de transforma\u00e7\u00f5es intelectuais e buscava um ponto de partida seguro para o conhecimento. Ele questionou tudo o que podia ser duvidado, cren\u00e7as, percep\u00e7\u00f5es, tradi\u00e7\u00f5es e at\u00e9 os sentidos. A \u00fanica coisa que resistiu a essa d\u00favida radical foi o fato de que, enquanto duvidava, ele estava pensando. E se pensava, n\u00e3o podia negar sua pr\u00f3pria exist\u00eancia.<\/p>\n\n\n\n<p>Assim, a frase marca o momento em que a consci\u00eancia individual se torna fundamento do saber.<\/p>\n\n\n\n<figure class=\"wp-block-image size-large\"><img decoding=\"async\" width=\"1024\" height=\"576\" src=\"https:\/\/www.correiobraziliense.com.br\/cbradar\/wp-content\/uploads\/2025\/12\/Aristotle_1764702485285-1024x576.jpg\" alt=\"A frase antiga que est\u00e1 ressurgindo nas redes com um motivo forte por tr\u00e1s, o que significa, conhe\u00e7a \u201ccogito, ergo sum\u201d e sua filosofia\" class=\"wp-image-148870\" srcset=\"https:\/\/www.correiobraziliense.com.br\/cbradar\/wp-content\/uploads\/2025\/12\/Aristotle_1764702485285-1024x576.jpg 1024w, https:\/\/www.correiobraziliense.com.br\/cbradar\/wp-content\/uploads\/2025\/12\/Aristotle_1764702485285-300x169.jpg 300w, https:\/\/www.correiobraziliense.com.br\/cbradar\/wp-content\/uploads\/2025\/12\/Aristotle_1764702485285-768x432.jpg 768w, https:\/\/www.correiobraziliense.com.br\/cbradar\/wp-content\/uploads\/2025\/12\/Aristotle_1764702485285-750x422.jpg 750w, https:\/\/www.correiobraziliense.com.br\/cbradar\/wp-content\/uploads\/2025\/12\/Aristotle_1764702485285-1140x641.jpg 1140w, https:\/\/www.correiobraziliense.com.br\/cbradar\/wp-content\/uploads\/2025\/12\/Aristotle_1764702485285.jpg 1280w\" sizes=\"(max-width: 1024px) 100vw, 1024px\" \/><figcaption class=\"wp-element-caption\">um per\u00edodo de transforma\u00e7\u00f5es intelectuais e buscava um ponto de partida seguro para o conhecimento &#8211; Cr\u00e9ditos: depositphotos.com \/ kefca<\/figcaption><\/figure>\n\n\n\n<h2 class=\"wp-block-heading\">Por que a ideia ganhou for\u00e7a no mundo atual<\/h2>\n\n\n\n<p>Em 2025, a popularidade da express\u00e3o cresce por causa das discuss\u00f5es sobre identidade, tecnologia e autoconhecimento. A frase reaparece em debates sobre intelig\u00eancia artificial, j\u00e1 que coloca em evid\u00eancia a diferen\u00e7a entre pensar, existir e ter consci\u00eancia, temas centrais nas conversas sobre algoritmos e m\u00e1quinas que imitam o racioc\u00ednio humano.<\/p>\n\n\n\n<p>Al\u00e9m disso, a busca por prop\u00f3sito e sentido tamb\u00e9m resgata o princ\u00edpio cartesiano como ponto de reflex\u00e3o: a consci\u00eancia de si \u00e9, para muitos, o primeiro passo para construir escolhas mais s\u00f3lidas.<\/p>\n\n\n\n<p>Abaixo, um v\u00eddeo por <strong>mariabaderna_ <\/strong>no TikTok:<\/p>\n\n\n\n<figure class=\"wp-block-embed is-type-video is-provider-tiktok wp-block-embed-tiktok\"><div class=\"wp-block-embed__wrapper\">\n<blockquote class=\"tiktok-embed\" cite=\"https:\/\/www.tiktok.com\/@mariabaderna_\/video\/7341798395973078277\" data-video-id=\"7341798395973078277\" data-embed-from=\"oembed\" style=\"max-width:605px; min-width:325px;\"> <section> <a target=\"_blank\" title=\"@mariabaderna_\" href=\"https:\/\/www.tiktok.com\/@mariabaderna_?refer=embed\">@mariabaderna_<\/a> <p>Ren\u00e9 <a title=\"estudos\ud83d\udcda\" target=\"_blank\" href=\"https:\/\/www.tiktok.com\/tag\/estudos%F0%9F%93%9A?refer=embed\">#estudos\ud83d\udcda<\/a> <a title=\"filosofia\" target=\"_blank\" href=\"https:\/\/www.tiktok.com\/tag\/filosofia?refer=embed\">#filosofia<\/a> <a title=\"renedescartes\" target=\"_blank\" href=\"https:\/\/www.tiktok.com\/tag\/renedescartes?refer=embed\">#renedescartes<\/a> <a title=\"descartes\" target=\"_blank\" href=\"https:\/\/www.tiktok.com\/tag\/descartes?refer=embed\">#descartes<\/a> <a title=\"filosofiamoderna\" target=\"_blank\" href=\"https:\/\/www.tiktok.com\/tag\/filosofiamoderna?refer=embed\">#filosofiamoderna<\/a> <a title=\"cogitoergosum\" target=\"_blank\" href=\"https:\/\/www.tiktok.com\/tag\/cogitoergosum?refer=embed\">#cogitoergosum<\/a> <\/p> <a target=\"_blank\" title=\"\u266c som original - Maria Baderna\" href=\"https:\/\/www.tiktok.com\/music\/som-original-7341798418638048006?refer=embed\">\u266c som original &#8211; Maria Baderna<\/a> <\/section> <\/blockquote> <script async src=\"https:\/\/www.tiktok.com\/embed.js\"><\/script>\n<\/div><\/figure>\n\n\n\n<h2 class=\"wp-block-heading\">Como a frase influencia a filosofia e a ci\u00eancia<\/h2>\n\n\n\n<p>\u201cPenso, logo existo\u201d \u00e9 considerada o marco inicial do racionalismo moderno. A partir dela, Descartes desenvolveu m\u00e9todos de investiga\u00e7\u00e3o que influenciaram a matem\u00e1tica, a f\u00edsica e a pr\u00f3pria ci\u00eancia contempor\u00e2nea. A ideia de que o sujeito deve examinar e comprovar racionalmente suas cren\u00e7as se tornou base do m\u00e9todo cient\u00edfico.<\/p>\n\n\n\n<p>A frase tamb\u00e9m impacta estudos sobre mente e consci\u00eancia, sendo discutida at\u00e9 hoje em psicologia, neuroci\u00eancia e epistemologia.<\/p>\n\n\n\n<figure class=\"wp-block-image size-large\"><img decoding=\"async\" width=\"1024\" height=\"576\" src=\"https:\/\/www.correiobraziliense.com.br\/cbradar\/wp-content\/uploads\/2025\/12\/books_1764710500589-1024x576.jpg\" alt=\"A frase antiga que est\u00e1 ressurgindo nas redes com um motivo forte por tr\u00e1s, o que significa, conhe\u00e7a \u201ccogito, ergo sum\u201d e sua filosofia\" class=\"wp-image-148962\" srcset=\"https:\/\/www.correiobraziliense.com.br\/cbradar\/wp-content\/uploads\/2025\/12\/books_1764710500589-1024x576.jpg 1024w, https:\/\/www.correiobraziliense.com.br\/cbradar\/wp-content\/uploads\/2025\/12\/books_1764710500589-300x169.jpg 300w, https:\/\/www.correiobraziliense.com.br\/cbradar\/wp-content\/uploads\/2025\/12\/books_1764710500589-768x432.jpg 768w, https:\/\/www.correiobraziliense.com.br\/cbradar\/wp-content\/uploads\/2025\/12\/books_1764710500589-750x422.jpg 750w, https:\/\/www.correiobraziliense.com.br\/cbradar\/wp-content\/uploads\/2025\/12\/books_1764710500589-1140x641.jpg 1140w, https:\/\/www.correiobraziliense.com.br\/cbradar\/wp-content\/uploads\/2025\/12\/books_1764710500589.jpg 1280w\" sizes=\"(max-width: 1024px) 100vw, 1024px\" \/><figcaption class=\"wp-element-caption\">A ideia de que o sujeito deve examinar e comprovar racionalmente suas cren\u00e7as se tornou base do m\u00e9todo cient\u00edfico &#8211; Cr\u00e9ditos: depositphotos.com \/ KostyaKlimenko<\/figcaption><\/figure>\n\n\n\n<h2 class=\"wp-block-heading\">Por que a frase continua relevante no dia a dia<\/h2>\n\n\n\n<p>A for\u00e7a da express\u00e3o est\u00e1 em lembrar que a reflex\u00e3o \u00e9 um instrumento de autonomia. Em um ambiente de excesso de informa\u00e7\u00e3o, opini\u00f5es prontas e julgamentos r\u00e1pidos, o pensamento consciente funciona como b\u00fassola. Para muitos especialistas, o legado de Descartes \u00e9 incentivar que cada pessoa observe, questione e compreenda a pr\u00f3pria experi\u00eancia antes de aceitar verdades externas.<\/p>\n\n\n\n<p>Por isso, a frase segue ultrapassando s\u00e9culos: ela confirma que a consci\u00eancia \u00e9 o ponto de partida de toda exist\u00eancia significativa.<\/p>\n","protected":false},"excerpt":{"rendered":"<p>A frase latina \u201ccogito, ergo sum\u201d \u201cpenso, logo existo\u201d, \u00e9 uma das mais conhecidas da filosofia. Em 2025, ela volta a circular nas redes sociais e em conte\u00fados de educa\u00e7\u00e3o justamente porque expressa, de forma simples, a base do pensamento moderno. Criada pelo fil\u00f3sofo franc\u00eas Ren\u00e9 Descartes no s\u00e9culo XVII, a express\u00e3o resume a ideia [&hellip;]<\/p>\n","protected":false},"author":18,"featured_media":149569,"comment_status":"open","ping_status":"open","sticky":false,"template":"","format":"standard","meta":{"_yoast_wpseo_focuskw":"significado de cogito ergo sum","_yoast_wpseo_title":"","_yoast_wpseo_metadesc":"Penso, logo existo \u00e9 mais que uma frase famosa. Entenda por que ela voltou a inspirar discuss\u00f5es sobre prop\u00f3sito, mente e tecnologia em 2025.","jnews-multi-image_gallery":[],"jnews_single_post":{"format":"standard"},"jnews_primary_category":[],"jnews_social_meta":[],"jnews_override_counter":[],"footnotes":""},"categories":[112],"post_tag":[736,12262,5078,12263],"class_list":["post-149567","post","type-post","status-publish","format-standard","has-post-thumbnail","hentry","category-curiosidades","tag-ciencia","tag-descartes","tag-filosofia","tag-influencia"],"yoast_head":"<!-- This site is optimized with the Yoast SEO plugin v24.6 - https:\/\/yoast.com\/wordpress\/plugins\/seo\/ -->\n<title>A frase antiga que est\u00e1 ressurgindo nas redes com um motivo forte por tr\u00e1s, o que significa, conhe\u00e7a \u201ccogito, ergo sum\u201d e sua filosofia - Correio Braziliense - Radar<\/title>\n<meta name=\"description\" content=\"Penso, logo existo \u00e9 mais que uma frase famosa. Entenda por que ela voltou a inspirar discuss\u00f5es sobre prop\u00f3sito, mente e tecnologia em 2025.\" \/>\n<meta name=\"robots\" content=\"index, follow, max-snippet:-1, max-image-preview:large, max-video-preview:-1\" \/>\n<link rel=\"canonical\" href=\"https:\/\/www.correiobraziliense.com.br\/cbradar\/a-frase-antiga-que-esta-ressurgindo-nas-redes-com-um-motivo-forte-por-tras-o-que-significa-conheca-cogito-ergo-sum-e-sua-filosofia\/\" \/>\n<meta property=\"og:locale\" content=\"pt_BR\" \/>\n<meta property=\"og:type\" content=\"article\" \/>\n<meta property=\"og:title\" content=\"A frase antiga que est\u00e1 ressurgindo nas redes com um motivo forte por tr\u00e1s, o que significa, conhe\u00e7a \u201ccogito, ergo sum\u201d e sua filosofia - Correio Braziliense - Radar\" \/>\n<meta property=\"og:description\" content=\"Penso, logo existo \u00e9 mais que uma frase famosa. Entenda por que ela voltou a inspirar discuss\u00f5es sobre prop\u00f3sito, mente e tecnologia em 2025.\" \/>\n<meta property=\"og:url\" content=\"https:\/\/www.correiobraziliense.com.br\/cbradar\/a-frase-antiga-que-esta-ressurgindo-nas-redes-com-um-motivo-forte-por-tras-o-que-significa-conheca-cogito-ergo-sum-e-sua-filosofia\/\" \/>\n<meta property=\"og:site_name\" content=\"Correio Braziliense - Radar\" \/>\n<meta property=\"article:published_time\" content=\"2025-12-04T20:35:00+00:00\" \/>\n<meta property=\"og:image\" content=\"https:\/\/www.correiobraziliense.com.br\/cbradar\/wp-content\/uploads\/2025\/12\/descartes_1764792887116.jpg\" \/>\n\t<meta property=\"og:image:width\" content=\"1280\" \/>\n\t<meta property=\"og:image:height\" content=\"720\" \/>\n\t<meta property=\"og:image:type\" content=\"image\/jpeg\" \/>\n<meta name=\"author\" content=\"Maria Eduarda Pacheco\" \/>\n<meta name=\"twitter:card\" content=\"summary_large_image\" \/>\n<meta name=\"twitter:label1\" content=\"Escrito por\" \/>\n\t<meta name=\"twitter:data1\" content=\"Maria Eduarda Pacheco\" \/>\n\t<meta name=\"twitter:label2\" content=\"Est. tempo de leitura\" \/>\n\t<meta name=\"twitter:data2\" content=\"4 minutos\" \/>\n<!-- \/ Yoast SEO plugin. -->","yoast_head_json":{"title":"A frase antiga que est\u00e1 ressurgindo nas redes com um motivo forte por tr\u00e1s, o que significa, conhe\u00e7a \u201ccogito, ergo sum\u201d e sua filosofia - Correio Braziliense - Radar","description":"Penso, logo existo \u00e9 mais que uma frase famosa. Entenda por que ela voltou a inspirar discuss\u00f5es sobre prop\u00f3sito, mente e tecnologia em 2025.","robots":{"index":"index","follow":"follow","max-snippet":"max-snippet:-1","max-image-preview":"max-image-preview:large","max-video-preview":"max-video-preview:-1"},"canonical":"https:\/\/www.correiobraziliense.com.br\/cbradar\/a-frase-antiga-que-esta-ressurgindo-nas-redes-com-um-motivo-forte-por-tras-o-que-significa-conheca-cogito-ergo-sum-e-sua-filosofia\/","og_locale":"pt_BR","og_type":"article","og_title":"A frase antiga que est\u00e1 ressurgindo nas redes com um motivo forte por tr\u00e1s, o que significa, conhe\u00e7a \u201ccogito, ergo sum\u201d e sua filosofia - Correio Braziliense - Radar","og_description":"Penso, logo existo \u00e9 mais que uma frase famosa. Entenda por que ela voltou a inspirar discuss\u00f5es sobre prop\u00f3sito, mente e tecnologia em 2025.","og_url":"https:\/\/www.correiobraziliense.com.br\/cbradar\/a-frase-antiga-que-esta-ressurgindo-nas-redes-com-um-motivo-forte-por-tras-o-que-significa-conheca-cogito-ergo-sum-e-sua-filosofia\/","og_site_name":"Correio Braziliense - Radar","article_published_time":"2025-12-04T20:35:00+00:00","og_image":[{"width":1280,"height":720,"url":"https:\/\/www.correiobraziliense.com.br\/cbradar\/wp-content\/uploads\/2025\/12\/descartes_1764792887116.jpg","type":"image\/jpeg"}],"author":"Maria Eduarda Pacheco","twitter_card":"summary_large_image","twitter_misc":{"Escrito por":"Maria Eduarda Pacheco","Est. tempo de leitura":"4 minutos"},"schema":{"@context":"https:\/\/schema.org","@graph":[{"@type":"WebPage","@id":"https:\/\/www.correiobraziliense.com.br\/cbradar\/a-frase-antiga-que-esta-ressurgindo-nas-redes-com-um-motivo-forte-por-tras-o-que-significa-conheca-cogito-ergo-sum-e-sua-filosofia\/","url":"https:\/\/www.correiobraziliense.com.br\/cbradar\/a-frase-antiga-que-esta-ressurgindo-nas-redes-com-um-motivo-forte-por-tras-o-que-significa-conheca-cogito-ergo-sum-e-sua-filosofia\/","name":"A frase antiga que est\u00e1 ressurgindo nas redes com um motivo forte por tr\u00e1s, o que significa, conhe\u00e7a \u201ccogito, ergo sum\u201d e sua filosofia - Correio Braziliense - Radar","isPartOf":{"@id":"https:\/\/www.correiobraziliense.com.br\/cbradar\/#website"},"primaryImageOfPage":{"@id":"https:\/\/www.correiobraziliense.com.br\/cbradar\/a-frase-antiga-que-esta-ressurgindo-nas-redes-com-um-motivo-forte-por-tras-o-que-significa-conheca-cogito-ergo-sum-e-sua-filosofia\/#primaryimage"},"image":{"@id":"https:\/\/www.correiobraziliense.com.br\/cbradar\/a-frase-antiga-que-esta-ressurgindo-nas-redes-com-um-motivo-forte-por-tras-o-que-significa-conheca-cogito-ergo-sum-e-sua-filosofia\/#primaryimage"},"thumbnailUrl":"https:\/\/www.correiobraziliense.com.br\/cbradar\/wp-content\/uploads\/2025\/12\/descartes_1764792887116.jpg","datePublished":"2025-12-04T20:35:00+00:00","author":{"@id":"https:\/\/www.correiobraziliense.com.br\/cbradar\/#\/schema\/person\/6fdd694c4c0d658f15df15f390ddf066"},"description":"Penso, logo existo \u00e9 mais que uma frase famosa. Entenda por que ela voltou a inspirar discuss\u00f5es sobre prop\u00f3sito, mente e tecnologia em 2025.","breadcrumb":{"@id":"https:\/\/www.correiobraziliense.com.br\/cbradar\/a-frase-antiga-que-esta-ressurgindo-nas-redes-com-um-motivo-forte-por-tras-o-que-significa-conheca-cogito-ergo-sum-e-sua-filosofia\/#breadcrumb"},"inLanguage":"pt-BR","potentialAction":[{"@type":"ReadAction","target":["https:\/\/www.correiobraziliense.com.br\/cbradar\/a-frase-antiga-que-esta-ressurgindo-nas-redes-com-um-motivo-forte-por-tras-o-que-significa-conheca-cogito-ergo-sum-e-sua-filosofia\/"]}]},{"@type":"ImageObject","inLanguage":"pt-BR","@id":"https:\/\/www.correiobraziliense.com.br\/cbradar\/a-frase-antiga-que-esta-ressurgindo-nas-redes-com-um-motivo-forte-por-tras-o-que-significa-conheca-cogito-ergo-sum-e-sua-filosofia\/#primaryimage","url":"https:\/\/www.correiobraziliense.com.br\/cbradar\/wp-content\/uploads\/2025\/12\/descartes_1764792887116.jpg","contentUrl":"https:\/\/www.correiobraziliense.com.br\/cbradar\/wp-content\/uploads\/2025\/12\/descartes_1764792887116.jpg","width":1280,"height":720,"caption":"A frase latina \u201ccogito, ergo sum\u201d \u201cpenso, logo existo\u201d, \u00e9 uma das mais conhecidas da filosofia - Cr\u00e9ditos: depositphotos.com \/ APHONUA"},{"@type":"BreadcrumbList","@id":"https:\/\/www.correiobraziliense.com.br\/cbradar\/a-frase-antiga-que-esta-ressurgindo-nas-redes-com-um-motivo-forte-por-tras-o-que-significa-conheca-cogito-ergo-sum-e-sua-filosofia\/#breadcrumb","itemListElement":[{"@type":"ListItem","position":1,"name":"In\u00edcio","item":"https:\/\/www.correiobraziliense.com.br\/cbradar\/"},{"@type":"ListItem","position":2,"name":"A frase antiga que est\u00e1 ressurgindo nas redes com um motivo forte por tr\u00e1s, o que significa, conhe\u00e7a \u201ccogito, ergo sum\u201d e sua filosofia"}]},{"@type":"WebSite","@id":"https:\/\/www.correiobraziliense.com.br\/cbradar\/#website","url":"https:\/\/www.correiobraziliense.com.br\/cbradar\/","name":"Correio Braziliense - Radar","description":"Acompanhe as \u00faltimas not\u00edcias e fique bem informado sobre tudo o que acontece no Brasil e no mundo.","potentialAction":[{"@type":"SearchAction","target":{"@type":"EntryPoint","urlTemplate":"https:\/\/www.correiobraziliense.com.br\/cbradar\/?s={search_term_string}"},"query-input":{"@type":"PropertyValueSpecification","valueRequired":true,"valueName":"search_term_string"}}],"inLanguage":"pt-BR"},{"@type":"Person","@id":"https:\/\/www.correiobraziliense.com.br\/cbradar\/#\/schema\/person\/6fdd694c4c0d658f15df15f390ddf066","name":"Maria Eduarda Pacheco","image":{"@type":"ImageObject","inLanguage":"pt-BR","@id":"https:\/\/www.correiobraziliense.com.br\/cbradar\/#\/schema\/person\/image\/","url":"https:\/\/secure.gravatar.com\/avatar\/f72a487b26fdeec08ba4868875ea328e?s=96&d=mm&r=g","contentUrl":"https:\/\/secure.gravatar.com\/avatar\/f72a487b26fdeec08ba4868875ea328e?s=96&d=mm&r=g","caption":"Maria Eduarda Pacheco"},"sameAs":["https:\/\/www.correiobraziliense.com.br\/cbradar\/"],"url":"https:\/\/www.correiobraziliense.com.br\/cbradar\/author\/maria-eduarda\/"}]}},"_links":{"self":[{"href":"https:\/\/www.correiobraziliense.com.br\/cbradar\/wp-json\/wp\/v2\/posts\/149567","targetHints":{"allow":["GET"]}}],"collection":[{"href":"https:\/\/www.correiobraziliense.com.br\/cbradar\/wp-json\/wp\/v2\/posts"}],"about":[{"href":"https:\/\/www.correiobraziliense.com.br\/cbradar\/wp-json\/wp\/v2\/types\/post"}],"author":[{"embeddable":true,"href":"https:\/\/www.correiobraziliense.com.br\/cbradar\/wp-json\/wp\/v2\/users\/18"}],"replies":[{"embeddable":true,"href":"https:\/\/www.correiobraziliense.com.br\/cbradar\/wp-json\/wp\/v2\/comments?post=149567"}],"version-history":[{"count":1,"href":"https:\/\/www.correiobraziliense.com.br\/cbradar\/wp-json\/wp\/v2\/posts\/149567\/revisions"}],"predecessor-version":[{"id":149571,"href":"https:\/\/www.correiobraziliense.com.br\/cbradar\/wp-json\/wp\/v2\/posts\/149567\/revisions\/149571"}],"wp:featuredmedia":[{"embeddable":true,"href":"https:\/\/www.correiobraziliense.com.br\/cbradar\/wp-json\/wp\/v2\/media\/149569"}],"wp:attachment":[{"href":"https:\/\/www.correiobraziliense.com.br\/cbradar\/wp-json\/wp\/v2\/media?parent=149567"}],"wp:term":[{"taxonomy":"category","embeddable":true,"href":"https:\/\/www.correiobraziliense.com.br\/cbradar\/wp-json\/wp\/v2\/categories?post=149567"},{"taxonomy":"post_tag","embeddable":true,"href":"https:\/\/www.correiobraziliense.com.br\/cbradar\/wp-json\/wp\/v2\/post_tag?post=149567"}],"curies":[{"name":"wp","href":"https:\/\/api.w.org\/{rel}","templated":true}]}}