{"id":14959,"date":"2025-03-23T18:10:00","date_gmt":"2025-03-23T21:10:00","guid":{"rendered":"https:\/\/www.correiobraziliense.com.br\/cbradar\/?p=14959"},"modified":"2025-03-22T16:55:00","modified_gmt":"2025-03-22T19:55:00","slug":"serie-sobre-o-primeiro-grande-chef-famoso-ganha-trailer","status":"publish","type":"post","link":"https:\/\/www.correiobraziliense.com.br\/cbradar\/serie-sobre-o-primeiro-grande-chef-famoso-ganha-trailer\/","title":{"rendered":"S\u00e9rie sobre o primeiro grande chef famoso ganha trailer"},"content":{"rendered":"\n<p><strong>Antonin Car\u00eame <\/strong>\u00e9 amplamente reconhecido como o primeiro chef famoso da hist\u00f3ria, uma figura que transformou a culin\u00e1ria em uma forma de arte e elevou o status dos chefs ao longo do s\u00e9culo XIX. Nascido em Paris, em 1784, Car\u00eame superou suas origens humildes para se tornar uma lenda na gastronomia europeia, especialmente durante a era napole\u00f4nica. Sua vida e carreira s\u00e3o temas de fasc\u00ednio, n\u00e3o apenas por suas contribui\u00e7\u00f5es culin\u00e1rias, mas tamb\u00e9m por sua habilidade em navegar pelos complexos c\u00edrculos sociais e pol\u00edticos de sua \u00e9poca.<\/p>\n\n\n\n<p>Car\u00eame come\u00e7ou sua jornada no mundo da culin\u00e1ria como aprendiz em uma p\u00e2tisserie em <strong>Paris<\/strong>. Sua dedica\u00e7\u00e3o e talento logo chamaram a aten\u00e7\u00e3o, permitindo-lhe trabalhar em algumas das cozinhas mais prestigiadas da <strong>Europa<\/strong>. Sua habilidade em criar pratos visualmente deslumbrantes e saborosos o destacou de seus contempor\u00e2neos, tornando-o uma figura central na evolu\u00e7\u00e3o da alta gastronomia. Al\u00e9m de suas cria\u00e7\u00f5es culin\u00e1rias, Car\u00eame tamb\u00e9m \u00e9 lembrado por seus escritos, que documentaram t\u00e9cnicas e receitas que ainda influenciam chefs ao redor do mundo.<\/p>\n\n\n\n<h2 class=\"wp-block-heading\"><strong>Como Antonin Car\u00eame transformou a culin\u00e1ria?<\/strong><\/h2>\n\n\n\n<p>Antonin Car\u00eame n\u00e3o apenas elevou a culin\u00e1ria a um novo patamar, mas tamb\u00e9m introduziu conceitos que s\u00e3o fundamentais na gastronomia moderna. Ele \u00e9 frequentemente creditado por popularizar o uso de molhos sofisticados e t\u00e9cnicas de apresenta\u00e7\u00e3o que destacavam a est\u00e9tica dos pratos. Car\u00eame acreditava que a apresenta\u00e7\u00e3o era t\u00e3o importante quanto o sabor, uma filosofia que continua a influenciar chefs at\u00e9 hoje.<\/p>\n\n\n\n<p>Al\u00e9m disso, Car\u00eame foi um dos primeiros a compilar suas receitas e t\u00e9cnicas em livros, contribuindo para a padroniza\u00e7\u00e3o e dissemina\u00e7\u00e3o do conhecimento culin\u00e1rio. Suas obras, como &#8220;<strong>L&#8217;Art de la Cuisine Fran\u00e7aise<\/strong>&#8220;, s\u00e3o consideradas marcos na literatura gastron\u00f4mica. Ele tamb\u00e9m introduziu a ideia de menus sazonais, utilizando ingredientes frescos e locais, um conceito que ressoa fortemente com as pr\u00e1ticas culin\u00e1rias contempor\u00e2neas.<\/p>\n\n\n\n<iframe loading=\"lazy\" width=\"560\" height=\"315\" src=\"https:\/\/www.youtube.com\/embed\/-d4aZI-S0S0?si=Q8AMvutHYINjE-CB\" title=\"YouTube video player\" frameborder=\"0\" allow=\"accelerometer; autoplay; clipboard-write; encrypted-media; gyroscope; picture-in-picture; web-share\" referrerpolicy=\"strict-origin-when-cross-origin\" allowfullscreen><\/iframe>\n\n\n\n<h2 class=\"wp-block-heading\"><strong>Qual foi o impacto de Car\u00eame na sociedade e pol\u00edtica?<\/strong><\/h2>\n\n\n\n<p>O impacto de Car\u00eame transcendeu a cozinha, alcan\u00e7ando as esferas sociais e pol\u00edticas de sua \u00e9poca. Seu talento culin\u00e1rio o levou a servir para figuras poderosas, incluindo Napole\u00e3o Bonaparte e o czar Alexandre I da R\u00fassia. Sua habilidade em agradar paladares exigentes fez dele uma figura influente, capaz de navegar entre a elite europeia com facilidade.<\/p>\n\n\n\n<p>Car\u00eame tamb\u00e9m desempenhou um papel indireto na diplomacia, usando suas cria\u00e7\u00f5es culin\u00e1rias para facilitar intera\u00e7\u00f5es entre l\u00edderes pol\u00edticos. Sua capacidade de criar banquetes impressionantes ajudou a suavizar negocia\u00e7\u00f5es e fortalecer alian\u00e7as, demonstrando o poder da culin\u00e1ria como uma ferramenta diplom\u00e1tica. Assim, Car\u00eame n\u00e3o apenas moldou a gastronomia, mas tamb\u00e9m influenciou o cen\u00e1rio pol\u00edtico de sua \u00e9poca.<\/p>\n\n\n\n<figure class=\"wp-block-image size-large\"><img decoding=\"async\" width=\"1024\" height=\"576\" src=\"https:\/\/www.correiobraziliense.com.br\/cbradar\/wp-content\/uploads\/2025\/03\/Careme-1024x576.png\" alt=\"S\u00e9rie sobre o primeiro grande chef famoso ganha trailer\" class=\"wp-image-14960\" srcset=\"https:\/\/www.correiobraziliense.com.br\/cbradar\/wp-content\/uploads\/2025\/03\/Careme-1024x576.png 1024w, https:\/\/www.correiobraziliense.com.br\/cbradar\/wp-content\/uploads\/2025\/03\/Careme-300x169.png 300w, https:\/\/www.correiobraziliense.com.br\/cbradar\/wp-content\/uploads\/2025\/03\/Careme-768x432.png 768w, https:\/\/www.correiobraziliense.com.br\/cbradar\/wp-content\/uploads\/2025\/03\/Careme-750x422.png 750w, https:\/\/www.correiobraziliense.com.br\/cbradar\/wp-content\/uploads\/2025\/03\/Careme-1140x641.png 1140w, https:\/\/www.correiobraziliense.com.br\/cbradar\/wp-content\/uploads\/2025\/03\/Careme.png 1280w\" sizes=\"(max-width: 1024px) 100vw, 1024px\" \/><figcaption class=\"wp-element-caption\">Car\u00eame. Fonte: divulga\u00e7\u00e3o \/ AppleTV<\/figcaption><\/figure>\n\n\n\n<h2 class=\"wp-block-heading\"><strong>Legado de Antonin Car\u00eame na culin\u00e1ria moderna<\/strong><\/h2>\n\n\n\n<p>O legado de Antonin Car\u00eame na culin\u00e1ria moderna \u00e9 ineg\u00e1vel. Ele \u00e9 frequentemente referido como o &#8220;rei dos chefs e chef dos reis&#8221;, um t\u00edtulo que reflete sua influ\u00eancia duradoura na gastronomia. Suas inova\u00e7\u00f5es e filosofia continuam a inspirar chefs em todo o mundo, e sua abordagem meticulosa \u00e0 culin\u00e1ria estabeleceu padr\u00f5es que ainda s\u00e3o seguidos hoje.<\/p>\n\n\n\n<p>Al\u00e9m de suas contribui\u00e7\u00f5es t\u00e9cnicas, Car\u00eame tamb\u00e9m ajudou a elevar o status dos chefs, transformando a percep\u00e7\u00e3o p\u00fablica da profiss\u00e3o. Ele demonstrou que a culin\u00e1ria poderia ser uma forma de arte respeit\u00e1vel, digna de admira\u00e7\u00e3o e estudo. Como resultado, Car\u00eame abriu caminho para gera\u00e7\u00f5es de chefs que o seguiram, solidificando seu lugar na hist\u00f3ria como um verdadeiro pioneiro da culin\u00e1ria moderna.<\/p>\n","protected":false},"excerpt":{"rendered":"<p>Descubra a vida e a revolu\u00e7\u00e3o culin\u00e1ria de Antonin Car\u00eame, o primeiro chef famoso da hist\u00f3ria. <\/p>\n","protected":false},"author":3,"featured_media":14961,"comment_status":"open","ping_status":"open","sticky":false,"template":"","format":"standard","meta":{"_yoast_wpseo_focuskw":"s\u00e9rie chef famoso","_yoast_wpseo_title":"%%title%%","_yoast_wpseo_metadesc":"Descubra a vida e a revolu\u00e7\u00e3o culin\u00e1ria de Antonin Car\u00eame, o primeiro chef famoso da hist\u00f3ria.","jnews-multi-image_gallery":[],"jnews_single_post":{"format":"standard"},"jnews_primary_category":[],"jnews_social_meta":[],"jnews_override_counter":[],"footnotes":""},"categories":[140],"tags":[2320],"class_list":["post-14959","post","type-post","status-publish","format-standard","has-post-thumbnail","hentry","category-entretenimento","tag-chef-de-cozinha"],"yoast_head":"<!-- This site is optimized with the Yoast SEO plugin v24.6 - https:\/\/yoast.com\/wordpress\/plugins\/seo\/ -->\n<title>S\u00e9rie sobre o primeiro grande chef famoso ganha trailer<\/title>\n<meta name=\"description\" content=\"Descubra a vida e a revolu\u00e7\u00e3o culin\u00e1ria de Antonin Car\u00eame, o primeiro chef famoso da hist\u00f3ria.\" \/>\n<meta name=\"robots\" content=\"index, follow, max-snippet:-1, max-image-preview:large, max-video-preview:-1\" \/>\n<link rel=\"canonical\" href=\"https:\/\/www.correiobraziliense.com.br\/cbradar\/serie-sobre-o-primeiro-grande-chef-famoso-ganha-trailer\/\" \/>\n<meta property=\"og:locale\" content=\"pt_BR\" \/>\n<meta property=\"og:type\" content=\"article\" \/>\n<meta property=\"og:title\" content=\"S\u00e9rie sobre o primeiro grande chef famoso ganha trailer\" \/>\n<meta property=\"og:description\" content=\"Descubra a vida e a revolu\u00e7\u00e3o culin\u00e1ria de Antonin Car\u00eame, o primeiro chef famoso da hist\u00f3ria.\" \/>\n<meta property=\"og:url\" content=\"https:\/\/www.correiobraziliense.com.br\/cbradar\/serie-sobre-o-primeiro-grande-chef-famoso-ganha-trailer\/\" \/>\n<meta property=\"og:site_name\" content=\"Correio Braziliense - Radar\" \/>\n<meta property=\"article:published_time\" content=\"2025-03-23T21:10:00+00:00\" \/>\n<meta property=\"og:image\" content=\"https:\/\/www.correiobraziliense.com.br\/cbradar\/wp-content\/uploads\/2025\/03\/Careme-2.png\" \/>\n\t<meta property=\"og:image:width\" content=\"1280\" \/>\n\t<meta property=\"og:image:height\" content=\"720\" \/>\n\t<meta property=\"og:image:type\" content=\"image\/png\" \/>\n<meta name=\"author\" content=\"Larissa Carvalho\" \/>\n<meta name=\"twitter:card\" content=\"summary_large_image\" \/>\n<meta name=\"twitter:label1\" content=\"Escrito por\" \/>\n\t<meta name=\"twitter:data1\" content=\"Larissa Carvalho\" \/>\n\t<meta name=\"twitter:label2\" content=\"Est. tempo de leitura\" \/>\n\t<meta name=\"twitter:data2\" content=\"4 minutos\" \/>\n<!-- \/ Yoast SEO plugin. -->","yoast_head_json":{"title":"S\u00e9rie sobre o primeiro grande chef famoso ganha trailer","description":"Descubra a vida e a revolu\u00e7\u00e3o culin\u00e1ria de Antonin Car\u00eame, o primeiro chef famoso da hist\u00f3ria.","robots":{"index":"index","follow":"follow","max-snippet":"max-snippet:-1","max-image-preview":"max-image-preview:large","max-video-preview":"max-video-preview:-1"},"canonical":"https:\/\/www.correiobraziliense.com.br\/cbradar\/serie-sobre-o-primeiro-grande-chef-famoso-ganha-trailer\/","og_locale":"pt_BR","og_type":"article","og_title":"S\u00e9rie sobre o primeiro grande chef famoso ganha trailer","og_description":"Descubra a vida e a revolu\u00e7\u00e3o culin\u00e1ria de Antonin Car\u00eame, o primeiro chef famoso da hist\u00f3ria.","og_url":"https:\/\/www.correiobraziliense.com.br\/cbradar\/serie-sobre-o-primeiro-grande-chef-famoso-ganha-trailer\/","og_site_name":"Correio Braziliense - Radar","article_published_time":"2025-03-23T21:10:00+00:00","og_image":[{"width":1280,"height":720,"url":"https:\/\/www.correiobraziliense.com.br\/cbradar\/wp-content\/uploads\/2025\/03\/Careme-2.png","type":"image\/png"}],"author":"Larissa Carvalho","twitter_card":"summary_large_image","twitter_misc":{"Escrito por":"Larissa Carvalho","Est. tempo de leitura":"4 minutos"},"schema":{"@context":"https:\/\/schema.org","@graph":[{"@type":"WebPage","@id":"https:\/\/www.correiobraziliense.com.br\/cbradar\/serie-sobre-o-primeiro-grande-chef-famoso-ganha-trailer\/","url":"https:\/\/www.correiobraziliense.com.br\/cbradar\/serie-sobre-o-primeiro-grande-chef-famoso-ganha-trailer\/","name":"S\u00e9rie sobre o primeiro grande chef famoso ganha trailer","isPartOf":{"@id":"https:\/\/www.correiobraziliense.com.br\/cbradar\/#website"},"primaryImageOfPage":{"@id":"https:\/\/www.correiobraziliense.com.br\/cbradar\/serie-sobre-o-primeiro-grande-chef-famoso-ganha-trailer\/#primaryimage"},"image":{"@id":"https:\/\/www.correiobraziliense.com.br\/cbradar\/serie-sobre-o-primeiro-grande-chef-famoso-ganha-trailer\/#primaryimage"},"thumbnailUrl":"https:\/\/www.correiobraziliense.com.br\/cbradar\/wp-content\/uploads\/2025\/03\/Careme-2.png","datePublished":"2025-03-23T21:10:00+00:00","author":{"@id":"https:\/\/www.correiobraziliense.com.br\/cbradar\/#\/schema\/person\/58422787644df994b53a19d3e56c1513"},"description":"Descubra a vida e a revolu\u00e7\u00e3o culin\u00e1ria de Antonin Car\u00eame, o primeiro chef famoso da hist\u00f3ria.","breadcrumb":{"@id":"https:\/\/www.correiobraziliense.com.br\/cbradar\/serie-sobre-o-primeiro-grande-chef-famoso-ganha-trailer\/#breadcrumb"},"inLanguage":"pt-BR","potentialAction":[{"@type":"ReadAction","target":["https:\/\/www.correiobraziliense.com.br\/cbradar\/serie-sobre-o-primeiro-grande-chef-famoso-ganha-trailer\/"]}]},{"@type":"ImageObject","inLanguage":"pt-BR","@id":"https:\/\/www.correiobraziliense.com.br\/cbradar\/serie-sobre-o-primeiro-grande-chef-famoso-ganha-trailer\/#primaryimage","url":"https:\/\/www.correiobraziliense.com.br\/cbradar\/wp-content\/uploads\/2025\/03\/Careme-2.png","contentUrl":"https:\/\/www.correiobraziliense.com.br\/cbradar\/wp-content\/uploads\/2025\/03\/Careme-2.png","width":1280,"height":720,"caption":"Car\u00eame. Fonte: divulga\u00e7\u00e3o \/ AppleTV"},{"@type":"BreadcrumbList","@id":"https:\/\/www.correiobraziliense.com.br\/cbradar\/serie-sobre-o-primeiro-grande-chef-famoso-ganha-trailer\/#breadcrumb","itemListElement":[{"@type":"ListItem","position":1,"name":"In\u00edcio","item":"https:\/\/www.correiobraziliense.com.br\/cbradar\/"},{"@type":"ListItem","position":2,"name":"S\u00e9rie sobre o primeiro grande chef famoso ganha trailer"}]},{"@type":"WebSite","@id":"https:\/\/www.correiobraziliense.com.br\/cbradar\/#website","url":"https:\/\/www.correiobraziliense.com.br\/cbradar\/","name":"Correio Braziliense - Radar","description":"Acompanhe as \u00faltimas not\u00edcias e fique bem informado sobre tudo o que acontece no Brasil e no mundo.","potentialAction":[{"@type":"SearchAction","target":{"@type":"EntryPoint","urlTemplate":"https:\/\/www.correiobraziliense.com.br\/cbradar\/?s={search_term_string}"},"query-input":{"@type":"PropertyValueSpecification","valueRequired":true,"valueName":"search_term_string"}}],"inLanguage":"pt-BR"},{"@type":"Person","@id":"https:\/\/www.correiobraziliense.com.br\/cbradar\/#\/schema\/person\/58422787644df994b53a19d3e56c1513","name":"Larissa Carvalho","image":{"@type":"ImageObject","inLanguage":"pt-BR","@id":"https:\/\/www.correiobraziliense.com.br\/cbradar\/#\/schema\/person\/image\/","url":"https:\/\/secure.gravatar.com\/avatar\/fe4f91a0de32b52a838d0d612abdc1aa?s=96&d=mm&r=g","contentUrl":"https:\/\/secure.gravatar.com\/avatar\/fe4f91a0de32b52a838d0d612abdc1aa?s=96&d=mm&r=g","caption":"Larissa Carvalho"},"url":"https:\/\/www.correiobraziliense.com.br\/cbradar\/author\/larissamyth\/"}]}},"_links":{"self":[{"href":"https:\/\/www.correiobraziliense.com.br\/cbradar\/wp-json\/wp\/v2\/posts\/14959","targetHints":{"allow":["GET"]}}],"collection":[{"href":"https:\/\/www.correiobraziliense.com.br\/cbradar\/wp-json\/wp\/v2\/posts"}],"about":[{"href":"https:\/\/www.correiobraziliense.com.br\/cbradar\/wp-json\/wp\/v2\/types\/post"}],"author":[{"embeddable":true,"href":"https:\/\/www.correiobraziliense.com.br\/cbradar\/wp-json\/wp\/v2\/users\/3"}],"replies":[{"embeddable":true,"href":"https:\/\/www.correiobraziliense.com.br\/cbradar\/wp-json\/wp\/v2\/comments?post=14959"}],"version-history":[{"count":1,"href":"https:\/\/www.correiobraziliense.com.br\/cbradar\/wp-json\/wp\/v2\/posts\/14959\/revisions"}],"predecessor-version":[{"id":14962,"href":"https:\/\/www.correiobraziliense.com.br\/cbradar\/wp-json\/wp\/v2\/posts\/14959\/revisions\/14962"}],"wp:featuredmedia":[{"embeddable":true,"href":"https:\/\/www.correiobraziliense.com.br\/cbradar\/wp-json\/wp\/v2\/media\/14961"}],"wp:attachment":[{"href":"https:\/\/www.correiobraziliense.com.br\/cbradar\/wp-json\/wp\/v2\/media?parent=14959"}],"wp:term":[{"taxonomy":"category","embeddable":true,"href":"https:\/\/www.correiobraziliense.com.br\/cbradar\/wp-json\/wp\/v2\/categories?post=14959"},{"taxonomy":"post_tag","embeddable":true,"href":"https:\/\/www.correiobraziliense.com.br\/cbradar\/wp-json\/wp\/v2\/tags?post=14959"}],"curies":[{"name":"wp","href":"https:\/\/api.w.org\/{rel}","templated":true}]}}