{"id":149599,"date":"2025-12-04T21:35:00","date_gmt":"2025-12-05T00:35:00","guid":{"rendered":"https:\/\/www.correiobraziliense.com.br\/cbradar\/?p=149599"},"modified":"2025-12-03T18:12:13","modified_gmt":"2025-12-03T21:12:13","slug":"o-nome-mariana-carrega-um-significado-poderoso-e-muita-gente-nao-sabe-veja-qual-e","status":"publish","type":"post","link":"https:\/\/www.correiobraziliense.com.br\/cbradar\/o-nome-mariana-carrega-um-significado-poderoso-e-muita-gente-nao-sabe-veja-qual-e\/","title":{"rendered":"O nome Mariana carrega um significado poderoso e muita gente n\u00e3o sabe, veja qual \u00e9"},"content":{"rendered":"\n<p>O nome <strong>Mariana<\/strong> segue entre os preferidos dos brasileiros em 2025. <a href=\"https:\/\/www.correiobraziliense.com.br\/cbradar\/o-nome-feminino-mais-usado-da-historia-continua-encantando-geracoes\/\" target=\"_blank\" rel=\"noreferrer noopener\">Cl\u00e1ssico, suave e com forte presen\u00e7a cultural<\/a>, ele combina tradi\u00e7\u00e3o religiosa, eleg\u00e2ncia e um simbolismo que atravessa gera\u00e7\u00f5es. Por ser f\u00e1cil de pronunciar e muito vers\u00e1til, permanece entre os nomes femininos mais registrados no pa\u00eds.<\/p>\n\n\n\n<h2 class=\"wp-block-heading\">Origem do nome Mariana<\/h2>\n\n\n\n<p>Mariana tem origem no latim e \u00e9 considerado um nome composto formado pela uni\u00e3o de <strong>Maria<\/strong> + <strong>Ana<\/strong>. Ambas as partes s\u00e3o nomes tradicionais e de forte presen\u00e7a hist\u00f3rica em diversas culturas. Com o tempo, Mariana se consolidou como um nome pr\u00f3prio independente e amplamente utilizado em pa\u00edses de l\u00edngua latina.<\/p>\n\n\n\n<p>Em muitos registros antigos, o nome era associado \u00e0 devo\u00e7\u00e3o religiosa e \u00e0 prote\u00e7\u00e3o espiritual.<\/p>\n\n\n\n<figure class=\"wp-block-image size-large\"><img decoding=\"async\" width=\"1024\" height=\"576\" src=\"https:\/\/www.correiobraziliense.com.br\/cbradar\/wp-content\/uploads\/2025\/12\/baby_1764699521302-1024x576.jpg\" alt=\"O nome Mariana carrega um significado poderoso e muita gente n\u00e3o sabe, veja qual \u00e9\" class=\"wp-image-148837\" srcset=\"https:\/\/www.correiobraziliense.com.br\/cbradar\/wp-content\/uploads\/2025\/12\/baby_1764699521302-1024x576.jpg 1024w, https:\/\/www.correiobraziliense.com.br\/cbradar\/wp-content\/uploads\/2025\/12\/baby_1764699521302-300x169.jpg 300w, https:\/\/www.correiobraziliense.com.br\/cbradar\/wp-content\/uploads\/2025\/12\/baby_1764699521302-768x432.jpg 768w, https:\/\/www.correiobraziliense.com.br\/cbradar\/wp-content\/uploads\/2025\/12\/baby_1764699521302-750x422.jpg 750w, https:\/\/www.correiobraziliense.com.br\/cbradar\/wp-content\/uploads\/2025\/12\/baby_1764699521302-1140x641.jpg 1140w, https:\/\/www.correiobraziliense.com.br\/cbradar\/wp-content\/uploads\/2025\/12\/baby_1764699521302.jpg 1280w\" sizes=\"(max-width: 1024px) 100vw, 1024px\" \/><figcaption class=\"wp-element-caption\">Mariana tem origem no latim e \u00e9 considerado um nome composto formado pela uni\u00e3o de Maria + Ana &#8211; Cr\u00e9ditos: depositphotos.com \/ AllaSerebrina<\/figcaption><\/figure>\n\n\n\n<h2 class=\"wp-block-heading\">Significado do nome Mariana<\/h2>\n\n\n\n<p>O significado mais aceito para Mariana \u00e9 <strong>\u201ca cheia de gra\u00e7a e miseric\u00f3rdia\u201d<\/strong>, j\u00e1 que re\u00fane os significados de Maria (\u201csenhora soberana\u201d ou \u201ca cheia de gra\u00e7a\u201d) e Ana (\u201ccheia de gra\u00e7a\u201d ou \u201cben\u00e7\u00e3o de Deus\u201d).<\/p>\n\n\n\n<p>Por isso, Mariana transmite ideia de delicadeza, for\u00e7a interior, equil\u00edbrio e espiritualidade.<\/p>\n\n\n\n<p>Abaixo, um v\u00eddeo por <strong>nomesesiginificados <\/strong>no TikTok:<\/p>\n\n\n\n<figure class=\"wp-block-embed is-type-video is-provider-tiktok wp-block-embed-tiktok\"><div class=\"wp-block-embed__wrapper\">\n<blockquote class=\"tiktok-embed\" cite=\"https:\/\/www.tiktok.com\/@nomesesiginificados\/video\/7465072231362661638\" data-video-id=\"7465072231362661638\" data-embed-from=\"oembed\" style=\"max-width:605px; min-width:325px;\"> <section> <a target=\"_blank\" title=\"@nomesesiginificados\" href=\"https:\/\/www.tiktok.com\/@nomesesiginificados?refer=embed\">@nomesesiginificados<\/a> <p>A responder a @lucianasantos9100 <a title=\"nomedemenina\" target=\"_blank\" href=\"https:\/\/www.tiktok.com\/tag\/nomedemenina?refer=embed\">#nomedemenina<\/a> <a title=\"viral_video\" target=\"_blank\" href=\"https:\/\/www.tiktok.com\/tag\/viral_video?refer=embed\">#viral_video<\/a> <a title=\"nomes2025\" target=\"_blank\" href=\"https:\/\/www.tiktok.com\/tag\/nomes2025?refer=embed\">#nomes2025<\/a> <a title=\"nomeesignificado\" target=\"_blank\" href=\"https:\/\/www.tiktok.com\/tag\/nomeesignificado?refer=embed\">#nomeesignificado<\/a> <a title=\"nomes\" target=\"_blank\" href=\"https:\/\/www.tiktok.com\/tag\/nomes?refer=embed\">#nomes<\/a> <a title=\"maedemeninas\ud83d\udc97\" target=\"_blank\" href=\"https:\/\/www.tiktok.com\/tag\/maedemeninas%F0%9F%92%97?refer=embed\">#maedemeninas\ud83d\udc97<\/a> <a title=\"ravi\" target=\"_blank\" href=\"https:\/\/www.tiktok.com\/tag\/ravi?refer=embed\">#ravi<\/a> <a title=\"top10\" target=\"_blank\" href=\"https:\/\/www.tiktok.com\/tag\/top10?refer=embed\">#top10<\/a> <a title=\"maedemenino\ud83d\udc99\" target=\"_blank\" href=\"https:\/\/www.tiktok.com\/tag\/maedemenino%F0%9F%92%99?refer=embed\">#maedemenino\ud83d\udc99<\/a> <\/p> <a target=\"_blank\" title=\"\u266c Epic Music(863502) - Draganov89\" href=\"https:\/\/www.tiktok.com\/music\/Epic-Music-863502-6873501791145691137?refer=embed\">\u266c Epic Music(863502) &#8211; Draganov89<\/a> <\/section> <\/blockquote> <script async src=\"https:\/\/www.tiktok.com\/embed.js\"><\/script>\n<\/div><\/figure>\n\n\n\n<h2 class=\"wp-block-heading\">Por que o nome Mariana permanece t\u00e3o usado<\/h2>\n\n\n\n<p>Em 2025, especialistas em tend\u00eancias de nomes apontam que Mariana se mant\u00e9m popular porque atende a v\u00e1rios perfis: \u00e9 moderno sem perder a tradi\u00e7\u00e3o, funciona bem em qualquer faixa et\u00e1ria e tem grande presen\u00e7a cultural em novelas, literatura, m\u00fasicas e figuras p\u00fablicas.<\/p>\n\n\n\n<p>Al\u00e9m disso, sua sonoridade suave e harmoniosa faz com que combine facilmente com muitos sobrenomes brasileiros.<\/p>\n\n\n\n<figure class=\"wp-block-image size-large\"><img decoding=\"async\" width=\"1024\" height=\"576\" src=\"https:\/\/www.correiobraziliense.com.br\/cbradar\/wp-content\/uploads\/2025\/12\/baby-girl_1764719737758-1024x576.jpg\" alt=\"O nome Mariana carrega um significado poderoso e muita gente n\u00e3o sabe, veja qual \u00e9\" class=\"wp-image-149052\" srcset=\"https:\/\/www.correiobraziliense.com.br\/cbradar\/wp-content\/uploads\/2025\/12\/baby-girl_1764719737758-1024x576.jpg 1024w, https:\/\/www.correiobraziliense.com.br\/cbradar\/wp-content\/uploads\/2025\/12\/baby-girl_1764719737758-300x169.jpg 300w, https:\/\/www.correiobraziliense.com.br\/cbradar\/wp-content\/uploads\/2025\/12\/baby-girl_1764719737758-768x432.jpg 768w, https:\/\/www.correiobraziliense.com.br\/cbradar\/wp-content\/uploads\/2025\/12\/baby-girl_1764719737758-750x422.jpg 750w, https:\/\/www.correiobraziliense.com.br\/cbradar\/wp-content\/uploads\/2025\/12\/baby-girl_1764719737758-1140x641.jpg 1140w, https:\/\/www.correiobraziliense.com.br\/cbradar\/wp-content\/uploads\/2025\/12\/baby-girl_1764719737758.jpg 1280w\" sizes=\"(max-width: 1024px) 100vw, 1024px\" \/><figcaption class=\"wp-element-caption\">Al\u00e9m disso, sua sonoridade suave e harmoniosa faz com que combine facilmente com muitos sobrenomes brasileiros &#8211; Cr\u00e9ditos: depositphotos.com \/ oksanka_2<\/figcaption><\/figure>\n\n\n\n<h2 class=\"wp-block-heading\">Varia\u00e7\u00f5es e curiosidades do nome<\/h2>\n\n\n\n<p>Entre suas varia\u00e7\u00f5es mais conhecidas est\u00e3o <strong>Mariane<\/strong>, <strong>Mariani<\/strong>, <strong>Mariana<\/strong> (em espanhol com mesma grafia) e diminutivos como <strong>Mari<\/strong>, <strong>Mary<\/strong>, <strong>Ma<\/strong> e <strong>Nan\u00e1<\/strong>. \u00c9 um nome comum em pa\u00edses lus\u00f3fonos e hisp\u00e2nicos, mantendo significado semelhante em todas as regi\u00f5es.<\/p>\n\n\n\n<p>Em listas de nomes mais registrados no Brasil ao longo das \u00faltimas d\u00e9cadas, Mariana aparece com frequ\u00eancia entre os dez mais escolhidos.<\/p>\n","protected":false},"excerpt":{"rendered":"<p>O nome Mariana segue entre os preferidos dos brasileiros em 2025. Cl\u00e1ssico, suave e com forte presen\u00e7a cultural, ele combina tradi\u00e7\u00e3o religiosa, eleg\u00e2ncia e um simbolismo que atravessa gera\u00e7\u00f5es. Por ser f\u00e1cil de pronunciar e muito vers\u00e1til, permanece entre os nomes femininos mais registrados no pa\u00eds. Origem do nome Mariana Mariana tem origem no latim [&hellip;]<\/p>\n","protected":false},"author":18,"featured_media":149600,"comment_status":"open","ping_status":"open","sticky":false,"template":"","format":"standard","meta":{"_yoast_wpseo_focuskw":"significado do nome Mariana","_yoast_wpseo_title":"","_yoast_wpseo_metadesc":"Com origem no latim e liga\u00e7\u00e3o com espiritualidade, Mariana segue em alta entre os nomes mais registrados. Entenda o motivo por tr\u00e1s.","jnews-multi-image_gallery":[],"jnews_single_post":{"format":"standard"},"jnews_primary_category":[],"jnews_social_meta":[],"jnews_override_counter":[],"footnotes":""},"categories":[112],"post_tag":[127,12267,4243,5812],"class_list":["post-149599","post","type-post","status-publish","format-standard","has-post-thumbnail","hentry","category-curiosidades","tag-dicas","tag-mariana","tag-origem","tag-significado"],"yoast_head":"<!-- This site is optimized with the Yoast SEO plugin v24.6 - https:\/\/yoast.com\/wordpress\/plugins\/seo\/ -->\n<title>O nome Mariana carrega um significado poderoso e muita gente n\u00e3o sabe, veja qual \u00e9 - Correio Braziliense - Radar<\/title>\n<meta name=\"description\" content=\"Com origem no latim e liga\u00e7\u00e3o com espiritualidade, Mariana segue em alta entre os nomes mais registrados. Entenda o motivo por tr\u00e1s.\" \/>\n<meta name=\"robots\" content=\"index, follow, max-snippet:-1, max-image-preview:large, max-video-preview:-1\" \/>\n<link rel=\"canonical\" href=\"https:\/\/www.correiobraziliense.com.br\/cbradar\/o-nome-mariana-carrega-um-significado-poderoso-e-muita-gente-nao-sabe-veja-qual-e\/\" \/>\n<meta property=\"og:locale\" content=\"pt_BR\" \/>\n<meta property=\"og:type\" content=\"article\" \/>\n<meta property=\"og:title\" content=\"O nome Mariana carrega um significado poderoso e muita gente n\u00e3o sabe, veja qual \u00e9 - Correio Braziliense - Radar\" \/>\n<meta property=\"og:description\" content=\"Com origem no latim e liga\u00e7\u00e3o com espiritualidade, Mariana segue em alta entre os nomes mais registrados. Entenda o motivo por tr\u00e1s.\" \/>\n<meta property=\"og:url\" content=\"https:\/\/www.correiobraziliense.com.br\/cbradar\/o-nome-mariana-carrega-um-significado-poderoso-e-muita-gente-nao-sabe-veja-qual-e\/\" \/>\n<meta property=\"og:site_name\" content=\"Correio Braziliense - Radar\" \/>\n<meta property=\"article:published_time\" content=\"2025-12-05T00:35:00+00:00\" \/>\n<meta property=\"og:image\" content=\"https:\/\/www.correiobraziliense.com.br\/cbradar\/wp-content\/uploads\/2025\/12\/baby-girl_1764796174073.jpg\" \/>\n\t<meta property=\"og:image:width\" content=\"1280\" \/>\n\t<meta property=\"og:image:height\" content=\"720\" \/>\n\t<meta property=\"og:image:type\" content=\"image\/jpeg\" \/>\n<meta name=\"author\" content=\"Maria Eduarda Pacheco\" \/>\n<meta name=\"twitter:card\" content=\"summary_large_image\" \/>\n<meta name=\"twitter:label1\" content=\"Escrito por\" \/>\n\t<meta name=\"twitter:data1\" content=\"Maria Eduarda Pacheco\" \/>\n\t<meta name=\"twitter:label2\" content=\"Est. tempo de leitura\" \/>\n\t<meta name=\"twitter:data2\" content=\"3 minutos\" \/>\n<!-- \/ Yoast SEO plugin. -->","yoast_head_json":{"title":"O nome Mariana carrega um significado poderoso e muita gente n\u00e3o sabe, veja qual \u00e9 - Correio Braziliense - Radar","description":"Com origem no latim e liga\u00e7\u00e3o com espiritualidade, Mariana segue em alta entre os nomes mais registrados. Entenda o motivo por tr\u00e1s.","robots":{"index":"index","follow":"follow","max-snippet":"max-snippet:-1","max-image-preview":"max-image-preview:large","max-video-preview":"max-video-preview:-1"},"canonical":"https:\/\/www.correiobraziliense.com.br\/cbradar\/o-nome-mariana-carrega-um-significado-poderoso-e-muita-gente-nao-sabe-veja-qual-e\/","og_locale":"pt_BR","og_type":"article","og_title":"O nome Mariana carrega um significado poderoso e muita gente n\u00e3o sabe, veja qual \u00e9 - Correio Braziliense - Radar","og_description":"Com origem no latim e liga\u00e7\u00e3o com espiritualidade, Mariana segue em alta entre os nomes mais registrados. Entenda o motivo por tr\u00e1s.","og_url":"https:\/\/www.correiobraziliense.com.br\/cbradar\/o-nome-mariana-carrega-um-significado-poderoso-e-muita-gente-nao-sabe-veja-qual-e\/","og_site_name":"Correio Braziliense - Radar","article_published_time":"2025-12-05T00:35:00+00:00","og_image":[{"width":1280,"height":720,"url":"https:\/\/www.correiobraziliense.com.br\/cbradar\/wp-content\/uploads\/2025\/12\/baby-girl_1764796174073.jpg","type":"image\/jpeg"}],"author":"Maria Eduarda Pacheco","twitter_card":"summary_large_image","twitter_misc":{"Escrito por":"Maria Eduarda Pacheco","Est. tempo de leitura":"3 minutos"},"schema":{"@context":"https:\/\/schema.org","@graph":[{"@type":"WebPage","@id":"https:\/\/www.correiobraziliense.com.br\/cbradar\/o-nome-mariana-carrega-um-significado-poderoso-e-muita-gente-nao-sabe-veja-qual-e\/","url":"https:\/\/www.correiobraziliense.com.br\/cbradar\/o-nome-mariana-carrega-um-significado-poderoso-e-muita-gente-nao-sabe-veja-qual-e\/","name":"O nome Mariana carrega um significado poderoso e muita gente n\u00e3o sabe, veja qual \u00e9 - Correio Braziliense - Radar","isPartOf":{"@id":"https:\/\/www.correiobraziliense.com.br\/cbradar\/#website"},"primaryImageOfPage":{"@id":"https:\/\/www.correiobraziliense.com.br\/cbradar\/o-nome-mariana-carrega-um-significado-poderoso-e-muita-gente-nao-sabe-veja-qual-e\/#primaryimage"},"image":{"@id":"https:\/\/www.correiobraziliense.com.br\/cbradar\/o-nome-mariana-carrega-um-significado-poderoso-e-muita-gente-nao-sabe-veja-qual-e\/#primaryimage"},"thumbnailUrl":"https:\/\/www.correiobraziliense.com.br\/cbradar\/wp-content\/uploads\/2025\/12\/baby-girl_1764796174073.jpg","datePublished":"2025-12-05T00:35:00+00:00","author":{"@id":"https:\/\/www.correiobraziliense.com.br\/cbradar\/#\/schema\/person\/6fdd694c4c0d658f15df15f390ddf066"},"description":"Com origem no latim e liga\u00e7\u00e3o com espiritualidade, Mariana segue em alta entre os nomes mais registrados. Entenda o motivo por tr\u00e1s.","breadcrumb":{"@id":"https:\/\/www.correiobraziliense.com.br\/cbradar\/o-nome-mariana-carrega-um-significado-poderoso-e-muita-gente-nao-sabe-veja-qual-e\/#breadcrumb"},"inLanguage":"pt-BR","potentialAction":[{"@type":"ReadAction","target":["https:\/\/www.correiobraziliense.com.br\/cbradar\/o-nome-mariana-carrega-um-significado-poderoso-e-muita-gente-nao-sabe-veja-qual-e\/"]}]},{"@type":"ImageObject","inLanguage":"pt-BR","@id":"https:\/\/www.correiobraziliense.com.br\/cbradar\/o-nome-mariana-carrega-um-significado-poderoso-e-muita-gente-nao-sabe-veja-qual-e\/#primaryimage","url":"https:\/\/www.correiobraziliense.com.br\/cbradar\/wp-content\/uploads\/2025\/12\/baby-girl_1764796174073.jpg","contentUrl":"https:\/\/www.correiobraziliense.com.br\/cbradar\/wp-content\/uploads\/2025\/12\/baby-girl_1764796174073.jpg","width":1280,"height":720,"caption":"J\u00falia tem origem no latim Iulia, nome ligado \u00e0 famosa fam\u00edlia romana J\u00falia, da qual faziam parte figuras hist\u00f3ricas importantes - Cr\u00e9ditos: depositphotos.com \/ HayDmitriy"},{"@type":"BreadcrumbList","@id":"https:\/\/www.correiobraziliense.com.br\/cbradar\/o-nome-mariana-carrega-um-significado-poderoso-e-muita-gente-nao-sabe-veja-qual-e\/#breadcrumb","itemListElement":[{"@type":"ListItem","position":1,"name":"In\u00edcio","item":"https:\/\/www.correiobraziliense.com.br\/cbradar\/"},{"@type":"ListItem","position":2,"name":"O nome Mariana carrega um significado poderoso e muita gente n\u00e3o sabe, veja qual \u00e9"}]},{"@type":"WebSite","@id":"https:\/\/www.correiobraziliense.com.br\/cbradar\/#website","url":"https:\/\/www.correiobraziliense.com.br\/cbradar\/","name":"Correio Braziliense - Radar","description":"Acompanhe as \u00faltimas not\u00edcias e fique bem informado sobre tudo o que acontece no Brasil e no mundo.","potentialAction":[{"@type":"SearchAction","target":{"@type":"EntryPoint","urlTemplate":"https:\/\/www.correiobraziliense.com.br\/cbradar\/?s={search_term_string}"},"query-input":{"@type":"PropertyValueSpecification","valueRequired":true,"valueName":"search_term_string"}}],"inLanguage":"pt-BR"},{"@type":"Person","@id":"https:\/\/www.correiobraziliense.com.br\/cbradar\/#\/schema\/person\/6fdd694c4c0d658f15df15f390ddf066","name":"Maria Eduarda Pacheco","image":{"@type":"ImageObject","inLanguage":"pt-BR","@id":"https:\/\/www.correiobraziliense.com.br\/cbradar\/#\/schema\/person\/image\/","url":"https:\/\/secure.gravatar.com\/avatar\/f72a487b26fdeec08ba4868875ea328e?s=96&d=mm&r=g","contentUrl":"https:\/\/secure.gravatar.com\/avatar\/f72a487b26fdeec08ba4868875ea328e?s=96&d=mm&r=g","caption":"Maria Eduarda Pacheco"},"sameAs":["https:\/\/www.correiobraziliense.com.br\/cbradar\/"],"url":"https:\/\/www.correiobraziliense.com.br\/cbradar\/author\/maria-eduarda\/"}]}},"_links":{"self":[{"href":"https:\/\/www.correiobraziliense.com.br\/cbradar\/wp-json\/wp\/v2\/posts\/149599","targetHints":{"allow":["GET"]}}],"collection":[{"href":"https:\/\/www.correiobraziliense.com.br\/cbradar\/wp-json\/wp\/v2\/posts"}],"about":[{"href":"https:\/\/www.correiobraziliense.com.br\/cbradar\/wp-json\/wp\/v2\/types\/post"}],"author":[{"embeddable":true,"href":"https:\/\/www.correiobraziliense.com.br\/cbradar\/wp-json\/wp\/v2\/users\/18"}],"replies":[{"embeddable":true,"href":"https:\/\/www.correiobraziliense.com.br\/cbradar\/wp-json\/wp\/v2\/comments?post=149599"}],"version-history":[{"count":1,"href":"https:\/\/www.correiobraziliense.com.br\/cbradar\/wp-json\/wp\/v2\/posts\/149599\/revisions"}],"predecessor-version":[{"id":149601,"href":"https:\/\/www.correiobraziliense.com.br\/cbradar\/wp-json\/wp\/v2\/posts\/149599\/revisions\/149601"}],"wp:featuredmedia":[{"embeddable":true,"href":"https:\/\/www.correiobraziliense.com.br\/cbradar\/wp-json\/wp\/v2\/media\/149600"}],"wp:attachment":[{"href":"https:\/\/www.correiobraziliense.com.br\/cbradar\/wp-json\/wp\/v2\/media?parent=149599"}],"wp:term":[{"taxonomy":"category","embeddable":true,"href":"https:\/\/www.correiobraziliense.com.br\/cbradar\/wp-json\/wp\/v2\/categories?post=149599"},{"taxonomy":"post_tag","embeddable":true,"href":"https:\/\/www.correiobraziliense.com.br\/cbradar\/wp-json\/wp\/v2\/post_tag?post=149599"}],"curies":[{"name":"wp","href":"https:\/\/api.w.org\/{rel}","templated":true}]}}