{"id":14963,"date":"2025-03-23T19:30:00","date_gmt":"2025-03-23T22:30:00","guid":{"rendered":"https:\/\/www.correiobraziliense.com.br\/cbradar\/?p=14963"},"modified":"2025-03-22T16:54:14","modified_gmt":"2025-03-22T19:54:14","slug":"one-piece-perde-showrunner-antes-da-segunda-temporada","status":"publish","type":"post","link":"https:\/\/www.correiobraziliense.com.br\/cbradar\/one-piece-perde-showrunner-antes-da-segunda-temporada\/","title":{"rendered":"One Piece perde showrunner antes da segunda temporada"},"content":{"rendered":"\n<p>A adapta\u00e7\u00e3o live-action de\u00a0<strong>One Piece<\/strong>\u00a0pela <strong>Netflix <\/strong>tem sido um projeto ambicioso, que busca capturar a ess\u00eancia do popular mang\u00e1 e anime. Recentemente, a s\u00e9rie sofreu uma mudan\u00e7a significativa nos bastidores com a sa\u00edda de <strong>Matt Owens<\/strong>, um dos showrunners. Essa mudan\u00e7a ocorre em um momento crucial, j\u00e1 que a segunda temporada est\u00e1 em fase de p\u00f3s-produ\u00e7\u00e3o.<\/p>\n\n\n\n<p>Matt Owens, que co-criou a s\u00e9rie ao lado de <strong>Steven Maeda<\/strong>, anunciou sua sa\u00edda atrav\u00e9s de um comunicado nas redes sociais. Ele destacou que os \u00faltimos seis anos dedicados ao projeto foram transformadores, mas tamb\u00e9m exigiram um grande esfor\u00e7o pessoal. Owens decidiu se afastar para cuidar de sua sa\u00fade mental, um tema cada vez mais discutido na ind\u00fastria do entretenimento.<\/p>\n\n\n\n<h2 class=\"wp-block-heading\"><strong>Como a sa\u00edda de Matt Owens pode afetar a produ\u00e7\u00e3o?<\/strong><\/h2>\n\n\n\n<p>A sa\u00edda de um showrunner pode ter diversos impactos em uma produ\u00e7\u00e3o televisiva. No caso de&nbsp;<em>One Piece: A S\u00e9rie<\/em>, a aus\u00eancia de Owens pode influenciar tanto a continuidade criativa quanto a din\u00e2mica de trabalho nos bastidores. O showrunner desempenha um papel crucial na defini\u00e7\u00e3o do tom e da dire\u00e7\u00e3o da s\u00e9rie, sendo respons\u00e1vel por manter a coes\u00e3o entre os epis\u00f3dios.<\/p>\n\n\n\n<p>Com a segunda temporada j\u00e1 gravada, a equipe de produ\u00e7\u00e3o ter\u00e1 que se adaptar a essa mudan\u00e7a e garantir que a vis\u00e3o original seja mantida. A experi\u00eancia de Steven Maeda e o suporte da equipe da Netflix ser\u00e3o fundamentais para superar esse desafio e entregar uma temporada que atenda \u00e0s expectativas dos f\u00e3s.<\/p>\n\n\n\n<figure class=\"wp-block-image size-large\"><img decoding=\"async\" width=\"1024\" height=\"576\" src=\"https:\/\/www.correiobraziliense.com.br\/cbradar\/wp-content\/uploads\/2025\/03\/One-Piece-2-1024x576.png\" alt=\"One Piece perde showrunner antes da segunda temporada\" class=\"wp-image-14967\" srcset=\"https:\/\/www.correiobraziliense.com.br\/cbradar\/wp-content\/uploads\/2025\/03\/One-Piece-2-1024x576.png 1024w, https:\/\/www.correiobraziliense.com.br\/cbradar\/wp-content\/uploads\/2025\/03\/One-Piece-2-300x169.png 300w, https:\/\/www.correiobraziliense.com.br\/cbradar\/wp-content\/uploads\/2025\/03\/One-Piece-2-768x432.png 768w, https:\/\/www.correiobraziliense.com.br\/cbradar\/wp-content\/uploads\/2025\/03\/One-Piece-2-750x422.png 750w, https:\/\/www.correiobraziliense.com.br\/cbradar\/wp-content\/uploads\/2025\/03\/One-Piece-2-1140x641.png 1140w, https:\/\/www.correiobraziliense.com.br\/cbradar\/wp-content\/uploads\/2025\/03\/One-Piece-2.png 1280w\" sizes=\"(max-width: 1024px) 100vw, 1024px\" \/><figcaption class=\"wp-element-caption\">One Piece. Fonte: divulga\u00e7\u00e3o \/ Netflix<\/figcaption><\/figure>\n\n\n\n<h2 class=\"wp-block-heading\"><strong>O que esperar da segunda temporada de One Piece: A S\u00e9rie?<\/strong><\/h2>\n\n\n\n<p>Embora a sa\u00edda de Owens tenha gerado incertezas, a expectativa para a segunda temporada de&nbsp;<strong>One Piece: A S\u00e9rie<\/strong>&nbsp;permanece alta. A primeira temporada, dispon\u00edvel na Netflix, foi bem recebida por capturar a ess\u00eancia dos personagens e do universo criado por Eiichiro Oda. A nova temporada promete expandir ainda mais esse universo, introduzindo novos personagens e arcos narrativos.<\/p>\n\n\n\n<p>Os f\u00e3s aguardam ansiosamente por mais aventuras do grupo liderado por Luffy, e a produ\u00e7\u00e3o tem a responsabilidade de entregar uma narrativa envolvente e fiel ao material original. A colabora\u00e7\u00e3o cont\u00ednua com Oda e a Shueisha ser\u00e1 crucial para garantir que a s\u00e9rie mantenha sua autenticidade.<\/p>\n\n\n\n<h2 class=\"wp-block-heading\"><strong>Quais s\u00e3o os pr\u00f3ximos passos para Matt Owens?<\/strong><\/h2>\n\n\n\n<p>Ap\u00f3s sua sa\u00edda, Matt Owens planeja focar em sua sa\u00fade mental e em projetos pessoais. Em seu comunicado, ele mencionou que pretende dedicar tempo \u00e0 terapia e a atividades que lhe tragam prazer, como jogar&nbsp;<em>Marvel Rivals<\/em>. Essa pausa pode ser uma oportunidade para Owens recarregar as energias e retornar ao mundo do entretenimento com novas ideias e projetos.<\/p>\n\n\n\n<p>O apoio da comunidade e dos colegas de trabalho foi destacado por Owens, que expressou gratid\u00e3o por todos que o acompanharam nessa jornada. Ele deixou claro que essa n\u00e3o \u00e9 uma despedida definitiva, mas sim um momento de pausa antes de embarcar em novas aventuras criativas.<\/p>\n\n\n\n<h2 class=\"wp-block-heading\"><strong>O futuro de One Piece: a s\u00e9rie na Netflix<\/strong><\/h2>\n\n\n\n<p>Com a segunda temporada j\u00e1 gravada, a expectativa \u00e9 que a s\u00e9rie continue a ser um sucesso na plataforma de streaming. A Netflix, juntamente com a equipe de produ\u00e7\u00e3o, est\u00e1 comprometida em entregar uma adapta\u00e7\u00e3o que honre o legado de&nbsp;<strong>One Piece<\/strong>. A s\u00e9rie tem potencial para atrair tanto f\u00e3s antigos quanto novos espectadores, expandindo ainda mais o alcance do universo criado por Oda.<\/p>\n\n\n\n<p>Enquanto a data de estreia da nova temporada ainda n\u00e3o foi anunciada, os f\u00e3s podem revisitar a primeira temporada e se preparar para as novas aventuras que est\u00e3o por vir. A resili\u00eancia da equipe de produ\u00e7\u00e3o ser\u00e1 fundamental para superar os desafios e garantir que&nbsp;<em>One Piece: A S\u00e9rie<\/em>&nbsp;continue a encantar o p\u00fablico ao redor do mundo.<\/p>\n","protected":false},"excerpt":{"rendered":"<p>Showrunner de One Piece: A S\u00e9rie deixa produ\u00e7\u00e3o antes da 2\u00aa temporada. Matt Owens sai para focar na sa\u00fade mental.<\/p>\n","protected":false},"author":3,"featured_media":14968,"comment_status":"open","ping_status":"open","sticky":false,"template":"","format":"standard","meta":{"_yoast_wpseo_focuskw":"one piece","_yoast_wpseo_title":"%%title%%","_yoast_wpseo_metadesc":"Showrunner de One Piece: A S\u00e9rie deixa produ\u00e7\u00e3o antes da 2\u00aa temporada. Matt Owens sai para focar na sa\u00fade mental.","jnews-multi-image_gallery":[],"jnews_single_post":{"format":"standard"},"jnews_primary_category":[],"jnews_social_meta":[],"jnews_override_counter":[],"footnotes":""},"categories":[140],"post_tag":[1359,568],"class_list":["post-14963","post","type-post","status-publish","format-standard","has-post-thumbnail","hentry","category-entretenimento","tag-one-piece","tag-series-e-filmes"],"yoast_head":"<!-- This site is optimized with the Yoast SEO plugin v24.6 - https:\/\/yoast.com\/wordpress\/plugins\/seo\/ -->\n<title>One Piece perde showrunner antes da segunda temporada<\/title>\n<meta name=\"description\" content=\"Showrunner de One Piece: A S\u00e9rie deixa produ\u00e7\u00e3o antes da 2\u00aa temporada. Matt Owens sai para focar na sa\u00fade mental.\" \/>\n<meta name=\"robots\" content=\"index, follow, max-snippet:-1, max-image-preview:large, max-video-preview:-1\" \/>\n<link rel=\"canonical\" href=\"https:\/\/www.correiobraziliense.com.br\/cbradar\/one-piece-perde-showrunner-antes-da-segunda-temporada\/\" \/>\n<meta property=\"og:locale\" content=\"pt_BR\" \/>\n<meta property=\"og:type\" content=\"article\" \/>\n<meta property=\"og:title\" content=\"One Piece perde showrunner antes da segunda temporada\" \/>\n<meta property=\"og:description\" content=\"Showrunner de One Piece: A S\u00e9rie deixa produ\u00e7\u00e3o antes da 2\u00aa temporada. Matt Owens sai para focar na sa\u00fade mental.\" \/>\n<meta property=\"og:url\" content=\"https:\/\/www.correiobraziliense.com.br\/cbradar\/one-piece-perde-showrunner-antes-da-segunda-temporada\/\" \/>\n<meta property=\"og:site_name\" content=\"Correio Braziliense - Radar\" \/>\n<meta property=\"article:published_time\" content=\"2025-03-23T22:30:00+00:00\" \/>\n<meta property=\"og:image\" content=\"https:\/\/www.correiobraziliense.com.br\/cbradar\/wp-content\/uploads\/2025\/03\/One-Piece.png\" \/>\n\t<meta property=\"og:image:width\" content=\"1280\" \/>\n\t<meta property=\"og:image:height\" content=\"720\" \/>\n\t<meta property=\"og:image:type\" content=\"image\/png\" \/>\n<meta name=\"author\" content=\"Larissa Carvalho\" \/>\n<meta name=\"twitter:card\" content=\"summary_large_image\" \/>\n<meta name=\"twitter:label1\" content=\"Escrito por\" \/>\n\t<meta name=\"twitter:data1\" content=\"Larissa Carvalho\" \/>\n\t<meta name=\"twitter:label2\" content=\"Est. tempo de leitura\" \/>\n\t<meta name=\"twitter:data2\" content=\"4 minutos\" \/>\n<!-- \/ Yoast SEO plugin. -->","yoast_head_json":{"title":"One Piece perde showrunner antes da segunda temporada","description":"Showrunner de One Piece: A S\u00e9rie deixa produ\u00e7\u00e3o antes da 2\u00aa temporada. Matt Owens sai para focar na sa\u00fade mental.","robots":{"index":"index","follow":"follow","max-snippet":"max-snippet:-1","max-image-preview":"max-image-preview:large","max-video-preview":"max-video-preview:-1"},"canonical":"https:\/\/www.correiobraziliense.com.br\/cbradar\/one-piece-perde-showrunner-antes-da-segunda-temporada\/","og_locale":"pt_BR","og_type":"article","og_title":"One Piece perde showrunner antes da segunda temporada","og_description":"Showrunner de One Piece: A S\u00e9rie deixa produ\u00e7\u00e3o antes da 2\u00aa temporada. Matt Owens sai para focar na sa\u00fade mental.","og_url":"https:\/\/www.correiobraziliense.com.br\/cbradar\/one-piece-perde-showrunner-antes-da-segunda-temporada\/","og_site_name":"Correio Braziliense - Radar","article_published_time":"2025-03-23T22:30:00+00:00","og_image":[{"width":1280,"height":720,"url":"https:\/\/www.correiobraziliense.com.br\/cbradar\/wp-content\/uploads\/2025\/03\/One-Piece.png","type":"image\/png"}],"author":"Larissa Carvalho","twitter_card":"summary_large_image","twitter_misc":{"Escrito por":"Larissa Carvalho","Est. tempo de leitura":"4 minutos"},"schema":{"@context":"https:\/\/schema.org","@graph":[{"@type":"WebPage","@id":"https:\/\/www.correiobraziliense.com.br\/cbradar\/one-piece-perde-showrunner-antes-da-segunda-temporada\/","url":"https:\/\/www.correiobraziliense.com.br\/cbradar\/one-piece-perde-showrunner-antes-da-segunda-temporada\/","name":"One Piece perde showrunner antes da segunda temporada","isPartOf":{"@id":"https:\/\/www.correiobraziliense.com.br\/cbradar\/#website"},"primaryImageOfPage":{"@id":"https:\/\/www.correiobraziliense.com.br\/cbradar\/one-piece-perde-showrunner-antes-da-segunda-temporada\/#primaryimage"},"image":{"@id":"https:\/\/www.correiobraziliense.com.br\/cbradar\/one-piece-perde-showrunner-antes-da-segunda-temporada\/#primaryimage"},"thumbnailUrl":"https:\/\/www.correiobraziliense.com.br\/cbradar\/wp-content\/uploads\/2025\/03\/One-Piece.png","datePublished":"2025-03-23T22:30:00+00:00","author":{"@id":"https:\/\/www.correiobraziliense.com.br\/cbradar\/#\/schema\/person\/58422787644df994b53a19d3e56c1513"},"description":"Showrunner de One Piece: A S\u00e9rie deixa produ\u00e7\u00e3o antes da 2\u00aa temporada. Matt Owens sai para focar na sa\u00fade mental.","breadcrumb":{"@id":"https:\/\/www.correiobraziliense.com.br\/cbradar\/one-piece-perde-showrunner-antes-da-segunda-temporada\/#breadcrumb"},"inLanguage":"pt-BR","potentialAction":[{"@type":"ReadAction","target":["https:\/\/www.correiobraziliense.com.br\/cbradar\/one-piece-perde-showrunner-antes-da-segunda-temporada\/"]}]},{"@type":"ImageObject","inLanguage":"pt-BR","@id":"https:\/\/www.correiobraziliense.com.br\/cbradar\/one-piece-perde-showrunner-antes-da-segunda-temporada\/#primaryimage","url":"https:\/\/www.correiobraziliense.com.br\/cbradar\/wp-content\/uploads\/2025\/03\/One-Piece.png","contentUrl":"https:\/\/www.correiobraziliense.com.br\/cbradar\/wp-content\/uploads\/2025\/03\/One-Piece.png","width":1280,"height":720,"caption":"One Piece. Fonte: divulga\u00e7\u00e3o \/ Netflix"},{"@type":"BreadcrumbList","@id":"https:\/\/www.correiobraziliense.com.br\/cbradar\/one-piece-perde-showrunner-antes-da-segunda-temporada\/#breadcrumb","itemListElement":[{"@type":"ListItem","position":1,"name":"In\u00edcio","item":"https:\/\/www.correiobraziliense.com.br\/cbradar\/"},{"@type":"ListItem","position":2,"name":"One Piece perde showrunner antes da segunda temporada"}]},{"@type":"WebSite","@id":"https:\/\/www.correiobraziliense.com.br\/cbradar\/#website","url":"https:\/\/www.correiobraziliense.com.br\/cbradar\/","name":"Correio Braziliense - Radar","description":"Acompanhe as \u00faltimas not\u00edcias e fique bem informado sobre tudo o que acontece no Brasil e no mundo.","potentialAction":[{"@type":"SearchAction","target":{"@type":"EntryPoint","urlTemplate":"https:\/\/www.correiobraziliense.com.br\/cbradar\/?s={search_term_string}"},"query-input":{"@type":"PropertyValueSpecification","valueRequired":true,"valueName":"search_term_string"}}],"inLanguage":"pt-BR"},{"@type":"Person","@id":"https:\/\/www.correiobraziliense.com.br\/cbradar\/#\/schema\/person\/58422787644df994b53a19d3e56c1513","name":"Larissa Carvalho","image":{"@type":"ImageObject","inLanguage":"pt-BR","@id":"https:\/\/www.correiobraziliense.com.br\/cbradar\/#\/schema\/person\/image\/","url":"https:\/\/secure.gravatar.com\/avatar\/fe4f91a0de32b52a838d0d612abdc1aa?s=96&d=mm&r=g","contentUrl":"https:\/\/secure.gravatar.com\/avatar\/fe4f91a0de32b52a838d0d612abdc1aa?s=96&d=mm&r=g","caption":"Larissa Carvalho"},"url":"https:\/\/www.correiobraziliense.com.br\/cbradar\/author\/larissamyth\/"}]}},"_links":{"self":[{"href":"https:\/\/www.correiobraziliense.com.br\/cbradar\/wp-json\/wp\/v2\/posts\/14963","targetHints":{"allow":["GET"]}}],"collection":[{"href":"https:\/\/www.correiobraziliense.com.br\/cbradar\/wp-json\/wp\/v2\/posts"}],"about":[{"href":"https:\/\/www.correiobraziliense.com.br\/cbradar\/wp-json\/wp\/v2\/types\/post"}],"author":[{"embeddable":true,"href":"https:\/\/www.correiobraziliense.com.br\/cbradar\/wp-json\/wp\/v2\/users\/3"}],"replies":[{"embeddable":true,"href":"https:\/\/www.correiobraziliense.com.br\/cbradar\/wp-json\/wp\/v2\/comments?post=14963"}],"version-history":[{"count":1,"href":"https:\/\/www.correiobraziliense.com.br\/cbradar\/wp-json\/wp\/v2\/posts\/14963\/revisions"}],"predecessor-version":[{"id":14969,"href":"https:\/\/www.correiobraziliense.com.br\/cbradar\/wp-json\/wp\/v2\/posts\/14963\/revisions\/14969"}],"wp:featuredmedia":[{"embeddable":true,"href":"https:\/\/www.correiobraziliense.com.br\/cbradar\/wp-json\/wp\/v2\/media\/14968"}],"wp:attachment":[{"href":"https:\/\/www.correiobraziliense.com.br\/cbradar\/wp-json\/wp\/v2\/media?parent=14963"}],"wp:term":[{"taxonomy":"category","embeddable":true,"href":"https:\/\/www.correiobraziliense.com.br\/cbradar\/wp-json\/wp\/v2\/categories?post=14963"},{"taxonomy":"post_tag","embeddable":true,"href":"https:\/\/www.correiobraziliense.com.br\/cbradar\/wp-json\/wp\/v2\/post_tag?post=14963"}],"curies":[{"name":"wp","href":"https:\/\/api.w.org\/{rel}","templated":true}]}}