{"id":149654,"date":"2025-12-04T08:25:00","date_gmt":"2025-12-04T11:25:00","guid":{"rendered":"https:\/\/www.correiobraziliense.com.br\/cbradar\/?p=149654"},"modified":"2025-12-04T00:07:45","modified_gmt":"2025-12-04T03:07:45","slug":"a-cidade-catarinense-que-surpreende-moradores-com-vida-tranquila-e-qualidade-acima-da-media","status":"publish","type":"post","link":"https:\/\/www.correiobraziliense.com.br\/cbradar\/a-cidade-catarinense-que-surpreende-moradores-com-vida-tranquila-e-qualidade-acima-da-media\/","title":{"rendered":"A cidade catarinense que surpreende moradores com vida tranquila e qualidade acima da m\u00e9dia"},"content":{"rendered":"\n<p><strong>Joinville<\/strong> \u00e9 a maior cidade de <strong>Santa Catarina<\/strong>, localizada no nordeste do estado, a cerca de 180 km de <strong>Florian\u00f3polis<\/strong> e 130 km de <strong>Curitiba<\/strong>. Conhecida como \u201cManchester Catarinense\u201d, destaca-se pela for\u00e7a industrial, qualidade de vida excepcional e rica heran\u00e7a cultural alem\u00e3. Venha conhecer uma cidade que combina desenvolvimento econ\u00f4mico, educa\u00e7\u00e3o de excel\u00eancia e infraestrutura de primeiro mundo no sul do Brasil.<\/p>\n\n\n\n<h2 class=\"wp-block-heading\">Por que morar em Joinville?<\/h2>\n\n\n\n<p><strong>Joinville<\/strong> oferece qualidade de vida que figura entre as melhores do <strong>Brasil<\/strong>, equilibrando desenvolvimento econ\u00f4mico robusto com infraestrutura urbana exemplar e servi\u00e7os p\u00fablicos eficientes. A cidade mant\u00e9m \u00edndices elevados de empregabilidade, renda per capita e educa\u00e7\u00e3o, atraindo profissionais qualificados e empresas de diversos setores que reconhecem o ambiente favor\u00e1vel aos neg\u00f3cios.<\/p>\n\n\n\n<p>O munic\u00edpio apresenta economia diversificada baseada em ind\u00fastria metal-mec\u00e2nica, tecnologia, com\u00e9rcio e servi\u00e7os, al\u00e9m de ser refer\u00eancia nacional em log\u00edstica portu\u00e1ria. <strong><a href=\"https:\/\/www.ibge.gov.br\/cidades-e-estados\/sc\/joinville.html\" target=\"_blank\" rel=\"noreferrer noopener\">Segundo o IBGE<\/a><\/strong>, <strong>Joinville<\/strong> possui popula\u00e7\u00e3o estimada em 597.000 habitantes e IDH de 0,809 (2010), um dos mais altos do pa\u00eds. A seguran\u00e7a, sa\u00fade de qualidade, educa\u00e7\u00e3o superior reconhecida e ambiente limpo e arborizado consolidam a cidade como destino preferencial para estabelecer resid\u00eancia e carreira.<\/p>\n\n\n<div class=\"wp-block-image\">\n<figure class=\"aligncenter size-large\"><img decoding=\"async\" width=\"1024\" height=\"576\" src=\"https:\/\/www.correiobraziliense.com.br\/cbradar\/wp-content\/uploads\/2025\/07\/Edicoes-71-1-1024x576.png\" alt=\"A cidade de Santa Catarina que impressiona com qualidade de vida elevada\" class=\"wp-image-75689\" srcset=\"https:\/\/www.correiobraziliense.com.br\/cbradar\/wp-content\/uploads\/2025\/07\/Edicoes-71-1-1024x576.png 1024w, https:\/\/www.correiobraziliense.com.br\/cbradar\/wp-content\/uploads\/2025\/07\/Edicoes-71-1-300x169.png 300w, https:\/\/www.correiobraziliense.com.br\/cbradar\/wp-content\/uploads\/2025\/07\/Edicoes-71-1-768x432.png 768w, https:\/\/www.correiobraziliense.com.br\/cbradar\/wp-content\/uploads\/2025\/07\/Edicoes-71-1-750x422.png 750w, https:\/\/www.correiobraziliense.com.br\/cbradar\/wp-content\/uploads\/2025\/07\/Edicoes-71-1-1140x641.png 1140w, https:\/\/www.correiobraziliense.com.br\/cbradar\/wp-content\/uploads\/2025\/07\/Edicoes-71-1.png 1280w\" sizes=\"(max-width: 1024px) 100vw, 1024px\" \/><figcaption class=\"wp-element-caption\">Joinville \u00e9 a maior cidade de Santa Catarina, reconhecida pela ind\u00fastria e cultura vibrante. \/\/ Cr\u00e9ditos: YouTube @GuilhermeSpengler<\/figcaption><\/figure><\/div>\n\n\n<h2 class=\"wp-block-heading\">Quais s\u00e3o os melhores bairros para morar em Joinville?<\/h2>\n\n\n\n<p>Veja abaixo os bairros mais procurados e suas caracter\u00edsticas:<\/p>\n\n\n\n<ul class=\"wp-block-list\">\n<li><strong>Am\u00e9rica<\/strong>: Bairro nobre com condom\u00ednios de alto padr\u00e3o, infraestrutura completa, proximidade a shoppings e restaurantes sofisticados, sendo escolha de executivos e empres\u00e1rios.<\/li>\n\n\n\n<li><strong>Atiradores<\/strong>: Regi\u00e3o valorizada pr\u00f3xima ao centro, oferecendo casas tradicionais, ruas arborizadas, com\u00e9rcio local e atmosfera tranquila apreciada por fam\u00edlias.<\/li>\n\n\n\n<li><strong>Bom Retiro<\/strong>: Bairro residencial bem estabelecido com escolas de qualidade, supermercados, academias e perfil de moradores que valorizam seguran\u00e7a e praticidade.<\/li>\n\n\n\n<li><strong>Sagua\u00e7u<\/strong>: \u00c1rea em crescimento com condom\u00ednios modernos, infraestrutura em expans\u00e3o e boa rela\u00e7\u00e3o custo-benef\u00edcio para fam\u00edlias jovens.<\/li>\n\n\n\n<li><strong>Zona Industrial Norte<\/strong>: Regi\u00e3o pr\u00f3xima a grandes empresas, ideal para profissionais que trabalham nas ind\u00fastrias locais e buscam reduzir tempo de deslocamento.<\/li>\n<\/ul>\n\n\n\n<p>Para quem considera morar em Santa Catarina, este guia completo \u00e9 essencial. O v\u00eddeo \u00e9 do canal <strong>Cidades do Interior<\/strong>, e detalha por que Joinville \u00e9 uma das <strong>melhores cidades do estado<\/strong>, abordando sua forte economia (o segundo maior PIB de SC e polo industrial), a qualidade da educa\u00e7\u00e3o (com universidades p\u00fablicas e privadas de destaque) e as melhores op\u00e7\u00f5es de lazer, como o Festival de Dan\u00e7a e o Mirante de Joinville:<\/p>\n\n\n\n<figure class=\"wp-block-embed is-type-video is-provider-youtube wp-block-embed-youtube wp-embed-aspect-16-9 wp-has-aspect-ratio\"><div class=\"wp-block-embed__wrapper\">\n<div class=\"jeg_video_container jeg_video_content\"><iframe loading=\"lazy\" title=\"JOINVILLE - SC | Uma das MELHORES CIDADES de SANTA CATARINA!\" width=\"500\" height=\"281\" src=\"https:\/\/www.youtube.com\/embed\/3TM-v085glc?feature=oembed\" frameborder=\"0\" allow=\"accelerometer; autoplay; clipboard-write; encrypted-media; gyroscope; picture-in-picture; web-share\" referrerpolicy=\"strict-origin-when-cross-origin\" allowfullscreen><\/iframe><\/div>\n<\/div><\/figure>\n\n\n\n<h2 class=\"wp-block-heading\">Como \u00e9 a vida cultural em Joinville?<\/h2>\n\n\n\n<p>A vida cultural de <strong>Joinville<\/strong> \u00e9 uma das mais ricas de <strong>Santa Catarina<\/strong>, com destaque internacional para o <strong>Festival de Dan\u00e7a de Joinville<\/strong>, maior evento de dan\u00e7a do mundo que re\u00fane milhares de bailarinos e espectadores anualmente. A heran\u00e7a alem\u00e3 manifesta-se na arquitetura, gastronomia e tradi\u00e7\u00f5es preservadas pela comunidade ao longo de gera\u00e7\u00f5es.<\/p>\n\n\n\n<p>A cidade abriga o <strong>Teatro Centreventos Cau Hansen<\/strong>, o <strong>Museu Nacional de Imigra\u00e7\u00e3o e Coloniza\u00e7\u00e3o<\/strong> e a <strong>Estrada Bonita<\/strong>, rota tur\u00edstica que passa por propriedades rurais coloniais. A gastronomia valoriza pratos alem\u00e3es como chucrute, kassler e strudel, servidos em restaurantes tradicionais, enquanto a <strong>Festa das Flores<\/strong> e a <strong>Fenachopp<\/strong> celebram as ra\u00edzes culturais com m\u00fasica, dan\u00e7a e gastronomia t\u00edpica.<\/p>\n\n\n\n<h2 class=\"wp-block-heading\">Por que Joinville \u00e9 refer\u00eancia em ind\u00fastria e inova\u00e7\u00e3o tecnol\u00f3gica?<\/h2>\n\n\n\n<p><strong>Joinville<\/strong> consolidou-se como maior polo industrial de <strong>Santa Catarina<\/strong> e um dos mais importantes do Sul do Brasil, abrigando empresas de metal-mec\u00e2nica, autope\u00e7as, pl\u00e1sticos e tecnologia de ponta. A cidade sedia gigantes como <strong>Tupy<\/strong>, <strong>Embraco<\/strong> (Nidec) e <strong>Tigre<\/strong>, al\u00e9m de centros de pesquisa e desenvolvimento que geram inova\u00e7\u00e3o tecnol\u00f3gica.<\/p>\n\n\n\n<p>A forma\u00e7\u00e3o de m\u00e3o de obra qualificada \u00e9 garantida por institui\u00e7\u00f5es como a <strong>Universidade da Regi\u00e3o de Joinville (Univille)<\/strong>, <strong>UDESC<\/strong> e <strong>IFSC<\/strong>, que oferecem cursos t\u00e9cnicos e superiores alinhados \u00e0s demandas industriais. <strong>Joinville<\/strong> responde por parcela expressiva do PIB catarinense e mant\u00e9m investimentos consistentes em inova\u00e7\u00e3o, automa\u00e7\u00e3o e ind\u00fastria 4.0.<\/p>\n\n\n<div class=\"wp-block-image\">\n<figure class=\"aligncenter size-large\"><img decoding=\"async\" width=\"1024\" height=\"576\" src=\"https:\/\/www.correiobraziliense.com.br\/cbradar\/wp-content\/uploads\/2025\/07\/Edicoes-70-1-1024x576.png\" alt=\"\" class=\"wp-image-75688\" srcset=\"https:\/\/www.correiobraziliense.com.br\/cbradar\/wp-content\/uploads\/2025\/07\/Edicoes-70-1-1024x576.png 1024w, https:\/\/www.correiobraziliense.com.br\/cbradar\/wp-content\/uploads\/2025\/07\/Edicoes-70-1-300x169.png 300w, https:\/\/www.correiobraziliense.com.br\/cbradar\/wp-content\/uploads\/2025\/07\/Edicoes-70-1-768x432.png 768w, https:\/\/www.correiobraziliense.com.br\/cbradar\/wp-content\/uploads\/2025\/07\/Edicoes-70-1-750x422.png 750w, https:\/\/www.correiobraziliense.com.br\/cbradar\/wp-content\/uploads\/2025\/07\/Edicoes-70-1-1140x641.png 1140w, https:\/\/www.correiobraziliense.com.br\/cbradar\/wp-content\/uploads\/2025\/07\/Edicoes-70-1.png 1280w\" sizes=\"(max-width: 1024px) 100vw, 1024px\" \/><figcaption class=\"wp-element-caption\">Joinville conta com infraestrutura completa, aeroporto, ciclovias e excelente qualidade de vida. \/\/ Cr\u00e9ditos: YouTube @GuilhermeSpengler<\/figcaption><\/figure><\/div>\n\n\n<h2 class=\"wp-block-heading\">A cidade que nasceu de um dote de casamento<\/h2>\n\n\n\n<p><strong>Joinville<\/strong> tem origem \u00fanica na hist\u00f3ria brasileira: a cidade surgiu a partir do dote de casamento da Princesa Francisca Carolina, irm\u00e3 do Imperador Dom Pedro II, que se casou com o Pr\u00edncipe de Joinville da Fran\u00e7a em 1843. Como dote, ela recebeu terras no norte de <strong>Santa Catarina<\/strong>, que posteriormente foram colonizadas por imigrantes alem\u00e3es, su\u00ed\u00e7os e noruegueses.<\/p>\n\n\n\n<p>A chegada dos primeiros colonos em 1851 marcou o in\u00edcio do desenvolvimento da regi\u00e3o, que rapidamente prosperou gra\u00e7as ao trabalho organizado dos imigrantes europeus. Essa origem peculiar moldou a identidade cultural da cidade, preservada em tradi\u00e7\u00f5es, arquitetura e costumes que diferenciam <strong>Joinville<\/strong> de outras cidades brasileiras e atraem visitantes interessados em conhecer esse patrim\u00f4nio hist\u00f3rico \u00fanico.<\/p>\n\n\n\n<h2 class=\"wp-block-heading\">Melhor \u00e9poca para visitar Joinville?<\/h2>\n\n\n\n<p>O per\u00edodo entre mar\u00e7o e junho, e de setembro a novembro, \u00e9 ideal para visitar <strong>Joinville<\/strong>, quando as temperaturas s\u00e3o amenas e a cidade realiza seus principais eventos culturais, incluindo o <strong>Festival de Dan\u00e7a<\/strong> em julho.<a href=\"https:\/\/www.climatempo.com.br\/previsao-do-tempo\/cidade\/381\/joinville-sc\" target=\"_blank\" rel=\"noreferrer noopener\"> <strong>Segundo o Climatempo<\/strong><\/a>, a temperatura m\u00e9dia anual fica em torno de 21\u202f\u00b0C, com clima subtropical \u00famido caracterizado por chuvas bem distribu\u00eddas ao longo do ano.<\/p>\n\n\n\n<p>Veja abaixo o resumo das esta\u00e7\u00f5es e atividades recomendadas:<\/p>\n\n\n\n<figure class=\"wp-block-table\"><table class=\"has-fixed-layout\"><thead><tr><th>Per\u00edodo<\/th><th>Temperatura m\u00e9dia<\/th><th>Clima<\/th><th>Atividades recomendadas<\/th><\/tr><\/thead><tbody><tr><td>Dezembro a Mar\u00e7o<\/td><td>23\u00b0C a 28\u00b0C<\/td><td>Ver\u00e3o quente e \u00famido<\/td><td><strong>Estrada Bonita<\/strong>, parques, <strong>Museu Nacional de Imigra\u00e7\u00e3o<\/strong><\/td><\/tr><tr><td>Abril a Junho<\/td><td>18\u00b0C a 23\u00b0C<\/td><td>Outono ameno<\/td><td><strong>Festa das Flores<\/strong> (novembro), gastronomia alem\u00e3, turismo cultural<\/td><\/tr><tr><td>Julho a Setembro<\/td><td>15\u00b0C a 20\u00b0C<\/td><td>Inverno suave<\/td><td><strong>Festival de Dan\u00e7a de Joinville<\/strong> (julho), <strong>Fenachopp<\/strong>, teatros<\/td><\/tr><tr><td>Outubro a Novembro<\/td><td>19\u00b0C a 24\u00b0C<\/td><td>Primavera agrad\u00e1vel<\/td><td>Ciclovias, <strong>Parque Expoville<\/strong>, eventos ao ar livre<\/td><\/tr><\/tbody><\/table><\/figure>\n\n\n\n<p><strong>Leia tamb\u00e9m: <a href=\"https:\/\/www.correiobraziliense.com.br\/cbradar\/a-cidade-em-minas-que-conquistou-moradores-com-bem-estar-natureza-e-uma-vida-muito-acima-da-media\/\" target=\"_blank\" rel=\"noreferrer noopener\">A cidade em Minas que conquistou moradores com bem-estar, natureza e uma vida muito acima da m\u00e9dia.<\/a><\/strong><\/p>\n\n\n\n<h2 class=\"wp-block-heading\">Vivencie Joinville<\/h2>\n\n\n\n<p><strong>Joinville<\/strong> <strong>oferece experi\u00eancia urbana completa que une qualidade de vida excepcional, oportunidades profissionais e patrim\u00f4nio cultural \u00fanico no sul do Brasil.<\/strong> A cidade atrai profissionais qualificados, empreendedores e fam\u00edlias que reconhecem o potencial de uma das cidades mais desenvolvidas e bem administradas do pa\u00eds.<\/p>\n\n\n\n<p>Seja para estabelecer carreira no polo industrial de refer\u00eancia, desfrutar de infraestrutura de primeiro mundo ou vivenciar a rica heran\u00e7a cultural alem\u00e3, <strong>Joinville<\/strong> convida voc\u00ea a conhecer o melhor de <strong>Santa Catarina<\/strong>. Principais destaques:<\/p>\n","protected":false},"excerpt":{"rendered":"<p>Joinville \u00e9 a maior cidade de Santa Catarina, localizada no nordeste do estado, a cerca de 180 km de Florian\u00f3polis e 130 km de Curitiba. Conhecida como \u201cManchester Catarinense\u201d, destaca-se pela for\u00e7a industrial, qualidade de vida excepcional e rica heran\u00e7a cultural alem\u00e3. Venha conhecer uma cidade que combina desenvolvimento econ\u00f4mico, educa\u00e7\u00e3o de excel\u00eancia e infraestrutura [&hellip;]<\/p>\n","protected":false},"author":8,"featured_media":81580,"comment_status":"open","ping_status":"open","sticky":false,"template":"","format":"standard","meta":{"_yoast_wpseo_focuskw":"cidade com qualidade de vida","_yoast_wpseo_title":"","_yoast_wpseo_metadesc":"Meta 1 (129 caracteres)A cidade de Santa Catarina impressiona com qualidade de vida elevada, seguran\u00e7a e ambiente perfeito para morar bem.","jnews-multi-image_gallery":[],"jnews_single_post":{"format":"standard"},"jnews_primary_category":[],"jnews_social_meta":[],"jnews_override_counter":[],"footnotes":""},"categories":[108,111],"post_tag":[953,247,851],"class_list":["post-149654","post","type-post","status-publish","format-standard","has-post-thumbnail","hentry","category-cidades","category-turismo","tag-joinville","tag-qualidade-de-vida","tag-santa-catarina"],"yoast_head":"<!-- This site is optimized with the Yoast SEO plugin v24.6 - https:\/\/yoast.com\/wordpress\/plugins\/seo\/ -->\n<title>A cidade catarinense que surpreende moradores com vida tranquila e qualidade acima da m\u00e9dia - Correio Braziliense - Radar<\/title>\n<meta name=\"description\" content=\"Meta 1 (129 caracteres)A cidade de Santa Catarina impressiona com qualidade de vida elevada, seguran\u00e7a e ambiente perfeito para morar bem.\" \/>\n<meta name=\"robots\" content=\"index, follow, max-snippet:-1, max-image-preview:large, max-video-preview:-1\" \/>\n<link rel=\"canonical\" href=\"https:\/\/www.correiobraziliense.com.br\/cbradar\/a-cidade-catarinense-que-surpreende-moradores-com-vida-tranquila-e-qualidade-acima-da-media\/\" \/>\n<meta property=\"og:locale\" content=\"pt_BR\" \/>\n<meta property=\"og:type\" content=\"article\" \/>\n<meta property=\"og:title\" content=\"A cidade catarinense que surpreende moradores com vida tranquila e qualidade acima da m\u00e9dia - Correio Braziliense - Radar\" \/>\n<meta property=\"og:description\" content=\"Meta 1 (129 caracteres)A cidade de Santa Catarina impressiona com qualidade de vida elevada, seguran\u00e7a e ambiente perfeito para morar bem.\" \/>\n<meta property=\"og:url\" content=\"https:\/\/www.correiobraziliense.com.br\/cbradar\/a-cidade-catarinense-que-surpreende-moradores-com-vida-tranquila-e-qualidade-acima-da-media\/\" \/>\n<meta property=\"og:site_name\" content=\"Correio Braziliense - Radar\" \/>\n<meta property=\"article:published_time\" content=\"2025-12-04T11:25:00+00:00\" \/>\n<meta property=\"og:image\" content=\"https:\/\/www.correiobraziliense.com.br\/cbradar\/wp-content\/uploads\/2025\/08\/Edicoes-2025-08-05T192604.619.png\" \/>\n\t<meta property=\"og:image:width\" content=\"1280\" \/>\n\t<meta property=\"og:image:height\" content=\"720\" \/>\n\t<meta property=\"og:image:type\" content=\"image\/png\" \/>\n<meta name=\"author\" content=\"Maura Pereira\" \/>\n<meta name=\"twitter:card\" content=\"summary_large_image\" \/>\n<meta name=\"twitter:label1\" content=\"Escrito por\" \/>\n\t<meta name=\"twitter:data1\" content=\"Maura Pereira\" \/>\n\t<meta name=\"twitter:label2\" content=\"Est. tempo de leitura\" \/>\n\t<meta name=\"twitter:data2\" content=\"7 minutos\" \/>\n<!-- \/ Yoast SEO plugin. -->","yoast_head_json":{"title":"A cidade catarinense que surpreende moradores com vida tranquila e qualidade acima da m\u00e9dia - Correio Braziliense - Radar","description":"Meta 1 (129 caracteres)A cidade de Santa Catarina impressiona com qualidade de vida elevada, seguran\u00e7a e ambiente perfeito para morar bem.","robots":{"index":"index","follow":"follow","max-snippet":"max-snippet:-1","max-image-preview":"max-image-preview:large","max-video-preview":"max-video-preview:-1"},"canonical":"https:\/\/www.correiobraziliense.com.br\/cbradar\/a-cidade-catarinense-que-surpreende-moradores-com-vida-tranquila-e-qualidade-acima-da-media\/","og_locale":"pt_BR","og_type":"article","og_title":"A cidade catarinense que surpreende moradores com vida tranquila e qualidade acima da m\u00e9dia - Correio Braziliense - Radar","og_description":"Meta 1 (129 caracteres)A cidade de Santa Catarina impressiona com qualidade de vida elevada, seguran\u00e7a e ambiente perfeito para morar bem.","og_url":"https:\/\/www.correiobraziliense.com.br\/cbradar\/a-cidade-catarinense-que-surpreende-moradores-com-vida-tranquila-e-qualidade-acima-da-media\/","og_site_name":"Correio Braziliense - Radar","article_published_time":"2025-12-04T11:25:00+00:00","og_image":[{"width":1280,"height":720,"url":"https:\/\/www.correiobraziliense.com.br\/cbradar\/wp-content\/uploads\/2025\/08\/Edicoes-2025-08-05T192604.619.png","type":"image\/png"}],"author":"Maura Pereira","twitter_card":"summary_large_image","twitter_misc":{"Escrito por":"Maura Pereira","Est. tempo de leitura":"7 minutos"},"schema":{"@context":"https:\/\/schema.org","@graph":[{"@type":"WebPage","@id":"https:\/\/www.correiobraziliense.com.br\/cbradar\/a-cidade-catarinense-que-surpreende-moradores-com-vida-tranquila-e-qualidade-acima-da-media\/","url":"https:\/\/www.correiobraziliense.com.br\/cbradar\/a-cidade-catarinense-que-surpreende-moradores-com-vida-tranquila-e-qualidade-acima-da-media\/","name":"A cidade catarinense que surpreende moradores com vida tranquila e qualidade acima da m\u00e9dia - Correio Braziliense - Radar","isPartOf":{"@id":"https:\/\/www.correiobraziliense.com.br\/cbradar\/#website"},"primaryImageOfPage":{"@id":"https:\/\/www.correiobraziliense.com.br\/cbradar\/a-cidade-catarinense-que-surpreende-moradores-com-vida-tranquila-e-qualidade-acima-da-media\/#primaryimage"},"image":{"@id":"https:\/\/www.correiobraziliense.com.br\/cbradar\/a-cidade-catarinense-que-surpreende-moradores-com-vida-tranquila-e-qualidade-acima-da-media\/#primaryimage"},"thumbnailUrl":"https:\/\/www.correiobraziliense.com.br\/cbradar\/wp-content\/uploads\/2025\/08\/Edicoes-2025-08-05T192604.619.png","datePublished":"2025-12-04T11:25:00+00:00","author":{"@id":"https:\/\/www.correiobraziliense.com.br\/cbradar\/#\/schema\/person\/4053c651a9bfc785afc6f4cbc9032fd3"},"description":"Meta 1 (129 caracteres)A cidade de Santa Catarina impressiona com qualidade de vida elevada, seguran\u00e7a e ambiente perfeito para morar bem.","breadcrumb":{"@id":"https:\/\/www.correiobraziliense.com.br\/cbradar\/a-cidade-catarinense-que-surpreende-moradores-com-vida-tranquila-e-qualidade-acima-da-media\/#breadcrumb"},"inLanguage":"pt-BR","potentialAction":[{"@type":"ReadAction","target":["https:\/\/www.correiobraziliense.com.br\/cbradar\/a-cidade-catarinense-que-surpreende-moradores-com-vida-tranquila-e-qualidade-acima-da-media\/"]}]},{"@type":"ImageObject","inLanguage":"pt-BR","@id":"https:\/\/www.correiobraziliense.com.br\/cbradar\/a-cidade-catarinense-que-surpreende-moradores-com-vida-tranquila-e-qualidade-acima-da-media\/#primaryimage","url":"https:\/\/www.correiobraziliense.com.br\/cbradar\/wp-content\/uploads\/2025\/08\/Edicoes-2025-08-05T192604.619.png","contentUrl":"https:\/\/www.correiobraziliense.com.br\/cbradar\/wp-content\/uploads\/2025\/08\/Edicoes-2025-08-05T192604.619.png","width":1280,"height":720,"caption":"Joinville, a cidade das flores que encanta com dan\u00e7a, natureza e inova\u00e7\u00e3o! \/\/ Cr\u00e9ditos: YouTube @BRASILVISTOPORDRONE"},{"@type":"BreadcrumbList","@id":"https:\/\/www.correiobraziliense.com.br\/cbradar\/a-cidade-catarinense-que-surpreende-moradores-com-vida-tranquila-e-qualidade-acima-da-media\/#breadcrumb","itemListElement":[{"@type":"ListItem","position":1,"name":"In\u00edcio","item":"https:\/\/www.correiobraziliense.com.br\/cbradar\/"},{"@type":"ListItem","position":2,"name":"A cidade catarinense que surpreende moradores com vida tranquila e qualidade acima da m\u00e9dia"}]},{"@type":"WebSite","@id":"https:\/\/www.correiobraziliense.com.br\/cbradar\/#website","url":"https:\/\/www.correiobraziliense.com.br\/cbradar\/","name":"Correio Braziliense - Radar","description":"Acompanhe as \u00faltimas not\u00edcias e fique bem informado sobre tudo o que acontece no Brasil e no mundo.","potentialAction":[{"@type":"SearchAction","target":{"@type":"EntryPoint","urlTemplate":"https:\/\/www.correiobraziliense.com.br\/cbradar\/?s={search_term_string}"},"query-input":{"@type":"PropertyValueSpecification","valueRequired":true,"valueName":"search_term_string"}}],"inLanguage":"pt-BR"},{"@type":"Person","@id":"https:\/\/www.correiobraziliense.com.br\/cbradar\/#\/schema\/person\/4053c651a9bfc785afc6f4cbc9032fd3","name":"Maura Pereira","image":{"@type":"ImageObject","inLanguage":"pt-BR","@id":"https:\/\/www.correiobraziliense.com.br\/cbradar\/#\/schema\/person\/image\/","url":"https:\/\/secure.gravatar.com\/avatar\/3effd6bdadfa447f15089c7f7144eaa6?s=96&d=mm&r=g","contentUrl":"https:\/\/secure.gravatar.com\/avatar\/3effd6bdadfa447f15089c7f7144eaa6?s=96&d=mm&r=g","caption":"Maura Pereira"},"sameAs":["https:\/\/www.correiobraziliense.com.br\/"],"url":"https:\/\/www.correiobraziliense.com.br\/cbradar\/author\/mauramyth\/"}]}},"_links":{"self":[{"href":"https:\/\/www.correiobraziliense.com.br\/cbradar\/wp-json\/wp\/v2\/posts\/149654","targetHints":{"allow":["GET"]}}],"collection":[{"href":"https:\/\/www.correiobraziliense.com.br\/cbradar\/wp-json\/wp\/v2\/posts"}],"about":[{"href":"https:\/\/www.correiobraziliense.com.br\/cbradar\/wp-json\/wp\/v2\/types\/post"}],"author":[{"embeddable":true,"href":"https:\/\/www.correiobraziliense.com.br\/cbradar\/wp-json\/wp\/v2\/users\/8"}],"replies":[{"embeddable":true,"href":"https:\/\/www.correiobraziliense.com.br\/cbradar\/wp-json\/wp\/v2\/comments?post=149654"}],"version-history":[{"count":15,"href":"https:\/\/www.correiobraziliense.com.br\/cbradar\/wp-json\/wp\/v2\/posts\/149654\/revisions"}],"predecessor-version":[{"id":149768,"href":"https:\/\/www.correiobraziliense.com.br\/cbradar\/wp-json\/wp\/v2\/posts\/149654\/revisions\/149768"}],"wp:featuredmedia":[{"embeddable":true,"href":"https:\/\/www.correiobraziliense.com.br\/cbradar\/wp-json\/wp\/v2\/media\/81580"}],"wp:attachment":[{"href":"https:\/\/www.correiobraziliense.com.br\/cbradar\/wp-json\/wp\/v2\/media?parent=149654"}],"wp:term":[{"taxonomy":"category","embeddable":true,"href":"https:\/\/www.correiobraziliense.com.br\/cbradar\/wp-json\/wp\/v2\/categories?post=149654"},{"taxonomy":"post_tag","embeddable":true,"href":"https:\/\/www.correiobraziliense.com.br\/cbradar\/wp-json\/wp\/v2\/post_tag?post=149654"}],"curies":[{"name":"wp","href":"https:\/\/api.w.org\/{rel}","templated":true}]}}