{"id":149974,"date":"2025-12-06T20:15:00","date_gmt":"2025-12-06T23:15:00","guid":{"rendered":"https:\/\/www.correiobraziliense.com.br\/cbradar\/?p=149974"},"modified":"2025-12-05T09:03:30","modified_gmt":"2025-12-05T12:03:30","slug":"o-que-acontece-com-seu-corpo-quando-voce-come-picles-todos-os-dias","status":"publish","type":"post","link":"https:\/\/www.correiobraziliense.com.br\/cbradar\/o-que-acontece-com-seu-corpo-quando-voce-come-picles-todos-os-dias\/","title":{"rendered":"O que acontece com seu corpo quando voc\u00ea come picles todos os dias"},"content":{"rendered":"\n<p>O consumo de <strong>alimentos fermentados<\/strong> tem ganhado espa\u00e7o nas rotinas alimentares de muitas pessoas, especialmente por causa da rela\u00e7\u00e3o com a <strong>sa\u00fade intestinal<\/strong>. Entre esses produtos, os <strong>picles fermentados<\/strong> se destacam pela praticidade e pelo sabor marcante, mas \u00e9 importante entender as diferen\u00e7as em rela\u00e7\u00e3o aos picles em vinagre, o teor de s\u00f3dio e a forma adequada de inseri-los na alimenta\u00e7\u00e3o di\u00e1ria de forma segura e equilibrada (Thriene et al., 2022).<\/p>\n\n\n\n<h2 class=\"wp-block-heading\">O que \u00e9 picles fermentado e por que ele \u00e9 diferente de outros picles<\/h2>\n\n\n\n<p>A palavra-chave central aqui \u00e9 <strong>picles fermentado<\/strong>, um alimento que passa por um processo natural de fermenta\u00e7\u00e3o em <strong>salmoura<\/strong>. Nesse m\u00e9todo, vegetais como pepino, cenoura ou couve-flor s\u00e3o imersos em \u00e1gua com sal por um per\u00edodo espec\u00edfico, permitindo que microrganismos ben\u00e9ficos transformem a\u00e7\u00facares em \u00e1cidos org\u00e2nicos, gerando o sabor caracter\u00edstico e as <strong>bact\u00e9rias probi\u00f3ticas<\/strong>.<\/p>\n\n\n\n<p>Esse tipo de picles se diferencia dos picles em conserva preparados com vinagre, que criam um ambiente \u00e1cido, mas tendem a eliminar boa parte das bact\u00e9rias vivas. J\u00e1 o <strong>picles fermentado n\u00e3o pasteurizado<\/strong>, quando bem armazenado, pode conter microrganismos vivos que ajudam na diversidade da <strong>microbiota intestinal<\/strong>, contribuindo para melhor digest\u00e3o e resposta imunol\u00f3gica mais equilibrada.<\/p>\n\n\n\n<figure class=\"wp-block-image size-large\"><img decoding=\"async\" width=\"1024\" height=\"576\" src=\"https:\/\/www.correiobraziliense.com.br\/cbradar\/wp-content\/uploads\/2025\/12\/picles_1764935223833-1024x576.jpg\" alt=\"O que acontece com seu corpo quando voc\u00ea come picles todos os dias\" class=\"wp-image-150511\" srcset=\"https:\/\/www.correiobraziliense.com.br\/cbradar\/wp-content\/uploads\/2025\/12\/picles_1764935223833-1024x576.jpg 1024w, https:\/\/www.correiobraziliense.com.br\/cbradar\/wp-content\/uploads\/2025\/12\/picles_1764935223833-300x169.jpg 300w, https:\/\/www.correiobraziliense.com.br\/cbradar\/wp-content\/uploads\/2025\/12\/picles_1764935223833-768x432.jpg 768w, https:\/\/www.correiobraziliense.com.br\/cbradar\/wp-content\/uploads\/2025\/12\/picles_1764935223833-750x422.jpg 750w, https:\/\/www.correiobraziliense.com.br\/cbradar\/wp-content\/uploads\/2025\/12\/picles_1764935223833-1140x641.jpg 1140w, https:\/\/www.correiobraziliense.com.br\/cbradar\/wp-content\/uploads\/2025\/12\/picles_1764935223833.jpg 1280w\" sizes=\"(max-width: 1024px) 100vw, 1024px\" \/><figcaption class=\"wp-element-caption\">Integre picles fermentados na rotina e sinta o intestino revitalizado, impulsionando bem-estar digestivo e energia di\u00e1ria com toques pr\u00e1ticos e deliciosos. Cr\u00e9ditos: depositphotos.com \/ radoslaw.maciejewski<\/figcaption><\/figure>\n\n\n\n<h2 class=\"wp-block-heading\">Picles fermentado realmente faz bem para a sa\u00fade intestinal<\/h2>\n\n\n\n<p>Estudos recentes apontam que o consumo regular de <strong>alimentos fermentados<\/strong> est\u00e1 ligado ao aumento da diversidade de micr\u00f3bios no intestino, indicador importante de equil\u00edbrio intestinal. Entre esses alimentos, o picles fermentado aparece como op\u00e7\u00e3o acess\u00edvel para incluir <strong>probi\u00f3ticos naturais<\/strong> na dieta di\u00e1ria, principalmente quando combinado com fibras e uma alimenta\u00e7\u00e3o variada (Wastyk et al., 2021).<\/p>\n\n\n\n<p>De forma geral, picles ricos em bact\u00e9rias vivas podem contribuir para benef\u00edcios importantes \u00e0 sa\u00fade intestinal e geral, especialmente em pessoas saud\u00e1veis. Abaixo est\u00e3o alguns efeitos positivos frequentemente associados ao consumo de <strong>picles fermentados<\/strong>:<\/p>\n\n\n\n<ul class=\"wp-block-list\">\n<li><strong>Aumento<\/strong> da variedade de esp\u00e9cies microbianas no intestino;<\/li>\n\n\n\n<li><strong>Redu\u00e7\u00e3o<\/strong> de alguns marcadores inflamat\u00f3rios em grupos espec\u00edficos;<\/li>\n\n\n\n<li><strong>Melhora gradual<\/strong> da toler\u00e2ncia digestiva a certos alimentos;<\/li>\n\n\n\n<li><strong>Apoio indireto<\/strong> ao sistema imunol\u00f3gico, j\u00e1 que grande parte da imunidade est\u00e1 ligada ao intestino.<\/li>\n<\/ul>\n\n\n\n<p>Para explanar ainda mais o tema, trouxemos o v\u00eddeo do perfil @pensandoaocontrario, onde tem o passo a passo de como fazer esse probi\u00f3tico natural:<\/p>\n\n\n\n<blockquote class=\"tiktok-embed\" cite=\"https:\/\/www.tiktok.com\/@pensandoaocontrario\/video\/7322963918131858694\" data-video-id=\"7322963918131858694\" style=\"max-width: 605px;min-width: 325px;\" > <section> <a target=\"_blank\" title=\"@pensandoaocontrario\" href=\"https:\/\/www.tiktok.com\/@pensandoaocontrario?refer=embed\">@pensandoaocontrario<\/a> PROBI\u00d3TICO COMO IOGURTE! Vem aprender a fazer!  Hoje te ensino a fazer uma receita de probi\u00f3tico caseiro: o picles de pepino probi\u00f3tico e fermentado. Rico em lactobacilos vivos, esta receita de probi\u00f3tico tem os mesmos benef\u00edcios que uma receita de iogurte caseiro e \u00e9 at\u00e9 mais saud\u00e1vel! Mais uma sa serie de vegetais fermentados! Vem aprender!  <a title=\"probioticos\" target=\"_blank\" href=\"https:\/\/www.tiktok.com\/tag\/probioticos?refer=embed\">#probioticos<\/a> <a title=\"probioticocaseiro\" target=\"_blank\" href=\"https:\/\/www.tiktok.com\/tag\/probioticocaseiro?refer=embed\">#probioticocaseiro<\/a> <a title=\"pepinoprobiotico\" target=\"_blank\" href=\"https:\/\/www.tiktok.com\/tag\/pepinoprobiotico?refer=embed\">#pepinoprobiotico<\/a> <a title=\"piclesprobiotico\" target=\"_blank\" href=\"https:\/\/www.tiktok.com\/tag\/piclesprobiotico?refer=embed\">#piclesprobiotico<\/a> <a title=\"vegetaisfermentados\" target=\"_blank\" href=\"https:\/\/www.tiktok.com\/tag\/vegetaisfermentados?refer=embed\">#vegetaisfermentados<\/a> <a title=\"pensandoaocontr\u00e1rio\" target=\"_blank\" href=\"https:\/\/www.tiktok.com\/tag\/pensandoaocontr%C3%A1rio?refer=embed\">#pensandoaocontr\u00e1rio<\/a> <a target=\"_blank\" title=\"\u266c som original - Pensando ao Contr\u00e1rio\" href=\"https:\/\/www.tiktok.com\/music\/som-original-7322964013872368390?refer=embed\">\u266c som original &#8211; Pensando ao Contr\u00e1rio<\/a> <\/section> <\/blockquote> <script async src=\"https:\/\/www.tiktok.com\/embed.js\"><\/script>\n\n\n\n<h2 class=\"wp-block-heading\">\u00c9 seguro comer picles fermentados todos os dias<\/h2>\n\n\n\n<p>Em termos de <strong>microbiota intestinal<\/strong>, o consumo di\u00e1rio de picles fermentados tende a ser considerado seguro para a maior parte das pessoas saud\u00e1veis, desde que inserido em uma alimenta\u00e7\u00e3o variada e equilibrada. A inclus\u00e3o constante de pequenas por\u00e7\u00f5es pode favorecer um ambiente intestinal mais diverso, especialmente quando combinada com frutas, legumes, cereais integrais e outros alimentos ricos em fibras.<\/p>\n\n\n\n<p>Por\u00e9m, o teor de <strong>s\u00f3dio<\/strong> \u00e9 um ponto de aten\u00e7\u00e3o importante, j\u00e1 que a maioria das prepara\u00e7\u00f5es de picles, mesmo as fermentadas em salmoura, apresenta quantidades elevadas de sal. O consumo exagerado de s\u00f3dio est\u00e1 associado ao aumento da press\u00e3o arterial e maior risco de problemas cardiovasculares, exigindo cuidado especial em pessoas com hipertens\u00e3o, doen\u00e7as card\u00edacas ou recomenda\u00e7\u00e3o de dieta com pouco sal.<\/p>\n\n\n\n<h2 class=\"wp-block-heading\">Qual \u00e9 a por\u00e7\u00e3o ideal de picles fermentados no dia a dia<\/h2>\n\n\n\n<p>Quando o objetivo \u00e9 apoiar a sa\u00fade intestinal, n\u00e3o h\u00e1 necessidade de grandes por\u00e7\u00f5es di\u00e1rias. Em muitos casos, cerca de <strong>meia x\u00edcara de picles fermentados<\/strong> por dia j\u00e1 oferece quantidade significativa de bact\u00e9rias ben\u00e9ficas, sem representar carga de s\u00f3dio t\u00e3o elevada, principalmente se o restante da alimenta\u00e7\u00e3o for moderado em sal e rico em alimentos frescos.<\/p>\n\n\n\n<p>Al\u00e9m disso, incluir o alimento de formas criativas pode ajudar na ades\u00e3o ao h\u00e1bito, tornando o consumo mais prazeroso. Algumas pessoas tamb\u00e9m optam por preparar <strong>picles fermentados em casa<\/strong>, o que permite controlar melhor o teor de sal, evitar aditivos desnecess\u00e1rios e escolher os vegetais preferidos para compor uma rotina alimentar mais equilibrada.<\/p>\n\n\n\n<h2 class=\"wp-block-heading\">Refer\u00eancias bibliogr\u00e1ficas<\/h2>\n\n\n\n<ul class=\"wp-block-list\">\n<li>WASTYK, H. C. et al. Gut-microbiota-targeted diets modulate human immune status. <a href=\"https:\/\/pubmed.ncbi.nlm.nih.gov\/34256014\/\" target=\"_blank\" rel=\"noreferrer noopener\"><em>Cell<\/em>, v. 184, n. 16, p. 4137-4153.e14, 2021.<\/a><\/li>\n\n\n\n<li>THRIENE, K. et al. Effects of fermented vegetable consumption on human gut microbiome diversity\u2014A pilot study. <a href=\"https:\/\/www.mdpi.com\/2311-5637\/8\/3\/118\" target=\"_blank\" rel=\"noreferrer noopener\"><em>Fermentation<\/em>, v. 8, n. 3, art. 118, 2022.<\/a><\/li>\n<\/ul>\n","protected":false},"excerpt":{"rendered":"<p>Picles fermentados: descubra se pode comer todos os dias, benef\u00edcios para a sa\u00fade intestinal, probi\u00f3ticos, riscos do sal e por\u00e7\u00e3o ideal.<\/p>\n","protected":false},"author":3,"featured_media":150040,"comment_status":"open","ping_status":"open","sticky":false,"template":"","format":"standard","meta":{"_yoast_wpseo_focuskw":"comer picles todos os dias","_yoast_wpseo_title":"%%title%%","_yoast_wpseo_metadesc":"Picles fermentados: descubra se pode comer todos os dias, benef\u00edcios para a sa\u00fade intestinal, probi\u00f3ticos, riscos do sal e por\u00e7\u00e3o ideal.","jnews-multi-image_gallery":[],"jnews_single_post":{"format":"standard"},"jnews_primary_category":[],"jnews_social_meta":[],"jnews_override_counter":[],"footnotes":""},"categories":[112],"tags":[281,1423,3559,144,12296,565],"class_list":["post-149974","post","type-post","status-publish","format-standard","has-post-thumbnail","hentry","category-curiosidades","tag-alimentacao","tag-alimentos","tag-corpo-humano","tag-curiosidades","tag-picles","tag-saude"],"yoast_head":"<!-- This site is optimized with the Yoast SEO plugin v24.6 - https:\/\/yoast.com\/wordpress\/plugins\/seo\/ -->\n<title>O que acontece com seu corpo quando voc\u00ea come picles todos os dias<\/title>\n<meta name=\"description\" content=\"Picles fermentados: descubra se pode comer todos os dias, benef\u00edcios para a sa\u00fade intestinal, probi\u00f3ticos, riscos do sal e por\u00e7\u00e3o ideal.\" \/>\n<meta name=\"robots\" content=\"index, follow, max-snippet:-1, max-image-preview:large, max-video-preview:-1\" \/>\n<link rel=\"canonical\" href=\"https:\/\/www.correiobraziliense.com.br\/cbradar\/o-que-acontece-com-seu-corpo-quando-voce-come-picles-todos-os-dias\/\" \/>\n<meta property=\"og:locale\" content=\"pt_BR\" \/>\n<meta property=\"og:type\" content=\"article\" \/>\n<meta property=\"og:title\" content=\"O que acontece com seu corpo quando voc\u00ea come picles todos os dias\" \/>\n<meta property=\"og:description\" content=\"Picles fermentados: descubra se pode comer todos os dias, benef\u00edcios para a sa\u00fade intestinal, probi\u00f3ticos, riscos do sal e por\u00e7\u00e3o ideal.\" \/>\n<meta property=\"og:url\" content=\"https:\/\/www.correiobraziliense.com.br\/cbradar\/o-que-acontece-com-seu-corpo-quando-voce-come-picles-todos-os-dias\/\" \/>\n<meta property=\"og:site_name\" content=\"Correio Braziliense - Radar\" \/>\n<meta property=\"article:published_time\" content=\"2025-12-06T23:15:00+00:00\" \/>\n<meta property=\"og:image\" content=\"https:\/\/www.correiobraziliense.com.br\/cbradar\/wp-content\/uploads\/2025\/12\/freepik__cena-culinria-moderna-com-foco-em-um-pote-de-picle__85881.jpeg\" \/>\n\t<meta property=\"og:image:width\" content=\"1280\" \/>\n\t<meta property=\"og:image:height\" content=\"720\" \/>\n\t<meta property=\"og:image:type\" content=\"image\/jpeg\" \/>\n<meta name=\"author\" content=\"Larissa Carvalho\" \/>\n<meta name=\"twitter:card\" content=\"summary_large_image\" \/>\n<meta name=\"twitter:label1\" content=\"Escrito por\" \/>\n\t<meta name=\"twitter:data1\" content=\"Larissa Carvalho\" \/>\n\t<meta name=\"twitter:label2\" content=\"Est. tempo de leitura\" \/>\n\t<meta name=\"twitter:data2\" content=\"5 minutos\" \/>\n<!-- \/ Yoast SEO plugin. -->","yoast_head_json":{"title":"O que acontece com seu corpo quando voc\u00ea come picles todos os dias","description":"Picles fermentados: descubra se pode comer todos os dias, benef\u00edcios para a sa\u00fade intestinal, probi\u00f3ticos, riscos do sal e por\u00e7\u00e3o ideal.","robots":{"index":"index","follow":"follow","max-snippet":"max-snippet:-1","max-image-preview":"max-image-preview:large","max-video-preview":"max-video-preview:-1"},"canonical":"https:\/\/www.correiobraziliense.com.br\/cbradar\/o-que-acontece-com-seu-corpo-quando-voce-come-picles-todos-os-dias\/","og_locale":"pt_BR","og_type":"article","og_title":"O que acontece com seu corpo quando voc\u00ea come picles todos os dias","og_description":"Picles fermentados: descubra se pode comer todos os dias, benef\u00edcios para a sa\u00fade intestinal, probi\u00f3ticos, riscos do sal e por\u00e7\u00e3o ideal.","og_url":"https:\/\/www.correiobraziliense.com.br\/cbradar\/o-que-acontece-com-seu-corpo-quando-voce-come-picles-todos-os-dias\/","og_site_name":"Correio Braziliense - Radar","article_published_time":"2025-12-06T23:15:00+00:00","og_image":[{"width":1280,"height":720,"url":"https:\/\/www.correiobraziliense.com.br\/cbradar\/wp-content\/uploads\/2025\/12\/freepik__cena-culinria-moderna-com-foco-em-um-pote-de-picle__85881.jpeg","type":"image\/jpeg"}],"author":"Larissa Carvalho","twitter_card":"summary_large_image","twitter_misc":{"Escrito por":"Larissa Carvalho","Est. tempo de leitura":"5 minutos"},"schema":{"@context":"https:\/\/schema.org","@graph":[{"@type":"WebPage","@id":"https:\/\/www.correiobraziliense.com.br\/cbradar\/o-que-acontece-com-seu-corpo-quando-voce-come-picles-todos-os-dias\/","url":"https:\/\/www.correiobraziliense.com.br\/cbradar\/o-que-acontece-com-seu-corpo-quando-voce-come-picles-todos-os-dias\/","name":"O que acontece com seu corpo quando voc\u00ea come picles todos os dias","isPartOf":{"@id":"https:\/\/www.correiobraziliense.com.br\/cbradar\/#website"},"primaryImageOfPage":{"@id":"https:\/\/www.correiobraziliense.com.br\/cbradar\/o-que-acontece-com-seu-corpo-quando-voce-come-picles-todos-os-dias\/#primaryimage"},"image":{"@id":"https:\/\/www.correiobraziliense.com.br\/cbradar\/o-que-acontece-com-seu-corpo-quando-voce-come-picles-todos-os-dias\/#primaryimage"},"thumbnailUrl":"https:\/\/www.correiobraziliense.com.br\/cbradar\/wp-content\/uploads\/2025\/12\/freepik__cena-culinria-moderna-com-foco-em-um-pote-de-picle__85881.jpeg","datePublished":"2025-12-06T23:15:00+00:00","author":{"@id":"https:\/\/www.correiobraziliense.com.br\/cbradar\/#\/schema\/person\/58422787644df994b53a19d3e56c1513"},"description":"Picles fermentados: descubra se pode comer todos os dias, benef\u00edcios para a sa\u00fade intestinal, probi\u00f3ticos, riscos do sal e por\u00e7\u00e3o ideal.","breadcrumb":{"@id":"https:\/\/www.correiobraziliense.com.br\/cbradar\/o-que-acontece-com-seu-corpo-quando-voce-come-picles-todos-os-dias\/#breadcrumb"},"inLanguage":"pt-BR","potentialAction":[{"@type":"ReadAction","target":["https:\/\/www.correiobraziliense.com.br\/cbradar\/o-que-acontece-com-seu-corpo-quando-voce-come-picles-todos-os-dias\/"]}]},{"@type":"ImageObject","inLanguage":"pt-BR","@id":"https:\/\/www.correiobraziliense.com.br\/cbradar\/o-que-acontece-com-seu-corpo-quando-voce-come-picles-todos-os-dias\/#primaryimage","url":"https:\/\/www.correiobraziliense.com.br\/cbradar\/wp-content\/uploads\/2025\/12\/freepik__cena-culinria-moderna-com-foco-em-um-pote-de-picle__85881.jpeg","contentUrl":"https:\/\/www.correiobraziliense.com.br\/cbradar\/wp-content\/uploads\/2025\/12\/freepik__cena-culinria-moderna-com-foco-em-um-pote-de-picle__85881.jpeg","width":1280,"height":720,"caption":"Os picles fermentados s\u00e3o fontes naturais de bact\u00e9rias ben\u00e9ficas para o intestino"},{"@type":"BreadcrumbList","@id":"https:\/\/www.correiobraziliense.com.br\/cbradar\/o-que-acontece-com-seu-corpo-quando-voce-come-picles-todos-os-dias\/#breadcrumb","itemListElement":[{"@type":"ListItem","position":1,"name":"In\u00edcio","item":"https:\/\/www.correiobraziliense.com.br\/cbradar\/"},{"@type":"ListItem","position":2,"name":"O que acontece com seu corpo quando voc\u00ea come picles todos os dias"}]},{"@type":"WebSite","@id":"https:\/\/www.correiobraziliense.com.br\/cbradar\/#website","url":"https:\/\/www.correiobraziliense.com.br\/cbradar\/","name":"Correio Braziliense - Radar","description":"Acompanhe as \u00faltimas not\u00edcias e fique bem informado sobre tudo o que acontece no Brasil e no mundo.","potentialAction":[{"@type":"SearchAction","target":{"@type":"EntryPoint","urlTemplate":"https:\/\/www.correiobraziliense.com.br\/cbradar\/?s={search_term_string}"},"query-input":{"@type":"PropertyValueSpecification","valueRequired":true,"valueName":"search_term_string"}}],"inLanguage":"pt-BR"},{"@type":"Person","@id":"https:\/\/www.correiobraziliense.com.br\/cbradar\/#\/schema\/person\/58422787644df994b53a19d3e56c1513","name":"Larissa Carvalho","image":{"@type":"ImageObject","inLanguage":"pt-BR","@id":"https:\/\/www.correiobraziliense.com.br\/cbradar\/#\/schema\/person\/image\/","url":"https:\/\/secure.gravatar.com\/avatar\/fe4f91a0de32b52a838d0d612abdc1aa?s=96&d=mm&r=g","contentUrl":"https:\/\/secure.gravatar.com\/avatar\/fe4f91a0de32b52a838d0d612abdc1aa?s=96&d=mm&r=g","caption":"Larissa Carvalho"},"url":"https:\/\/www.correiobraziliense.com.br\/cbradar\/author\/larissamyth\/"}]}},"_links":{"self":[{"href":"https:\/\/www.correiobraziliense.com.br\/cbradar\/wp-json\/wp\/v2\/posts\/149974","targetHints":{"allow":["GET"]}}],"collection":[{"href":"https:\/\/www.correiobraziliense.com.br\/cbradar\/wp-json\/wp\/v2\/posts"}],"about":[{"href":"https:\/\/www.correiobraziliense.com.br\/cbradar\/wp-json\/wp\/v2\/types\/post"}],"author":[{"embeddable":true,"href":"https:\/\/www.correiobraziliense.com.br\/cbradar\/wp-json\/wp\/v2\/users\/3"}],"replies":[{"embeddable":true,"href":"https:\/\/www.correiobraziliense.com.br\/cbradar\/wp-json\/wp\/v2\/comments?post=149974"}],"version-history":[{"count":3,"href":"https:\/\/www.correiobraziliense.com.br\/cbradar\/wp-json\/wp\/v2\/posts\/149974\/revisions"}],"predecessor-version":[{"id":150533,"href":"https:\/\/www.correiobraziliense.com.br\/cbradar\/wp-json\/wp\/v2\/posts\/149974\/revisions\/150533"}],"wp:featuredmedia":[{"embeddable":true,"href":"https:\/\/www.correiobraziliense.com.br\/cbradar\/wp-json\/wp\/v2\/media\/150040"}],"wp:attachment":[{"href":"https:\/\/www.correiobraziliense.com.br\/cbradar\/wp-json\/wp\/v2\/media?parent=149974"}],"wp:term":[{"taxonomy":"category","embeddable":true,"href":"https:\/\/www.correiobraziliense.com.br\/cbradar\/wp-json\/wp\/v2\/categories?post=149974"},{"taxonomy":"post_tag","embeddable":true,"href":"https:\/\/www.correiobraziliense.com.br\/cbradar\/wp-json\/wp\/v2\/tags?post=149974"}],"curies":[{"name":"wp","href":"https:\/\/api.w.org\/{rel}","templated":true}]}}