{"id":14999,"date":"2025-03-24T19:50:00","date_gmt":"2025-03-24T22:50:00","guid":{"rendered":"https:\/\/www.correiobraziliense.com.br\/cbradar\/?p=14999"},"modified":"2025-03-22T16:43:16","modified_gmt":"2025-03-22T19:43:16","slug":"cientistas-apontam-que-o-nucleo-da-terra-parou-de-girar","status":"publish","type":"post","link":"https:\/\/www.correiobraziliense.com.br\/cbradar\/cientistas-apontam-que-o-nucleo-da-terra-parou-de-girar\/","title":{"rendered":"Cientistas apontam que o n\u00facleo da Terra parou de girar"},"content":{"rendered":"\n<p>O n\u00facleo interno da Terra \u00e9 um dos componentes mais intrigantes do nosso planeta, e sua din\u00e2mica tem sido objeto de estudo e especula\u00e7\u00e3o. Em 2023, um estudo da <strong>Universidade de Pequim<\/strong> trouxe novas perspectivas sobre como o n\u00facleo interno pode ter ajustado sua rota\u00e7\u00e3o em rela\u00e7\u00e3o ao restante do planeta, provocando discuss\u00f5es e algumas interpreta\u00e7\u00f5es equivocadas na m\u00eddia.<\/p>\n\n\n\n<p>Ao contr\u00e1rio do que foi amplamente divulgado, o n\u00facleo interno n\u00e3o parou de girar. O que os cientistas observaram foi uma mudan\u00e7a na diferen\u00e7a de rota\u00e7\u00e3o entre o n\u00facleo interno s\u00f3lido e o manto terrestre. Esse fen\u00f4meno \u00e9 parte de um ciclo natural que pode ocorrer a cada v\u00e1rias d\u00e9cadas, conforme sugerido por estudos recentes.<\/p>\n\n\n\n<h2 class=\"wp-block-heading\"><strong>Como os cientistas estudam o n\u00facleo da Terra?<\/strong><\/h2>\n\n\n\n<p>Investigar o n\u00facleo interno da Terra \u00e9 um desafio devido \u00e0 sua inacessibilidade. Para superar essa barreira, os cientistas recorrem ao estudo das ondas s\u00edsmicas geradas por terremotos. Quando essas ondas atravessam o n\u00facleo, elas sofrem altera\u00e7\u00f5es que fornecem informa\u00e7\u00f5es valiosas sobre a velocidade e a dire\u00e7\u00e3o de sua rota\u00e7\u00e3o.<\/p>\n\n\n\n<p>Pesquisas realizadas na Universidade do Sul da Calif\u00f3rnia utilizaram dados de terremotos para identificar padr\u00f5es na rota\u00e7\u00e3o do n\u00facleo. Esses estudos ajudam a construir um quadro mais claro de como o n\u00facleo interno se comporta ao longo do tempo.<\/p>\n\n\n\n<figure class=\"wp-block-image size-large\"><img decoding=\"async\" width=\"1024\" height=\"576\" src=\"https:\/\/www.correiobraziliense.com.br\/cbradar\/wp-content\/uploads\/2025\/03\/Planeta-Terra_1742665300721-1024x576.jpg\" alt=\"Cientistas apontam que o n\u00facleo da Terra parou de girar\" class=\"wp-image-15010\" srcset=\"https:\/\/www.correiobraziliense.com.br\/cbradar\/wp-content\/uploads\/2025\/03\/Planeta-Terra_1742665300721-1024x576.jpg 1024w, https:\/\/www.correiobraziliense.com.br\/cbradar\/wp-content\/uploads\/2025\/03\/Planeta-Terra_1742665300721-300x169.jpg 300w, https:\/\/www.correiobraziliense.com.br\/cbradar\/wp-content\/uploads\/2025\/03\/Planeta-Terra_1742665300721-768x432.jpg 768w, https:\/\/www.correiobraziliense.com.br\/cbradar\/wp-content\/uploads\/2025\/03\/Planeta-Terra_1742665300721-750x422.jpg 750w, https:\/\/www.correiobraziliense.com.br\/cbradar\/wp-content\/uploads\/2025\/03\/Planeta-Terra_1742665300721-1140x642.jpg 1140w, https:\/\/www.correiobraziliense.com.br\/cbradar\/wp-content\/uploads\/2025\/03\/Planeta-Terra_1742665300721.jpg 1279w\" sizes=\"(max-width: 1024px) 100vw, 1024px\" \/><figcaption class=\"wp-element-caption\">Planeta Terra. Cr\u00e9ditos: depositphotos.com \/ titoOnz<\/figcaption><\/figure>\n\n\n\n<h2 class=\"wp-block-heading\"><strong>Poss\u00edveis efeitos na Terra<\/strong><\/h2>\n\n\n\n<p>Embora as mudan\u00e7as na rota\u00e7\u00e3o do n\u00facleo interno n\u00e3o representem uma amea\u00e7a imediata, elas podem ter efeitos sutis no planeta. Varia\u00e7\u00f5es na dura\u00e7\u00e3o dos dias e no campo magn\u00e9tico da Terra s\u00e3o algumas das possibilidades que os cientistas est\u00e3o explorando. Essas altera\u00e7\u00f5es podem parecer insignificantes, mas s\u00e3o importantes para a compreens\u00e3o dos processos geof\u00edsicos da Terra.<\/p>\n\n\n\n<p>Al\u00e9m disso, os pesquisadores est\u00e3o examinando como essas mudan\u00e7as podem influenciar o campo gravitacional e a estrutura da crosta terrestre. Compreender essas intera\u00e7\u00f5es \u00e9 essencial para prever como o n\u00facleo interno pode impactar o planeta a longo prazo.<\/p>\n\n\n\n<h2 class=\"wp-block-heading\"><strong>Por que o n\u00facleo interno gira de forma diferente?<\/strong><\/h2>\n\n\n\n<p>O n\u00facleo interno \u00e9 composto por ferro e n\u00edquel em estado s\u00f3lido, enquanto o n\u00facleo externo \u00e9 l\u00edquido. Essa diferen\u00e7a de estado e composi\u00e7\u00e3o permite que o n\u00facleo interno gire em um ritmo distinto. A rota\u00e7\u00e3o \u00e9 influenciada por for\u00e7as eletromagn\u00e9ticas e gravitacionais, que criam um complexo sistema de intera\u00e7\u00e3o entre as camadas internas da Terra.<\/p>\n\n\n\n<p>Essas for\u00e7as em constante intera\u00e7\u00e3o resultam em varia\u00e7\u00f5es na rota\u00e7\u00e3o do n\u00facleo, que os cientistas continuam a estudar para entender melhor os processos internos do nosso planeta.<\/p>\n\n\n\n<h2 class=\"wp-block-heading\"><strong>O que dizem os pesquisadores?<\/strong><\/h2>\n\n\n\n<p>Embora haja consenso sobre a exist\u00eancia do fen\u00f4meno, os cientistas ainda discutem a dura\u00e7\u00e3o e as implica\u00e7\u00f5es dos ciclos de rota\u00e7\u00e3o do n\u00facleo interno. Algumas pesquisas sugerem ciclos de v\u00e1rias d\u00e9cadas, enquanto outras apontam para intervalos mais curtos. No entanto, todos concordam que o n\u00facleo n\u00e3o parou de girar, mas sim ajustou sua rota\u00e7\u00e3o em rela\u00e7\u00e3o ao restante do planeta.<\/p>\n","protected":false},"excerpt":{"rendered":"<p>Entenda o fascinante movimento do n\u00facleo interno da Terra e como ele \u00e9 estudado por cientistas. Descubra os mist\u00e9rios desse componente.<\/p>\n","protected":false},"author":3,"featured_media":15009,"comment_status":"open","ping_status":"open","sticky":false,"template":"","format":"standard","meta":{"_yoast_wpseo_focuskw":"n\u00facleo terra","_yoast_wpseo_title":"%%title%%","_yoast_wpseo_metadesc":"Entenda o fascinante movimento do n\u00facleo interno da Terra e como ele \u00e9 estudado por cientistas. Descubra os mist\u00e9rios desse componente.","jnews-multi-image_gallery":[],"jnews_single_post":{"format":"standard"},"jnews_primary_category":[],"jnews_social_meta":[],"jnews_override_counter":[],"footnotes":""},"categories":[112],"tags":[2296,361],"class_list":["post-14999","post","type-post","status-publish","format-standard","has-post-thumbnail","hentry","category-curiosidades","tag-nucleo","tag-terra"],"yoast_head":"<!-- This site is optimized with the Yoast SEO plugin v24.6 - https:\/\/yoast.com\/wordpress\/plugins\/seo\/ -->\n<title>Cientistas apontam que o n\u00facleo da Terra parou de girar<\/title>\n<meta name=\"description\" content=\"Entenda o fascinante movimento do n\u00facleo interno da Terra e como ele \u00e9 estudado por cientistas. Descubra os mist\u00e9rios desse componente.\" \/>\n<meta name=\"robots\" content=\"index, follow, max-snippet:-1, max-image-preview:large, max-video-preview:-1\" \/>\n<link rel=\"canonical\" href=\"https:\/\/www.correiobraziliense.com.br\/cbradar\/cientistas-apontam-que-o-nucleo-da-terra-parou-de-girar\/\" \/>\n<meta property=\"og:locale\" content=\"pt_BR\" \/>\n<meta property=\"og:type\" content=\"article\" \/>\n<meta property=\"og:title\" content=\"Cientistas apontam que o n\u00facleo da Terra parou de girar\" \/>\n<meta property=\"og:description\" content=\"Entenda o fascinante movimento do n\u00facleo interno da Terra e como ele \u00e9 estudado por cientistas. Descubra os mist\u00e9rios desse componente.\" \/>\n<meta property=\"og:url\" content=\"https:\/\/www.correiobraziliense.com.br\/cbradar\/cientistas-apontam-que-o-nucleo-da-terra-parou-de-girar\/\" \/>\n<meta property=\"og:site_name\" content=\"Correio Braziliense - Radar\" \/>\n<meta property=\"article:published_time\" content=\"2025-03-24T22:50:00+00:00\" \/>\n<meta property=\"og:image\" content=\"https:\/\/www.correiobraziliense.com.br\/cbradar\/wp-content\/uploads\/2025\/03\/Planeta-Terra_1742665167045.jpg\" \/>\n\t<meta property=\"og:image:width\" content=\"1280\" \/>\n\t<meta property=\"og:image:height\" content=\"720\" \/>\n\t<meta property=\"og:image:type\" content=\"image\/jpeg\" \/>\n<meta name=\"author\" content=\"Larissa Carvalho\" \/>\n<meta name=\"twitter:card\" content=\"summary_large_image\" \/>\n<meta name=\"twitter:label1\" content=\"Escrito por\" \/>\n\t<meta name=\"twitter:data1\" content=\"Larissa Carvalho\" \/>\n\t<meta name=\"twitter:label2\" content=\"Est. tempo de leitura\" \/>\n\t<meta name=\"twitter:data2\" content=\"4 minutos\" \/>\n<!-- \/ Yoast SEO plugin. -->","yoast_head_json":{"title":"Cientistas apontam que o n\u00facleo da Terra parou de girar","description":"Entenda o fascinante movimento do n\u00facleo interno da Terra e como ele \u00e9 estudado por cientistas. Descubra os mist\u00e9rios desse componente.","robots":{"index":"index","follow":"follow","max-snippet":"max-snippet:-1","max-image-preview":"max-image-preview:large","max-video-preview":"max-video-preview:-1"},"canonical":"https:\/\/www.correiobraziliense.com.br\/cbradar\/cientistas-apontam-que-o-nucleo-da-terra-parou-de-girar\/","og_locale":"pt_BR","og_type":"article","og_title":"Cientistas apontam que o n\u00facleo da Terra parou de girar","og_description":"Entenda o fascinante movimento do n\u00facleo interno da Terra e como ele \u00e9 estudado por cientistas. Descubra os mist\u00e9rios desse componente.","og_url":"https:\/\/www.correiobraziliense.com.br\/cbradar\/cientistas-apontam-que-o-nucleo-da-terra-parou-de-girar\/","og_site_name":"Correio Braziliense - Radar","article_published_time":"2025-03-24T22:50:00+00:00","og_image":[{"width":1280,"height":720,"url":"https:\/\/www.correiobraziliense.com.br\/cbradar\/wp-content\/uploads\/2025\/03\/Planeta-Terra_1742665167045.jpg","type":"image\/jpeg"}],"author":"Larissa Carvalho","twitter_card":"summary_large_image","twitter_misc":{"Escrito por":"Larissa Carvalho","Est. tempo de leitura":"4 minutos"},"schema":{"@context":"https:\/\/schema.org","@graph":[{"@type":"WebPage","@id":"https:\/\/www.correiobraziliense.com.br\/cbradar\/cientistas-apontam-que-o-nucleo-da-terra-parou-de-girar\/","url":"https:\/\/www.correiobraziliense.com.br\/cbradar\/cientistas-apontam-que-o-nucleo-da-terra-parou-de-girar\/","name":"Cientistas apontam que o n\u00facleo da Terra parou de girar","isPartOf":{"@id":"https:\/\/www.correiobraziliense.com.br\/cbradar\/#website"},"primaryImageOfPage":{"@id":"https:\/\/www.correiobraziliense.com.br\/cbradar\/cientistas-apontam-que-o-nucleo-da-terra-parou-de-girar\/#primaryimage"},"image":{"@id":"https:\/\/www.correiobraziliense.com.br\/cbradar\/cientistas-apontam-que-o-nucleo-da-terra-parou-de-girar\/#primaryimage"},"thumbnailUrl":"https:\/\/www.correiobraziliense.com.br\/cbradar\/wp-content\/uploads\/2025\/03\/Planeta-Terra_1742665167045.jpg","datePublished":"2025-03-24T22:50:00+00:00","author":{"@id":"https:\/\/www.correiobraziliense.com.br\/cbradar\/#\/schema\/person\/58422787644df994b53a19d3e56c1513"},"description":"Entenda o fascinante movimento do n\u00facleo interno da Terra e como ele \u00e9 estudado por cientistas. Descubra os mist\u00e9rios desse componente.","breadcrumb":{"@id":"https:\/\/www.correiobraziliense.com.br\/cbradar\/cientistas-apontam-que-o-nucleo-da-terra-parou-de-girar\/#breadcrumb"},"inLanguage":"pt-BR","potentialAction":[{"@type":"ReadAction","target":["https:\/\/www.correiobraziliense.com.br\/cbradar\/cientistas-apontam-que-o-nucleo-da-terra-parou-de-girar\/"]}]},{"@type":"ImageObject","inLanguage":"pt-BR","@id":"https:\/\/www.correiobraziliense.com.br\/cbradar\/cientistas-apontam-que-o-nucleo-da-terra-parou-de-girar\/#primaryimage","url":"https:\/\/www.correiobraziliense.com.br\/cbradar\/wp-content\/uploads\/2025\/03\/Planeta-Terra_1742665167045.jpg","contentUrl":"https:\/\/www.correiobraziliense.com.br\/cbradar\/wp-content\/uploads\/2025\/03\/Planeta-Terra_1742665167045.jpg","width":1280,"height":720,"caption":"Planeta Terra. Cr\u00e9ditos: depositphotos.com \/ dell640"},{"@type":"BreadcrumbList","@id":"https:\/\/www.correiobraziliense.com.br\/cbradar\/cientistas-apontam-que-o-nucleo-da-terra-parou-de-girar\/#breadcrumb","itemListElement":[{"@type":"ListItem","position":1,"name":"In\u00edcio","item":"https:\/\/www.correiobraziliense.com.br\/cbradar\/"},{"@type":"ListItem","position":2,"name":"Cientistas apontam que o n\u00facleo da Terra parou de girar"}]},{"@type":"WebSite","@id":"https:\/\/www.correiobraziliense.com.br\/cbradar\/#website","url":"https:\/\/www.correiobraziliense.com.br\/cbradar\/","name":"Correio Braziliense - Radar","description":"Acompanhe as \u00faltimas not\u00edcias e fique bem informado sobre tudo o que acontece no Brasil e no mundo.","potentialAction":[{"@type":"SearchAction","target":{"@type":"EntryPoint","urlTemplate":"https:\/\/www.correiobraziliense.com.br\/cbradar\/?s={search_term_string}"},"query-input":{"@type":"PropertyValueSpecification","valueRequired":true,"valueName":"search_term_string"}}],"inLanguage":"pt-BR"},{"@type":"Person","@id":"https:\/\/www.correiobraziliense.com.br\/cbradar\/#\/schema\/person\/58422787644df994b53a19d3e56c1513","name":"Larissa Carvalho","image":{"@type":"ImageObject","inLanguage":"pt-BR","@id":"https:\/\/www.correiobraziliense.com.br\/cbradar\/#\/schema\/person\/image\/","url":"https:\/\/secure.gravatar.com\/avatar\/fe4f91a0de32b52a838d0d612abdc1aa?s=96&d=mm&r=g","contentUrl":"https:\/\/secure.gravatar.com\/avatar\/fe4f91a0de32b52a838d0d612abdc1aa?s=96&d=mm&r=g","caption":"Larissa Carvalho"},"url":"https:\/\/www.correiobraziliense.com.br\/cbradar\/author\/larissamyth\/"}]}},"_links":{"self":[{"href":"https:\/\/www.correiobraziliense.com.br\/cbradar\/wp-json\/wp\/v2\/posts\/14999","targetHints":{"allow":["GET"]}}],"collection":[{"href":"https:\/\/www.correiobraziliense.com.br\/cbradar\/wp-json\/wp\/v2\/posts"}],"about":[{"href":"https:\/\/www.correiobraziliense.com.br\/cbradar\/wp-json\/wp\/v2\/types\/post"}],"author":[{"embeddable":true,"href":"https:\/\/www.correiobraziliense.com.br\/cbradar\/wp-json\/wp\/v2\/users\/3"}],"replies":[{"embeddable":true,"href":"https:\/\/www.correiobraziliense.com.br\/cbradar\/wp-json\/wp\/v2\/comments?post=14999"}],"version-history":[{"count":1,"href":"https:\/\/www.correiobraziliense.com.br\/cbradar\/wp-json\/wp\/v2\/posts\/14999\/revisions"}],"predecessor-version":[{"id":15011,"href":"https:\/\/www.correiobraziliense.com.br\/cbradar\/wp-json\/wp\/v2\/posts\/14999\/revisions\/15011"}],"wp:featuredmedia":[{"embeddable":true,"href":"https:\/\/www.correiobraziliense.com.br\/cbradar\/wp-json\/wp\/v2\/media\/15009"}],"wp:attachment":[{"href":"https:\/\/www.correiobraziliense.com.br\/cbradar\/wp-json\/wp\/v2\/media?parent=14999"}],"wp:term":[{"taxonomy":"category","embeddable":true,"href":"https:\/\/www.correiobraziliense.com.br\/cbradar\/wp-json\/wp\/v2\/categories?post=14999"},{"taxonomy":"post_tag","embeddable":true,"href":"https:\/\/www.correiobraziliense.com.br\/cbradar\/wp-json\/wp\/v2\/tags?post=14999"}],"curies":[{"name":"wp","href":"https:\/\/api.w.org\/{rel}","templated":true}]}}