{"id":150074,"date":"2025-12-06T11:45:00","date_gmt":"2025-12-06T14:45:00","guid":{"rendered":"https:\/\/www.correiobraziliense.com.br\/cbradar\/?p=150074"},"modified":"2025-12-05T22:16:59","modified_gmt":"2025-12-06T01:16:59","slug":"a-cidade-do-pacifico-sul-que-se-destaca-por-economia-forte-praias-perfeitas-e-energia-contagiante","status":"publish","type":"post","link":"https:\/\/www.correiobraziliense.com.br\/cbradar\/a-cidade-do-pacifico-sul-que-se-destaca-por-economia-forte-praias-perfeitas-e-energia-contagiante\/","title":{"rendered":"Essa cidade se destaca como uma das melhores do mundo para viver com qualidade de vida e seguran\u00e7a de outro n\u00edvel"},"content":{"rendered":"\n<p><strong>Sydney<\/strong> \u00e9 a maior e mais ic\u00f4nica cidade da <strong>Austr\u00e1lia<\/strong>, localizada na costa sudeste do pa\u00eds, no estado de <strong>Nova Gales do Sul<\/strong>. Conhecida mundialmente pela <strong>\u00d3pera de Sydney<\/strong> e <strong>Harbour Bridge<\/strong>, destaca-se pela qualidade de vida excepcional, multiculturalismo vibrante e praias urbanas espetaculares. Venha descobrir uma metr\u00f3pole cosmopolita que combina arquitetura deslumbrante, natureza exuberante e energia contagiante no Pac\u00edfico Sul.<\/p>\n\n\n\n<h2 class=\"wp-block-heading\">Por que morar em Sydney?<\/h2>\n\n\n\n<p><strong>Sydney<\/strong> oferece qualidade de vida que figura consistentemente entre as melhores do mundo, equilibrando desenvolvimento econ\u00f4mico robusto com infraestrutura urbana exemplar e belezas naturais integradas \u00e0 paisagem citadina. A cidade apresenta economia diversificada baseada em finan\u00e7as, tecnologia, turismo, educa\u00e7\u00e3o e servi\u00e7os, gerando oportunidades profissionais para talentos de todas as \u00e1reas e nacionalidades.<\/p>\n\n\n\n<p>O munic\u00edpio registra ambiente multicultural acolhedor com mais de 200 nacionalidades representadas, sistema de transporte p\u00fablico eficiente, hospitais de refer\u00eancia mundial e universidades prestigiadas como <strong>University of Sydney<\/strong> e <strong>UNSW<\/strong>. <strong>Sydney<\/strong> possui popula\u00e7\u00e3o estimada em 5,4 milh\u00f5es de habitantes na regi\u00e3o metropolitana, consolidando-se como centro financeiro e cultural da Oceania. O clima temperado oce\u00e2nico, praias urbanas como <strong>Bondi<\/strong> e <strong>Manly<\/strong>, e seguran\u00e7a p\u00fablica fortalecem posi\u00e7\u00e3o como destino preferencial para viver, trabalhar e estudar.<\/p>\n\n\n<div class=\"wp-block-image\">\n<figure class=\"aligncenter size-large\"><img decoding=\"async\" width=\"1024\" height=\"576\" src=\"https:\/\/www.correiobraziliense.com.br\/cbradar\/wp-content\/uploads\/2025\/03\/sydney_1741573683837-1024x576.jpg\" alt=\"A cidade do Pac\u00edfico Sul que se destaca por economia forte, praias perfeitas e energia contagiante\" class=\"wp-image-11027\" srcset=\"https:\/\/www.correiobraziliense.com.br\/cbradar\/wp-content\/uploads\/2025\/03\/sydney_1741573683837-1024x576.jpg 1024w, https:\/\/www.correiobraziliense.com.br\/cbradar\/wp-content\/uploads\/2025\/03\/sydney_1741573683837-300x169.jpg 300w, https:\/\/www.correiobraziliense.com.br\/cbradar\/wp-content\/uploads\/2025\/03\/sydney_1741573683837-768x432.jpg 768w, https:\/\/www.correiobraziliense.com.br\/cbradar\/wp-content\/uploads\/2025\/03\/sydney_1741573683837-750x422.jpg 750w, https:\/\/www.correiobraziliense.com.br\/cbradar\/wp-content\/uploads\/2025\/03\/sydney_1741573683837-1140x641.jpg 1140w, https:\/\/www.correiobraziliense.com.br\/cbradar\/wp-content\/uploads\/2025\/03\/sydney_1741573683837.jpg 1280w\" sizes=\"(max-width: 1024px) 100vw, 1024px\" \/><figcaption class=\"wp-element-caption\">Sydney inspira com pores do sol na ba\u00eda, trilhas costeiras entre Bondi e Coogee e energia cosmopolita que desperta aventuras e conex\u00f5es inesquec\u00edveis no porto global. \/\/ Cr\u00e9ditos: depositphotos.com \/ jovannig<\/figcaption><\/figure><\/div>\n\n\n<h2 class=\"wp-block-heading\">Quais s\u00e3o os melhores bairros para morar em Sydney?<\/h2>\n\n\n\n<p>Veja abaixo os bairros mais procurados e suas caracter\u00edsticas:<\/p>\n\n\n\n<ul class=\"wp-block-list\">\n<li><strong>Bondi<\/strong>: Bairro litor\u00e2neo ic\u00f4nico com praia famosa mundialmente, atmosfera descontra\u00edda, caf\u00e9s trendy, ioga ao ar livre e comunidade vibrante de surfistas e profissionais criativos.<\/li>\n\n\n\n<li><strong>Surry Hills<\/strong>: Regi\u00e3o bo\u00eamia pr\u00f3xima ao centro com galerias de arte, restaurantes premiados, bares sofisticados e arquitetura vitoriana preservada, atraindo jovens profissionais e criativos.<\/li>\n\n\n\n<li><strong>Newtown<\/strong>: Bairro alternativo com diversidade cultural, lojas vintage, teatros independentes, culin\u00e1ria internacional e vida noturna ecl\u00e9tica apreciada por estudantes e artistas.<\/li>\n\n\n\n<li><strong>Manly<\/strong>: Pen\u00ednsula entre oceano e porto com praias espetaculares, estilo de vida relaxado, ciclovias, restaurantes \u00e0 beira-mar e conex\u00e3o por ferry ao centro em 30 minutos.<\/li>\n\n\n\n<li><strong>Pyrmont\/Darling Harbour<\/strong>: \u00c1rea renovada pr\u00f3xima ao porto com apartamentos modernos, entretenimento, cassino, aqu\u00e1rio e acesso facilitado ao distrito financeiro para profissionais urbanos.<\/li>\n<\/ul>\n\n\n\n<figure class=\"wp-block-embed is-type-video is-provider-youtube wp-block-embed-youtube wp-embed-aspect-16-9 wp-has-aspect-ratio\"><div class=\"wp-block-embed__wrapper\">\n<div class=\"jeg_video_container jeg_video_content\"><iframe loading=\"lazy\" title=\"O que fazer em SYDNEY e arredores: Blue Mountais + Jarvis Bay  | Prefiro Viajar\" width=\"500\" height=\"281\" src=\"https:\/\/www.youtube.com\/embed\/A80fWIVKP0o?feature=oembed\" frameborder=\"0\" allow=\"accelerometer; autoplay; clipboard-write; encrypted-media; gyroscope; picture-in-picture; web-share\" referrerpolicy=\"strict-origin-when-cross-origin\" allowfullscreen><\/iframe><\/div>\n<\/div><\/figure>\n\n\n\n<h2 class=\"wp-block-heading\">Como \u00e9 a vida cultural em Sydney?<\/h2>\n\n\n\n<p>A vida cultural de <strong>Sydney<\/strong> \u00e9 extraordinariamente rica e diversificada, com destaque absoluto para a <strong>\u00d3pera de Sydney<\/strong>, patrim\u00f4nio mundial da <strong>UNESCO<\/strong> e \u00edcone arquitet\u00f4nico que sedia \u00f3peras, bal\u00e9s, concertos e desempenhos de classe internacional. O <strong>Sydney Opera House<\/strong> divide protagonismo com institui\u00e7\u00f5es como <strong>Art Gallery of New South Wales<\/strong>, <strong>Museum of Contemporary Art<\/strong> e <strong>Sydney Theatre Company<\/strong>.<\/p>\n\n\n\n<p>A cidade celebra multiculturalismo atrav\u00e9s de festivais como <strong>Vivid Sydney<\/strong> (festival de luzes e m\u00fasica), <strong>Sydney Festival<\/strong>, <strong>Mardi Gras<\/strong> (parada <strong>LGBTQIA+<\/strong> mundialmente famosa) e <strong>Lunar New Year<\/strong> (ano novo chin\u00eas). A gastronomia reflete diversidade com bairros \u00e9tnicos oferecendo aut\u00eantica culin\u00e1ria chinesa, tailandesa, italiana, grega, libanesa e australiana contempor\u00e2nea em restaurantes premiados. Mercados como <strong>The Rocks Markets<\/strong> e <strong>Paddy&#8217;s Markets<\/strong> oferecem artesanato, produtos locais e experi\u00eancias gastron\u00f4micas que celebram fus\u00e3o cultural caracter\u00edstica de <strong>Sydney<\/strong>.<\/p>\n\n\n<div class=\"wp-block-image\">\n<figure class=\"aligncenter size-large\"><img decoding=\"async\" width=\"1024\" height=\"576\" src=\"https:\/\/www.correiobraziliense.com.br\/cbradar\/wp-content\/uploads\/2025\/12\/Sydney_1764921995404-1024x576.jpg\" alt=\"\" class=\"wp-image-150436\" srcset=\"https:\/\/www.correiobraziliense.com.br\/cbradar\/wp-content\/uploads\/2025\/12\/Sydney_1764921995404-1024x576.jpg 1024w, https:\/\/www.correiobraziliense.com.br\/cbradar\/wp-content\/uploads\/2025\/12\/Sydney_1764921995404-300x169.jpg 300w, https:\/\/www.correiobraziliense.com.br\/cbradar\/wp-content\/uploads\/2025\/12\/Sydney_1764921995404-768x432.jpg 768w, https:\/\/www.correiobraziliense.com.br\/cbradar\/wp-content\/uploads\/2025\/12\/Sydney_1764921995404-750x422.jpg 750w, https:\/\/www.correiobraziliense.com.br\/cbradar\/wp-content\/uploads\/2025\/12\/Sydney_1764921995404-1140x641.jpg 1140w, https:\/\/www.correiobraziliense.com.br\/cbradar\/wp-content\/uploads\/2025\/12\/Sydney_1764921995404.jpg 1280w\" sizes=\"(max-width: 1024px) 100vw, 1024px\" \/><figcaption class=\"wp-element-caption\">Sydney encanta com praias ensolaradas, caf\u00e9s charmosos e ferries divertidos pela ba\u00eda, no clima leve e acolhedor da costa australiana perfeita para relaxar. \/\/ Cr\u00e9ditos: depositphotos.com \/ filedimage<\/figcaption><\/figure><\/div>\n\n\n<h2 class=\"wp-block-heading\">Por que Sydney \u00e9 refer\u00eancia mundial em qualidade de vida urbana?<\/h2>\n\n\n\n<p><strong>Sydney<\/strong> <strong>consolidou-se como refer\u00eancia em qualidade de vida pela combina\u00e7\u00e3o excepcional de desenvolvimento econ\u00f4mico, infraestrutura urbana de excel\u00eancia e integra\u00e7\u00e3o harmoniosa com natureza espetacular. <\/strong>A cidade oferece mais de 70 praias acess\u00edveis por transporte p\u00fablico, parques nacionais nos limites urbanos como <strong>Royal National Park<\/strong> e ba\u00eda naveg\u00e1vel que funciona como via de transporte e lazer.<\/p>\n\n\n\n<p>O planejamento urbano equilibra arranha-c\u00e9us modernos do distrito financeiro com preserva\u00e7\u00e3o de bairros hist\u00f3ricos, espa\u00e7os verdes abundantes e waterfront revitalizado. Segundo rankings internacionais como <strong>Mercer Quality of Living<\/strong> e <strong>The Economist&#8217;s Global Liveability Index<\/strong>, <strong>Sydney<\/strong> figura consistentemente entre as 10 melhores cidades do mundo para viver, destacando-se em sa\u00fade, educa\u00e7\u00e3o, seguran\u00e7a, meio ambiente e infraestrutura. A cultura de vida ao ar livre, com atividades f\u00edsicas integradas ao cotidiano urbano, complementa estilo de vida saud\u00e1vel e equilibrado admirado globalmente.<\/p>\n\n\n\n<h2 class=\"wp-block-heading\">A \u00d3pera que transformou uma cidade<\/h2>\n\n\n\n<p>A <strong>\u00d3pera de Sydney<\/strong> representa muito mais que edif\u00edcio ic\u00f4nico \u2014 simboliza transforma\u00e7\u00e3o cultural e arquitet\u00f4nica que posicionou <strong>Sydney<\/strong> no mapa mundial. Projetada pelo arquiteto dinamarqu\u00eas <strong>J\u00f8rn Utzon<\/strong> e inaugurada em 1973 ap\u00f3s 14 anos de constru\u00e7\u00e3o controversa, a estrutura com telhado em forma de velas desafiou conven\u00e7\u00f5es arquitet\u00f4nicas e tornou-se instantaneamente reconhec\u00edvel mundialmente.<\/p>\n\n\n\n<p>A constru\u00e7\u00e3o enfrentou or\u00e7amentos estourados, disputas pol\u00edticas e at\u00e9 ren\u00fancia do arquiteto antes da conclus\u00e3o, mas o resultado transcendeu pol\u00eamicas para tornar-se patrim\u00f4nio da humanidade em 2007 e s\u00edmbolo n\u00e3o somente de <strong>Sydney<\/strong>, mas de toda <strong>Austr\u00e1lia<\/strong>. O edif\u00edcio sedia mais de 1.500 desempenhos anuais assistidas por milh\u00f5es de pessoas, consolidando legado que prova como investimento audacioso em cultura e arquitetura pode definir identidade de cidade inteira para gera\u00e7\u00f5es futuras.<\/p>\n\n\n<div class=\"wp-block-image\">\n<figure class=\"aligncenter size-large\"><img decoding=\"async\" width=\"1024\" height=\"576\" src=\"https:\/\/www.correiobraziliense.com.br\/cbradar\/wp-content\/uploads\/2025\/12\/Sydney_1764922121990-1024x576.jpg\" alt=\"\" class=\"wp-image-150442\" srcset=\"https:\/\/www.correiobraziliense.com.br\/cbradar\/wp-content\/uploads\/2025\/12\/Sydney_1764922121990-1024x576.jpg 1024w, https:\/\/www.correiobraziliense.com.br\/cbradar\/wp-content\/uploads\/2025\/12\/Sydney_1764922121990-300x169.jpg 300w, https:\/\/www.correiobraziliense.com.br\/cbradar\/wp-content\/uploads\/2025\/12\/Sydney_1764922121990-768x432.jpg 768w, https:\/\/www.correiobraziliense.com.br\/cbradar\/wp-content\/uploads\/2025\/12\/Sydney_1764922121990-750x422.jpg 750w, https:\/\/www.correiobraziliense.com.br\/cbradar\/wp-content\/uploads\/2025\/12\/Sydney_1764922121990-1140x641.jpg 1140w, https:\/\/www.correiobraziliense.com.br\/cbradar\/wp-content\/uploads\/2025\/12\/Sydney_1764922121990.jpg 1280w\" sizes=\"(max-width: 1024px) 100vw, 1024px\" \/><figcaption class=\"wp-element-caption\">Sydney facilita roteiros pr\u00e1ticos com caminhadas gratuitas pela costa, cart\u00f5es de transporte econ\u00f4micos e acessos r\u00e1pidos para praias e pontos ic\u00f4nicos. \/\/ Cr\u00e9ditos: depositphotos.com \/ jovannig<\/figcaption><\/figure><\/div>\n\n\n<h2 class=\"wp-block-heading\">Melhor \u00e9poca para visitar Sydney?<\/h2>\n\n\n\n<p>O per\u00edodo entre setembro e novembro (primavera) e de mar\u00e7o a maio (outono) \u00e9 ideal para visitar <strong>Sydney<\/strong>, quando as temperaturas s\u00e3o amenas, os dias ensolarados e a cidade realiza festivais importantes como <strong>Vivid Sydney<\/strong> (maio-junho). <strong><a href=\"https:\/\/www.bom.gov.au\" target=\"_blank\" rel=\"noreferrer noopener\">Segundo o Bureau of Meteorology da Austr\u00e1lia<\/a><\/strong>, a temperatura m\u00e9dia anual fica em torno de 18\u00b0C, com clima temperado oce\u00e2nico caracterizado por ver\u00f5es quentes e invernos suaves.<\/p>\n\n\n\n<p>Veja abaixo o resumo das esta\u00e7\u00f5es e atividades recomendadas:<\/p>\n\n\n\n<figure class=\"wp-block-table\"><table class=\"has-fixed-layout\"><thead><tr><th>Per\u00edodo<\/th><th>Temperatura m\u00e9dia<\/th><th>Clima<\/th><th>Atividades recomendadas<\/th><\/tr><\/thead><tbody><tr><td>Dezembro a Fevereiro<\/td><td>19\u00b0C a 26\u00b0C<\/td><td>Ver\u00e3o quente<\/td><td>Praias (<strong>Bondi<\/strong>, <strong>Manly<\/strong>), <strong>Sydney Harbour<\/strong>, esportes aqu\u00e1ticos, ano novo no porto<\/td><\/tr><tr><td>Mar\u00e7o a Maio<\/td><td>15\u00b0C a 23\u00b0C<\/td><td>Outono ameno<\/td><td><strong>Vivid Sydney<\/strong> (maio-junho), <strong>Royal Botanic Gardens<\/strong>, caminhadas costeiras<\/td><\/tr><tr><td>Junho a Agosto<\/td><td>9\u00b0C a 17\u00b0C<\/td><td>Inverno suave<\/td><td><strong>\u00d3pera de Sydney<\/strong>, museus, gastronomia, <strong>Blue Mountains<\/strong> pr\u00f3ximas<\/td><\/tr><tr><td>Setembro a Novembro<\/td><td>12\u00b0C a 22\u00b0C<\/td><td>Primavera agrad\u00e1vel<\/td><td>Festivais, <strong>Coastal Walk Bondi-Coogee<\/strong>, parques floridos, eventos ao ar livre<\/td><\/tr><\/tbody><\/table><\/figure>\n\n\n\n<p><strong>Leia tamb\u00e9m: <a href=\"https:\/\/www.correiobraziliense.com.br\/cbradar\/cidade-dormitorio-perto-de-porto-alegre-conquista-moradores-com-natureza-tranquilidade-e-custo-de-vida-baixo\/\" target=\"_blank\" rel=\"noreferrer noopener\">Cidade dormit\u00f3rio perto de Porto Alegre conquista moradores com natureza, tranquilidade e custo de vida baixo.<\/a><\/strong><\/p>\n\n\n\n<h2 class=\"wp-block-heading\">Vivencie Sydney<\/h2>\n\n\n\n<p><strong>Sydney<\/strong> <strong>oferece experi\u00eancia metropolitana completa que une sofistica\u00e7\u00e3o urbana, natureza espetacular e multiculturalismo vibrante em uma das cidades mais admiradas do planeta. <\/strong>A metr\u00f3pole atrai profissionais qualificados, estudantes internacionais, turistas e imigrantes que reconhecem oportunidades \u00fanicas de desenvolvimento pessoal e profissional em ambiente cosmopolita e acolhedor.<\/p>\n\n\n\n<p>Seja para estabelecer carreira no centro financeiro da Oceania, estudar em universidades de prest\u00edgio mundial, surfar em praias urbanas espetaculares ou vivenciar fus\u00e3o cultural em festivais celebrados globalmente, <strong>Sydney<\/strong> convida voc\u00ea a conhecer o melhor da vida no Pac\u00edfico Sul.<\/p>\n","protected":false},"excerpt":{"rendered":"<p>Sydney \u00e9 a maior e mais ic\u00f4nica cidade da Austr\u00e1lia, localizada na costa sudeste do pa\u00eds, no estado de Nova Gales do Sul. Conhecida mundialmente pela \u00d3pera de Sydney e Harbour Bridge, destaca-se pela qualidade de vida excepcional, multiculturalismo vibrante e praias urbanas espetaculares. Venha descobrir uma metr\u00f3pole cosmopolita que combina arquitetura deslumbrante, natureza exuberante [&hellip;]<\/p>\n","protected":false},"author":8,"featured_media":11029,"comment_status":"open","ping_status":"open","sticky":false,"template":"","format":"standard","meta":{"_yoast_wpseo_focuskw":"cidade","_yoast_wpseo_title":"","_yoast_wpseo_metadesc":"Essa cidade do Pac\u00edfico Sul encanta com praias espetaculares, diversidade cultural e uma das melhores qualidades de vida do mundo.","jnews-multi-image_gallery":[],"jnews_single_post":{"format":"standard"},"jnews_primary_category":[],"jnews_social_meta":[],"jnews_override_counter":[],"footnotes":""},"categories":[108,111],"post_tag":[6974,545],"class_list":["post-150074","post","type-post","status-publish","format-standard","has-post-thumbnail","hentry","category-cidades","category-turismo","tag-australia","tag-sydney"],"yoast_head":"<!-- This site is optimized with the Yoast SEO plugin v24.6 - https:\/\/yoast.com\/wordpress\/plugins\/seo\/ -->\n<title>Essa cidade se destaca como uma das melhores do mundo para viver com qualidade de vida e seguran\u00e7a de outro n\u00edvel - Correio Braziliense - Radar<\/title>\n<meta name=\"description\" content=\"Essa cidade do Pac\u00edfico Sul encanta com praias espetaculares, diversidade cultural e uma das melhores qualidades de vida do mundo.\" \/>\n<meta name=\"robots\" content=\"index, follow, max-snippet:-1, max-image-preview:large, max-video-preview:-1\" \/>\n<link rel=\"canonical\" href=\"https:\/\/www.correiobraziliense.com.br\/cbradar\/a-cidade-do-pacifico-sul-que-se-destaca-por-economia-forte-praias-perfeitas-e-energia-contagiante\/\" \/>\n<meta property=\"og:locale\" content=\"pt_BR\" \/>\n<meta property=\"og:type\" content=\"article\" \/>\n<meta property=\"og:title\" content=\"Essa cidade se destaca como uma das melhores do mundo para viver com qualidade de vida e seguran\u00e7a de outro n\u00edvel - Correio Braziliense - Radar\" \/>\n<meta property=\"og:description\" content=\"Essa cidade do Pac\u00edfico Sul encanta com praias espetaculares, diversidade cultural e uma das melhores qualidades de vida do mundo.\" \/>\n<meta property=\"og:url\" content=\"https:\/\/www.correiobraziliense.com.br\/cbradar\/a-cidade-do-pacifico-sul-que-se-destaca-por-economia-forte-praias-perfeitas-e-energia-contagiante\/\" \/>\n<meta property=\"og:site_name\" content=\"Correio Braziliense - Radar\" \/>\n<meta property=\"article:published_time\" content=\"2025-12-06T14:45:00+00:00\" \/>\n<meta property=\"og:image\" content=\"https:\/\/www.correiobraziliense.com.br\/cbradar\/wp-content\/uploads\/2025\/03\/sydney_1741573696488.jpg\" \/>\n\t<meta property=\"og:image:width\" content=\"1280\" \/>\n\t<meta property=\"og:image:height\" content=\"720\" \/>\n\t<meta property=\"og:image:type\" content=\"image\/jpeg\" \/>\n<meta name=\"author\" content=\"Maura Pereira\" \/>\n<meta name=\"twitter:card\" content=\"summary_large_image\" \/>\n<meta name=\"twitter:label1\" content=\"Escrito por\" \/>\n\t<meta name=\"twitter:data1\" content=\"Maura Pereira\" \/>\n\t<meta name=\"twitter:label2\" content=\"Est. tempo de leitura\" \/>\n\t<meta name=\"twitter:data2\" content=\"7 minutos\" \/>\n<!-- \/ Yoast SEO plugin. -->","yoast_head_json":{"title":"Essa cidade se destaca como uma das melhores do mundo para viver com qualidade de vida e seguran\u00e7a de outro n\u00edvel - Correio Braziliense - Radar","description":"Essa cidade do Pac\u00edfico Sul encanta com praias espetaculares, diversidade cultural e uma das melhores qualidades de vida do mundo.","robots":{"index":"index","follow":"follow","max-snippet":"max-snippet:-1","max-image-preview":"max-image-preview:large","max-video-preview":"max-video-preview:-1"},"canonical":"https:\/\/www.correiobraziliense.com.br\/cbradar\/a-cidade-do-pacifico-sul-que-se-destaca-por-economia-forte-praias-perfeitas-e-energia-contagiante\/","og_locale":"pt_BR","og_type":"article","og_title":"Essa cidade se destaca como uma das melhores do mundo para viver com qualidade de vida e seguran\u00e7a de outro n\u00edvel - Correio Braziliense - Radar","og_description":"Essa cidade do Pac\u00edfico Sul encanta com praias espetaculares, diversidade cultural e uma das melhores qualidades de vida do mundo.","og_url":"https:\/\/www.correiobraziliense.com.br\/cbradar\/a-cidade-do-pacifico-sul-que-se-destaca-por-economia-forte-praias-perfeitas-e-energia-contagiante\/","og_site_name":"Correio Braziliense - Radar","article_published_time":"2025-12-06T14:45:00+00:00","og_image":[{"width":1280,"height":720,"url":"https:\/\/www.correiobraziliense.com.br\/cbradar\/wp-content\/uploads\/2025\/03\/sydney_1741573696488.jpg","type":"image\/jpeg"}],"author":"Maura Pereira","twitter_card":"summary_large_image","twitter_misc":{"Escrito por":"Maura Pereira","Est. tempo de leitura":"7 minutos"},"schema":{"@context":"https:\/\/schema.org","@graph":[{"@type":"WebPage","@id":"https:\/\/www.correiobraziliense.com.br\/cbradar\/a-cidade-do-pacifico-sul-que-se-destaca-por-economia-forte-praias-perfeitas-e-energia-contagiante\/","url":"https:\/\/www.correiobraziliense.com.br\/cbradar\/a-cidade-do-pacifico-sul-que-se-destaca-por-economia-forte-praias-perfeitas-e-energia-contagiante\/","name":"Essa cidade se destaca como uma das melhores do mundo para viver com qualidade de vida e seguran\u00e7a de outro n\u00edvel - Correio Braziliense - Radar","isPartOf":{"@id":"https:\/\/www.correiobraziliense.com.br\/cbradar\/#website"},"primaryImageOfPage":{"@id":"https:\/\/www.correiobraziliense.com.br\/cbradar\/a-cidade-do-pacifico-sul-que-se-destaca-por-economia-forte-praias-perfeitas-e-energia-contagiante\/#primaryimage"},"image":{"@id":"https:\/\/www.correiobraziliense.com.br\/cbradar\/a-cidade-do-pacifico-sul-que-se-destaca-por-economia-forte-praias-perfeitas-e-energia-contagiante\/#primaryimage"},"thumbnailUrl":"https:\/\/www.correiobraziliense.com.br\/cbradar\/wp-content\/uploads\/2025\/03\/sydney_1741573696488.jpg","datePublished":"2025-12-06T14:45:00+00:00","author":{"@id":"https:\/\/www.correiobraziliense.com.br\/cbradar\/#\/schema\/person\/4053c651a9bfc785afc6f4cbc9032fd3"},"description":"Essa cidade do Pac\u00edfico Sul encanta com praias espetaculares, diversidade cultural e uma das melhores qualidades de vida do mundo.","breadcrumb":{"@id":"https:\/\/www.correiobraziliense.com.br\/cbradar\/a-cidade-do-pacifico-sul-que-se-destaca-por-economia-forte-praias-perfeitas-e-energia-contagiante\/#breadcrumb"},"inLanguage":"pt-BR","potentialAction":[{"@type":"ReadAction","target":["https:\/\/www.correiobraziliense.com.br\/cbradar\/a-cidade-do-pacifico-sul-que-se-destaca-por-economia-forte-praias-perfeitas-e-energia-contagiante\/"]}]},{"@type":"ImageObject","inLanguage":"pt-BR","@id":"https:\/\/www.correiobraziliense.com.br\/cbradar\/a-cidade-do-pacifico-sul-que-se-destaca-por-economia-forte-praias-perfeitas-e-energia-contagiante\/#primaryimage","url":"https:\/\/www.correiobraziliense.com.br\/cbradar\/wp-content\/uploads\/2025\/03\/sydney_1741573696488.jpg","contentUrl":"https:\/\/www.correiobraziliense.com.br\/cbradar\/wp-content\/uploads\/2025\/03\/sydney_1741573696488.jpg","width":1280,"height":720,"caption":"Em Sydney, curta praias quentinhas como Bondi, caf\u00e9s charmosos no Hyde Park e ferries divertidos pela ba\u00eda no clima ensolarado e descontra\u00eddo da Down Under! \/\/ Cr\u00e9ditos: depositphotos.com \/ filedimage"},{"@type":"BreadcrumbList","@id":"https:\/\/www.correiobraziliense.com.br\/cbradar\/a-cidade-do-pacifico-sul-que-se-destaca-por-economia-forte-praias-perfeitas-e-energia-contagiante\/#breadcrumb","itemListElement":[{"@type":"ListItem","position":1,"name":"In\u00edcio","item":"https:\/\/www.correiobraziliense.com.br\/cbradar\/"},{"@type":"ListItem","position":2,"name":"Essa cidade se destaca como uma das melhores do mundo para viver com qualidade de vida e seguran\u00e7a de outro n\u00edvel"}]},{"@type":"WebSite","@id":"https:\/\/www.correiobraziliense.com.br\/cbradar\/#website","url":"https:\/\/www.correiobraziliense.com.br\/cbradar\/","name":"Correio Braziliense - Radar","description":"Acompanhe as \u00faltimas not\u00edcias e fique bem informado sobre tudo o que acontece no Brasil e no mundo.","potentialAction":[{"@type":"SearchAction","target":{"@type":"EntryPoint","urlTemplate":"https:\/\/www.correiobraziliense.com.br\/cbradar\/?s={search_term_string}"},"query-input":{"@type":"PropertyValueSpecification","valueRequired":true,"valueName":"search_term_string"}}],"inLanguage":"pt-BR"},{"@type":"Person","@id":"https:\/\/www.correiobraziliense.com.br\/cbradar\/#\/schema\/person\/4053c651a9bfc785afc6f4cbc9032fd3","name":"Maura Pereira","image":{"@type":"ImageObject","inLanguage":"pt-BR","@id":"https:\/\/www.correiobraziliense.com.br\/cbradar\/#\/schema\/person\/image\/","url":"https:\/\/secure.gravatar.com\/avatar\/3effd6bdadfa447f15089c7f7144eaa6?s=96&d=mm&r=g","contentUrl":"https:\/\/secure.gravatar.com\/avatar\/3effd6bdadfa447f15089c7f7144eaa6?s=96&d=mm&r=g","caption":"Maura Pereira"},"sameAs":["https:\/\/www.correiobraziliense.com.br\/"],"url":"https:\/\/www.correiobraziliense.com.br\/cbradar\/author\/mauramyth\/"}]}},"_links":{"self":[{"href":"https:\/\/www.correiobraziliense.com.br\/cbradar\/wp-json\/wp\/v2\/posts\/150074","targetHints":{"allow":["GET"]}}],"collection":[{"href":"https:\/\/www.correiobraziliense.com.br\/cbradar\/wp-json\/wp\/v2\/posts"}],"about":[{"href":"https:\/\/www.correiobraziliense.com.br\/cbradar\/wp-json\/wp\/v2\/types\/post"}],"author":[{"embeddable":true,"href":"https:\/\/www.correiobraziliense.com.br\/cbradar\/wp-json\/wp\/v2\/users\/8"}],"replies":[{"embeddable":true,"href":"https:\/\/www.correiobraziliense.com.br\/cbradar\/wp-json\/wp\/v2\/comments?post=150074"}],"version-history":[{"count":24,"href":"https:\/\/www.correiobraziliense.com.br\/cbradar\/wp-json\/wp\/v2\/posts\/150074\/revisions"}],"predecessor-version":[{"id":150577,"href":"https:\/\/www.correiobraziliense.com.br\/cbradar\/wp-json\/wp\/v2\/posts\/150074\/revisions\/150577"}],"wp:featuredmedia":[{"embeddable":true,"href":"https:\/\/www.correiobraziliense.com.br\/cbradar\/wp-json\/wp\/v2\/media\/11029"}],"wp:attachment":[{"href":"https:\/\/www.correiobraziliense.com.br\/cbradar\/wp-json\/wp\/v2\/media?parent=150074"}],"wp:term":[{"taxonomy":"category","embeddable":true,"href":"https:\/\/www.correiobraziliense.com.br\/cbradar\/wp-json\/wp\/v2\/categories?post=150074"},{"taxonomy":"post_tag","embeddable":true,"href":"https:\/\/www.correiobraziliense.com.br\/cbradar\/wp-json\/wp\/v2\/post_tag?post=150074"}],"curies":[{"name":"wp","href":"https:\/\/api.w.org\/{rel}","templated":true}]}}