{"id":150145,"date":"2025-12-05T22:25:00","date_gmt":"2025-12-06T01:25:00","guid":{"rendered":"https:\/\/www.correiobraziliense.com.br\/cbradar\/?p=150145"},"modified":"2025-12-04T19:09:51","modified_gmt":"2025-12-04T22:09:51","slug":"voce-pode-estar-deixando-sua-escova-exposta-a-riscos-sem-perceber-com-esse-habito-do-dia-a-dia","status":"publish","type":"post","link":"https:\/\/www.correiobraziliense.com.br\/cbradar\/voce-pode-estar-deixando-sua-escova-exposta-a-riscos-sem-perceber-com-esse-habito-do-dia-a-dia\/","title":{"rendered":"Voc\u00ea pode estar deixando sua escova exposta a riscos sem perceber com esse h\u00e1bito do dia a dia"},"content":{"rendered":"\n<p>Os porta-escovas s\u00e3o itens comuns no banheiro, <a href=\"https:\/\/www.correiobraziliense.com.br\/cbradar\/os-6-alimentos-que-aumentam-a-sensacao-de-saciedade-e-ajudam-a-emagrecer\/\" target=\"_blank\" rel=\"noreferrer noopener\">mas muita gente se pergunta <\/a>por que tantos modelos v\u00eam com tampa. Em 2025, especialistas em higiene e design dom\u00e9stico refor\u00e7am que o acess\u00f3rio n\u00e3o \u00e9 apenas est\u00e9tico, ele tem fun\u00e7\u00f5es pr\u00e1ticas importantes para proteger as escovas e manter o ambiente mais seguro.<\/p>\n\n\n\n<h2 class=\"wp-block-heading\">A tampa ajuda a proteger a escova de contamina\u00e7\u00e3o?<\/h2>\n\n\n\n<p>Sim. Em banheiros, part\u00edculas microsc\u00f3picas podem se espalhar no ar ao dar descarga, especialmente quando a tampa do vaso n\u00e3o \u00e9 fechada. O porta-escovas com tampa reduz esse risco, criando uma barreira que impede que respingos e microrganismos atinjam as cerdas.<\/p>\n\n\n\n<figure class=\"wp-block-image size-large\"><img decoding=\"async\" width=\"1024\" height=\"576\" src=\"https:\/\/www.correiobraziliense.com.br\/cbradar\/wp-content\/uploads\/2025\/12\/toothbrush_1764885965059-1024x576.jpg\" alt=\"Voc\u00ea pode estar deixando sua escova exposta a riscos sem perceber com esse h\u00e1bito do dia a dia\" class=\"wp-image-150151\" srcset=\"https:\/\/www.correiobraziliense.com.br\/cbradar\/wp-content\/uploads\/2025\/12\/toothbrush_1764885965059-1024x576.jpg 1024w, https:\/\/www.correiobraziliense.com.br\/cbradar\/wp-content\/uploads\/2025\/12\/toothbrush_1764885965059-300x169.jpg 300w, https:\/\/www.correiobraziliense.com.br\/cbradar\/wp-content\/uploads\/2025\/12\/toothbrush_1764885965059-768x432.jpg 768w, https:\/\/www.correiobraziliense.com.br\/cbradar\/wp-content\/uploads\/2025\/12\/toothbrush_1764885965059-750x422.jpg 750w, https:\/\/www.correiobraziliense.com.br\/cbradar\/wp-content\/uploads\/2025\/12\/toothbrush_1764885965059-1140x641.jpg 1140w, https:\/\/www.correiobraziliense.com.br\/cbradar\/wp-content\/uploads\/2025\/12\/toothbrush_1764885965059.jpg 1280w\" sizes=\"(max-width: 1024px) 100vw, 1024px\" \/><figcaption class=\"wp-element-caption\">Em banheiros, part\u00edculas microsc\u00f3picas podem se espalhar no ar ao dar descarga, especialmente quando a tampa do vaso n\u00e3o \u00e9 fechada &#8211; Cr\u00e9ditos: depositphotos.com \/ Alexeybykov<\/figcaption><\/figure>\n\n\n\n<h2 class=\"wp-block-heading\">A tampa evita odores e ac\u00famulo de umidade?<\/h2>\n\n\n\n<p>Modelos com tampa ajudam a controlar a umidade excessiva que se acumula na base do porta-escovas ap\u00f3s o uso. Isso reduz a prolifera\u00e7\u00e3o de bact\u00e9rias e evita odores desagrad\u00e1veis. Alguns produtos possuem pequenas aberturas que permitem a ventila\u00e7\u00e3o, combinando prote\u00e7\u00e3o com secagem mais eficiente.<\/p>\n\n\n\n<p>Abaixo, dicas por <strong>draamandahans <\/strong>no TikTok:<\/p>\n\n\n\n<figure class=\"wp-block-embed is-type-video is-provider-tiktok wp-block-embed-tiktok\"><div class=\"wp-block-embed__wrapper\">\n<blockquote class=\"tiktok-embed\" cite=\"https:\/\/www.tiktok.com\/@draamandahans\/video\/7250977711563296006\" data-video-id=\"7250977711563296006\" data-embed-from=\"oembed\" style=\"max-width:605px; min-width:325px;\"> <section> <a target=\"_blank\" title=\"@draamandahans\" href=\"https:\/\/www.tiktok.com\/@draamandahans?refer=embed\">@draamandahans<\/a> <p>Veja as duas melhores opcoes para quem precisa guardar a escova de dente no banheiro: <a title=\"escovadedente\" target=\"_blank\" href=\"https:\/\/www.tiktok.com\/tag\/escovadedente?refer=embed\">#escovadedente<\/a> <a title=\"dentista\" target=\"_blank\" href=\"https:\/\/www.tiktok.com\/tag\/dentista?refer=embed\">#dentista<\/a> <a title=\"sorriso\" target=\"_blank\" href=\"https:\/\/www.tiktok.com\/tag\/sorriso?refer=embed\">#sorriso<\/a> <a title=\"higienebucal\" target=\"_blank\" href=\"https:\/\/www.tiktok.com\/tag\/higienebucal?refer=embed\">#higienebucal<\/a> <a title=\"colgate\" target=\"_blank\" href=\"https:\/\/www.tiktok.com\/tag\/colgate?refer=embed\">#colgate<\/a> <a title=\"dentesbrancos\" target=\"_blank\" href=\"https:\/\/www.tiktok.com\/tag\/dentesbrancos?refer=embed\">#dentesbrancos<\/a> <\/p> <a target=\"_blank\" title=\"\u266c som original - Amanda Hans\" href=\"https:\/\/www.tiktok.com\/music\/som-original-7250977775833221894?refer=embed\">\u266c som original &#8211; Amanda Hans<\/a> <\/section> <\/blockquote> <script async src=\"https:\/\/www.tiktok.com\/embed.js\"><\/script>\n<\/div><\/figure>\n\n\n\n<h2 class=\"wp-block-heading\">O porta-escovas com tampa deixa o ambiente mais organizado?<\/h2>\n\n\n\n<p>Al\u00e9m de proteger, a tampa esconde as cerdas da escova, dando ao banheiro um aspecto mais limpo e visualmente agrad\u00e1vel. Em ambientes pequenos, onde a escova fica exposta sobre a pia, esse detalhe faz diferen\u00e7a na sensa\u00e7\u00e3o de organiza\u00e7\u00e3o.<\/p>\n\n\n\n<figure class=\"wp-block-image size-large\"><img decoding=\"async\" width=\"1024\" height=\"576\" src=\"https:\/\/www.correiobraziliense.com.br\/cbradar\/wp-content\/uploads\/2025\/12\/toothbrush_1764885986647-1024x576.jpg\" alt=\"Voc\u00ea pode estar deixando sua escova exposta a riscos sem perceber com esse h\u00e1bito do dia a dia\" class=\"wp-image-150153\" srcset=\"https:\/\/www.correiobraziliense.com.br\/cbradar\/wp-content\/uploads\/2025\/12\/toothbrush_1764885986647-1024x576.jpg 1024w, https:\/\/www.correiobraziliense.com.br\/cbradar\/wp-content\/uploads\/2025\/12\/toothbrush_1764885986647-300x169.jpg 300w, https:\/\/www.correiobraziliense.com.br\/cbradar\/wp-content\/uploads\/2025\/12\/toothbrush_1764885986647-768x432.jpg 768w, https:\/\/www.correiobraziliense.com.br\/cbradar\/wp-content\/uploads\/2025\/12\/toothbrush_1764885986647-750x422.jpg 750w, https:\/\/www.correiobraziliense.com.br\/cbradar\/wp-content\/uploads\/2025\/12\/toothbrush_1764885986647-1140x641.jpg 1140w, https:\/\/www.correiobraziliense.com.br\/cbradar\/wp-content\/uploads\/2025\/12\/toothbrush_1764885986647.jpg 1280w\" sizes=\"(max-width: 1024px) 100vw, 1024px\" \/><figcaption class=\"wp-element-caption\">Modelos com tampa ajudam a controlar a umidade excessiva que se acumula na base do porta-escovas ap\u00f3s o uso &#8211; Cr\u00e9ditos: depositphotos.com \/ VadimVasenin<\/figcaption><\/figure>\n\n\n\n<h2 class=\"wp-block-heading\">Quando vale a pena escolher modelos com tampa?<\/h2>\n\n\n\n<p>Essa op\u00e7\u00e3o \u00e9 ideal para banheiros compartilhados, ambientes pequenos com circula\u00e7\u00e3o intensa e locais onde a pia fica pr\u00f3xima ao vaso sanit\u00e1rio. Para quem busca mais higiene e um visual discreto, o modelo com tampa continua sendo a escolha mais pr\u00e1tica em 2025.<\/p>\n\n\n\n<p>Com fun\u00e7\u00f5es que v\u00e3o da prote\u00e7\u00e3o \u00e0 est\u00e9tica, o porta-escovas com tampa permanece como um dos acess\u00f3rios mais \u00fateis para manter o banheiro organizado e seguro.<\/p>\n","protected":false},"excerpt":{"rendered":"<p>Os porta-escovas s\u00e3o itens comuns no banheiro, mas muita gente se pergunta por que tantos modelos v\u00eam com tampa. Em 2025, especialistas em higiene e design dom\u00e9stico refor\u00e7am que o acess\u00f3rio n\u00e3o \u00e9 apenas est\u00e9tico, ele tem fun\u00e7\u00f5es pr\u00e1ticas importantes para proteger as escovas e manter o ambiente mais seguro. A tampa ajuda a proteger [&hellip;]<\/p>\n","protected":false},"author":18,"featured_media":150152,"comment_status":"open","ping_status":"open","sticky":false,"template":"","format":"standard","meta":{"_yoast_wpseo_focuskw":"por que porta escovas tem tampa","_yoast_wpseo_title":"","_yoast_wpseo_metadesc":"Essa tampa discreta protege sua escova contra germes do banheiro e ainda melhora a organiza\u00e7\u00e3o do ambiente saiba por que ela \u00e9 t\u00e3o importante.","jnews-multi-image_gallery":[],"jnews_single_post":{"format":"standard"},"jnews_primary_category":[],"jnews_social_meta":[],"jnews_override_counter":[],"footnotes":""},"categories":[112],"tags":[1838,4985,9588,2861],"class_list":["post-150145","post","type-post","status-publish","format-standard","has-post-thumbnail","hentry","category-curiosidades","tag-ambiente","tag-banheiro","tag-escova-de-dentes","tag-umidade"],"yoast_head":"<!-- This site is optimized with the Yoast SEO plugin v24.6 - https:\/\/yoast.com\/wordpress\/plugins\/seo\/ -->\n<title>Voc\u00ea pode estar deixando sua escova exposta a riscos sem perceber com esse h\u00e1bito do dia a dia - Correio Braziliense - Radar<\/title>\n<meta name=\"description\" content=\"Essa tampa discreta protege sua escova contra germes do banheiro e ainda melhora a organiza\u00e7\u00e3o do ambiente saiba por que ela \u00e9 t\u00e3o importante.\" \/>\n<meta name=\"robots\" content=\"index, follow, max-snippet:-1, max-image-preview:large, max-video-preview:-1\" \/>\n<link rel=\"canonical\" href=\"https:\/\/www.correiobraziliense.com.br\/cbradar\/voce-pode-estar-deixando-sua-escova-exposta-a-riscos-sem-perceber-com-esse-habito-do-dia-a-dia\/\" \/>\n<meta property=\"og:locale\" content=\"pt_BR\" \/>\n<meta property=\"og:type\" content=\"article\" \/>\n<meta property=\"og:title\" content=\"Voc\u00ea pode estar deixando sua escova exposta a riscos sem perceber com esse h\u00e1bito do dia a dia - Correio Braziliense - Radar\" \/>\n<meta property=\"og:description\" content=\"Essa tampa discreta protege sua escova contra germes do banheiro e ainda melhora a organiza\u00e7\u00e3o do ambiente saiba por que ela \u00e9 t\u00e3o importante.\" \/>\n<meta property=\"og:url\" content=\"https:\/\/www.correiobraziliense.com.br\/cbradar\/voce-pode-estar-deixando-sua-escova-exposta-a-riscos-sem-perceber-com-esse-habito-do-dia-a-dia\/\" \/>\n<meta property=\"og:site_name\" content=\"Correio Braziliense - Radar\" \/>\n<meta property=\"article:published_time\" content=\"2025-12-06T01:25:00+00:00\" \/>\n<meta property=\"og:image\" content=\"https:\/\/www.correiobraziliense.com.br\/cbradar\/wp-content\/uploads\/2025\/12\/toothbrush_1764885972994.jpg\" \/>\n\t<meta property=\"og:image:width\" content=\"1280\" \/>\n\t<meta property=\"og:image:height\" content=\"720\" \/>\n\t<meta property=\"og:image:type\" content=\"image\/jpeg\" \/>\n<meta name=\"author\" content=\"Maria Eduarda Pacheco\" \/>\n<meta name=\"twitter:card\" content=\"summary_large_image\" \/>\n<meta name=\"twitter:label1\" content=\"Escrito por\" \/>\n\t<meta name=\"twitter:data1\" content=\"Maria Eduarda Pacheco\" \/>\n\t<meta name=\"twitter:label2\" content=\"Est. tempo de leitura\" \/>\n\t<meta name=\"twitter:data2\" content=\"3 minutos\" \/>\n<!-- \/ Yoast SEO plugin. -->","yoast_head_json":{"title":"Voc\u00ea pode estar deixando sua escova exposta a riscos sem perceber com esse h\u00e1bito do dia a dia - Correio Braziliense - Radar","description":"Essa tampa discreta protege sua escova contra germes do banheiro e ainda melhora a organiza\u00e7\u00e3o do ambiente saiba por que ela \u00e9 t\u00e3o importante.","robots":{"index":"index","follow":"follow","max-snippet":"max-snippet:-1","max-image-preview":"max-image-preview:large","max-video-preview":"max-video-preview:-1"},"canonical":"https:\/\/www.correiobraziliense.com.br\/cbradar\/voce-pode-estar-deixando-sua-escova-exposta-a-riscos-sem-perceber-com-esse-habito-do-dia-a-dia\/","og_locale":"pt_BR","og_type":"article","og_title":"Voc\u00ea pode estar deixando sua escova exposta a riscos sem perceber com esse h\u00e1bito do dia a dia - Correio Braziliense - Radar","og_description":"Essa tampa discreta protege sua escova contra germes do banheiro e ainda melhora a organiza\u00e7\u00e3o do ambiente saiba por que ela \u00e9 t\u00e3o importante.","og_url":"https:\/\/www.correiobraziliense.com.br\/cbradar\/voce-pode-estar-deixando-sua-escova-exposta-a-riscos-sem-perceber-com-esse-habito-do-dia-a-dia\/","og_site_name":"Correio Braziliense - Radar","article_published_time":"2025-12-06T01:25:00+00:00","og_image":[{"width":1280,"height":720,"url":"https:\/\/www.correiobraziliense.com.br\/cbradar\/wp-content\/uploads\/2025\/12\/toothbrush_1764885972994.jpg","type":"image\/jpeg"}],"author":"Maria Eduarda Pacheco","twitter_card":"summary_large_image","twitter_misc":{"Escrito por":"Maria Eduarda Pacheco","Est. tempo de leitura":"3 minutos"},"schema":{"@context":"https:\/\/schema.org","@graph":[{"@type":"WebPage","@id":"https:\/\/www.correiobraziliense.com.br\/cbradar\/voce-pode-estar-deixando-sua-escova-exposta-a-riscos-sem-perceber-com-esse-habito-do-dia-a-dia\/","url":"https:\/\/www.correiobraziliense.com.br\/cbradar\/voce-pode-estar-deixando-sua-escova-exposta-a-riscos-sem-perceber-com-esse-habito-do-dia-a-dia\/","name":"Voc\u00ea pode estar deixando sua escova exposta a riscos sem perceber com esse h\u00e1bito do dia a dia - Correio Braziliense - Radar","isPartOf":{"@id":"https:\/\/www.correiobraziliense.com.br\/cbradar\/#website"},"primaryImageOfPage":{"@id":"https:\/\/www.correiobraziliense.com.br\/cbradar\/voce-pode-estar-deixando-sua-escova-exposta-a-riscos-sem-perceber-com-esse-habito-do-dia-a-dia\/#primaryimage"},"image":{"@id":"https:\/\/www.correiobraziliense.com.br\/cbradar\/voce-pode-estar-deixando-sua-escova-exposta-a-riscos-sem-perceber-com-esse-habito-do-dia-a-dia\/#primaryimage"},"thumbnailUrl":"https:\/\/www.correiobraziliense.com.br\/cbradar\/wp-content\/uploads\/2025\/12\/toothbrush_1764885972994.jpg","datePublished":"2025-12-06T01:25:00+00:00","author":{"@id":"https:\/\/www.correiobraziliense.com.br\/cbradar\/#\/schema\/person\/6fdd694c4c0d658f15df15f390ddf066"},"description":"Essa tampa discreta protege sua escova contra germes do banheiro e ainda melhora a organiza\u00e7\u00e3o do ambiente saiba por que ela \u00e9 t\u00e3o importante.","breadcrumb":{"@id":"https:\/\/www.correiobraziliense.com.br\/cbradar\/voce-pode-estar-deixando-sua-escova-exposta-a-riscos-sem-perceber-com-esse-habito-do-dia-a-dia\/#breadcrumb"},"inLanguage":"pt-BR","potentialAction":[{"@type":"ReadAction","target":["https:\/\/www.correiobraziliense.com.br\/cbradar\/voce-pode-estar-deixando-sua-escova-exposta-a-riscos-sem-perceber-com-esse-habito-do-dia-a-dia\/"]}]},{"@type":"ImageObject","inLanguage":"pt-BR","@id":"https:\/\/www.correiobraziliense.com.br\/cbradar\/voce-pode-estar-deixando-sua-escova-exposta-a-riscos-sem-perceber-com-esse-habito-do-dia-a-dia\/#primaryimage","url":"https:\/\/www.correiobraziliense.com.br\/cbradar\/wp-content\/uploads\/2025\/12\/toothbrush_1764885972994.jpg","contentUrl":"https:\/\/www.correiobraziliense.com.br\/cbradar\/wp-content\/uploads\/2025\/12\/toothbrush_1764885972994.jpg","width":1280,"height":720,"caption":"Os porta-escovas s\u00e3o itens comuns no banheiro, mas muita gente se pergunta por que tantos modelos v\u00eam com tampa - Cr\u00e9ditos: depositphotos.com \/ esthermm"},{"@type":"BreadcrumbList","@id":"https:\/\/www.correiobraziliense.com.br\/cbradar\/voce-pode-estar-deixando-sua-escova-exposta-a-riscos-sem-perceber-com-esse-habito-do-dia-a-dia\/#breadcrumb","itemListElement":[{"@type":"ListItem","position":1,"name":"In\u00edcio","item":"https:\/\/www.correiobraziliense.com.br\/cbradar\/"},{"@type":"ListItem","position":2,"name":"Voc\u00ea pode estar deixando sua escova exposta a riscos sem perceber com esse h\u00e1bito do dia a dia"}]},{"@type":"WebSite","@id":"https:\/\/www.correiobraziliense.com.br\/cbradar\/#website","url":"https:\/\/www.correiobraziliense.com.br\/cbradar\/","name":"Correio Braziliense - Radar","description":"Acompanhe as \u00faltimas not\u00edcias e fique bem informado sobre tudo o que acontece no Brasil e no mundo.","potentialAction":[{"@type":"SearchAction","target":{"@type":"EntryPoint","urlTemplate":"https:\/\/www.correiobraziliense.com.br\/cbradar\/?s={search_term_string}"},"query-input":{"@type":"PropertyValueSpecification","valueRequired":true,"valueName":"search_term_string"}}],"inLanguage":"pt-BR"},{"@type":"Person","@id":"https:\/\/www.correiobraziliense.com.br\/cbradar\/#\/schema\/person\/6fdd694c4c0d658f15df15f390ddf066","name":"Maria Eduarda Pacheco","image":{"@type":"ImageObject","inLanguage":"pt-BR","@id":"https:\/\/www.correiobraziliense.com.br\/cbradar\/#\/schema\/person\/image\/","url":"https:\/\/secure.gravatar.com\/avatar\/f72a487b26fdeec08ba4868875ea328e?s=96&d=mm&r=g","contentUrl":"https:\/\/secure.gravatar.com\/avatar\/f72a487b26fdeec08ba4868875ea328e?s=96&d=mm&r=g","caption":"Maria Eduarda Pacheco"},"sameAs":["https:\/\/www.correiobraziliense.com.br\/cbradar\/"],"url":"https:\/\/www.correiobraziliense.com.br\/cbradar\/author\/maria-eduarda\/"}]}},"_links":{"self":[{"href":"https:\/\/www.correiobraziliense.com.br\/cbradar\/wp-json\/wp\/v2\/posts\/150145","targetHints":{"allow":["GET"]}}],"collection":[{"href":"https:\/\/www.correiobraziliense.com.br\/cbradar\/wp-json\/wp\/v2\/posts"}],"about":[{"href":"https:\/\/www.correiobraziliense.com.br\/cbradar\/wp-json\/wp\/v2\/types\/post"}],"author":[{"embeddable":true,"href":"https:\/\/www.correiobraziliense.com.br\/cbradar\/wp-json\/wp\/v2\/users\/18"}],"replies":[{"embeddable":true,"href":"https:\/\/www.correiobraziliense.com.br\/cbradar\/wp-json\/wp\/v2\/comments?post=150145"}],"version-history":[{"count":1,"href":"https:\/\/www.correiobraziliense.com.br\/cbradar\/wp-json\/wp\/v2\/posts\/150145\/revisions"}],"predecessor-version":[{"id":150157,"href":"https:\/\/www.correiobraziliense.com.br\/cbradar\/wp-json\/wp\/v2\/posts\/150145\/revisions\/150157"}],"wp:featuredmedia":[{"embeddable":true,"href":"https:\/\/www.correiobraziliense.com.br\/cbradar\/wp-json\/wp\/v2\/media\/150152"}],"wp:attachment":[{"href":"https:\/\/www.correiobraziliense.com.br\/cbradar\/wp-json\/wp\/v2\/media?parent=150145"}],"wp:term":[{"taxonomy":"category","embeddable":true,"href":"https:\/\/www.correiobraziliense.com.br\/cbradar\/wp-json\/wp\/v2\/categories?post=150145"},{"taxonomy":"post_tag","embeddable":true,"href":"https:\/\/www.correiobraziliense.com.br\/cbradar\/wp-json\/wp\/v2\/tags?post=150145"}],"curies":[{"name":"wp","href":"https:\/\/api.w.org\/{rel}","templated":true}]}}