{"id":150160,"date":"2025-12-05T06:05:00","date_gmt":"2025-12-05T09:05:00","guid":{"rendered":"https:\/\/www.correiobraziliense.com.br\/cbradar\/?p=150160"},"modified":"2025-12-04T19:23:03","modified_gmt":"2025-12-04T22:23:03","slug":"o-maior-erro-ao-usar-ar-condicionado-que-causa-alergias","status":"publish","type":"post","link":"https:\/\/www.correiobraziliense.com.br\/cbradar\/o-maior-erro-ao-usar-ar-condicionado-que-causa-alergias\/","title":{"rendered":"O maior erro ao usar ar-condicionado que causa alergias"},"content":{"rendered":"\n<p>Durante os meses mais quentes, o <strong>Ar-Condicionado<\/strong> se torna essencial em muitos ambientes, mas ele tamb\u00e9m levanta quest\u00f5es sobre seus efeitos na sa\u00fade. Algumas pessoas acreditam que o Ar-Condicionado possa prejudicar a sa\u00fade, mas essa no\u00e7\u00e3o est\u00e1 geralmente ligada a pr\u00e1ticas incorretas de uso e manuten\u00e7\u00e3o do aparelho. Ajustes inadequados e manuten\u00e7\u00e3o deficiente podem levar a desconfortos como secura nasal e irrita\u00e7\u00f5es.<\/p>\n\n\n\n<p>A verdade \u00e9 que, se bem utilizado, o Ar-Condicionado n\u00e3o precisa ser uma fonte de problemas. Ao contr\u00e1rio, pode oferecer um ambiente confort\u00e1vel e saud\u00e1vel. A chave est\u00e1 na maneira como o aparelho \u00e9 utilizado e na aten\u00e7\u00e3o \u00e0 sua limpeza e conserva\u00e7\u00e3o.<\/p>\n\n\n\n<h2 class=\"wp-block-heading\">O Ar-Condicionado \u00e9 sin\u00f4nimo de alergias?<\/h2>\n\n\n\n<p>Uma das preocupa\u00e7\u00f5es mais comuns \u00e9 a possibilidade de o Ar-Condicionado desencadear alergias. O sistema de refrigera\u00e7\u00e3o funciona atrav\u00e9s da circula\u00e7\u00e3o do ar, que, se n\u00e3o filtrado adequadamente, pode disseminar al\u00e9rgenos j\u00e1 existentes no ambiente. Sem a limpeza regular, o ac\u00famulo de part\u00edculas nos dutos pode exacerbar rea\u00e7\u00f5es al\u00e9rgicas em indiv\u00edduos sens\u00edveis.<\/p>\n\n\n\n<figure class=\"wp-block-image aligncenter size-large\"><img decoding=\"async\" width=\"1024\" height=\"576\" src=\"https:\/\/www.correiobraziliense.com.br\/cbradar\/wp-content\/uploads\/2025\/05\/alergia_1747332206540-1024x576.jpg\" alt=\"\" class=\"wp-image-37546\" srcset=\"https:\/\/www.correiobraziliense.com.br\/cbradar\/wp-content\/uploads\/2025\/05\/alergia_1747332206540-1024x576.jpg 1024w, https:\/\/www.correiobraziliense.com.br\/cbradar\/wp-content\/uploads\/2025\/05\/alergia_1747332206540-300x169.jpg 300w, https:\/\/www.correiobraziliense.com.br\/cbradar\/wp-content\/uploads\/2025\/05\/alergia_1747332206540-768x432.jpg 768w, https:\/\/www.correiobraziliense.com.br\/cbradar\/wp-content\/uploads\/2025\/05\/alergia_1747332206540-750x422.jpg 750w, https:\/\/www.correiobraziliense.com.br\/cbradar\/wp-content\/uploads\/2025\/05\/alergia_1747332206540-1140x641.jpg 1140w, https:\/\/www.correiobraziliense.com.br\/cbradar\/wp-content\/uploads\/2025\/05\/alergia_1747332206540.jpg 1280w\" sizes=\"(max-width: 1024px) 100vw, 1024px\" \/><figcaption class=\"wp-element-caption\">O que voc\u00ea precisa saber sobre alergias alimentares &#8211; Cr\u00e9ditos: depositphotos.com \/ AndrewLozovyi\n<\/figcaption><\/figure>\n\n\n\n<p>Manter os filtros do Ar-Condicionado limpos \u00e9 uma estrat\u00e9gia eficaz para minimizar a presen\u00e7a de al\u00e9rgenos no ar interior. A limpeza e verifica\u00e7\u00e3o regular dos filtros ajudam a garantir um ar mais limpo e reduz o risco de alergias.<\/p>\n\n\n\n<h2 class=\"wp-block-heading\">Como prevenir desconfortos com o uso adequado do Ar-Condicionado<\/h2>\n\n\n\n<p>Para evitar desconfortos associados ao uso do Ar-Condicionado, algumas a\u00e7\u00f5es simples podem ser implementadas para garantir uma utiliza\u00e7\u00e3o saud\u00e1vel:<\/p>\n\n\n\n<ul class=\"wp-block-list\">\n<li><strong>Limpeza Peri\u00f3dica dos Filtros:<\/strong>\u00a0Isso impede que al\u00e9rgenos se espalhem pelo ar.<\/li>\n\n\n\n<li><strong>Controle da Umidade do Ar:<\/strong>\u00a0Manter um n\u00edvel adequado de umidade \u00e9 importante para evitar ressecamento excessivo.<\/li>\n\n\n\n<li><strong>Complemento com Purificadores:<\/strong>\u00a0Utilizar purificadores pode ajudar a manter a qualidade do ar.<\/li>\n\n\n\n<li><strong>Ventila\u00e7\u00e3o Natural:<\/strong>\u00a0Abertura de janelas em intervalos pode ajudar a arejar o ambiente.<\/li>\n<\/ul>\n\n\n\n<h2 class=\"wp-block-heading\">Por que a manuten\u00e7\u00e3o \u00e9 crucial?<\/h2>\n\n\n\n<p>A manuten\u00e7\u00e3o do Ar-Condicionado \u00e9 vital para a <a href=\"https:\/\/www.correiobraziliense.com.br\/cbradar\/o-superalimento-mais-poderoso-para-energia-e-libido\/\" target=\"_blank\" rel=\"noreferrer noopener\">sa\u00fade <\/a>dos ocupantes e para a efici\u00eancia do pr\u00f3prio aparelho. Limpezas e substitui\u00e7\u00f5es frequentes dos filtros previnem a prolifera\u00e7\u00e3o de al\u00e9rgenos e garantem um funcionamento otimizado, estendendo a vida \u00fatil do equipamento.<\/p>\n\n\n\n<h2 class=\"wp-block-heading\">Visto de Outra Forma: benef\u00edcios do Ar-Condicionado<\/h2>\n\n\n\n<p>Embora muitas vezes considerado culpado por problemas de sa\u00fade, o Ar-Condicionado, quando utilizado corretamente, pode ser um aliado vital ao conforto. Al\u00e9m de manter temperaturas agrad\u00e1veis, ele pode contribuir para a melhoria do ar interno se operado de maneira respons\u00e1vel. Com a manuten\u00e7\u00e3o adequada, o Ar-Condicionado n\u00e3o precisa ser um vil\u00e3o, mas sim uma ferramenta para um ambiente mais confort\u00e1vel e saud\u00e1vel.<\/p>\n\n\n<a href=\"https:\/\/www.instagram.com\/dra.annaluisabf\/\" target=\"_blank\" rel=\"noopener\" style=\"text-decoration: none; color: inherit;\">\n    <span style=\"display: inline-block; border: 1px solid #ccc; border-radius: 10px; padding: 15px; max-width: 550px; font-family: sans-serif; box-shadow: 0 2px 5px rgba(0,0,0,0.1); width: 100%;\">\n\n      <!-- T\u00edtulo -->\n      <span style=\"display: block; margin: 0 0 15px 0; font-weight: bold; color: #2c3e50; text-align: center;\">\n        Entre em contato:\n      <\/span>\n\n      <!-- Linha do perfil -->\n      <span style=\"display: flex; align-items: center; gap: 15px;\">\n        <img decoding=\"async\"\n          src=\"https:\/\/www.correiobraziliense.com.br\/cbradar\/wp-content\/uploads\/2025\/08\/dra_anna_luisa.jpeg\"\n          alt=\"Foto da Dra. Anna Lu\u00edsa\"\n          style=\"border-radius: 50%; width: 80px; height: 80px; object-fit: cover;\"\n        \/>\n        <span style=\"display: flex; flex-direction: column;\">\n          <span style=\"font-size: 18px; font-weight: 700; color: #2c3e50;\">Dra. Anna Lu\u00edsa Barbosa Fernandes<\/span>\n          <span style=\"color: #555;\">CRM-GO 33.271<\/span>\n        <\/span>\n      <\/span>\n\n      <!-- Redes -->\n      <span style=\"display: flex; align-items: center; gap: 10px; margin-top: 12px;\">\n        <img decoding=\"async\" src=\"https:\/\/cdn-icons-png.flaticon.com\/24\/1384\/1384063.png\" alt=\"Instagram\" width=\"24\" height=\"24\" \/>\n        <span style=\"text-decoration: underline; color: #2c3e50;\">@dra.annaluisabf<\/span>\n      <\/span>\n\n    <\/span>\n  <\/a>","protected":false},"excerpt":{"rendered":"<p>Durante os meses mais quentes, o Ar-Condicionado se torna essencial em muitos ambientes, mas ele tamb\u00e9m levanta quest\u00f5es sobre seus efeitos na sa\u00fade. Algumas pessoas acreditam que o Ar-Condicionado possa prejudicar a sa\u00fade, mas essa no\u00e7\u00e3o est\u00e1 geralmente ligada a pr\u00e1ticas incorretas de uso e manuten\u00e7\u00e3o do aparelho. Ajustes inadequados e manuten\u00e7\u00e3o deficiente podem levar [&hellip;]<\/p>\n","protected":false},"author":14,"featured_media":0,"comment_status":"open","ping_status":"open","sticky":false,"template":"","format":"standard","meta":{"_yoast_wpseo_focuskw":"Ar-Condicionado","_yoast_wpseo_title":"","_yoast_wpseo_metadesc":"Ar-condicionado n\u00e3o precisa ser vil\u00e3o. Descubra como o uso correto e a manuten\u00e7\u00e3o adequada podem melhorar o conforto e a qualidade do ar.","jnews-multi-image_gallery":[],"jnews_single_post":{"format":"standard"},"jnews_primary_category":[],"jnews_social_meta":[],"jnews_override_counter":[],"footnotes":""},"categories":[4404],"tags":[281,120,1318],"class_list":["post-150160","post","type-post","status-publish","format-standard","hentry","category-saude","tag-alimentacao","tag-bem-estar","tag-saude-2"],"yoast_head":"<!-- This site is optimized with the Yoast SEO plugin v24.6 - https:\/\/yoast.com\/wordpress\/plugins\/seo\/ -->\n<title>O maior erro ao usar ar-condicionado que causa alergias - Correio Braziliense - Radar<\/title>\n<meta name=\"description\" content=\"Ar-condicionado n\u00e3o precisa ser vil\u00e3o. Descubra como o uso correto e a manuten\u00e7\u00e3o adequada podem melhorar o conforto e a qualidade do ar.\" \/>\n<meta name=\"robots\" content=\"index, follow, max-snippet:-1, max-image-preview:large, max-video-preview:-1\" \/>\n<link rel=\"canonical\" href=\"https:\/\/www.correiobraziliense.com.br\/cbradar\/o-maior-erro-ao-usar-ar-condicionado-que-causa-alergias\/\" \/>\n<meta property=\"og:locale\" content=\"pt_BR\" \/>\n<meta property=\"og:type\" content=\"article\" \/>\n<meta property=\"og:title\" content=\"O maior erro ao usar ar-condicionado que causa alergias - Correio Braziliense - Radar\" \/>\n<meta property=\"og:description\" content=\"Ar-condicionado n\u00e3o precisa ser vil\u00e3o. Descubra como o uso correto e a manuten\u00e7\u00e3o adequada podem melhorar o conforto e a qualidade do ar.\" \/>\n<meta property=\"og:url\" content=\"https:\/\/www.correiobraziliense.com.br\/cbradar\/o-maior-erro-ao-usar-ar-condicionado-que-causa-alergias\/\" \/>\n<meta property=\"og:site_name\" content=\"Correio Braziliense - Radar\" \/>\n<meta property=\"article:published_time\" content=\"2025-12-05T09:05:00+00:00\" \/>\n<meta property=\"og:image\" content=\"https:\/\/www.correiobraziliense.com.br\/cbradar\/wp-content\/uploads\/2025\/05\/alergia_1747332206540.jpg\" \/>\n\t<meta property=\"og:image:width\" content=\"1280\" \/>\n\t<meta property=\"og:image:height\" content=\"720\" \/>\n\t<meta property=\"og:image:type\" content=\"image\/jpeg\" \/>\n<meta name=\"author\" content=\"guilherme_saude\" \/>\n<meta name=\"twitter:card\" content=\"summary_large_image\" \/>\n<meta name=\"twitter:label1\" content=\"Escrito por\" \/>\n\t<meta name=\"twitter:data1\" content=\"guilherme_saude\" \/>\n\t<meta name=\"twitter:label2\" content=\"Est. tempo de leitura\" \/>\n\t<meta name=\"twitter:data2\" content=\"3 minutos\" \/>\n<!-- \/ Yoast SEO plugin. -->","yoast_head_json":{"title":"O maior erro ao usar ar-condicionado que causa alergias - Correio Braziliense - Radar","description":"Ar-condicionado n\u00e3o precisa ser vil\u00e3o. Descubra como o uso correto e a manuten\u00e7\u00e3o adequada podem melhorar o conforto e a qualidade do ar.","robots":{"index":"index","follow":"follow","max-snippet":"max-snippet:-1","max-image-preview":"max-image-preview:large","max-video-preview":"max-video-preview:-1"},"canonical":"https:\/\/www.correiobraziliense.com.br\/cbradar\/o-maior-erro-ao-usar-ar-condicionado-que-causa-alergias\/","og_locale":"pt_BR","og_type":"article","og_title":"O maior erro ao usar ar-condicionado que causa alergias - Correio Braziliense - Radar","og_description":"Ar-condicionado n\u00e3o precisa ser vil\u00e3o. Descubra como o uso correto e a manuten\u00e7\u00e3o adequada podem melhorar o conforto e a qualidade do ar.","og_url":"https:\/\/www.correiobraziliense.com.br\/cbradar\/o-maior-erro-ao-usar-ar-condicionado-que-causa-alergias\/","og_site_name":"Correio Braziliense - Radar","article_published_time":"2025-12-05T09:05:00+00:00","og_image":[{"width":1280,"height":720,"url":"https:\/\/www.correiobraziliense.com.br\/cbradar\/wp-content\/uploads\/2025\/05\/alergia_1747332206540.jpg","type":"image\/jpeg"}],"author":"guilherme_saude","twitter_card":"summary_large_image","twitter_misc":{"Escrito por":"guilherme_saude","Est. tempo de leitura":"3 minutos"},"schema":{"@context":"https:\/\/schema.org","@graph":[{"@type":"WebPage","@id":"https:\/\/www.correiobraziliense.com.br\/cbradar\/o-maior-erro-ao-usar-ar-condicionado-que-causa-alergias\/","url":"https:\/\/www.correiobraziliense.com.br\/cbradar\/o-maior-erro-ao-usar-ar-condicionado-que-causa-alergias\/","name":"O maior erro ao usar ar-condicionado que causa alergias - Correio Braziliense - Radar","isPartOf":{"@id":"https:\/\/www.correiobraziliense.com.br\/cbradar\/#website"},"primaryImageOfPage":{"@id":"https:\/\/www.correiobraziliense.com.br\/cbradar\/o-maior-erro-ao-usar-ar-condicionado-que-causa-alergias\/#primaryimage"},"image":{"@id":"https:\/\/www.correiobraziliense.com.br\/cbradar\/o-maior-erro-ao-usar-ar-condicionado-que-causa-alergias\/#primaryimage"},"thumbnailUrl":"https:\/\/www.correiobraziliense.com.br\/cbradar\/wp-content\/uploads\/2025\/05\/alergia_1747332206540-1024x576.jpg","datePublished":"2025-12-05T09:05:00+00:00","author":{"@id":"https:\/\/www.correiobraziliense.com.br\/cbradar\/#\/schema\/person\/5aa4bf3c8fa699c267933611de12978b"},"description":"Ar-condicionado n\u00e3o precisa ser vil\u00e3o. Descubra como o uso correto e a manuten\u00e7\u00e3o adequada podem melhorar o conforto e a qualidade do ar.","breadcrumb":{"@id":"https:\/\/www.correiobraziliense.com.br\/cbradar\/o-maior-erro-ao-usar-ar-condicionado-que-causa-alergias\/#breadcrumb"},"inLanguage":"pt-BR","potentialAction":[{"@type":"ReadAction","target":["https:\/\/www.correiobraziliense.com.br\/cbradar\/o-maior-erro-ao-usar-ar-condicionado-que-causa-alergias\/"]}]},{"@type":"ImageObject","inLanguage":"pt-BR","@id":"https:\/\/www.correiobraziliense.com.br\/cbradar\/o-maior-erro-ao-usar-ar-condicionado-que-causa-alergias\/#primaryimage","url":"https:\/\/www.correiobraziliense.com.br\/cbradar\/wp-content\/uploads\/2025\/05\/alergia_1747332206540.jpg","contentUrl":"https:\/\/www.correiobraziliense.com.br\/cbradar\/wp-content\/uploads\/2025\/05\/alergia_1747332206540.jpg","width":1280,"height":720,"caption":"O que voc\u00ea precisa saber sobre alergias alimentares - Cr\u00e9ditos: depositphotos.com \/ AndrewLozovyi"},{"@type":"BreadcrumbList","@id":"https:\/\/www.correiobraziliense.com.br\/cbradar\/o-maior-erro-ao-usar-ar-condicionado-que-causa-alergias\/#breadcrumb","itemListElement":[{"@type":"ListItem","position":1,"name":"In\u00edcio","item":"https:\/\/www.correiobraziliense.com.br\/cbradar\/"},{"@type":"ListItem","position":2,"name":"O maior erro ao usar ar-condicionado que causa alergias"}]},{"@type":"WebSite","@id":"https:\/\/www.correiobraziliense.com.br\/cbradar\/#website","url":"https:\/\/www.correiobraziliense.com.br\/cbradar\/","name":"Correio Braziliense - Radar","description":"Acompanhe as \u00faltimas not\u00edcias e fique bem informado sobre tudo o que acontece no Brasil e no mundo.","potentialAction":[{"@type":"SearchAction","target":{"@type":"EntryPoint","urlTemplate":"https:\/\/www.correiobraziliense.com.br\/cbradar\/?s={search_term_string}"},"query-input":{"@type":"PropertyValueSpecification","valueRequired":true,"valueName":"search_term_string"}}],"inLanguage":"pt-BR"},{"@type":"Person","@id":"https:\/\/www.correiobraziliense.com.br\/cbradar\/#\/schema\/person\/5aa4bf3c8fa699c267933611de12978b","name":"guilherme_saude","image":{"@type":"ImageObject","inLanguage":"pt-BR","@id":"https:\/\/www.correiobraziliense.com.br\/cbradar\/#\/schema\/person\/image\/","url":"https:\/\/secure.gravatar.com\/avatar\/df9adfb835d344bc0af109d41756253f?s=96&d=mm&r=g","contentUrl":"https:\/\/secure.gravatar.com\/avatar\/df9adfb835d344bc0af109d41756253f?s=96&d=mm&r=g","caption":"guilherme_saude"},"url":"https:\/\/www.correiobraziliense.com.br\/cbradar\/author\/guilherme_saude\/"}]}},"_links":{"self":[{"href":"https:\/\/www.correiobraziliense.com.br\/cbradar\/wp-json\/wp\/v2\/posts\/150160","targetHints":{"allow":["GET"]}}],"collection":[{"href":"https:\/\/www.correiobraziliense.com.br\/cbradar\/wp-json\/wp\/v2\/posts"}],"about":[{"href":"https:\/\/www.correiobraziliense.com.br\/cbradar\/wp-json\/wp\/v2\/types\/post"}],"author":[{"embeddable":true,"href":"https:\/\/www.correiobraziliense.com.br\/cbradar\/wp-json\/wp\/v2\/users\/14"}],"replies":[{"embeddable":true,"href":"https:\/\/www.correiobraziliense.com.br\/cbradar\/wp-json\/wp\/v2\/comments?post=150160"}],"version-history":[{"count":1,"href":"https:\/\/www.correiobraziliense.com.br\/cbradar\/wp-json\/wp\/v2\/posts\/150160\/revisions"}],"predecessor-version":[{"id":150172,"href":"https:\/\/www.correiobraziliense.com.br\/cbradar\/wp-json\/wp\/v2\/posts\/150160\/revisions\/150172"}],"wp:attachment":[{"href":"https:\/\/www.correiobraziliense.com.br\/cbradar\/wp-json\/wp\/v2\/media?parent=150160"}],"wp:term":[{"taxonomy":"category","embeddable":true,"href":"https:\/\/www.correiobraziliense.com.br\/cbradar\/wp-json\/wp\/v2\/categories?post=150160"},{"taxonomy":"post_tag","embeddable":true,"href":"https:\/\/www.correiobraziliense.com.br\/cbradar\/wp-json\/wp\/v2\/tags?post=150160"}],"curies":[{"name":"wp","href":"https:\/\/api.w.org\/{rel}","templated":true}]}}