{"id":15017,"date":"2025-03-24T06:50:00","date_gmt":"2025-03-24T09:50:00","guid":{"rendered":"https:\/\/www.correiobraziliense.com.br\/cbradar\/?p=15017"},"modified":"2025-07-02T12:35:48","modified_gmt":"2025-07-02T15:35:48","slug":"essa-e-a-ordem-correta-para-assistir-o-universo-de-yellowstone","status":"publish","type":"post","link":"https:\/\/www.correiobraziliense.com.br\/cbradar\/essa-e-a-ordem-correta-para-assistir-o-universo-de-yellowstone\/","title":{"rendered":"Essa \u00e9 a ordem correta para assistir o universo de Yellowstone"},"content":{"rendered":"\n<p><strong>Taylor Sheridan<\/strong> virou o rei da televis\u00e3o. O que come\u00e7ou com <strong>Yellowstone<\/strong> se transformou numa verdadeira f\u00e1brica de s\u00e9ries. Entre <strong>2024<\/strong> e <strong>2025<\/strong>, o universo criado por ele explodiu de vez. Agora s\u00e3o tantos spin-offs que at\u00e9 quem acompanha tudo fica perdido.<\/p>\n\n\n\n<p>A <a href=\"https:\/\/www.correiobraziliense.com.br\/cbradar\/nova-serie-da-netflix-para-quem-gostou-de-yellowstone\/\" target=\"_blank\" rel=\"noreferrer noopener\">s\u00e9rie<\/a> principal <strong>Yellowstone<\/strong> terminou em dezembro de <strong>2024<\/strong>, mas o final foi s\u00f3 o come\u00e7o. <strong>Sheridan<\/strong> tem pelo menos cinco novos projetos rolando ao mesmo tempo. \u00c9 <strong>1883<\/strong>, <strong>1923<\/strong>, <strong>1944<\/strong>, <strong>The Madison<\/strong>, <strong>Y: Marshals<\/strong> e muito mais. Cada s\u00e9rie conta uma parte da hist\u00f3ria da fam\u00edlia <strong>Dutton<\/strong> em \u00e9pocas diferentes.<\/p>\n\n\n\n<h2 class=\"wp-block-heading\">Por onde come\u00e7ar essa maratona?<\/h2>\n\n\n\n<p>Existem duas maneiras de assistir: pela cronologia ou pela ordem de lan\u00e7amento. Se voc\u00ea quer entender a hist\u00f3ria completa dos <strong>Duttons<\/strong>, comece com <strong>1883<\/strong>. A s\u00e9rie mostra <strong>James Dutton<\/strong> e sua fam\u00edlia viajando pelo pa\u00eds depois da <strong>Guerra Civil<\/strong>. \u00c9 aqui que tudo come\u00e7a.<\/p>\n\n\n\n<p>Depois vem <strong>1923<\/strong>, com <strong>Harrison Ford<\/strong> e <strong>Helen Mirren<\/strong>. A s\u00e9rie se passa durante a <strong>Grande Depress\u00e3o<\/strong> e mostra como a fam\u00edlia sobreviveu aos tempos dif\u00edceis. Por \u00faltimo, <strong>Yellowstone<\/strong> traz a hist\u00f3ria para os dias atuais, com <strong>John Dutton<\/strong> comandando o maior rancho de <strong>Montana<\/strong>.<\/p>\n\n\n\n<h2 class=\"wp-block-heading\">O que vem por a\u00ed no universo Sheridan?<\/h2>\n\n\n\n<p><strong>The Madison<\/strong> \u00e9 a pr\u00f3xima grande novidade. A s\u00e9rie era chamada de <strong>2024<\/strong>, mas mudou de nome. <strong>Michelle Pfeiffer<\/strong> vai estrelar como uma mulher rica que se muda para <strong>Montana<\/strong> depois de uma trag\u00e9dia familiar. A hist\u00f3ria se passa nos dias atuais, mas sem nenhum <strong>Dutton<\/strong> no elenco.<\/p>\n\n\n\n<p><strong>Y: Marshals<\/strong> vai seguir <strong>Kayce Dutton<\/strong>, interpretado por <strong>Luke Grimes<\/strong>. Ele vira um xerife federal em <strong>Montana<\/strong>. A s\u00e9rie vai passar na <strong>CBS<\/strong> a partir de <strong>2026<\/strong>. \u00c9 a primeira vez que uma s\u00e9rie do universo <strong>Yellowstone<\/strong> sai do <strong><a href=\"https:\/\/www.paramountplus.com\/br\/\" target=\"_blank\" rel=\"noreferrer noopener\">Paramount+<\/a><\/strong>.<\/p>\n\n\n\n<h2 class=\"wp-block-heading\">Quantas s\u00e9ries Taylor Sheridan consegue fazer?<\/h2>\n\n\n\n<p>O homem n\u00e3o para. Al\u00e9m dos spin-offs de <strong>Yellowstone<\/strong>, <strong>Sheridan<\/strong> tamb\u00e9m criou <strong>Mayor of Kingstown<\/strong> com <strong>Jeremy Renner<\/strong>, <strong>Tulsa King<\/strong> com <strong>Sylvester Stallone<\/strong> e <strong>Landman<\/strong> com <strong>Billy Bob Thornton<\/strong>. Todas essas s\u00e9ries est\u00e3o no ar ao mesmo tempo.<\/p>\n\n\n\n<p><strong>1923<\/strong> acabou em abril de <strong>2025<\/strong> depois de duas temporadas. <strong>1944<\/strong> vai ser a pr\u00f3xima s\u00e9rie hist\u00f3rica, ambientada durante a <strong>Segunda Guerra Mundial<\/strong>. Provavelmente vai mostrar <strong>Spencer Dutton<\/strong> perdendo a perna na guerra, como foi mencionado em <strong>Yellowstone<\/strong>.<\/p>\n\n\n\n<h2 class=\"wp-block-heading\">Por que todo mundo est\u00e1 viciado nessas s\u00e9ries?<\/h2>\n\n\n\n<figure class=\"wp-block-embed is-type-video is-provider-youtube wp-block-embed-youtube wp-embed-aspect-16-9 wp-has-aspect-ratio\"><div class=\"wp-block-embed__wrapper\">\n<div class=\"jeg_video_container jeg_video_content\"><iframe loading=\"lazy\" title=\"Yellowstone | Trailer Oficial | Paramount Plus Brasil\" width=\"500\" height=\"281\" src=\"https:\/\/www.youtube.com\/embed\/pRrkYXQUJaE?feature=oembed\" frameborder=\"0\" allow=\"accelerometer; autoplay; clipboard-write; encrypted-media; gyroscope; picture-in-picture; web-share\" referrerpolicy=\"strict-origin-when-cross-origin\" allowfullscreen><\/iframe><\/div>\n<\/div><\/figure>\n\n\n\n<p>O segredo de <strong>Sheridan<\/strong> est\u00e1 na mistura. Ele pega drama familiar, hist\u00f3ria americana e conflitos sociais. Cada s\u00e9rie funciona sozinha, mas juntas contam uma saga \u00e9pica de <strong>150 anos<\/strong>. \u00c9 como assistir a hist\u00f3ria dos <strong>Estados Unidos<\/strong> atrav\u00e9s dos olhos de uma fam\u00edlia.<\/p>\n\n\n\n<p><strong>1883<\/strong> foi considerada a melhor s\u00e9rie do universo. Ela teve come\u00e7o, meio e fim. J\u00e1 <strong>1923<\/strong> se arrastou um pouco na segunda temporada. Os f\u00e3s acham que <strong>Sheridan<\/strong> funciona melhor quando n\u00e3o tenta fazer muita coisa ao mesmo tempo.<\/p>\n\n\n\n<h2 class=\"wp-block-heading\">Vale a pena mergulhar nesse universo?<\/h2>\n\n\n\n<p>Se voc\u00ea gosta de western, drama e hist\u00f3ria, vai amar. O <strong>Paramount+<\/strong> virou praticamente o canal do <strong>Taylor Sheridan<\/strong>. Todas as s\u00e9ries est\u00e3o l\u00e1, organizadinhas para voc\u00ea maratonar. A qualidade varia, mas o entretenimento \u00e9 garantido.<\/p>\n\n\n\n<p><strong>Yellowstone<\/strong> provou que ainda existe p\u00fablico para hist\u00f3rias do <strong>Velho Oeste<\/strong>. <strong>Sheridan<\/strong> pegou esse g\u00eanero que estava meio esquecido e deu uma cara moderna. Agora todo mundo quer fazer s\u00e9rie de cowboy. O imp\u00e9rio dele s\u00f3 cresce.<\/p>\n","protected":false},"excerpt":{"rendered":"<p>Explore o universo de Yellowstone com suas s\u00e9ries cronologicamente situadas no passado. Uma viagem pela hist\u00f3ria do Oeste Americano.<\/p>\n","protected":false},"author":3,"featured_media":15019,"comment_status":"open","ping_status":"open","sticky":false,"template":"","format":"standard","meta":{"jnews-multi-image_gallery":[],"jnews_single_post":{"format":"standard"},"jnews_primary_category":[],"jnews_social_meta":[],"jnews_override_counter":[],"footnotes":""},"categories":[140],"post_tag":[568,838],"class_list":["post-15017","post","type-post","status-publish","format-standard","has-post-thumbnail","hentry","category-entretenimento","tag-series-e-filmes","tag-yellowstone"],"yoast_head":"<!-- This site is optimized with the Yoast SEO plugin v24.6 - https:\/\/yoast.com\/wordpress\/plugins\/seo\/ -->\n<title>Essa \u00e9 a ordem correta para assistir o universo de Yellowstone<\/title>\n<meta name=\"description\" content=\"Explore o universo de Yellowstone com suas s\u00e9ries cronologicamente situadas no passado. Uma viagem pela hist\u00f3ria do Oeste Americano.\" \/>\n<meta name=\"robots\" content=\"index, follow, max-snippet:-1, max-image-preview:large, max-video-preview:-1\" \/>\n<link rel=\"canonical\" href=\"https:\/\/www.correiobraziliense.com.br\/cbradar\/essa-e-a-ordem-correta-para-assistir-o-universo-de-yellowstone\/\" \/>\n<meta property=\"og:locale\" content=\"pt_BR\" \/>\n<meta property=\"og:type\" content=\"article\" \/>\n<meta property=\"og:title\" content=\"Essa \u00e9 a ordem correta para assistir o universo de Yellowstone\" \/>\n<meta property=\"og:description\" content=\"Explore o universo de Yellowstone com suas s\u00e9ries cronologicamente situadas no passado. Uma viagem pela hist\u00f3ria do Oeste Americano.\" \/>\n<meta property=\"og:url\" content=\"https:\/\/www.correiobraziliense.com.br\/cbradar\/essa-e-a-ordem-correta-para-assistir-o-universo-de-yellowstone\/\" \/>\n<meta property=\"og:site_name\" content=\"Correio Braziliense - Radar\" \/>\n<meta property=\"article:published_time\" content=\"2025-03-24T09:50:00+00:00\" \/>\n<meta property=\"article:modified_time\" content=\"2025-07-02T15:35:48+00:00\" \/>\n<meta property=\"og:image\" content=\"https:\/\/www.correiobraziliense.com.br\/cbradar\/wp-content\/uploads\/2025\/03\/Yellowstone.png\" \/>\n\t<meta property=\"og:image:width\" content=\"1280\" \/>\n\t<meta property=\"og:image:height\" content=\"720\" \/>\n\t<meta property=\"og:image:type\" content=\"image\/png\" \/>\n<meta name=\"author\" content=\"Larissa Carvalho\" \/>\n<meta name=\"twitter:card\" content=\"summary_large_image\" \/>\n<meta name=\"twitter:label1\" content=\"Escrito por\" \/>\n\t<meta name=\"twitter:data1\" content=\"Larissa Carvalho\" \/>\n\t<meta name=\"twitter:label2\" content=\"Est. tempo de leitura\" \/>\n\t<meta name=\"twitter:data2\" content=\"4 minutos\" \/>\n<!-- \/ Yoast SEO plugin. -->","yoast_head_json":{"title":"Essa \u00e9 a ordem correta para assistir o universo de Yellowstone","description":"Explore o universo de Yellowstone com suas s\u00e9ries cronologicamente situadas no passado. Uma viagem pela hist\u00f3ria do Oeste Americano.","robots":{"index":"index","follow":"follow","max-snippet":"max-snippet:-1","max-image-preview":"max-image-preview:large","max-video-preview":"max-video-preview:-1"},"canonical":"https:\/\/www.correiobraziliense.com.br\/cbradar\/essa-e-a-ordem-correta-para-assistir-o-universo-de-yellowstone\/","og_locale":"pt_BR","og_type":"article","og_title":"Essa \u00e9 a ordem correta para assistir o universo de Yellowstone","og_description":"Explore o universo de Yellowstone com suas s\u00e9ries cronologicamente situadas no passado. Uma viagem pela hist\u00f3ria do Oeste Americano.","og_url":"https:\/\/www.correiobraziliense.com.br\/cbradar\/essa-e-a-ordem-correta-para-assistir-o-universo-de-yellowstone\/","og_site_name":"Correio Braziliense - Radar","article_published_time":"2025-03-24T09:50:00+00:00","article_modified_time":"2025-07-02T15:35:48+00:00","og_image":[{"width":1280,"height":720,"url":"https:\/\/www.correiobraziliense.com.br\/cbradar\/wp-content\/uploads\/2025\/03\/Yellowstone.png","type":"image\/png"}],"author":"Larissa Carvalho","twitter_card":"summary_large_image","twitter_misc":{"Escrito por":"Larissa Carvalho","Est. tempo de leitura":"4 minutos"},"schema":{"@context":"https:\/\/schema.org","@graph":[{"@type":"WebPage","@id":"https:\/\/www.correiobraziliense.com.br\/cbradar\/essa-e-a-ordem-correta-para-assistir-o-universo-de-yellowstone\/","url":"https:\/\/www.correiobraziliense.com.br\/cbradar\/essa-e-a-ordem-correta-para-assistir-o-universo-de-yellowstone\/","name":"Essa \u00e9 a ordem correta para assistir o universo de Yellowstone","isPartOf":{"@id":"https:\/\/www.correiobraziliense.com.br\/cbradar\/#website"},"primaryImageOfPage":{"@id":"https:\/\/www.correiobraziliense.com.br\/cbradar\/essa-e-a-ordem-correta-para-assistir-o-universo-de-yellowstone\/#primaryimage"},"image":{"@id":"https:\/\/www.correiobraziliense.com.br\/cbradar\/essa-e-a-ordem-correta-para-assistir-o-universo-de-yellowstone\/#primaryimage"},"thumbnailUrl":"https:\/\/www.correiobraziliense.com.br\/cbradar\/wp-content\/uploads\/2025\/03\/Yellowstone.png","datePublished":"2025-03-24T09:50:00+00:00","dateModified":"2025-07-02T15:35:48+00:00","author":{"@id":"https:\/\/www.correiobraziliense.com.br\/cbradar\/#\/schema\/person\/58422787644df994b53a19d3e56c1513"},"description":"Explore o universo de Yellowstone com suas s\u00e9ries cronologicamente situadas no passado. Uma viagem pela hist\u00f3ria do Oeste Americano.","breadcrumb":{"@id":"https:\/\/www.correiobraziliense.com.br\/cbradar\/essa-e-a-ordem-correta-para-assistir-o-universo-de-yellowstone\/#breadcrumb"},"inLanguage":"pt-BR","potentialAction":[{"@type":"ReadAction","target":["https:\/\/www.correiobraziliense.com.br\/cbradar\/essa-e-a-ordem-correta-para-assistir-o-universo-de-yellowstone\/"]}]},{"@type":"ImageObject","inLanguage":"pt-BR","@id":"https:\/\/www.correiobraziliense.com.br\/cbradar\/essa-e-a-ordem-correta-para-assistir-o-universo-de-yellowstone\/#primaryimage","url":"https:\/\/www.correiobraziliense.com.br\/cbradar\/wp-content\/uploads\/2025\/03\/Yellowstone.png","contentUrl":"https:\/\/www.correiobraziliense.com.br\/cbradar\/wp-content\/uploads\/2025\/03\/Yellowstone.png","width":1280,"height":720,"caption":"Yellowstone. Fonte: divulga\u00e7\u00e3o \/ Paramount"},{"@type":"BreadcrumbList","@id":"https:\/\/www.correiobraziliense.com.br\/cbradar\/essa-e-a-ordem-correta-para-assistir-o-universo-de-yellowstone\/#breadcrumb","itemListElement":[{"@type":"ListItem","position":1,"name":"In\u00edcio","item":"https:\/\/www.correiobraziliense.com.br\/cbradar\/"},{"@type":"ListItem","position":2,"name":"Essa \u00e9 a ordem correta para assistir o universo de Yellowstone"}]},{"@type":"WebSite","@id":"https:\/\/www.correiobraziliense.com.br\/cbradar\/#website","url":"https:\/\/www.correiobraziliense.com.br\/cbradar\/","name":"Correio Braziliense - Radar","description":"Acompanhe as \u00faltimas not\u00edcias e fique bem informado sobre tudo o que acontece no Brasil e no mundo.","potentialAction":[{"@type":"SearchAction","target":{"@type":"EntryPoint","urlTemplate":"https:\/\/www.correiobraziliense.com.br\/cbradar\/?s={search_term_string}"},"query-input":{"@type":"PropertyValueSpecification","valueRequired":true,"valueName":"search_term_string"}}],"inLanguage":"pt-BR"},{"@type":"Person","@id":"https:\/\/www.correiobraziliense.com.br\/cbradar\/#\/schema\/person\/58422787644df994b53a19d3e56c1513","name":"Larissa Carvalho","image":{"@type":"ImageObject","inLanguage":"pt-BR","@id":"https:\/\/www.correiobraziliense.com.br\/cbradar\/#\/schema\/person\/image\/","url":"https:\/\/secure.gravatar.com\/avatar\/fe4f91a0de32b52a838d0d612abdc1aa?s=96&d=mm&r=g","contentUrl":"https:\/\/secure.gravatar.com\/avatar\/fe4f91a0de32b52a838d0d612abdc1aa?s=96&d=mm&r=g","caption":"Larissa Carvalho"},"url":"https:\/\/www.correiobraziliense.com.br\/cbradar\/author\/larissamyth\/"}]}},"_links":{"self":[{"href":"https:\/\/www.correiobraziliense.com.br\/cbradar\/wp-json\/wp\/v2\/posts\/15017","targetHints":{"allow":["GET"]}}],"collection":[{"href":"https:\/\/www.correiobraziliense.com.br\/cbradar\/wp-json\/wp\/v2\/posts"}],"about":[{"href":"https:\/\/www.correiobraziliense.com.br\/cbradar\/wp-json\/wp\/v2\/types\/post"}],"author":[{"embeddable":true,"href":"https:\/\/www.correiobraziliense.com.br\/cbradar\/wp-json\/wp\/v2\/users\/3"}],"replies":[{"embeddable":true,"href":"https:\/\/www.correiobraziliense.com.br\/cbradar\/wp-json\/wp\/v2\/comments?post=15017"}],"version-history":[{"count":2,"href":"https:\/\/www.correiobraziliense.com.br\/cbradar\/wp-json\/wp\/v2\/posts\/15017\/revisions"}],"predecessor-version":[{"id":63355,"href":"https:\/\/www.correiobraziliense.com.br\/cbradar\/wp-json\/wp\/v2\/posts\/15017\/revisions\/63355"}],"wp:featuredmedia":[{"embeddable":true,"href":"https:\/\/www.correiobraziliense.com.br\/cbradar\/wp-json\/wp\/v2\/media\/15019"}],"wp:attachment":[{"href":"https:\/\/www.correiobraziliense.com.br\/cbradar\/wp-json\/wp\/v2\/media?parent=15017"}],"wp:term":[{"taxonomy":"category","embeddable":true,"href":"https:\/\/www.correiobraziliense.com.br\/cbradar\/wp-json\/wp\/v2\/categories?post=15017"},{"taxonomy":"post_tag","embeddable":true,"href":"https:\/\/www.correiobraziliense.com.br\/cbradar\/wp-json\/wp\/v2\/post_tag?post=15017"}],"curies":[{"name":"wp","href":"https:\/\/api.w.org\/{rel}","templated":true}]}}