{"id":150184,"date":"2025-12-05T12:05:00","date_gmt":"2025-12-05T15:05:00","guid":{"rendered":"https:\/\/www.correiobraziliense.com.br\/cbradar\/?p=150184"},"modified":"2025-12-04T19:29:32","modified_gmt":"2025-12-04T22:29:32","slug":"o-tratamento-facial-mais-buscado-por-homens-modernos","status":"publish","type":"post","link":"https:\/\/www.correiobraziliense.com.br\/cbradar\/o-tratamento-facial-mais-buscado-por-homens-modernos\/","title":{"rendered":"O tratamento facial mais buscado por homens modernos"},"content":{"rendered":"\n<p>A procura por\u00a0<strong>Procedimentos Est\u00e9ticos Masculinos<\/strong>\u00a0tem crescido de maneira surpreendente nos \u00faltimos tempos. O Brasil, conhecido por ser um dos grandes polos da cirurgia est\u00e9tica mundial, segue essa tend\u00eancia de perto, aproximando-se do mercado estadunidense. Homens de diversas idades est\u00e3o cada vez mais interessados em melhorar sua apar\u00eancia f\u00edsica, desafiando normas de g\u00eanero e estigmas sociais.<\/p>\n\n\n\n<p>Uma combina\u00e7\u00e3o de fatores contribui para este fen\u00f4meno: al\u00e9m da&nbsp;<em>maior aceita\u00e7\u00e3o<\/em>&nbsp;do p\u00fablico, os avan\u00e7os em t\u00e9cnicas menos invasivas tornaram os procedimentos mais acess\u00edveis e seguros. Especialistas destacam que a busca por um visual mais jovem e a eleva\u00e7\u00e3o da autoestima s\u00e3o os motores principais para essa crescente demanda.<\/p>\n\n\n\n<h2 class=\"wp-block-heading\">Quais s\u00e3o os procedimentos est\u00e9ticos mais desejados pelos homens?<\/h2>\n\n\n<div class=\"wp-block-image\">\n<figure class=\"aligncenter size-large\"><img decoding=\"async\" width=\"1024\" height=\"576\" src=\"https:\/\/www.correiobraziliense.com.br\/cbradar\/wp-content\/uploads\/2025\/12\/Procedimentos-Esteticos-Masculinos_1764887857072-1024x576.jpg\" alt=\"\" class=\"wp-image-150186\" srcset=\"https:\/\/www.correiobraziliense.com.br\/cbradar\/wp-content\/uploads\/2025\/12\/Procedimentos-Esteticos-Masculinos_1764887857072-1024x576.jpg 1024w, https:\/\/www.correiobraziliense.com.br\/cbradar\/wp-content\/uploads\/2025\/12\/Procedimentos-Esteticos-Masculinos_1764887857072-300x169.jpg 300w, https:\/\/www.correiobraziliense.com.br\/cbradar\/wp-content\/uploads\/2025\/12\/Procedimentos-Esteticos-Masculinos_1764887857072-768x432.jpg 768w, https:\/\/www.correiobraziliense.com.br\/cbradar\/wp-content\/uploads\/2025\/12\/Procedimentos-Esteticos-Masculinos_1764887857072-750x422.jpg 750w, https:\/\/www.correiobraziliense.com.br\/cbradar\/wp-content\/uploads\/2025\/12\/Procedimentos-Esteticos-Masculinos_1764887857072-1140x641.jpg 1140w, https:\/\/www.correiobraziliense.com.br\/cbradar\/wp-content\/uploads\/2025\/12\/Procedimentos-Esteticos-Masculinos_1764887857072.jpg 1280w\" sizes=\"(max-width: 1024px) 100vw, 1024px\" \/><figcaption class=\"wp-element-caption\">Procedimentos Est\u00e9ticos Masculinos &#8211; Cr\u00e9ditos: depositphotos.com \/ yan_c@bigmir.net<\/figcaption><\/figure><\/div>\n\n\n<p>De acordo com a Sociedade Internacional de Cirurgia Pl\u00e1stica Est\u00e9tica, os procedimentos que mais atraem o p\u00fablico masculino incluem&nbsp;<strong>lipoaspira\u00e7\u00e3o<\/strong>,&nbsp;<strong>blefaroplastia<\/strong>,&nbsp;<strong>corre\u00e7\u00e3o de ginecomastia<\/strong>,&nbsp;<strong>rinoplastia<\/strong>&nbsp;e&nbsp;<strong>enxertos de gordura<\/strong>. Al\u00e9m disso, a procura por abdominoplastia e lifts faciais vem ganhando for\u00e7a, pois oferecem resultados not\u00e1veis na defini\u00e7\u00e3o corporal e rejuvenescimento facial.<\/p>\n\n\n\n<p>Enquanto a abdominoplastia \u00e9 frequentemente escolhida por aqueles que desejam remover o excesso de pele ap\u00f3s grande perda de peso, o lifting facial \u00e9 procurado por sua efetividade contra os sinais do tempo. Da mesma forma, procedimentos como a otoplastia e lifting de sobrancelhas est\u00e3o em alta devido \u00e0 busca por um equil\u00edbrio facial e harmonia est\u00e9tica.<\/p>\n\n\n\n<h2 class=\"wp-block-heading\">Por que a est\u00e9tica facial \u00e9 t\u00e3o valorizada pelos homens?<\/h2>\n\n\n\n<p>Na est\u00e9tica masculina, o contorno do rosto, especialmente mandibular e mentoniano, associa-se a ideias de for\u00e7a e masculinidade. Os&nbsp;<strong>preenchedores faciais<\/strong>, principalmente os \u00e0 base de \u00e1cido hialur\u00f4nico, s\u00e3o populares, pois oferecem defini\u00e7\u00e3o e volume a essas regi\u00f5es. Al\u00e9m disso, m\u00e9todos como fios tensores e ultrassons atuam em conjunto com bioestimuladores, focando no combate \u00e0 flacidez, especialmente abaixo do queixo.<\/p>\n\n\n\n<p>Esses tratamentos s\u00e3o minuciosamente adaptados \u00e0s caracter\u00edsticas individuais para garantir um resultado natural. A sele\u00e7\u00e3o dos materiais corretos, como o \u00e1cido hialur\u00f4nico especial, \u00e9 crucial para obter um efeito rejuvenescido sem parecer artificial, uma demanda comum entre os pacientes masculinos que priorizam uma apar\u00eancia aut\u00eantica.<\/p>\n\n\n\n<h2 class=\"wp-block-heading\">Quando \u00e9 apropriado come\u00e7ar a realizar procedimentos est\u00e9ticos?<\/h2>\n\n\n\n<p>N\u00e3o h\u00e1 uma idade padr\u00e3o para o in\u00edcio dos&nbsp;<strong>procedimentos est\u00e9ticos<\/strong>, pois isso depende das condi\u00e7\u00f5es pessoais, como sa\u00fade, tipo de pele e desejos do paciente. Uma avalia\u00e7\u00e3o individual \u00e9 essencial, principalmente em pacientes mais velhos, para assegurar a seguran\u00e7a e efic\u00e1cia do tratamento.<\/p>\n\n\n\n<p>Com exemplos vindos de figuras p\u00fablicas que aderem a essas pr\u00e1ticas, percebe-se que, ao seguir recomenda\u00e7\u00f5es profissionais adequadas e personalizadas, \u00e9 poss\u00edvel alcan\u00e7ar resultados satisfat\u00f3rios em qualquer etapa da vida. Assim, a decis\u00e3o de realizar procedimentos deve ser informada e planejada com profissionais qualificados que possam guiar o paciente em suas escolhas.<\/p>\n\n\n\n<p>A populariza\u00e7\u00e3o dos procedimentos est\u00e9ticos entre homens indica uma mudan\u00e7a de paradigma na busca pela beleza e autocuidado. Esta crescente ades\u00e3o n\u00e3o apenas real\u00e7a o desejo por uma apar\u00eancia mais jovem, como tamb\u00e9m enaltece a valoriza\u00e7\u00e3o da autoconfian\u00e7a, traduzindo-se em um fen\u00f4meno cultural significativo e refletindo uma transforma\u00e7\u00e3o na percep\u00e7\u00e3o das din\u00e2micas de cuidado pessoal entre os g\u00eaneros.<\/p>\n\n\n<a href=\"https:\/\/www.instagram.com\/dra.annaluisabf\/\" target=\"_blank\" rel=\"noopener\" style=\"text-decoration: none; color: inherit;\">\n    <span style=\"display: inline-block; border: 1px solid #ccc; border-radius: 10px; padding: 15px; max-width: 550px; font-family: sans-serif; box-shadow: 0 2px 5px rgba(0,0,0,0.1); width: 100%;\">\n\n      <!-- T\u00edtulo -->\n      <span style=\"display: block; margin: 0 0 15px 0; font-weight: bold; color: #2c3e50; text-align: center;\">\n        Entre em contato:\n      <\/span>\n\n      <!-- Linha do perfil -->\n      <span style=\"display: flex; align-items: center; gap: 15px;\">\n        <img decoding=\"async\"\n          src=\"https:\/\/www.correiobraziliense.com.br\/cbradar\/wp-content\/uploads\/2025\/08\/dra_anna_luisa.jpeg\"\n          alt=\"Foto da Dra. Anna Lu\u00edsa\"\n          style=\"border-radius: 50%; width: 80px; height: 80px; object-fit: cover;\"\n        \/>\n        <span style=\"display: flex; flex-direction: column;\">\n          <span style=\"font-size: 18px; font-weight: 700; color: #2c3e50;\">Dra. Anna Lu\u00edsa Barbosa Fernandes<\/span>\n          <span style=\"color: #555;\">CRM-GO 33.271<\/span>\n        <\/span>\n      <\/span>\n\n      <!-- Redes -->\n      <span style=\"display: flex; align-items: center; gap: 10px; margin-top: 12px;\">\n        <img decoding=\"async\" src=\"https:\/\/cdn-icons-png.flaticon.com\/24\/1384\/1384063.png\" alt=\"Instagram\" width=\"24\" height=\"24\" \/>\n        <span style=\"text-decoration: underline; color: #2c3e50;\">@dra.annaluisabf<\/span>\n      <\/span>\n\n    <\/span>\n  <\/a>\n\n\n<p><\/p>\n","protected":false},"excerpt":{"rendered":"<p>A procura por\u00a0Procedimentos Est\u00e9ticos Masculinos\u00a0tem crescido de maneira surpreendente nos \u00faltimos tempos. O Brasil, conhecido por ser um dos grandes polos da cirurgia est\u00e9tica mundial, segue essa tend\u00eancia de perto, aproximando-se do mercado estadunidense. Homens de diversas idades est\u00e3o cada vez mais interessados em melhorar sua apar\u00eancia f\u00edsica, desafiando normas de g\u00eanero e estigmas sociais. [&hellip;]<\/p>\n","protected":false},"author":14,"featured_media":150187,"comment_status":"open","ping_status":"open","sticky":false,"template":"","format":"standard","meta":{"_yoast_wpseo_focuskw":"Procedimentos Est\u00e9ticos Masculinos","_yoast_wpseo_title":"","_yoast_wpseo_metadesc":"","jnews-multi-image_gallery":[],"jnews_single_post":{"format":"standard"},"jnews_primary_category":[],"jnews_social_meta":[],"jnews_override_counter":[],"footnotes":""},"categories":[4404],"tags":[120,12315,1318],"class_list":["post-150184","post","type-post","status-publish","format-standard","has-post-thumbnail","hentry","category-saude","tag-bem-estar","tag-procedimentos","tag-saude-2"],"yoast_head":"<!-- This site is optimized with the Yoast SEO plugin v24.6 - https:\/\/yoast.com\/wordpress\/plugins\/seo\/ -->\n<title>O tratamento facial mais buscado por homens modernos - Correio Braziliense - Radar<\/title>\n<meta name=\"robots\" content=\"index, follow, max-snippet:-1, max-image-preview:large, max-video-preview:-1\" \/>\n<link rel=\"canonical\" href=\"https:\/\/www.correiobraziliense.com.br\/cbradar\/o-tratamento-facial-mais-buscado-por-homens-modernos\/\" \/>\n<meta property=\"og:locale\" content=\"pt_BR\" \/>\n<meta property=\"og:type\" content=\"article\" \/>\n<meta property=\"og:title\" content=\"O tratamento facial mais buscado por homens modernos - Correio Braziliense - Radar\" \/>\n<meta property=\"og:description\" content=\"A procura por\u00a0Procedimentos Est\u00e9ticos Masculinos\u00a0tem crescido de maneira surpreendente nos \u00faltimos tempos. O Brasil, conhecido por ser um dos grandes polos da cirurgia est\u00e9tica mundial, segue essa tend\u00eancia de perto, aproximando-se do mercado estadunidense. Homens de diversas idades est\u00e3o cada vez mais interessados em melhorar sua apar\u00eancia f\u00edsica, desafiando normas de g\u00eanero e estigmas sociais. [&hellip;]\" \/>\n<meta property=\"og:url\" content=\"https:\/\/www.correiobraziliense.com.br\/cbradar\/o-tratamento-facial-mais-buscado-por-homens-modernos\/\" \/>\n<meta property=\"og:site_name\" content=\"Correio Braziliense - Radar\" \/>\n<meta property=\"article:published_time\" content=\"2025-12-05T15:05:00+00:00\" \/>\n<meta property=\"og:image\" content=\"https:\/\/www.correiobraziliense.com.br\/cbradar\/wp-content\/uploads\/2025\/12\/Procedimentos-Esteticos-Masculinos_1764887870783.jpg\" \/>\n\t<meta property=\"og:image:width\" content=\"1280\" \/>\n\t<meta property=\"og:image:height\" content=\"720\" \/>\n\t<meta property=\"og:image:type\" content=\"image\/jpeg\" \/>\n<meta name=\"author\" content=\"guilherme_saude\" \/>\n<meta name=\"twitter:card\" content=\"summary_large_image\" \/>\n<meta name=\"twitter:label1\" content=\"Escrito por\" \/>\n\t<meta name=\"twitter:data1\" content=\"guilherme_saude\" \/>\n\t<meta name=\"twitter:label2\" content=\"Est. tempo de leitura\" \/>\n\t<meta name=\"twitter:data2\" content=\"4 minutos\" \/>\n<!-- \/ Yoast SEO plugin. -->","yoast_head_json":{"title":"O tratamento facial mais buscado por homens modernos - Correio Braziliense - Radar","robots":{"index":"index","follow":"follow","max-snippet":"max-snippet:-1","max-image-preview":"max-image-preview:large","max-video-preview":"max-video-preview:-1"},"canonical":"https:\/\/www.correiobraziliense.com.br\/cbradar\/o-tratamento-facial-mais-buscado-por-homens-modernos\/","og_locale":"pt_BR","og_type":"article","og_title":"O tratamento facial mais buscado por homens modernos - Correio Braziliense - Radar","og_description":"A procura por\u00a0Procedimentos Est\u00e9ticos Masculinos\u00a0tem crescido de maneira surpreendente nos \u00faltimos tempos. O Brasil, conhecido por ser um dos grandes polos da cirurgia est\u00e9tica mundial, segue essa tend\u00eancia de perto, aproximando-se do mercado estadunidense. Homens de diversas idades est\u00e3o cada vez mais interessados em melhorar sua apar\u00eancia f\u00edsica, desafiando normas de g\u00eanero e estigmas sociais. [&hellip;]","og_url":"https:\/\/www.correiobraziliense.com.br\/cbradar\/o-tratamento-facial-mais-buscado-por-homens-modernos\/","og_site_name":"Correio Braziliense - Radar","article_published_time":"2025-12-05T15:05:00+00:00","og_image":[{"width":1280,"height":720,"url":"https:\/\/www.correiobraziliense.com.br\/cbradar\/wp-content\/uploads\/2025\/12\/Procedimentos-Esteticos-Masculinos_1764887870783.jpg","type":"image\/jpeg"}],"author":"guilherme_saude","twitter_card":"summary_large_image","twitter_misc":{"Escrito por":"guilherme_saude","Est. tempo de leitura":"4 minutos"},"schema":{"@context":"https:\/\/schema.org","@graph":[{"@type":"WebPage","@id":"https:\/\/www.correiobraziliense.com.br\/cbradar\/o-tratamento-facial-mais-buscado-por-homens-modernos\/","url":"https:\/\/www.correiobraziliense.com.br\/cbradar\/o-tratamento-facial-mais-buscado-por-homens-modernos\/","name":"O tratamento facial mais buscado por homens modernos - Correio Braziliense - Radar","isPartOf":{"@id":"https:\/\/www.correiobraziliense.com.br\/cbradar\/#website"},"primaryImageOfPage":{"@id":"https:\/\/www.correiobraziliense.com.br\/cbradar\/o-tratamento-facial-mais-buscado-por-homens-modernos\/#primaryimage"},"image":{"@id":"https:\/\/www.correiobraziliense.com.br\/cbradar\/o-tratamento-facial-mais-buscado-por-homens-modernos\/#primaryimage"},"thumbnailUrl":"https:\/\/www.correiobraziliense.com.br\/cbradar\/wp-content\/uploads\/2025\/12\/Procedimentos-Esteticos-Masculinos_1764887870783.jpg","datePublished":"2025-12-05T15:05:00+00:00","author":{"@id":"https:\/\/www.correiobraziliense.com.br\/cbradar\/#\/schema\/person\/5aa4bf3c8fa699c267933611de12978b"},"breadcrumb":{"@id":"https:\/\/www.correiobraziliense.com.br\/cbradar\/o-tratamento-facial-mais-buscado-por-homens-modernos\/#breadcrumb"},"inLanguage":"pt-BR","potentialAction":[{"@type":"ReadAction","target":["https:\/\/www.correiobraziliense.com.br\/cbradar\/o-tratamento-facial-mais-buscado-por-homens-modernos\/"]}]},{"@type":"ImageObject","inLanguage":"pt-BR","@id":"https:\/\/www.correiobraziliense.com.br\/cbradar\/o-tratamento-facial-mais-buscado-por-homens-modernos\/#primaryimage","url":"https:\/\/www.correiobraziliense.com.br\/cbradar\/wp-content\/uploads\/2025\/12\/Procedimentos-Esteticos-Masculinos_1764887870783.jpg","contentUrl":"https:\/\/www.correiobraziliense.com.br\/cbradar\/wp-content\/uploads\/2025\/12\/Procedimentos-Esteticos-Masculinos_1764887870783.jpg","width":1280,"height":720,"caption":"Procedimentos Est\u00e9ticos Masculinos - Cr\u00e9ditos: depositphotos.com \/ TanyaLovus"},{"@type":"BreadcrumbList","@id":"https:\/\/www.correiobraziliense.com.br\/cbradar\/o-tratamento-facial-mais-buscado-por-homens-modernos\/#breadcrumb","itemListElement":[{"@type":"ListItem","position":1,"name":"In\u00edcio","item":"https:\/\/www.correiobraziliense.com.br\/cbradar\/"},{"@type":"ListItem","position":2,"name":"O tratamento facial mais buscado por homens modernos"}]},{"@type":"WebSite","@id":"https:\/\/www.correiobraziliense.com.br\/cbradar\/#website","url":"https:\/\/www.correiobraziliense.com.br\/cbradar\/","name":"Correio Braziliense - Radar","description":"Acompanhe as \u00faltimas not\u00edcias e fique bem informado sobre tudo o que acontece no Brasil e no mundo.","potentialAction":[{"@type":"SearchAction","target":{"@type":"EntryPoint","urlTemplate":"https:\/\/www.correiobraziliense.com.br\/cbradar\/?s={search_term_string}"},"query-input":{"@type":"PropertyValueSpecification","valueRequired":true,"valueName":"search_term_string"}}],"inLanguage":"pt-BR"},{"@type":"Person","@id":"https:\/\/www.correiobraziliense.com.br\/cbradar\/#\/schema\/person\/5aa4bf3c8fa699c267933611de12978b","name":"guilherme_saude","image":{"@type":"ImageObject","inLanguage":"pt-BR","@id":"https:\/\/www.correiobraziliense.com.br\/cbradar\/#\/schema\/person\/image\/","url":"https:\/\/secure.gravatar.com\/avatar\/df9adfb835d344bc0af109d41756253f?s=96&d=mm&r=g","contentUrl":"https:\/\/secure.gravatar.com\/avatar\/df9adfb835d344bc0af109d41756253f?s=96&d=mm&r=g","caption":"guilherme_saude"},"url":"https:\/\/www.correiobraziliense.com.br\/cbradar\/author\/guilherme_saude\/"}]}},"_links":{"self":[{"href":"https:\/\/www.correiobraziliense.com.br\/cbradar\/wp-json\/wp\/v2\/posts\/150184","targetHints":{"allow":["GET"]}}],"collection":[{"href":"https:\/\/www.correiobraziliense.com.br\/cbradar\/wp-json\/wp\/v2\/posts"}],"about":[{"href":"https:\/\/www.correiobraziliense.com.br\/cbradar\/wp-json\/wp\/v2\/types\/post"}],"author":[{"embeddable":true,"href":"https:\/\/www.correiobraziliense.com.br\/cbradar\/wp-json\/wp\/v2\/users\/14"}],"replies":[{"embeddable":true,"href":"https:\/\/www.correiobraziliense.com.br\/cbradar\/wp-json\/wp\/v2\/comments?post=150184"}],"version-history":[{"count":1,"href":"https:\/\/www.correiobraziliense.com.br\/cbradar\/wp-json\/wp\/v2\/posts\/150184\/revisions"}],"predecessor-version":[{"id":150188,"href":"https:\/\/www.correiobraziliense.com.br\/cbradar\/wp-json\/wp\/v2\/posts\/150184\/revisions\/150188"}],"wp:featuredmedia":[{"embeddable":true,"href":"https:\/\/www.correiobraziliense.com.br\/cbradar\/wp-json\/wp\/v2\/media\/150187"}],"wp:attachment":[{"href":"https:\/\/www.correiobraziliense.com.br\/cbradar\/wp-json\/wp\/v2\/media?parent=150184"}],"wp:term":[{"taxonomy":"category","embeddable":true,"href":"https:\/\/www.correiobraziliense.com.br\/cbradar\/wp-json\/wp\/v2\/categories?post=150184"},{"taxonomy":"post_tag","embeddable":true,"href":"https:\/\/www.correiobraziliense.com.br\/cbradar\/wp-json\/wp\/v2\/tags?post=150184"}],"curies":[{"name":"wp","href":"https:\/\/api.w.org\/{rel}","templated":true}]}}