{"id":150194,"date":"2025-12-05T13:15:00","date_gmt":"2025-12-05T16:15:00","guid":{"rendered":"https:\/\/www.correiobraziliense.com.br\/cbradar\/?p=150194"},"modified":"2025-12-04T19:31:22","modified_gmt":"2025-12-04T22:31:22","slug":"o-superalimento-mais-completo-que-cabe-em-uma-colher","status":"publish","type":"post","link":"https:\/\/www.correiobraziliense.com.br\/cbradar\/o-superalimento-mais-completo-que-cabe-em-uma-colher\/","title":{"rendered":"O superalimento mais completo que cabe em uma colher"},"content":{"rendered":"\n<p>As sementes de <strong>Chia<\/strong>, origin\u00e1rias das regi\u00f5es da Am\u00e9rica Central, t\u00eam ganhado cada vez mais aten\u00e7\u00e3o no mundo da nutri\u00e7\u00e3o gra\u00e7as aos seus impressionantes benef\u00edcios \u00e0 sa\u00fade. Pequenas no tamanho, mas grandes em valor nutricional, as sementes de Chia s\u00e3o conhecidas por sua capacidade de fornecer energia e nutrientes essenciais ao corpo, o que as torna um complemento valioso em qualquer dieta equilibrada.<\/p>\n\n\n\n<p>Ricas em fibras, as sementes de Chia s\u00e3o particularmente eficazes em promover a sa\u00fade digestiva. Apenas uma pequena por\u00e7\u00e3o \u00e9 suficiente para fornecer uma quantidade expressiva de fibras, que ajudam a regular o tr\u00e2nsito intestinal e a prevenir problemas como a pris\u00e3o de ventre. Al\u00e9m disso, devido \u00e0 sua capacidade de absorver \u00e1gua e formar um gel, elas contribuem para aumentar a sensa\u00e7\u00e3o de saciedade, auxiliando no controle de peso.<\/p>\n\n\n\n<h2 class=\"wp-block-heading\">Por que o \u00f4mega 3 da Chia \u00e9 importante?<\/h2>\n\n\n\n<p>Um dos fatores que destaca a Chia \u00e9 seu alto teor de \u00f4mega 3, especialmente em \u00e1cido alfa-linol\u00eanico (ALA). Este tipo de gordura saud\u00e1vel \u00e9 essencial na dieta, pois possui propriedades anti-inflamat\u00f3rias e \u00e9 conhecido por melhorar a sa\u00fade cardiovascular. Estudos indicam que uma dieta rica em \u00f4mega 3 pode ajudar a reduzir os n\u00edveis de colesterol ruim, al\u00e9m de diminuir o risco de doen\u00e7as card\u00edacas.<\/p>\n\n\n<div class=\"wp-block-image\">\n<figure class=\"aligncenter size-large\"><img decoding=\"async\" width=\"1024\" height=\"576\" src=\"https:\/\/www.correiobraziliense.com.br\/cbradar\/wp-content\/uploads\/2025\/07\/Chia_1751892457928-1024x576.jpg\" alt=\"\" class=\"wp-image-65922\" srcset=\"https:\/\/www.correiobraziliense.com.br\/cbradar\/wp-content\/uploads\/2025\/07\/Chia_1751892457928-1024x576.jpg 1024w, https:\/\/www.correiobraziliense.com.br\/cbradar\/wp-content\/uploads\/2025\/07\/Chia_1751892457928-300x169.jpg 300w, https:\/\/www.correiobraziliense.com.br\/cbradar\/wp-content\/uploads\/2025\/07\/Chia_1751892457928-768x432.jpg 768w, https:\/\/www.correiobraziliense.com.br\/cbradar\/wp-content\/uploads\/2025\/07\/Chia_1751892457928-750x422.jpg 750w, https:\/\/www.correiobraziliense.com.br\/cbradar\/wp-content\/uploads\/2025\/07\/Chia_1751892457928-1140x641.jpg 1140w, https:\/\/www.correiobraziliense.com.br\/cbradar\/wp-content\/uploads\/2025\/07\/Chia_1751892457928.jpg 1280w\" sizes=\"(max-width: 1024px) 100vw, 1024px\" \/><figcaption class=\"wp-element-caption\">Chia &#8211; Cr\u00e9ditos: depositphotos.com \/ AntonMatyukha<\/figcaption><\/figure><\/div>\n\n\n<h2 class=\"wp-block-heading\">Qual o papel da Chia na sa\u00fade dos ossos?<\/h2>\n\n\n\n<p>O c\u00e1lcio \u00e9 um mineral essencial para a manuten\u00e7\u00e3o de ossos fortes e saud\u00e1veis, e as sementes de Chia s\u00e3o uma excelente fonte vegetal desse nutriente. Isso \u00e9 particularmente relevante para pessoas que buscam op\u00e7\u00f5es de c\u00e1lcio fora dos latic\u00ednios ou para aqueles que seguem uma dieta baseada em vegetais. Com seu conte\u00fado significativo de c\u00e1lcio, a Chia contribui para a preven\u00e7\u00e3o de condi\u00e7\u00f5es como a osteoporose, especialmente em grupos mais vulner\u00e1veis pela idade.<\/p>\n\n\n\n<h2 class=\"wp-block-heading\">Como os antioxidantes presentes na Chia beneficiam o organismo?<\/h2>\n\n\n\n<p>A Chia \u00e9 rica em antioxidantes, compostos que protegem o corpo contra os danos causados pelos radicais livres. Essas subst\u00e2ncias s\u00e3o fundamentais para combater o estresse oxidativo, um dos fatores que podem acelerar o envelhecimento celular e contribuir para o desenvolvimento de v\u00e1rias doen\u00e7as cr\u00f4nicas. Incorporar Chia \u00e0 dieta pode, portanto, ajudar a manter uma <a href=\"https:\/\/www.correiobraziliense.com.br\/cbradar\/o-superalimento-mais-poderoso-para-energia-e-libido\/\" target=\"_blank\" rel=\"noreferrer noopener\">sa\u00fade <\/a>celular robusta.<\/p>\n\n\n\n<h2 class=\"wp-block-heading\">Por que a Chia \u00e9 importante para a musculatura e ferro no corpo?<\/h2>\n\n\n\n<p>Al\u00e9m dos benef\u00edcios j\u00e1 mencionados, a Chia \u00e9 uma fonte valiosa de prote\u00ednas e minerais como magn\u00e9sio e ferro. As prote\u00ednas s\u00e3o essenciais para a constru\u00e7\u00e3o e reparo dos m\u00fasculos, o que \u00e9 vital para aqueles que praticam exerc\u00edcios regularmente. J\u00e1 o ferro \u00e9 crucial para manter os n\u00edveis de energia e prevenir a anemia, sendo especialmente importante para indiv\u00edduos com altos requisitos nutricionais.<\/p>\n\n\n\n<p>Incorporar as sementes de Chia na alimenta\u00e7\u00e3o \u00e9 uma maneira eficaz de obter uma ampla gama de nutrientes e benef\u00edcios para a sa\u00fade, apoiando tanto o bem-estar f\u00edsico quanto o funcionamento geral do organismo.<\/p>\n\n\n<a href=\"https:\/\/www.instagram.com\/dra.annaluisabf\/\" target=\"_blank\" rel=\"noopener\" style=\"text-decoration: none; color: inherit;\">\n    <span style=\"display: inline-block; border: 1px solid #ccc; border-radius: 10px; padding: 15px; max-width: 550px; font-family: sans-serif; box-shadow: 0 2px 5px rgba(0,0,0,0.1); width: 100%;\">\n\n      <!-- T\u00edtulo -->\n      <span style=\"display: block; margin: 0 0 15px 0; font-weight: bold; color: #2c3e50; text-align: center;\">\n        Entre em contato:\n      <\/span>\n\n      <!-- Linha do perfil -->\n      <span style=\"display: flex; align-items: center; gap: 15px;\">\n        <img decoding=\"async\"\n          src=\"https:\/\/www.correiobraziliense.com.br\/cbradar\/wp-content\/uploads\/2025\/08\/dra_anna_luisa.jpeg\"\n          alt=\"Foto da Dra. Anna Lu\u00edsa\"\n          style=\"border-radius: 50%; width: 80px; height: 80px; object-fit: cover;\"\n        \/>\n        <span style=\"display: flex; flex-direction: column;\">\n          <span style=\"font-size: 18px; font-weight: 700; color: #2c3e50;\">Dra. Anna Lu\u00edsa Barbosa Fernandes<\/span>\n          <span style=\"color: #555;\">CRM-GO 33.271<\/span>\n        <\/span>\n      <\/span>\n\n      <!-- Redes -->\n      <span style=\"display: flex; align-items: center; gap: 10px; margin-top: 12px;\">\n        <img decoding=\"async\" src=\"https:\/\/cdn-icons-png.flaticon.com\/24\/1384\/1384063.png\" alt=\"Instagram\" width=\"24\" height=\"24\" \/>\n        <span style=\"text-decoration: underline; color: #2c3e50;\">@dra.annaluisabf<\/span>\n      <\/span>\n\n    <\/span>\n  <\/a>\n\n\n<p><\/p>\n","protected":false},"excerpt":{"rendered":"<p>As sementes de Chia, origin\u00e1rias das regi\u00f5es da Am\u00e9rica Central, t\u00eam ganhado cada vez mais aten\u00e7\u00e3o no mundo da nutri\u00e7\u00e3o gra\u00e7as aos seus impressionantes benef\u00edcios \u00e0 sa\u00fade. Pequenas no tamanho, mas grandes em valor nutricional, as sementes de Chia s\u00e3o conhecidas por sua capacidade de fornecer energia e nutrientes essenciais ao corpo, o que as [&hellip;]<\/p>\n","protected":false},"author":14,"featured_media":65921,"comment_status":"open","ping_status":"open","sticky":false,"template":"","format":"standard","meta":{"_yoast_wpseo_focuskw":"Chia","_yoast_wpseo_title":"","_yoast_wpseo_metadesc":"Os benef\u00edcios da chia incluem mais saciedade, \u00f4mega 3, ferro e c\u00e1lcio. Descubra como essa pequena semente pode transformar sua sa\u00fade.","jnews-multi-image_gallery":[],"jnews_single_post":{"format":"standard"},"jnews_primary_category":[],"jnews_social_meta":[],"jnews_override_counter":[],"footnotes":""},"categories":[4404],"tags":[281,1423,120,1318],"class_list":["post-150194","post","type-post","status-publish","format-standard","has-post-thumbnail","hentry","category-saude","tag-alimentacao","tag-alimentos","tag-bem-estar","tag-saude-2"],"yoast_head":"<!-- This site is optimized with the Yoast SEO plugin v24.6 - https:\/\/yoast.com\/wordpress\/plugins\/seo\/ -->\n<title>O superalimento mais completo que cabe em uma colher - Correio Braziliense - Radar<\/title>\n<meta name=\"description\" content=\"Os benef\u00edcios da chia incluem mais saciedade, \u00f4mega 3, ferro e c\u00e1lcio. Descubra como essa pequena semente pode transformar sua sa\u00fade.\" \/>\n<meta name=\"robots\" content=\"index, follow, max-snippet:-1, max-image-preview:large, max-video-preview:-1\" \/>\n<link rel=\"canonical\" href=\"https:\/\/www.correiobraziliense.com.br\/cbradar\/o-superalimento-mais-completo-que-cabe-em-uma-colher\/\" \/>\n<meta property=\"og:locale\" content=\"pt_BR\" \/>\n<meta property=\"og:type\" content=\"article\" \/>\n<meta property=\"og:title\" content=\"O superalimento mais completo que cabe em uma colher - Correio Braziliense - Radar\" \/>\n<meta property=\"og:description\" content=\"Os benef\u00edcios da chia incluem mais saciedade, \u00f4mega 3, ferro e c\u00e1lcio. Descubra como essa pequena semente pode transformar sua sa\u00fade.\" \/>\n<meta property=\"og:url\" content=\"https:\/\/www.correiobraziliense.com.br\/cbradar\/o-superalimento-mais-completo-que-cabe-em-uma-colher\/\" \/>\n<meta property=\"og:site_name\" content=\"Correio Braziliense - Radar\" \/>\n<meta property=\"article:published_time\" content=\"2025-12-05T16:15:00+00:00\" \/>\n<meta property=\"og:image\" content=\"https:\/\/www.correiobraziliense.com.br\/cbradar\/wp-content\/uploads\/2025\/07\/Chia_1751892422657.jpg\" \/>\n\t<meta property=\"og:image:width\" content=\"1280\" \/>\n\t<meta property=\"og:image:height\" content=\"720\" \/>\n\t<meta property=\"og:image:type\" content=\"image\/jpeg\" \/>\n<meta name=\"author\" content=\"guilherme_saude\" \/>\n<meta name=\"twitter:card\" content=\"summary_large_image\" \/>\n<meta name=\"twitter:label1\" content=\"Escrito por\" \/>\n\t<meta name=\"twitter:data1\" content=\"guilherme_saude\" \/>\n\t<meta name=\"twitter:label2\" content=\"Est. tempo de leitura\" \/>\n\t<meta name=\"twitter:data2\" content=\"4 minutos\" \/>\n<!-- \/ Yoast SEO plugin. -->","yoast_head_json":{"title":"O superalimento mais completo que cabe em uma colher - Correio Braziliense - Radar","description":"Os benef\u00edcios da chia incluem mais saciedade, \u00f4mega 3, ferro e c\u00e1lcio. Descubra como essa pequena semente pode transformar sua sa\u00fade.","robots":{"index":"index","follow":"follow","max-snippet":"max-snippet:-1","max-image-preview":"max-image-preview:large","max-video-preview":"max-video-preview:-1"},"canonical":"https:\/\/www.correiobraziliense.com.br\/cbradar\/o-superalimento-mais-completo-que-cabe-em-uma-colher\/","og_locale":"pt_BR","og_type":"article","og_title":"O superalimento mais completo que cabe em uma colher - Correio Braziliense - Radar","og_description":"Os benef\u00edcios da chia incluem mais saciedade, \u00f4mega 3, ferro e c\u00e1lcio. Descubra como essa pequena semente pode transformar sua sa\u00fade.","og_url":"https:\/\/www.correiobraziliense.com.br\/cbradar\/o-superalimento-mais-completo-que-cabe-em-uma-colher\/","og_site_name":"Correio Braziliense - Radar","article_published_time":"2025-12-05T16:15:00+00:00","og_image":[{"width":1280,"height":720,"url":"https:\/\/www.correiobraziliense.com.br\/cbradar\/wp-content\/uploads\/2025\/07\/Chia_1751892422657.jpg","type":"image\/jpeg"}],"author":"guilherme_saude","twitter_card":"summary_large_image","twitter_misc":{"Escrito por":"guilherme_saude","Est. tempo de leitura":"4 minutos"},"schema":{"@context":"https:\/\/schema.org","@graph":[{"@type":"WebPage","@id":"https:\/\/www.correiobraziliense.com.br\/cbradar\/o-superalimento-mais-completo-que-cabe-em-uma-colher\/","url":"https:\/\/www.correiobraziliense.com.br\/cbradar\/o-superalimento-mais-completo-que-cabe-em-uma-colher\/","name":"O superalimento mais completo que cabe em uma colher - Correio Braziliense - Radar","isPartOf":{"@id":"https:\/\/www.correiobraziliense.com.br\/cbradar\/#website"},"primaryImageOfPage":{"@id":"https:\/\/www.correiobraziliense.com.br\/cbradar\/o-superalimento-mais-completo-que-cabe-em-uma-colher\/#primaryimage"},"image":{"@id":"https:\/\/www.correiobraziliense.com.br\/cbradar\/o-superalimento-mais-completo-que-cabe-em-uma-colher\/#primaryimage"},"thumbnailUrl":"https:\/\/www.correiobraziliense.com.br\/cbradar\/wp-content\/uploads\/2025\/07\/Chia_1751892422657.jpg","datePublished":"2025-12-05T16:15:00+00:00","author":{"@id":"https:\/\/www.correiobraziliense.com.br\/cbradar\/#\/schema\/person\/5aa4bf3c8fa699c267933611de12978b"},"description":"Os benef\u00edcios da chia incluem mais saciedade, \u00f4mega 3, ferro e c\u00e1lcio. Descubra como essa pequena semente pode transformar sua sa\u00fade.","breadcrumb":{"@id":"https:\/\/www.correiobraziliense.com.br\/cbradar\/o-superalimento-mais-completo-que-cabe-em-uma-colher\/#breadcrumb"},"inLanguage":"pt-BR","potentialAction":[{"@type":"ReadAction","target":["https:\/\/www.correiobraziliense.com.br\/cbradar\/o-superalimento-mais-completo-que-cabe-em-uma-colher\/"]}]},{"@type":"ImageObject","inLanguage":"pt-BR","@id":"https:\/\/www.correiobraziliense.com.br\/cbradar\/o-superalimento-mais-completo-que-cabe-em-uma-colher\/#primaryimage","url":"https:\/\/www.correiobraziliense.com.br\/cbradar\/wp-content\/uploads\/2025\/07\/Chia_1751892422657.jpg","contentUrl":"https:\/\/www.correiobraziliense.com.br\/cbradar\/wp-content\/uploads\/2025\/07\/Chia_1751892422657.jpg","width":1280,"height":720,"caption":"Chia - Cr\u00e9ditos: depositphotos.com \/ AntonMatyukha"},{"@type":"BreadcrumbList","@id":"https:\/\/www.correiobraziliense.com.br\/cbradar\/o-superalimento-mais-completo-que-cabe-em-uma-colher\/#breadcrumb","itemListElement":[{"@type":"ListItem","position":1,"name":"In\u00edcio","item":"https:\/\/www.correiobraziliense.com.br\/cbradar\/"},{"@type":"ListItem","position":2,"name":"O superalimento mais completo que cabe em uma colher"}]},{"@type":"WebSite","@id":"https:\/\/www.correiobraziliense.com.br\/cbradar\/#website","url":"https:\/\/www.correiobraziliense.com.br\/cbradar\/","name":"Correio Braziliense - Radar","description":"Acompanhe as \u00faltimas not\u00edcias e fique bem informado sobre tudo o que acontece no Brasil e no mundo.","potentialAction":[{"@type":"SearchAction","target":{"@type":"EntryPoint","urlTemplate":"https:\/\/www.correiobraziliense.com.br\/cbradar\/?s={search_term_string}"},"query-input":{"@type":"PropertyValueSpecification","valueRequired":true,"valueName":"search_term_string"}}],"inLanguage":"pt-BR"},{"@type":"Person","@id":"https:\/\/www.correiobraziliense.com.br\/cbradar\/#\/schema\/person\/5aa4bf3c8fa699c267933611de12978b","name":"guilherme_saude","image":{"@type":"ImageObject","inLanguage":"pt-BR","@id":"https:\/\/www.correiobraziliense.com.br\/cbradar\/#\/schema\/person\/image\/","url":"https:\/\/secure.gravatar.com\/avatar\/df9adfb835d344bc0af109d41756253f?s=96&d=mm&r=g","contentUrl":"https:\/\/secure.gravatar.com\/avatar\/df9adfb835d344bc0af109d41756253f?s=96&d=mm&r=g","caption":"guilherme_saude"},"url":"https:\/\/www.correiobraziliense.com.br\/cbradar\/author\/guilherme_saude\/"}]}},"_links":{"self":[{"href":"https:\/\/www.correiobraziliense.com.br\/cbradar\/wp-json\/wp\/v2\/posts\/150194","targetHints":{"allow":["GET"]}}],"collection":[{"href":"https:\/\/www.correiobraziliense.com.br\/cbradar\/wp-json\/wp\/v2\/posts"}],"about":[{"href":"https:\/\/www.correiobraziliense.com.br\/cbradar\/wp-json\/wp\/v2\/types\/post"}],"author":[{"embeddable":true,"href":"https:\/\/www.correiobraziliense.com.br\/cbradar\/wp-json\/wp\/v2\/users\/14"}],"replies":[{"embeddable":true,"href":"https:\/\/www.correiobraziliense.com.br\/cbradar\/wp-json\/wp\/v2\/comments?post=150194"}],"version-history":[{"count":1,"href":"https:\/\/www.correiobraziliense.com.br\/cbradar\/wp-json\/wp\/v2\/posts\/150194\/revisions"}],"predecessor-version":[{"id":150196,"href":"https:\/\/www.correiobraziliense.com.br\/cbradar\/wp-json\/wp\/v2\/posts\/150194\/revisions\/150196"}],"wp:featuredmedia":[{"embeddable":true,"href":"https:\/\/www.correiobraziliense.com.br\/cbradar\/wp-json\/wp\/v2\/media\/65921"}],"wp:attachment":[{"href":"https:\/\/www.correiobraziliense.com.br\/cbradar\/wp-json\/wp\/v2\/media?parent=150194"}],"wp:term":[{"taxonomy":"category","embeddable":true,"href":"https:\/\/www.correiobraziliense.com.br\/cbradar\/wp-json\/wp\/v2\/categories?post=150194"},{"taxonomy":"post_tag","embeddable":true,"href":"https:\/\/www.correiobraziliense.com.br\/cbradar\/wp-json\/wp\/v2\/tags?post=150194"}],"curies":[{"name":"wp","href":"https:\/\/api.w.org\/{rel}","templated":true}]}}