{"id":150209,"date":"2025-12-05T18:25:00","date_gmt":"2025-12-05T21:25:00","guid":{"rendered":"https:\/\/www.correiobraziliense.com.br\/cbradar\/?p=150209"},"modified":"2025-12-04T19:40:36","modified_gmt":"2025-12-04T22:40:36","slug":"descongestionantes-nasais-alivio-ou-perigo","status":"publish","type":"post","link":"https:\/\/www.correiobraziliense.com.br\/cbradar\/descongestionantes-nasais-alivio-ou-perigo\/","title":{"rendered":"Descongestionantes nasais: al\u00edvio ou perigo?"},"content":{"rendered":"\n<p>Utilizados amplamente para aliviar a congest\u00e3o nasal, os <strong>Descongestionantes Nasais<\/strong> t\u00eam ganhado destaque, especialmente em meio a epis\u00f3dios de gripes, resfriados e condi\u00e7\u00f5es al\u00e9rgicas. Durante per\u00edodos de sintomas intensos, muitas pessoas recorrem a esses produtos para obter uma respira\u00e7\u00e3o mais confort\u00e1vel e melhorar suas atividades di\u00e1rias. A facilidade de respira\u00e7\u00e3o proporcionada por esses descongestionantes \u00e9 um dos principais motivos que contribuem para sua popularidade.<\/p>\n\n\n\n<p>\u00c9 comum encontrar Descongestionantes Nasais em muitos lares devido \u00e0 sua a\u00e7\u00e3o r\u00e1pida e efic\u00e1cia no al\u00edvio de sintomas. Al\u00e9m de serem adquiridos sem receita m\u00e9dica, s\u00e3o frequentemente recomendados por amigos e familiares. Entretanto, um uso consciente e informado \u00e9 essencial para evitar complica\u00e7\u00f5es futuras, o que inclui compreender os riscos associados ao seu uso prolongado.<\/p>\n\n\n\n<h2 class=\"wp-block-heading\">Como funciona um descongestionante nasal?<\/h2>\n\n\n\n<p>A funcionalidade dos Descongestionantes Nasais baseia-se na redu\u00e7\u00e3o do incha\u00e7o dos vasos sangu\u00edneos na mucosa nasal. Ingredientes ativos como a oximetazolina e fenilefrina promovem a constri\u00e7\u00e3o dos vasos, facilitando assim a passagem do ar. Essa a\u00e7\u00e3o \u00e9 r\u00e1pida, proporcionando al\u00edvio imediato dos sintomas. Contudo, o uso regular e prolongado pode resultar em efeitos adversos, como irrita\u00e7\u00f5es e a intensifica\u00e7\u00e3o dos sintomas quando o uso do medicamento \u00e9 interrompido.<\/p>\n\n\n<div class=\"wp-block-image\">\n<figure class=\"aligncenter size-full\"><img decoding=\"async\" width=\"750\" height=\"375\" src=\"https:\/\/www.correiobraziliense.com.br\/cbradar\/wp-content\/uploads\/2025\/12\/image-1.png\" alt=\"\" class=\"wp-image-150214\" srcset=\"https:\/\/www.correiobraziliense.com.br\/cbradar\/wp-content\/uploads\/2025\/12\/image-1.png 750w, https:\/\/www.correiobraziliense.com.br\/cbradar\/wp-content\/uploads\/2025\/12\/image-1-300x150.png 300w, https:\/\/www.correiobraziliense.com.br\/cbradar\/wp-content\/uploads\/2025\/12\/image-1-360x180.png 360w\" sizes=\"(max-width: 750px) 100vw, 750px\" \/><figcaption class=\"wp-element-caption\">Descongestionante Nasal &#8211; Cr\u00e9ditos: depositphotos.com \/ imagepointfr<\/figcaption><\/figure><\/div>\n\n\n<h2 class=\"wp-block-heading\">O que explica a popularidade dos Descongestionantes Nasais no Brasil?<\/h2>\n\n\n\n<p>Em um pa\u00eds com altos \u00edndices de polui\u00e7\u00e3o e varia\u00e7\u00f5es clim\u00e1ticas, os problemas respirat\u00f3rios s\u00e3o frequentes. Nesses cen\u00e1rios, os Descongestionantes Nasais oferecem um al\u00edvio pr\u00e1tico e acess\u00edvel, criando uma depend\u00eancia comum desses produtos. O f\u00e1cil acesso e a aus\u00eancia de necessidade de receita m\u00e9dica impulsionam ainda mais sua demanda. Publicidades que enfatizam o al\u00edvio r\u00e1pido tamb\u00e9m contribuem para sua popularidade no mercado.<\/p>\n\n\n\n<h2 class=\"wp-block-heading\">Quais os cuidados necess\u00e1rios ao utilizar Descongestionantes Nasais?<\/h2>\n\n\n\n<p>Embora proporcionem al\u00edvio, esses medicamentos requerem precau\u00e7\u00f5es. O uso excessivo pode resultar em depend\u00eancia, tornando a congest\u00e3o ainda mais severa quando o uso \u00e9 interrompido abruptamente. Especialistas aconselham limitar o uso a n\u00e3o mais que cinco dias consecutivos. Indiv\u00edduos com condi\u00e7\u00f5es espec\u00edficas de sa\u00fade devem consultar um m\u00e9dico antes de usar esses produtos. Al\u00e9m disso, alternativas como a lavagem nasal com solu\u00e7\u00e3o salina s\u00e3o recomendadas para manter a <a href=\"https:\/\/www.correiobraziliense.com.br\/cbradar\/o-superalimento-mais-poderoso-para-energia-e-libido\/\" target=\"_blank\" rel=\"noreferrer noopener\">sa\u00fade <\/a>das vias respirat\u00f3rias sem efeitos colaterais.<\/p>\n\n\n\n<h2 class=\"wp-block-heading\">Quando optar por solu\u00e7\u00f5es alternativas aos descongestionantes?<\/h2>\n\n\n\n<p>A fim de evitar complica\u00e7\u00f5es associadas ao uso prolongado, \u00e9 prudente explorar tratamentos complementares. Entender as causas da congest\u00e3o pode ajudar no desenvolvimento de estrat\u00e9gias mais eficazes e de longo prazo. Alternativas como mudan\u00e7as ambientais e controle de alergias podem oferecer solu\u00e7\u00f5es mais sustent\u00e1veis. Assim, os Descongestionantes Nasais devem ser vistos como uma solu\u00e7\u00e3o tempor\u00e1ria, enquanto alternativas s\u00e3o exploradas para um al\u00edvio duradouro.<\/p>\n\n\n<a href=\"https:\/\/www.instagram.com\/dra.annaluisabf\/\" target=\"_blank\" rel=\"noopener\" style=\"text-decoration: none; color: inherit;\">\n    <span style=\"display: inline-block; border: 1px solid #ccc; border-radius: 10px; padding: 15px; max-width: 550px; font-family: sans-serif; box-shadow: 0 2px 5px rgba(0,0,0,0.1); width: 100%;\">\n\n      <!-- T\u00edtulo -->\n      <span style=\"display: block; margin: 0 0 15px 0; font-weight: bold; color: #2c3e50; text-align: center;\">\n        Entre em contato:\n      <\/span>\n\n      <!-- Linha do perfil -->\n      <span style=\"display: flex; align-items: center; gap: 15px;\">\n        <img decoding=\"async\"\n          src=\"https:\/\/www.correiobraziliense.com.br\/cbradar\/wp-content\/uploads\/2025\/08\/dra_anna_luisa.jpeg\"\n          alt=\"Foto da Dra. Anna Lu\u00edsa\"\n          style=\"border-radius: 50%; width: 80px; height: 80px; object-fit: cover;\"\n        \/>\n        <span style=\"display: flex; flex-direction: column;\">\n          <span style=\"font-size: 18px; font-weight: 700; color: #2c3e50;\">Dra. Anna Lu\u00edsa Barbosa Fernandes<\/span>\n          <span style=\"color: #555;\">CRM-GO 33.271<\/span>\n        <\/span>\n      <\/span>\n\n      <!-- Redes -->\n      <span style=\"display: flex; align-items: center; gap: 10px; margin-top: 12px;\">\n        <img decoding=\"async\" src=\"https:\/\/cdn-icons-png.flaticon.com\/24\/1384\/1384063.png\" alt=\"Instagram\" width=\"24\" height=\"24\" \/>\n        <span style=\"text-decoration: underline; color: #2c3e50;\">@dra.annaluisabf<\/span>\n      <\/span>\n\n    <\/span>\n  <\/a>","protected":false},"excerpt":{"rendered":"<p>Utilizados amplamente para aliviar a congest\u00e3o nasal, os Descongestionantes Nasais t\u00eam ganhado destaque, especialmente em meio a epis\u00f3dios de gripes, resfriados e condi\u00e7\u00f5es al\u00e9rgicas. Durante per\u00edodos de sintomas intensos, muitas pessoas recorrem a esses produtos para obter uma respira\u00e7\u00e3o mais confort\u00e1vel e melhorar suas atividades di\u00e1rias. A facilidade de respira\u00e7\u00e3o proporcionada por esses descongestionantes \u00e9 [&hellip;]<\/p>\n","protected":false},"author":14,"featured_media":150215,"comment_status":"open","ping_status":"open","sticky":false,"template":"","format":"standard","meta":{"_yoast_wpseo_focuskw":"Descongestionantes Nasais","_yoast_wpseo_title":"","_yoast_wpseo_metadesc":"Descongestionantes nasais aliviam r\u00e1pido, mas podem causar depend\u00eancia. Veja como usar com seguran\u00e7a e quando evitar.","jnews-multi-image_gallery":[],"jnews_single_post":{"format":"standard"},"jnews_primary_category":[],"jnews_social_meta":[],"jnews_override_counter":[],"footnotes":""},"categories":[4404],"tags":[120,12317,1318],"class_list":["post-150209","post","type-post","status-publish","format-standard","has-post-thumbnail","hentry","category-saude","tag-bem-estar","tag-nasal","tag-saude-2"],"yoast_head":"<!-- This site is optimized with the Yoast SEO plugin v24.6 - https:\/\/yoast.com\/wordpress\/plugins\/seo\/ -->\n<title>Descongestionantes nasais: al\u00edvio ou perigo? - Correio Braziliense - Radar<\/title>\n<meta name=\"description\" content=\"Descongestionantes nasais aliviam r\u00e1pido, mas podem causar depend\u00eancia. Veja como usar com seguran\u00e7a e quando evitar.\" \/>\n<meta name=\"robots\" content=\"index, follow, max-snippet:-1, max-image-preview:large, max-video-preview:-1\" \/>\n<link rel=\"canonical\" href=\"https:\/\/www.correiobraziliense.com.br\/cbradar\/descongestionantes-nasais-alivio-ou-perigo\/\" \/>\n<meta property=\"og:locale\" content=\"pt_BR\" \/>\n<meta property=\"og:type\" content=\"article\" \/>\n<meta property=\"og:title\" content=\"Descongestionantes nasais: al\u00edvio ou perigo? - Correio Braziliense - Radar\" \/>\n<meta property=\"og:description\" content=\"Descongestionantes nasais aliviam r\u00e1pido, mas podem causar depend\u00eancia. Veja como usar com seguran\u00e7a e quando evitar.\" \/>\n<meta property=\"og:url\" content=\"https:\/\/www.correiobraziliense.com.br\/cbradar\/descongestionantes-nasais-alivio-ou-perigo\/\" \/>\n<meta property=\"og:site_name\" content=\"Correio Braziliense - Radar\" \/>\n<meta property=\"article:published_time\" content=\"2025-12-05T21:25:00+00:00\" \/>\n<meta property=\"og:image\" content=\"https:\/\/www.correiobraziliense.com.br\/cbradar\/wp-content\/uploads\/2025\/12\/Descongestionante-Nasal_1763855545290-1024x576-1.webp\" \/>\n\t<meta property=\"og:image:width\" content=\"1024\" \/>\n\t<meta property=\"og:image:height\" content=\"576\" \/>\n\t<meta property=\"og:image:type\" content=\"image\/webp\" \/>\n<meta name=\"author\" content=\"guilherme_saude\" \/>\n<meta name=\"twitter:card\" content=\"summary_large_image\" \/>\n<meta name=\"twitter:label1\" content=\"Escrito por\" \/>\n\t<meta name=\"twitter:data1\" content=\"guilherme_saude\" \/>\n\t<meta name=\"twitter:label2\" content=\"Est. tempo de leitura\" \/>\n\t<meta name=\"twitter:data2\" content=\"4 minutos\" \/>\n<!-- \/ Yoast SEO plugin. -->","yoast_head_json":{"title":"Descongestionantes nasais: al\u00edvio ou perigo? - Correio Braziliense - Radar","description":"Descongestionantes nasais aliviam r\u00e1pido, mas podem causar depend\u00eancia. Veja como usar com seguran\u00e7a e quando evitar.","robots":{"index":"index","follow":"follow","max-snippet":"max-snippet:-1","max-image-preview":"max-image-preview:large","max-video-preview":"max-video-preview:-1"},"canonical":"https:\/\/www.correiobraziliense.com.br\/cbradar\/descongestionantes-nasais-alivio-ou-perigo\/","og_locale":"pt_BR","og_type":"article","og_title":"Descongestionantes nasais: al\u00edvio ou perigo? - Correio Braziliense - Radar","og_description":"Descongestionantes nasais aliviam r\u00e1pido, mas podem causar depend\u00eancia. Veja como usar com seguran\u00e7a e quando evitar.","og_url":"https:\/\/www.correiobraziliense.com.br\/cbradar\/descongestionantes-nasais-alivio-ou-perigo\/","og_site_name":"Correio Braziliense - Radar","article_published_time":"2025-12-05T21:25:00+00:00","og_image":[{"width":1024,"height":576,"url":"https:\/\/www.correiobraziliense.com.br\/cbradar\/wp-content\/uploads\/2025\/12\/Descongestionante-Nasal_1763855545290-1024x576-1.webp","type":"image\/webp"}],"author":"guilherme_saude","twitter_card":"summary_large_image","twitter_misc":{"Escrito por":"guilherme_saude","Est. tempo de leitura":"4 minutos"},"schema":{"@context":"https:\/\/schema.org","@graph":[{"@type":"WebPage","@id":"https:\/\/www.correiobraziliense.com.br\/cbradar\/descongestionantes-nasais-alivio-ou-perigo\/","url":"https:\/\/www.correiobraziliense.com.br\/cbradar\/descongestionantes-nasais-alivio-ou-perigo\/","name":"Descongestionantes nasais: al\u00edvio ou perigo? - Correio Braziliense - Radar","isPartOf":{"@id":"https:\/\/www.correiobraziliense.com.br\/cbradar\/#website"},"primaryImageOfPage":{"@id":"https:\/\/www.correiobraziliense.com.br\/cbradar\/descongestionantes-nasais-alivio-ou-perigo\/#primaryimage"},"image":{"@id":"https:\/\/www.correiobraziliense.com.br\/cbradar\/descongestionantes-nasais-alivio-ou-perigo\/#primaryimage"},"thumbnailUrl":"https:\/\/www.correiobraziliense.com.br\/cbradar\/wp-content\/uploads\/2025\/12\/Descongestionante-Nasal_1763855545290-1024x576-1.webp","datePublished":"2025-12-05T21:25:00+00:00","author":{"@id":"https:\/\/www.correiobraziliense.com.br\/cbradar\/#\/schema\/person\/5aa4bf3c8fa699c267933611de12978b"},"description":"Descongestionantes nasais aliviam r\u00e1pido, mas podem causar depend\u00eancia. Veja como usar com seguran\u00e7a e quando evitar.","breadcrumb":{"@id":"https:\/\/www.correiobraziliense.com.br\/cbradar\/descongestionantes-nasais-alivio-ou-perigo\/#breadcrumb"},"inLanguage":"pt-BR","potentialAction":[{"@type":"ReadAction","target":["https:\/\/www.correiobraziliense.com.br\/cbradar\/descongestionantes-nasais-alivio-ou-perigo\/"]}]},{"@type":"ImageObject","inLanguage":"pt-BR","@id":"https:\/\/www.correiobraziliense.com.br\/cbradar\/descongestionantes-nasais-alivio-ou-perigo\/#primaryimage","url":"https:\/\/www.correiobraziliense.com.br\/cbradar\/wp-content\/uploads\/2025\/12\/Descongestionante-Nasal_1763855545290-1024x576-1.webp","contentUrl":"https:\/\/www.correiobraziliense.com.br\/cbradar\/wp-content\/uploads\/2025\/12\/Descongestionante-Nasal_1763855545290-1024x576-1.webp","width":1024,"height":576,"caption":"Descongestionante Nasal \u2013 Cr\u00e9ditos: depositphotos.com \/ imagepointfr"},{"@type":"BreadcrumbList","@id":"https:\/\/www.correiobraziliense.com.br\/cbradar\/descongestionantes-nasais-alivio-ou-perigo\/#breadcrumb","itemListElement":[{"@type":"ListItem","position":1,"name":"In\u00edcio","item":"https:\/\/www.correiobraziliense.com.br\/cbradar\/"},{"@type":"ListItem","position":2,"name":"Descongestionantes nasais: al\u00edvio ou perigo?"}]},{"@type":"WebSite","@id":"https:\/\/www.correiobraziliense.com.br\/cbradar\/#website","url":"https:\/\/www.correiobraziliense.com.br\/cbradar\/","name":"Correio Braziliense - Radar","description":"Acompanhe as \u00faltimas not\u00edcias e fique bem informado sobre tudo o que acontece no Brasil e no mundo.","potentialAction":[{"@type":"SearchAction","target":{"@type":"EntryPoint","urlTemplate":"https:\/\/www.correiobraziliense.com.br\/cbradar\/?s={search_term_string}"},"query-input":{"@type":"PropertyValueSpecification","valueRequired":true,"valueName":"search_term_string"}}],"inLanguage":"pt-BR"},{"@type":"Person","@id":"https:\/\/www.correiobraziliense.com.br\/cbradar\/#\/schema\/person\/5aa4bf3c8fa699c267933611de12978b","name":"guilherme_saude","image":{"@type":"ImageObject","inLanguage":"pt-BR","@id":"https:\/\/www.correiobraziliense.com.br\/cbradar\/#\/schema\/person\/image\/","url":"https:\/\/secure.gravatar.com\/avatar\/df9adfb835d344bc0af109d41756253f?s=96&d=mm&r=g","contentUrl":"https:\/\/secure.gravatar.com\/avatar\/df9adfb835d344bc0af109d41756253f?s=96&d=mm&r=g","caption":"guilherme_saude"},"url":"https:\/\/www.correiobraziliense.com.br\/cbradar\/author\/guilherme_saude\/"}]}},"_links":{"self":[{"href":"https:\/\/www.correiobraziliense.com.br\/cbradar\/wp-json\/wp\/v2\/posts\/150209","targetHints":{"allow":["GET"]}}],"collection":[{"href":"https:\/\/www.correiobraziliense.com.br\/cbradar\/wp-json\/wp\/v2\/posts"}],"about":[{"href":"https:\/\/www.correiobraziliense.com.br\/cbradar\/wp-json\/wp\/v2\/types\/post"}],"author":[{"embeddable":true,"href":"https:\/\/www.correiobraziliense.com.br\/cbradar\/wp-json\/wp\/v2\/users\/14"}],"replies":[{"embeddable":true,"href":"https:\/\/www.correiobraziliense.com.br\/cbradar\/wp-json\/wp\/v2\/comments?post=150209"}],"version-history":[{"count":1,"href":"https:\/\/www.correiobraziliense.com.br\/cbradar\/wp-json\/wp\/v2\/posts\/150209\/revisions"}],"predecessor-version":[{"id":150217,"href":"https:\/\/www.correiobraziliense.com.br\/cbradar\/wp-json\/wp\/v2\/posts\/150209\/revisions\/150217"}],"wp:featuredmedia":[{"embeddable":true,"href":"https:\/\/www.correiobraziliense.com.br\/cbradar\/wp-json\/wp\/v2\/media\/150215"}],"wp:attachment":[{"href":"https:\/\/www.correiobraziliense.com.br\/cbradar\/wp-json\/wp\/v2\/media?parent=150209"}],"wp:term":[{"taxonomy":"category","embeddable":true,"href":"https:\/\/www.correiobraziliense.com.br\/cbradar\/wp-json\/wp\/v2\/categories?post=150209"},{"taxonomy":"post_tag","embeddable":true,"href":"https:\/\/www.correiobraziliense.com.br\/cbradar\/wp-json\/wp\/v2\/tags?post=150209"}],"curies":[{"name":"wp","href":"https:\/\/api.w.org\/{rel}","templated":true}]}}