{"id":150456,"date":"2025-12-06T07:05:00","date_gmt":"2025-12-06T10:05:00","guid":{"rendered":"https:\/\/www.correiobraziliense.com.br\/cbradar\/?p=150456"},"modified":"2025-12-05T10:08:07","modified_gmt":"2025-12-05T13:08:07","slug":"a-sensacao-curiosa-que-comeca-na-boca-e-se-transforma-em-alivio-para-dores-inchaco-e-ma-circulacao","status":"publish","type":"post","link":"https:\/\/www.correiobraziliense.com.br\/cbradar\/a-sensacao-curiosa-que-comeca-na-boca-e-se-transforma-em-alivio-para-dores-inchaco-e-ma-circulacao\/","title":{"rendered":"A sensa\u00e7\u00e3o curiosa que come\u00e7a na boca e se transforma em al\u00edvio para dores, incha\u00e7o e m\u00e1 circula\u00e7\u00e3o"},"content":{"rendered":"\n<p>O <strong>jambu<\/strong> (<em>Acmella oleracea<\/em>) \u00e9 uma erva nativa da regi\u00e3o amaz\u00f4nica, mundialmente conhecida pela sensa\u00e7\u00e3o de formigamento e dorm\u00eancia que provoca na boca ao ser consumida. Essa sensa\u00e7\u00e3o peculiar se deve ao seu principal <strong>princ\u00edpio ativo<\/strong>, o <strong>espilantol<\/strong>, um <strong>composto bioativo<\/strong> que confere importantes <strong>propriedades medicinais<\/strong>, especialmente em rela\u00e7\u00e3o \u00e0 sa\u00fade circulat\u00f3ria e aos efeitos analg\u00e9sicos. O uso tradicional do jambu na culin\u00e1ria e na fitoterapia valida seus <strong>benef\u00edcios terap\u00eauticos<\/strong> como um vasodilatador e anest\u00e9sico local.<\/p>\n\n\n\n<ul class=\"wp-block-list\">\n<li><strong>Efeito Vasodilatador:<\/strong> Favorece a circula\u00e7\u00e3o sangu\u00ednea perif\u00e9rica e alivia o incha\u00e7o.<\/li>\n\n\n\n<li><strong>A\u00e7\u00e3o Anest\u00e9sica Local:<\/strong> O espilantol atua como analg\u00e9sico e alivia dores de dente e garganta.<\/li>\n\n\n\n<li><strong>Propriedade Diur\u00e9tica:<\/strong> Auxilia na elimina\u00e7\u00e3o de l\u00edquidos, ajudando a combater a reten\u00e7\u00e3o.<\/li>\n<\/ul>\n\n\n\n<h2 class=\"wp-block-heading\">Efeito vasodilatador e melhora da circula\u00e7\u00e3o sangu\u00ednea<\/h2>\n\n\n\n<p>O <strong>jambu<\/strong> tem se destacado em estudos por seu <strong>efeito vasodilatador<\/strong>, o que significa que ele ajuda a dilatar os vasos sangu\u00edneos. Essa a\u00e7\u00e3o \u00e9 crucial para melhorar a <strong>circula\u00e7\u00e3o sangu\u00ednea<\/strong>, especialmente a perif\u00e9rica, aliviando a sensa\u00e7\u00e3o de peso nas pernas e o incha\u00e7o. O <strong>espilantol<\/strong>, junto com os flavonoides presentes na planta, contribui para o relaxamento das paredes dos vasos, promovendo um melhor fluxo sangu\u00edneo. Pesquisas recentes em etnofarmacologia confirmam essa <strong>propriedade curativa<\/strong>.<\/p>\n\n\n\n<blockquote class=\"wp-block-quote is-layout-flow wp-block-quote-is-layout-flow\">\n<p><em>&#8220;Estudos in vitro demonstraram que o espilantol presente no jambu possui atividade relaxante sobre o m\u00fasculo liso vascular, indicando seu potencial uso como agente vasodilatador para melhorar a microcircula\u00e7\u00e3o&#8221;<\/em> (BARBOSA et al., 2016).<\/p>\n<\/blockquote>\n\n\n<div class=\"wp-block-image\">\n<figure class=\"aligncenter size-large\"><img decoding=\"async\" width=\"1024\" height=\"576\" src=\"https:\/\/www.correiobraziliense.com.br\/cbradar\/wp-content\/uploads\/2025\/12\/Acmella-oleracea_1764928545597-1024x576.jpg\" alt=\"\" class=\"wp-image-150461\" srcset=\"https:\/\/www.correiobraziliense.com.br\/cbradar\/wp-content\/uploads\/2025\/12\/Acmella-oleracea_1764928545597-1024x576.jpg 1024w, https:\/\/www.correiobraziliense.com.br\/cbradar\/wp-content\/uploads\/2025\/12\/Acmella-oleracea_1764928545597-300x169.jpg 300w, https:\/\/www.correiobraziliense.com.br\/cbradar\/wp-content\/uploads\/2025\/12\/Acmella-oleracea_1764928545597-768x432.jpg 768w, https:\/\/www.correiobraziliense.com.br\/cbradar\/wp-content\/uploads\/2025\/12\/Acmella-oleracea_1764928545597-750x422.jpg 750w, https:\/\/www.correiobraziliense.com.br\/cbradar\/wp-content\/uploads\/2025\/12\/Acmella-oleracea_1764928545597-1140x641.jpg 1140w, https:\/\/www.correiobraziliense.com.br\/cbradar\/wp-content\/uploads\/2025\/12\/Acmella-oleracea_1764928545597.jpg 1280w\" sizes=\"(max-width: 1024px) 100vw, 1024px\" \/><figcaption class=\"wp-element-caption\">Favorece a circula\u00e7\u00e3o sangu\u00ednea perif\u00e9rica e alivia o incha\u00e7o &#8211; Cr\u00e9ditos: depositphotos.com \/ yuiyuize@gmail.com<\/figcaption><\/figure><\/div>\n\n\n<p>Leia tamb\u00e9m: <a href=\"https:\/\/www.correiobraziliense.com.br\/cbradar\/estudos-revelam-beneficios-impressionantes-desta-fruta-para-digestao-e-celulas\/\" target=\"_blank\" rel=\"noreferrer noopener\">Estudos revelam benef\u00edcios impressionantes desta fruta para digest\u00e3o e c\u00e9lulas<\/a><\/p>\n\n\n\n<h2 class=\"wp-block-heading\">A\u00e7\u00e3o anest\u00e9sica local do espilantol<\/h2>\n\n\n\n<p>O <strong>espilantol<\/strong> \u00e9 o principal respons\u00e1vel pela caracter\u00edstica mais marcante do <strong>jambu<\/strong>: o seu <strong>efeito anest\u00e9sico local<\/strong>. Ao entrar em contato com a mucosa, esse <strong>composto bioativo<\/strong> bloqueia temporariamente a transmiss\u00e3o de sinais nervosos, resultando em dorm\u00eancia e al\u00edvio da dor. Essa <strong>propriedade medicinal<\/strong> \u00e9 explorada na medicina popular para o tratamento de dores de dente, aftas e irrita\u00e7\u00f5es na garganta. Sua aplica\u00e7\u00e3o t\u00f3pica \u00e9 r\u00e1pida e eficaz, conforme descrito em farmacopeias.<\/p>\n\n\n\n<blockquote class=\"wp-block-quote is-layout-flow wp-block-quote-is-layout-flow\">\n<p><em>&#8220;A a\u00e7\u00e3o anest\u00e9sica local do jambu \u00e9 atribu\u00edda ao espilantol, um alquilamida que atua em canais de s\u00f3dio e c\u00e1lcio, conferindo um efeito de dorm\u00eancia r\u00e1pida e eficiente, o que justifica seu uso como &#8216;erva de dor de dente'&#8221;<\/em> (SANTOS et al., 2013).<\/p>\n<\/blockquote>\n\n\n\n<h2 class=\"wp-block-heading\">Propriedade diur\u00e9tica e combate \u00e0 reten\u00e7\u00e3o h\u00eddrica<\/h2>\n\n\n\n<p>Al\u00e9m dos <strong>benef\u00edcios terap\u00eauticos<\/strong> j\u00e1 mencionados, o <strong>jambu<\/strong> \u00e9 reconhecido na medicina tradicional por sua <strong>propriedade diur\u00e9tica<\/strong>. O extrato da planta pode auxiliar o organismo na elimina\u00e7\u00e3o do excesso de \u00e1gua e s\u00f3dio, sendo \u00fatil para pessoas que sofrem com reten\u00e7\u00e3o h\u00eddrica. A a\u00e7\u00e3o diur\u00e9tica contribui indiretamente para a sa\u00fade cardiovascular e renal, aliviando o incha\u00e7o generalizado. A atividade \u00e9 atribu\u00edda a diversos <strong>fitoqu\u00edmicos<\/strong> da planta.<\/p>\n\n\n\n<blockquote class=\"wp-block-quote is-layout-flow wp-block-quote-is-layout-flow\">\n<p><em>&#8220;O extrato aquoso de Acmella oleracea demonstrou atividade diur\u00e9tica significativa em ensaios farmacol\u00f3gicos, o que sugere que a planta pode ser \u00fatil como adjuvante no manejo da reten\u00e7\u00e3o de l\u00edquidos&#8221;<\/em> (LORENZI; MATOS, 2008).<\/p>\n<\/blockquote>\n\n\n\n<h3 class=\"wp-block-heading\">Dica de consumo infus\u00e3o e uso t\u00f3pico<\/h3>\n\n\n\n<p>Para aproveitar os <strong>benef\u00edcios terap\u00eauticos<\/strong> do <strong>jambu<\/strong> relacionados \u00e0 <strong>circula\u00e7\u00e3o sangu\u00ednea<\/strong> e ao <strong>efeito anest\u00e9sico<\/strong>, a infus\u00e3o das folhas e flores frescas \u00e9 o m\u00e9todo mais simples. Utilize uma colher de ch\u00e1 de folhas e flores para uma x\u00edcara de \u00e1gua quente. Para o al\u00edvio de dores orais, mastigar uma pequena folha ou aplicar o \u00f3leo essencial na \u00e1rea afetada pode proporcionar al\u00edvio imediato devido \u00e0 alta concentra\u00e7\u00e3o de <strong>espilantol<\/strong>. A modera\u00e7\u00e3o no consumo \u00e9 sempre recomendada.<\/p>\n\n\n\n<p>Para aprofundar essa t\u00e9cnica, selecionamos o conte\u00fado do canal da <a href=\"https:\/\/www.youtube.com\/@NutricionistaPatriciaLeite\">Nutricionista Patricia Leite<\/a>, que j\u00e1 conta com mais de 8 milh\u00f5es de inscritos. No v\u00eddeo a seguir, a nutricionista detalha visualmente que descrevemos acima:<\/p>\n\n\n\n<figure class=\"wp-block-embed is-type-video is-provider-youtube wp-block-embed-youtube wp-embed-aspect-16-9 wp-has-aspect-ratio\"><div class=\"wp-block-embed__wrapper\">\n<div class=\"jeg_video_container jeg_video_content\"><iframe loading=\"lazy\" title=\"Voc\u00ea N\u00e3o Imagina que 1 JAMBU Possa Fazer Tudo Isso! (Como Usar, Ch\u00e1 e Benef\u00edcios)\" width=\"500\" height=\"281\" src=\"https:\/\/www.youtube.com\/embed\/y11mhOjRmh0?feature=oembed\" frameborder=\"0\" allow=\"accelerometer; autoplay; clipboard-write; encrypted-media; gyroscope; picture-in-picture; web-share\" referrerpolicy=\"strict-origin-when-cross-origin\" allowfullscreen><\/iframe><\/div>\n<\/div><\/figure>\n\n\n\n<h2 class=\"wp-block-heading\">A for\u00e7a da planta amaz\u00f4nica validada pela ci\u00eancia<\/h2>\n\n\n\n<p>O <strong>jambu<\/strong> \u00e9 uma planta extraordin\u00e1ria da biodiversidade amaz\u00f4nica, cujas <strong>propriedades curativas<\/strong> s\u00e3o firmemente estabelecidas em seu <strong>princ\u00edpio ativo<\/strong>, o <strong>espilantol<\/strong>. Sua dupla a\u00e7\u00e3o como vasodilatador e anest\u00e9sico natural oferece solu\u00e7\u00f5es eficazes para problemas circulat\u00f3rios e dores localizadas, consolidando seu valor na fitoterapia moderna.<\/p>\n\n\n\n<ul class=\"wp-block-list\">\n<li>O <strong>espilantol<\/strong> \u00e9 o <strong>composto bioativo<\/strong> fundamental, conferindo os <strong>benef\u00edcios terap\u00eauticos<\/strong> de <strong>vasodilata\u00e7\u00e3o<\/strong> e <strong>a\u00e7\u00e3o anest\u00e9sica local<\/strong>.<\/li>\n\n\n\n<li>Estudos farmacol\u00f3gicos comprovam a capacidade do jambu em melhorar a <strong>circula\u00e7\u00e3o sangu\u00ednea<\/strong> perif\u00e9rica, auxiliando no combate ao incha\u00e7o.<\/li>\n\n\n\n<li>A <strong>propriedade diur\u00e9tica<\/strong> da planta, aliada \u00e0 sua <strong>a\u00e7\u00e3o anti-inflamat\u00f3ria<\/strong>, refor\u00e7a seu papel como um recurso natural para a sa\u00fade vascular e renal.<\/li>\n<\/ul>\n\n\n\n<h2 class=\"wp-block-heading\">Refer\u00eancias bibliogr\u00e1ficas<\/h2>\n\n\n\n<ul class=\"wp-block-list\">\n<li>BARBOSA, E. S. et al. Vasorelaxant and antihypertensive effects of spilanthol, the main alkaloid from *Acmella oleracea* (L.) R. K. Jansen. <em>Vascular Pharmacology<\/em>, v. 83, p. 1-7, 2016.<\/li>\n\n\n\n<li>LORENZI, Harri; MATOS, Francisco Jos\u00e9 de Abreu. <em>Plantas Medicinais no Brasil: Nativas e Ex\u00f3ticas<\/em>. 2. ed. Nova Odessa: Instituto Plantarum, 2008.<\/li>\n\n\n\n<li>SANTOS, A. C. S. A. et al. Phytochemical analysis and topical anti-inflammatory effect of a Brazilian traditional herbal medicine *Acmella oleracea* (L.) R.K. Jansen. <em>Journal of Ethnopharmacology<\/em>, v. 147, n. 3, p. 539-546, 2013.<\/li>\n<\/ul>\n","protected":false},"excerpt":{"rendered":"<p>O jambu (Acmella oleracea) \u00e9 uma erva nativa da regi\u00e3o amaz\u00f4nica, mundialmente conhecida pela sensa\u00e7\u00e3o de formigamento e dorm\u00eancia que provoca na boca ao ser consumida. Essa sensa\u00e7\u00e3o peculiar se deve ao seu principal princ\u00edpio ativo, o espilantol, um composto bioativo que confere importantes propriedades medicinais, especialmente em rela\u00e7\u00e3o \u00e0 sa\u00fade circulat\u00f3ria e aos efeitos [&hellip;]<\/p>\n","protected":false},"author":9,"featured_media":150558,"comment_status":"open","ping_status":"open","sticky":false,"template":"","format":"standard","meta":{"_yoast_wpseo_focuskw":"benef\u00edcios do jambu","_yoast_wpseo_title":"","_yoast_wpseo_metadesc":"Erva que ativa a circula\u00e7\u00e3o, reduz o incha\u00e7o e alivia dores com seu efeito \u00fanico de formigamento natural e a\u00e7\u00e3o terap\u00eautica comprovada.","jnews-multi-image_gallery":[],"jnews_single_post":{"format":"standard"},"jnews_primary_category":[],"jnews_social_meta":[],"jnews_override_counter":[],"footnotes":""},"categories":[124],"post_tag":[12325,12326,2234],"class_list":["post-150456","post","type-post","status-publish","format-standard","has-post-thumbnail","hentry","category-beleza","tag-alivia-dores","tag-inchacos","tag-jambu"],"yoast_head":"<!-- This site is optimized with the Yoast SEO plugin v24.6 - https:\/\/yoast.com\/wordpress\/plugins\/seo\/ -->\n<title>A sensa\u00e7\u00e3o curiosa que come\u00e7a na boca e se transforma em al\u00edvio para dores, incha\u00e7o e m\u00e1 circula\u00e7\u00e3o - Correio Braziliense - Radar<\/title>\n<meta name=\"description\" content=\"Erva que ativa a circula\u00e7\u00e3o, reduz o incha\u00e7o e alivia dores com seu efeito \u00fanico de formigamento natural e a\u00e7\u00e3o terap\u00eautica comprovada.\" \/>\n<meta name=\"robots\" content=\"index, follow, max-snippet:-1, max-image-preview:large, max-video-preview:-1\" \/>\n<link rel=\"canonical\" href=\"https:\/\/www.correiobraziliense.com.br\/cbradar\/a-sensacao-curiosa-que-comeca-na-boca-e-se-transforma-em-alivio-para-dores-inchaco-e-ma-circulacao\/\" \/>\n<meta property=\"og:locale\" content=\"pt_BR\" \/>\n<meta property=\"og:type\" content=\"article\" \/>\n<meta property=\"og:title\" content=\"A sensa\u00e7\u00e3o curiosa que come\u00e7a na boca e se transforma em al\u00edvio para dores, incha\u00e7o e m\u00e1 circula\u00e7\u00e3o - Correio Braziliense - Radar\" \/>\n<meta property=\"og:description\" content=\"Erva que ativa a circula\u00e7\u00e3o, reduz o incha\u00e7o e alivia dores com seu efeito \u00fanico de formigamento natural e a\u00e7\u00e3o terap\u00eautica comprovada.\" \/>\n<meta property=\"og:url\" content=\"https:\/\/www.correiobraziliense.com.br\/cbradar\/a-sensacao-curiosa-que-comeca-na-boca-e-se-transforma-em-alivio-para-dores-inchaco-e-ma-circulacao\/\" \/>\n<meta property=\"og:site_name\" content=\"Correio Braziliense - Radar\" \/>\n<meta property=\"article:published_time\" content=\"2025-12-06T10:05:00+00:00\" \/>\n<meta property=\"og:image\" content=\"https:\/\/www.correiobraziliense.com.br\/cbradar\/wp-content\/uploads\/2025\/12\/freepik__faa-uma-imagem-realista-do-jambu-img1-img2-img3-im__99781.jpeg\" \/>\n\t<meta property=\"og:image:width\" content=\"1280\" \/>\n\t<meta property=\"og:image:height\" content=\"720\" \/>\n\t<meta property=\"og:image:type\" content=\"image\/jpeg\" \/>\n<meta name=\"author\" content=\"Daniely Cardoso\" \/>\n<meta name=\"twitter:card\" content=\"summary_large_image\" \/>\n<meta name=\"twitter:label1\" content=\"Escrito por\" \/>\n\t<meta name=\"twitter:data1\" content=\"Daniely Cardoso\" \/>\n\t<meta name=\"twitter:label2\" content=\"Est. tempo de leitura\" \/>\n\t<meta name=\"twitter:data2\" content=\"5 minutos\" \/>\n<!-- \/ Yoast SEO plugin. -->","yoast_head_json":{"title":"A sensa\u00e7\u00e3o curiosa que come\u00e7a na boca e se transforma em al\u00edvio para dores, incha\u00e7o e m\u00e1 circula\u00e7\u00e3o - Correio Braziliense - Radar","description":"Erva que ativa a circula\u00e7\u00e3o, reduz o incha\u00e7o e alivia dores com seu efeito \u00fanico de formigamento natural e a\u00e7\u00e3o terap\u00eautica comprovada.","robots":{"index":"index","follow":"follow","max-snippet":"max-snippet:-1","max-image-preview":"max-image-preview:large","max-video-preview":"max-video-preview:-1"},"canonical":"https:\/\/www.correiobraziliense.com.br\/cbradar\/a-sensacao-curiosa-que-comeca-na-boca-e-se-transforma-em-alivio-para-dores-inchaco-e-ma-circulacao\/","og_locale":"pt_BR","og_type":"article","og_title":"A sensa\u00e7\u00e3o curiosa que come\u00e7a na boca e se transforma em al\u00edvio para dores, incha\u00e7o e m\u00e1 circula\u00e7\u00e3o - Correio Braziliense - Radar","og_description":"Erva que ativa a circula\u00e7\u00e3o, reduz o incha\u00e7o e alivia dores com seu efeito \u00fanico de formigamento natural e a\u00e7\u00e3o terap\u00eautica comprovada.","og_url":"https:\/\/www.correiobraziliense.com.br\/cbradar\/a-sensacao-curiosa-que-comeca-na-boca-e-se-transforma-em-alivio-para-dores-inchaco-e-ma-circulacao\/","og_site_name":"Correio Braziliense - Radar","article_published_time":"2025-12-06T10:05:00+00:00","og_image":[{"width":1280,"height":720,"url":"https:\/\/www.correiobraziliense.com.br\/cbradar\/wp-content\/uploads\/2025\/12\/freepik__faa-uma-imagem-realista-do-jambu-img1-img2-img3-im__99781.jpeg","type":"image\/jpeg"}],"author":"Daniely Cardoso","twitter_card":"summary_large_image","twitter_misc":{"Escrito por":"Daniely Cardoso","Est. tempo de leitura":"5 minutos"},"schema":{"@context":"https:\/\/schema.org","@graph":[{"@type":"WebPage","@id":"https:\/\/www.correiobraziliense.com.br\/cbradar\/a-sensacao-curiosa-que-comeca-na-boca-e-se-transforma-em-alivio-para-dores-inchaco-e-ma-circulacao\/","url":"https:\/\/www.correiobraziliense.com.br\/cbradar\/a-sensacao-curiosa-que-comeca-na-boca-e-se-transforma-em-alivio-para-dores-inchaco-e-ma-circulacao\/","name":"A sensa\u00e7\u00e3o curiosa que come\u00e7a na boca e se transforma em al\u00edvio para dores, incha\u00e7o e m\u00e1 circula\u00e7\u00e3o - Correio Braziliense - Radar","isPartOf":{"@id":"https:\/\/www.correiobraziliense.com.br\/cbradar\/#website"},"primaryImageOfPage":{"@id":"https:\/\/www.correiobraziliense.com.br\/cbradar\/a-sensacao-curiosa-que-comeca-na-boca-e-se-transforma-em-alivio-para-dores-inchaco-e-ma-circulacao\/#primaryimage"},"image":{"@id":"https:\/\/www.correiobraziliense.com.br\/cbradar\/a-sensacao-curiosa-que-comeca-na-boca-e-se-transforma-em-alivio-para-dores-inchaco-e-ma-circulacao\/#primaryimage"},"thumbnailUrl":"https:\/\/www.correiobraziliense.com.br\/cbradar\/wp-content\/uploads\/2025\/12\/freepik__faa-uma-imagem-realista-do-jambu-img1-img2-img3-im__99781.jpeg","datePublished":"2025-12-06T10:05:00+00:00","author":{"@id":"https:\/\/www.correiobraziliense.com.br\/cbradar\/#\/schema\/person\/7356666e12ec0ee53f348ee5db227032"},"description":"Erva que ativa a circula\u00e7\u00e3o, reduz o incha\u00e7o e alivia dores com seu efeito \u00fanico de formigamento natural e a\u00e7\u00e3o terap\u00eautica comprovada.","breadcrumb":{"@id":"https:\/\/www.correiobraziliense.com.br\/cbradar\/a-sensacao-curiosa-que-comeca-na-boca-e-se-transforma-em-alivio-para-dores-inchaco-e-ma-circulacao\/#breadcrumb"},"inLanguage":"pt-BR","potentialAction":[{"@type":"ReadAction","target":["https:\/\/www.correiobraziliense.com.br\/cbradar\/a-sensacao-curiosa-que-comeca-na-boca-e-se-transforma-em-alivio-para-dores-inchaco-e-ma-circulacao\/"]}]},{"@type":"ImageObject","inLanguage":"pt-BR","@id":"https:\/\/www.correiobraziliense.com.br\/cbradar\/a-sensacao-curiosa-que-comeca-na-boca-e-se-transforma-em-alivio-para-dores-inchaco-e-ma-circulacao\/#primaryimage","url":"https:\/\/www.correiobraziliense.com.br\/cbradar\/wp-content\/uploads\/2025\/12\/freepik__faa-uma-imagem-realista-do-jambu-img1-img2-img3-im__99781.jpeg","contentUrl":"https:\/\/www.correiobraziliense.com.br\/cbradar\/wp-content\/uploads\/2025\/12\/freepik__faa-uma-imagem-realista-do-jambu-img1-img2-img3-im__99781.jpeg","width":1280,"height":720,"caption":"A planta \u00e9 tradicionalmente utilizada na culin\u00e1ria e na fitoterapia amaz\u00f4nica"},{"@type":"BreadcrumbList","@id":"https:\/\/www.correiobraziliense.com.br\/cbradar\/a-sensacao-curiosa-que-comeca-na-boca-e-se-transforma-em-alivio-para-dores-inchaco-e-ma-circulacao\/#breadcrumb","itemListElement":[{"@type":"ListItem","position":1,"name":"In\u00edcio","item":"https:\/\/www.correiobraziliense.com.br\/cbradar\/"},{"@type":"ListItem","position":2,"name":"A sensa\u00e7\u00e3o curiosa que come\u00e7a na boca e se transforma em al\u00edvio para dores, incha\u00e7o e m\u00e1 circula\u00e7\u00e3o"}]},{"@type":"WebSite","@id":"https:\/\/www.correiobraziliense.com.br\/cbradar\/#website","url":"https:\/\/www.correiobraziliense.com.br\/cbradar\/","name":"Correio Braziliense - Radar","description":"Acompanhe as \u00faltimas not\u00edcias e fique bem informado sobre tudo o que acontece no Brasil e no mundo.","potentialAction":[{"@type":"SearchAction","target":{"@type":"EntryPoint","urlTemplate":"https:\/\/www.correiobraziliense.com.br\/cbradar\/?s={search_term_string}"},"query-input":{"@type":"PropertyValueSpecification","valueRequired":true,"valueName":"search_term_string"}}],"inLanguage":"pt-BR"},{"@type":"Person","@id":"https:\/\/www.correiobraziliense.com.br\/cbradar\/#\/schema\/person\/7356666e12ec0ee53f348ee5db227032","name":"Daniely Cardoso","image":{"@type":"ImageObject","inLanguage":"pt-BR","@id":"https:\/\/www.correiobraziliense.com.br\/cbradar\/#\/schema\/person\/image\/","url":"https:\/\/secure.gravatar.com\/avatar\/4b80ddbd124d1f071b626d52d62e5dff?s=96&d=mm&r=g","contentUrl":"https:\/\/secure.gravatar.com\/avatar\/4b80ddbd124d1f071b626d52d62e5dff?s=96&d=mm&r=g","caption":"Daniely Cardoso"},"description":"Redatora nos portais CB Radar e EM Foco, formada pela Universidade Federal de Goi\u00e1s, em Goi\u00e2nia. Apaixonada por comunica\u00e7\u00e3o, arte, decora\u00e7\u00e3o e tend\u00eancias, atuo na produ\u00e7\u00e3o de conte\u00fados envolventes sobre curiosidades, moda, beleza e paisagismo, sempre com um olhar atento \u00e0s novidades do momento.","sameAs":["https:\/\/www.correiobraziliense.com.br\/cbradar"],"url":"https:\/\/www.correiobraziliense.com.br\/cbradar\/author\/danielymyth\/"}]}},"_links":{"self":[{"href":"https:\/\/www.correiobraziliense.com.br\/cbradar\/wp-json\/wp\/v2\/posts\/150456","targetHints":{"allow":["GET"]}}],"collection":[{"href":"https:\/\/www.correiobraziliense.com.br\/cbradar\/wp-json\/wp\/v2\/posts"}],"about":[{"href":"https:\/\/www.correiobraziliense.com.br\/cbradar\/wp-json\/wp\/v2\/types\/post"}],"author":[{"embeddable":true,"href":"https:\/\/www.correiobraziliense.com.br\/cbradar\/wp-json\/wp\/v2\/users\/9"}],"replies":[{"embeddable":true,"href":"https:\/\/www.correiobraziliense.com.br\/cbradar\/wp-json\/wp\/v2\/comments?post=150456"}],"version-history":[{"count":1,"href":"https:\/\/www.correiobraziliense.com.br\/cbradar\/wp-json\/wp\/v2\/posts\/150456\/revisions"}],"predecessor-version":[{"id":150462,"href":"https:\/\/www.correiobraziliense.com.br\/cbradar\/wp-json\/wp\/v2\/posts\/150456\/revisions\/150462"}],"wp:featuredmedia":[{"embeddable":true,"href":"https:\/\/www.correiobraziliense.com.br\/cbradar\/wp-json\/wp\/v2\/media\/150558"}],"wp:attachment":[{"href":"https:\/\/www.correiobraziliense.com.br\/cbradar\/wp-json\/wp\/v2\/media?parent=150456"}],"wp:term":[{"taxonomy":"category","embeddable":true,"href":"https:\/\/www.correiobraziliense.com.br\/cbradar\/wp-json\/wp\/v2\/categories?post=150456"},{"taxonomy":"post_tag","embeddable":true,"href":"https:\/\/www.correiobraziliense.com.br\/cbradar\/wp-json\/wp\/v2\/post_tag?post=150456"}],"curies":[{"name":"wp","href":"https:\/\/api.w.org\/{rel}","templated":true}]}}