{"id":150480,"date":"2025-12-06T19:55:00","date_gmt":"2025-12-06T22:55:00","guid":{"rendered":"https:\/\/www.correiobraziliense.com.br\/cbradar\/?p=150480"},"modified":"2025-12-05T11:05:58","modified_gmt":"2025-12-05T14:05:58","slug":"essa-erva-protege-seu-figado-e-ajuda-seu-corpo-a-se-livrar-das-toxinas-que-te-deixam-pesado","status":"publish","type":"post","link":"https:\/\/www.correiobraziliense.com.br\/cbradar\/essa-erva-protege-seu-figado-e-ajuda-seu-corpo-a-se-livrar-das-toxinas-que-te-deixam-pesado\/","title":{"rendered":"Essa erva protege seu f\u00edgado e ajuda seu corpo a se livrar das toxinas que te deixam pesado"},"content":{"rendered":"\n<p>O <strong>cardo mariano<\/strong>, tamb\u00e9m conhecido como cardo-leiteiro (<em>Silybum marianum<\/em> (L.) Gaertn.), \u00e9 uma <strong>planta medicinal<\/strong> reverenciada por suas <strong>propriedades hepatoprotetoras<\/strong>, sendo h\u00e1 s\u00e9culos utilizada para tratar doen\u00e7as do f\u00edgado e da ves\u00edcula biliar. Seus <strong>compostos bioativos<\/strong> concentrados nas sementes, especialmente a silimarina, oferecem <strong>benef\u00edcios terap\u00eauticos<\/strong> cruciais para a desintoxica\u00e7\u00e3o e regenera\u00e7\u00e3o celular hep\u00e1tica.<\/p>\n\n\n\n<ul class=\"wp-block-list\">\n<li>Exerce poderoso <strong>efeito hepatoprotetor<\/strong>, protegendo as c\u00e9lulas do f\u00edgado contra toxinas.<\/li>\n\n\n\n<li>Estimula a <strong>regenera\u00e7\u00e3o celular hep\u00e1tica<\/strong>, auxiliando na recupera\u00e7\u00e3o de danos.<\/li>\n\n\n\n<li>Possui <strong>a\u00e7\u00e3o antioxidante<\/strong> intensa, essencial para o processo de desintoxica\u00e7\u00e3o.<\/li>\n<\/ul>\n\n\n\n<h2 class=\"wp-block-heading\">Efeito hepatoprotetor e defesa contra toxinas<\/h2>\n\n\n\n<p>A principal <strong>propriedade medicinal<\/strong> do cardo mariano reside na <strong>silimarina<\/strong>, um complexo de flavonoides encontrado em suas sementes. A silimarina age estabilizando as membranas das c\u00e9lulas do f\u00edgado (hepat\u00f3citos), dificultando a penetra\u00e7\u00e3o de subst\u00e2ncias t\u00f3xicas, como \u00e1lcool e medicamentos, no interior dessas c\u00e9lulas. Este <strong>efeito hepatoprotetor<\/strong> \u00e9 crucial para a fun\u00e7\u00e3o desintoxicante do f\u00edgado. Segundo a renomada obra de Fitoterapia de Sim\u00f5es e colaboradores,<\/p>\n\n\n\n<blockquote class=\"wp-block-quote is-layout-flow wp-block-quote-is-layout-flow\">\n<p><em>&#8220;A silimarina age como um escudo, reduzindo a capta\u00e7\u00e3o de toxinas, incluindo a amatoxina (veneno de cogumelo), pelos hepat\u00f3citos, e modula a permeabilidade da membrana celular hep\u00e1tica&#8221;<\/em> (SIM\u00d5ES <em>et al<\/em>., 2017).<\/p>\n<\/blockquote>\n\n\n<div class=\"wp-block-image\">\n<figure class=\"aligncenter size-large\"><img decoding=\"async\" width=\"1024\" height=\"576\" src=\"https:\/\/www.correiobraziliense.com.br\/cbradar\/wp-content\/uploads\/2025\/12\/Gemini_Generated_Image_z7csp9z7csp9z7cs-1-1024x576.png\" alt=\"\" class=\"wp-image-150483\" srcset=\"https:\/\/www.correiobraziliense.com.br\/cbradar\/wp-content\/uploads\/2025\/12\/Gemini_Generated_Image_z7csp9z7csp9z7cs-1-1024x576.png 1024w, https:\/\/www.correiobraziliense.com.br\/cbradar\/wp-content\/uploads\/2025\/12\/Gemini_Generated_Image_z7csp9z7csp9z7cs-1-300x169.png 300w, https:\/\/www.correiobraziliense.com.br\/cbradar\/wp-content\/uploads\/2025\/12\/Gemini_Generated_Image_z7csp9z7csp9z7cs-1-768x432.png 768w, https:\/\/www.correiobraziliense.com.br\/cbradar\/wp-content\/uploads\/2025\/12\/Gemini_Generated_Image_z7csp9z7csp9z7cs-1-750x422.png 750w, https:\/\/www.correiobraziliense.com.br\/cbradar\/wp-content\/uploads\/2025\/12\/Gemini_Generated_Image_z7csp9z7csp9z7cs-1-1140x641.png 1140w, https:\/\/www.correiobraziliense.com.br\/cbradar\/wp-content\/uploads\/2025\/12\/Gemini_Generated_Image_z7csp9z7csp9z7cs-1.png 1280w\" sizes=\"(max-width: 1024px) 100vw, 1024px\" \/><figcaption class=\"wp-element-caption\">Possui a\u00e7\u00e3o antioxidante intensa, essencial para o processo de desintoxica\u00e7\u00e3o.<\/figcaption><\/figure><\/div>\n\n\n<p>Leia tamb\u00e9m: <a href=\"https:\/\/www.correiobraziliense.com.br\/cbradar\/estudos-revelam-beneficios-impressionantes-desta-fruta-para-digestao-e-celulas\/\" target=\"_blank\" rel=\"noreferrer noopener\">Estudos revelam benef\u00edcios impressionantes desta fruta para digest\u00e3o e c\u00e9lulas<\/a><\/p>\n\n\n\n<h2 class=\"wp-block-heading\">Est\u00edmulo \u00e0 regenera\u00e7\u00e3o celular hep\u00e1tica<\/h2>\n\n\n\n<p>Outro <strong>benef\u00edcio terap\u00eautico<\/strong> vital do cardo mariano \u00e9 sua capacidade de estimular a s\u00edntese proteica nos hepat\u00f3citos, um processo que leva \u00e0 <strong>regenera\u00e7\u00e3o das c\u00e9lulas do f\u00edgado<\/strong> danificadas. Isso \u00e9 especialmente importante ap\u00f3s les\u00f5es causadas por inflama\u00e7\u00f5es cr\u00f4nicas ou exposi\u00e7\u00e3o a toxinas. A silimarina n\u00e3o apenas protege as c\u00e9lulas existentes, mas tamb\u00e9m promove a forma\u00e7\u00e3o de novas c\u00e9lulas saud\u00e1veis. Pesquisas publicadas na <em>Revista Brasileira de Farmacognosia<\/em> destacam esse mecanismo.<\/p>\n\n\n\n<blockquote class=\"wp-block-quote is-layout-flow wp-block-quote-is-layout-flow\">\n<p><em>&#8220;O complexo silimarina demonstrou, em estudos cl\u00ednicos e pr\u00e9-cl\u00ednicos, a capacidade de aumentar a s\u00edntese de prote\u00ednas no f\u00edgado, acelerando a taxa de regenera\u00e7\u00e3o hep\u00e1tica em casos de les\u00f5es t\u00f3xicas&#8221;<\/em> (FERNANDES <em>et al<\/em>., 2015).<\/p>\n<\/blockquote>\n\n\n\n<p><strong>Dica de Uso<\/strong>: Devido \u00e0 baixa solubilidade da silimarina em \u00e1gua, o uso mais eficaz do cardo mariano para <strong>desintoxica\u00e7\u00e3o do f\u00edgado<\/strong> \u00e9 atrav\u00e9s de extratos padronizados (c\u00e1psulas ou tinturas), onde a concentra\u00e7\u00e3o do <strong>princ\u00edpio ativo<\/strong> \u00e9 garantida. Consulte um profissional de sa\u00fade para a dose adequada.<\/p>\n\n\n\n<h2 class=\"wp-block-heading\">A\u00e7\u00e3o antioxidante e combate ao estresse oxidativo<\/h2>\n\n\n\n<p>O f\u00edgado, por ser o principal \u00f3rg\u00e3o de desintoxica\u00e7\u00e3o, est\u00e1 constantemente sujeito a um alto n\u00edvel de <strong>estresse oxidativo<\/strong>. As <strong>propriedades antioxidantes<\/strong> do cardo mariano s\u00e3o poderosas, superando at\u00e9 mesmo a vitamina E em alguns testes. A silimarina neutraliza os radicais livres gerados durante o metabolismo e a desintoxica\u00e7\u00e3o de toxinas, prevenindo o dano celular e a inflama\u00e7\u00e3o, o que \u00e9 um <strong>fator chave<\/strong> na preven\u00e7\u00e3o de doen\u00e7as hep\u00e1ticas cr\u00f4nicas. O papel da silimarina como antioxidante \u00e9 bem estabelecido na farmacologia.<\/p>\n\n\n\n<blockquote class=\"wp-block-quote is-layout-flow wp-block-quote-is-layout-flow\">\n<p><em>&#8220;A silimarina atua como um potente varredor de radicais livres, elevando os n\u00edveis de glutationa, um dos principais antioxidantes end\u00f3genos, fortalecendo as defesas celulares contra o estresse oxidativo&#8221;<\/em> (WAGNER; BLADT, 2001).<\/p>\n<\/blockquote>\n\n\n\n<p>Para aprofundar essa t\u00e9cnica, selecionamos o conte\u00fado do canal <a href=\"https:\/\/www.youtube.com\/@dr_yano\" target=\"_blank\" rel=\"noreferrer noopener\">Dr. Roberto Yano<\/a>,  que j\u00e1 conta com mais de 3 milh\u00f5es de inscritos. No v\u00eddeo a seguir, o m\u00e9dico detalha outros benef\u00edcios dessa erva na sa\u00fade:<\/p>\n\n\n\n<figure class=\"wp-block-embed is-type-video is-provider-youtube wp-block-embed-youtube wp-embed-aspect-16-9 wp-has-aspect-ratio\"><div class=\"wp-block-embed__wrapper\">\n<div class=\"jeg_video_container jeg_video_content\"><iframe loading=\"lazy\" title=\"A PLANTA N\u00daMERO 1 PARA DESINTOXICAR O SEU F\u00cdGADO!\" width=\"500\" height=\"281\" src=\"https:\/\/www.youtube.com\/embed\/hLqQf3hGuf8?start=1&#038;feature=oembed\" frameborder=\"0\" allow=\"accelerometer; autoplay; clipboard-write; encrypted-media; gyroscope; picture-in-picture; web-share\" referrerpolicy=\"strict-origin-when-cross-origin\" allowfullscreen><\/iframe><\/div>\n<\/div><\/figure>\n\n\n\n<h2 class=\"wp-block-heading\">Uma prote\u00e7\u00e3o natural para a sa\u00fade hep\u00e1tica<\/h2>\n\n\n\n<p>O cardo mariano \u00e9 muito mais do que uma planta ornamental; \u00e9 uma fonte concentrada de <strong>fitoqu\u00edmicos<\/strong> com <strong>evid\u00eancias cient\u00edficas<\/strong> robustas para o suporte da fun\u00e7\u00e3o hep\u00e1tica. Seus mecanismos de a\u00e7\u00e3o de prote\u00e7\u00e3o, regenera\u00e7\u00e3o e <strong>a\u00e7\u00e3o antioxidante<\/strong> o colocam no centro da fitoterapia para a sa\u00fade do f\u00edgado e o processo de <strong>desintoxica\u00e7\u00e3o<\/strong>.<\/p>\n\n\n\n<ul class=\"wp-block-list\">\n<li>A <strong>silimarina<\/strong> \u00e9 o <strong>composto ativo<\/strong> essencial que confere ao cardo mariano seu poderoso <strong>efeito hepatoprotetor<\/strong>, protegendo contra a toxicidade.<\/li>\n\n\n\n<li>Ao estimular a s\u00edntese proteica, o cardo mariano demonstra a capacidade de <strong>regenerar c\u00e9lulas hep\u00e1ticas<\/strong> danificadas, auxiliando na recupera\u00e7\u00e3o do \u00f3rg\u00e3o.<\/li>\n\n\n\n<li>O intenso poder antioxidante da planta \u00e9 fundamental para neutralizar os radicais livres gerados no f\u00edgado, prevenindo danos oxidativos cr\u00f4nicos.<\/li>\n<\/ul>\n\n\n\n<h2 class=\"wp-block-heading\">Refer\u00eancias Bibliogr\u00e1ficas<\/h2>\n\n\n\n<ul class=\"wp-block-list\">\n<li>FERNANDES, Paulo Augusto Silva <em>et al<\/em>. Revis\u00e3o da <em>Silybum marianum<\/em> (L.) Gaertn (Cardo Mariano): da farmacognosia ao uso cl\u00ednico. <em>Revista Brasileira de Farmacognosia<\/em>, v. 25, n. 4, p. 433-441, 2015.<\/li>\n\n\n\n<li>MATOS, Francisco Jos\u00e9 de Abreu. <em>Farmacognosia: do produto natural ao medicamento<\/em>. 7. ed. Fortaleza: Edi\u00e7\u00f5es UFC, 2009.<\/li>\n\n\n\n<li>SIM\u00d5ES, Cl\u00e1udia Maria de Oliveira <em>et al<\/em>. <em>Farmacognosia: Bases Cient\u00edficas para a Pr\u00e1tica Cl\u00ednica<\/em>. 7. ed. Porto Alegre: Artmed, 2017.<\/li>\n\n\n\n<li>WAGNER, Hildebert; BLADT, Siegfried. <em>Plant Drug Analysis: A Thin Layer Chromatography Atlas<\/em>. 2. ed. Berlin: Springer, 2001<\/li>\n<\/ul>\n","protected":false},"excerpt":{"rendered":"<p>O cardo mariano, tamb\u00e9m conhecido como cardo-leiteiro (Silybum marianum (L.) Gaertn.), \u00e9 uma planta medicinal reverenciada por suas propriedades hepatoprotetoras, sendo h\u00e1 s\u00e9culos utilizada para tratar doen\u00e7as do f\u00edgado e da ves\u00edcula biliar. Seus compostos bioativos concentrados nas sementes, especialmente a silimarina, oferecem benef\u00edcios terap\u00eauticos cruciais para a desintoxica\u00e7\u00e3o e regenera\u00e7\u00e3o celular hep\u00e1tica. Efeito hepatoprotetor [&hellip;]<\/p>\n","protected":false},"author":9,"featured_media":150571,"comment_status":"open","ping_status":"open","sticky":false,"template":"","format":"standard","meta":{"_yoast_wpseo_focuskw":"Cardo Mariano para Desintoxica\u00e7\u00e3o","_yoast_wpseo_title":"","_yoast_wpseo_metadesc":"Uma planta que protege o f\u00edgado, estimula a regenera\u00e7\u00e3o celular e combate toxinas, oferecendo suporte natural ao processo de desintoxica\u00e7\u00e3o.","jnews-multi-image_gallery":[],"jnews_single_post":{"format":"standard"},"jnews_primary_category":[],"jnews_social_meta":[],"jnews_override_counter":[],"footnotes":""},"categories":[119],"tags":[12330,4167,1318],"class_list":["post-150480","post","type-post","status-publish","format-standard","has-post-thumbnail","hentry","category-bem-estar","tag-cardo-mariano-2","tag-figado","tag-saude-2"],"yoast_head":"<!-- This site is optimized with the Yoast SEO plugin v24.6 - https:\/\/yoast.com\/wordpress\/plugins\/seo\/ -->\n<title>Essa erva protege seu f\u00edgado e ajuda seu corpo a se livrar das toxinas que te deixam pesado - Correio Braziliense - Radar<\/title>\n<meta name=\"description\" content=\"Uma planta que protege o f\u00edgado, estimula a regenera\u00e7\u00e3o celular e combate toxinas, oferecendo suporte natural ao processo de desintoxica\u00e7\u00e3o.\" \/>\n<meta name=\"robots\" content=\"index, follow, max-snippet:-1, max-image-preview:large, max-video-preview:-1\" \/>\n<link rel=\"canonical\" href=\"https:\/\/www.correiobraziliense.com.br\/cbradar\/essa-erva-protege-seu-figado-e-ajuda-seu-corpo-a-se-livrar-das-toxinas-que-te-deixam-pesado\/\" \/>\n<meta property=\"og:locale\" content=\"pt_BR\" \/>\n<meta property=\"og:type\" content=\"article\" \/>\n<meta property=\"og:title\" content=\"Essa erva protege seu f\u00edgado e ajuda seu corpo a se livrar das toxinas que te deixam pesado - Correio Braziliense - Radar\" \/>\n<meta property=\"og:description\" content=\"Uma planta que protege o f\u00edgado, estimula a regenera\u00e7\u00e3o celular e combate toxinas, oferecendo suporte natural ao processo de desintoxica\u00e7\u00e3o.\" \/>\n<meta property=\"og:url\" content=\"https:\/\/www.correiobraziliense.com.br\/cbradar\/essa-erva-protege-seu-figado-e-ajuda-seu-corpo-a-se-livrar-das-toxinas-que-te-deixam-pesado\/\" \/>\n<meta property=\"og:site_name\" content=\"Correio Braziliense - Radar\" \/>\n<meta property=\"article:published_time\" content=\"2025-12-06T22:55:00+00:00\" \/>\n<meta property=\"og:image\" content=\"https:\/\/www.correiobraziliense.com.br\/cbradar\/wp-content\/uploads\/2025\/12\/freepik__cenrio-simblico-com-um-escudo-translcido-envolvend__32278.jpeg\" \/>\n\t<meta property=\"og:image:width\" content=\"1280\" \/>\n\t<meta property=\"og:image:height\" content=\"720\" \/>\n\t<meta property=\"og:image:type\" content=\"image\/jpeg\" \/>\n<meta name=\"author\" content=\"Daniely Cardoso\" \/>\n<meta name=\"twitter:card\" content=\"summary_large_image\" \/>\n<meta name=\"twitter:label1\" content=\"Escrito por\" \/>\n\t<meta name=\"twitter:data1\" content=\"Daniely Cardoso\" \/>\n\t<meta name=\"twitter:label2\" content=\"Est. tempo de leitura\" \/>\n\t<meta name=\"twitter:data2\" content=\"4 minutos\" \/>\n<!-- \/ Yoast SEO plugin. -->","yoast_head_json":{"title":"Essa erva protege seu f\u00edgado e ajuda seu corpo a se livrar das toxinas que te deixam pesado - Correio Braziliense - Radar","description":"Uma planta que protege o f\u00edgado, estimula a regenera\u00e7\u00e3o celular e combate toxinas, oferecendo suporte natural ao processo de desintoxica\u00e7\u00e3o.","robots":{"index":"index","follow":"follow","max-snippet":"max-snippet:-1","max-image-preview":"max-image-preview:large","max-video-preview":"max-video-preview:-1"},"canonical":"https:\/\/www.correiobraziliense.com.br\/cbradar\/essa-erva-protege-seu-figado-e-ajuda-seu-corpo-a-se-livrar-das-toxinas-que-te-deixam-pesado\/","og_locale":"pt_BR","og_type":"article","og_title":"Essa erva protege seu f\u00edgado e ajuda seu corpo a se livrar das toxinas que te deixam pesado - Correio Braziliense - Radar","og_description":"Uma planta que protege o f\u00edgado, estimula a regenera\u00e7\u00e3o celular e combate toxinas, oferecendo suporte natural ao processo de desintoxica\u00e7\u00e3o.","og_url":"https:\/\/www.correiobraziliense.com.br\/cbradar\/essa-erva-protege-seu-figado-e-ajuda-seu-corpo-a-se-livrar-das-toxinas-que-te-deixam-pesado\/","og_site_name":"Correio Braziliense - Radar","article_published_time":"2025-12-06T22:55:00+00:00","og_image":[{"width":1280,"height":720,"url":"https:\/\/www.correiobraziliense.com.br\/cbradar\/wp-content\/uploads\/2025\/12\/freepik__cenrio-simblico-com-um-escudo-translcido-envolvend__32278.jpeg","type":"image\/jpeg"}],"author":"Daniely Cardoso","twitter_card":"summary_large_image","twitter_misc":{"Escrito por":"Daniely Cardoso","Est. tempo de leitura":"4 minutos"},"schema":{"@context":"https:\/\/schema.org","@graph":[{"@type":"WebPage","@id":"https:\/\/www.correiobraziliense.com.br\/cbradar\/essa-erva-protege-seu-figado-e-ajuda-seu-corpo-a-se-livrar-das-toxinas-que-te-deixam-pesado\/","url":"https:\/\/www.correiobraziliense.com.br\/cbradar\/essa-erva-protege-seu-figado-e-ajuda-seu-corpo-a-se-livrar-das-toxinas-que-te-deixam-pesado\/","name":"Essa erva protege seu f\u00edgado e ajuda seu corpo a se livrar das toxinas que te deixam pesado - Correio Braziliense - Radar","isPartOf":{"@id":"https:\/\/www.correiobraziliense.com.br\/cbradar\/#website"},"primaryImageOfPage":{"@id":"https:\/\/www.correiobraziliense.com.br\/cbradar\/essa-erva-protege-seu-figado-e-ajuda-seu-corpo-a-se-livrar-das-toxinas-que-te-deixam-pesado\/#primaryimage"},"image":{"@id":"https:\/\/www.correiobraziliense.com.br\/cbradar\/essa-erva-protege-seu-figado-e-ajuda-seu-corpo-a-se-livrar-das-toxinas-que-te-deixam-pesado\/#primaryimage"},"thumbnailUrl":"https:\/\/www.correiobraziliense.com.br\/cbradar\/wp-content\/uploads\/2025\/12\/freepik__cenrio-simblico-com-um-escudo-translcido-envolvend__32278.jpeg","datePublished":"2025-12-06T22:55:00+00:00","author":{"@id":"https:\/\/www.correiobraziliense.com.br\/cbradar\/#\/schema\/person\/7356666e12ec0ee53f348ee5db227032"},"description":"Uma planta que protege o f\u00edgado, estimula a regenera\u00e7\u00e3o celular e combate toxinas, oferecendo suporte natural ao processo de desintoxica\u00e7\u00e3o.","breadcrumb":{"@id":"https:\/\/www.correiobraziliense.com.br\/cbradar\/essa-erva-protege-seu-figado-e-ajuda-seu-corpo-a-se-livrar-das-toxinas-que-te-deixam-pesado\/#breadcrumb"},"inLanguage":"pt-BR","potentialAction":[{"@type":"ReadAction","target":["https:\/\/www.correiobraziliense.com.br\/cbradar\/essa-erva-protege-seu-figado-e-ajuda-seu-corpo-a-se-livrar-das-toxinas-que-te-deixam-pesado\/"]}]},{"@type":"ImageObject","inLanguage":"pt-BR","@id":"https:\/\/www.correiobraziliense.com.br\/cbradar\/essa-erva-protege-seu-figado-e-ajuda-seu-corpo-a-se-livrar-das-toxinas-que-te-deixam-pesado\/#primaryimage","url":"https:\/\/www.correiobraziliense.com.br\/cbradar\/wp-content\/uploads\/2025\/12\/freepik__cenrio-simblico-com-um-escudo-translcido-envolvend__32278.jpeg","contentUrl":"https:\/\/www.correiobraziliense.com.br\/cbradar\/wp-content\/uploads\/2025\/12\/freepik__cenrio-simblico-com-um-escudo-translcido-envolvend__32278.jpeg","width":1280,"height":720,"caption":"O cardo mariano \u00e9 utilizado h\u00e1 s\u00e9culos na medicina tradicional para cuidados com o f\u00edgado"},{"@type":"BreadcrumbList","@id":"https:\/\/www.correiobraziliense.com.br\/cbradar\/essa-erva-protege-seu-figado-e-ajuda-seu-corpo-a-se-livrar-das-toxinas-que-te-deixam-pesado\/#breadcrumb","itemListElement":[{"@type":"ListItem","position":1,"name":"In\u00edcio","item":"https:\/\/www.correiobraziliense.com.br\/cbradar\/"},{"@type":"ListItem","position":2,"name":"Essa erva protege seu f\u00edgado e ajuda seu corpo a se livrar das toxinas que te deixam pesado"}]},{"@type":"WebSite","@id":"https:\/\/www.correiobraziliense.com.br\/cbradar\/#website","url":"https:\/\/www.correiobraziliense.com.br\/cbradar\/","name":"Correio Braziliense - Radar","description":"Acompanhe as \u00faltimas not\u00edcias e fique bem informado sobre tudo o que acontece no Brasil e no mundo.","potentialAction":[{"@type":"SearchAction","target":{"@type":"EntryPoint","urlTemplate":"https:\/\/www.correiobraziliense.com.br\/cbradar\/?s={search_term_string}"},"query-input":{"@type":"PropertyValueSpecification","valueRequired":true,"valueName":"search_term_string"}}],"inLanguage":"pt-BR"},{"@type":"Person","@id":"https:\/\/www.correiobraziliense.com.br\/cbradar\/#\/schema\/person\/7356666e12ec0ee53f348ee5db227032","name":"Daniely Cardoso","image":{"@type":"ImageObject","inLanguage":"pt-BR","@id":"https:\/\/www.correiobraziliense.com.br\/cbradar\/#\/schema\/person\/image\/","url":"https:\/\/secure.gravatar.com\/avatar\/4b80ddbd124d1f071b626d52d62e5dff?s=96&d=mm&r=g","contentUrl":"https:\/\/secure.gravatar.com\/avatar\/4b80ddbd124d1f071b626d52d62e5dff?s=96&d=mm&r=g","caption":"Daniely Cardoso"},"description":"Redatora nos portais CB Radar e EM Foco, formada pela Universidade Federal de Goi\u00e1s, em Goi\u00e2nia. Apaixonada por comunica\u00e7\u00e3o, arte, decora\u00e7\u00e3o e tend\u00eancias, atuo na produ\u00e7\u00e3o de conte\u00fados envolventes sobre curiosidades, moda, beleza e paisagismo, sempre com um olhar atento \u00e0s novidades do momento.","sameAs":["https:\/\/www.correiobraziliense.com.br\/cbradar"],"url":"https:\/\/www.correiobraziliense.com.br\/cbradar\/author\/danielymyth\/"}]}},"_links":{"self":[{"href":"https:\/\/www.correiobraziliense.com.br\/cbradar\/wp-json\/wp\/v2\/posts\/150480","targetHints":{"allow":["GET"]}}],"collection":[{"href":"https:\/\/www.correiobraziliense.com.br\/cbradar\/wp-json\/wp\/v2\/posts"}],"about":[{"href":"https:\/\/www.correiobraziliense.com.br\/cbradar\/wp-json\/wp\/v2\/types\/post"}],"author":[{"embeddable":true,"href":"https:\/\/www.correiobraziliense.com.br\/cbradar\/wp-json\/wp\/v2\/users\/9"}],"replies":[{"embeddable":true,"href":"https:\/\/www.correiobraziliense.com.br\/cbradar\/wp-json\/wp\/v2\/comments?post=150480"}],"version-history":[{"count":2,"href":"https:\/\/www.correiobraziliense.com.br\/cbradar\/wp-json\/wp\/v2\/posts\/150480\/revisions"}],"predecessor-version":[{"id":150484,"href":"https:\/\/www.correiobraziliense.com.br\/cbradar\/wp-json\/wp\/v2\/posts\/150480\/revisions\/150484"}],"wp:featuredmedia":[{"embeddable":true,"href":"https:\/\/www.correiobraziliense.com.br\/cbradar\/wp-json\/wp\/v2\/media\/150571"}],"wp:attachment":[{"href":"https:\/\/www.correiobraziliense.com.br\/cbradar\/wp-json\/wp\/v2\/media?parent=150480"}],"wp:term":[{"taxonomy":"category","embeddable":true,"href":"https:\/\/www.correiobraziliense.com.br\/cbradar\/wp-json\/wp\/v2\/categories?post=150480"},{"taxonomy":"post_tag","embeddable":true,"href":"https:\/\/www.correiobraziliense.com.br\/cbradar\/wp-json\/wp\/v2\/tags?post=150480"}],"curies":[{"name":"wp","href":"https:\/\/api.w.org\/{rel}","templated":true}]}}