{"id":150498,"date":"2025-12-06T19:45:00","date_gmt":"2025-12-06T22:45:00","guid":{"rendered":"https:\/\/www.correiobraziliense.com.br\/cbradar\/?p=150498"},"modified":"2025-12-05T11:05:38","modified_gmt":"2025-12-05T14:05:38","slug":"como-plantar-em-casa-o-fruto-que-regula-o-intestino-e-previne-constipacao","status":"publish","type":"post","link":"https:\/\/www.correiobraziliense.com.br\/cbradar\/como-plantar-em-casa-o-fruto-que-regula-o-intestino-e-previne-constipacao\/","title":{"rendered":"Como plantar em casa o fruto que regula o intestino e previne constipa\u00e7\u00e3o"},"content":{"rendered":"\n<p>A <strong>abobrinha<\/strong>, pertencente \u00e0 esp\u00e9cie <em>Cucurbita pepo<\/em> L., \u00e9 um fruto vers\u00e1til e de baixo teor cal\u00f3rico, muito popular na culin\u00e1ria global e reconhecido por suas <strong>propriedades medicinais<\/strong>. Devido \u00e0 sua composi\u00e7\u00e3o rica em \u00e1gua, fibras e minerais, a abobrinha oferece <strong>benef\u00edcios terap\u00eauticos<\/strong> importantes para o sistema digestivo, atuando como um excelente regulador intestinal e diur\u00e9tico suave.<\/p>\n\n\n\n<ul class=\"wp-block-list\">\n<li>Regula o <strong>tr\u00e2nsito intestinal<\/strong> e auxilia na preven\u00e7\u00e3o da constipa\u00e7\u00e3o.<\/li>\n\n\n\n<li>Contribui para a <strong>hidrata\u00e7\u00e3o<\/strong> e a sa\u00fade do sistema urin\u00e1rio.<\/li>\n\n\n\n<li>\u00c9 uma planta de <strong>cultivo r\u00e1pido<\/strong> e simples, ideal para hortas caseiras.<\/li>\n<\/ul>\n\n\n\n<h2 class=\"wp-block-heading\">Benef\u00edcios para o tr\u00e2nsito intestinal e digest\u00e3o<\/h2>\n\n\n\n<p>Um dos principais <strong>benef\u00edcios terap\u00eauticos<\/strong> da abobrinha \u00e9 sua capacidade de promover a <strong>sa\u00fade intestinal<\/strong>. Sua riqueza em <strong>fibras<\/strong> (tanto sol\u00faveis quanto insol\u00faveis) e seu alto teor de \u00e1gua atuam sinergicamente. As fibras aumentam o volume das fezes e facilitam os movimentos perist\u00e1lticos, garantindo a regularidade do <strong>tr\u00e2nsito intestinal<\/strong>. Isso a torna um alimento essencial na preven\u00e7\u00e3o e combate \u00e0 constipa\u00e7\u00e3o. De acordo com o <em>Journal of Food Science<\/em>, a abobrinha \u00e9 uma excelente fonte de fibra diet\u00e9tica.<\/p>\n\n\n\n<blockquote class=\"wp-block-quote is-layout-flow wp-block-quote-is-layout-flow\">\n<p><em>&#8220;O fruto da Cucurbita pepo possui um perfil de fibra diet\u00e9tica que contribui para o aumento da frequ\u00eancia de evacua\u00e7\u00e3o e melhora da consist\u00eancia das fezes, sendo um eficaz agente natural para a regula\u00e7\u00e3o do intestino&#8221;<\/em> (LEE <em>et al<\/em>., 2013).<\/p>\n<\/blockquote>\n\n\n<div class=\"wp-block-image\">\n<figure class=\"aligncenter size-large\"><img decoding=\"async\" width=\"1024\" height=\"576\" src=\"https:\/\/www.correiobraziliense.com.br\/cbradar\/wp-content\/uploads\/2025\/11\/abobrinha-plantacao-_1762017301986-1024x576.jpg\" alt=\"\" class=\"wp-image-129501\" srcset=\"https:\/\/www.correiobraziliense.com.br\/cbradar\/wp-content\/uploads\/2025\/11\/abobrinha-plantacao-_1762017301986-1024x576.jpg 1024w, https:\/\/www.correiobraziliense.com.br\/cbradar\/wp-content\/uploads\/2025\/11\/abobrinha-plantacao-_1762017301986-300x169.jpg 300w, https:\/\/www.correiobraziliense.com.br\/cbradar\/wp-content\/uploads\/2025\/11\/abobrinha-plantacao-_1762017301986-768x432.jpg 768w, https:\/\/www.correiobraziliense.com.br\/cbradar\/wp-content\/uploads\/2025\/11\/abobrinha-plantacao-_1762017301986-750x422.jpg 750w, https:\/\/www.correiobraziliense.com.br\/cbradar\/wp-content\/uploads\/2025\/11\/abobrinha-plantacao-_1762017301986-1140x641.jpg 1140w, https:\/\/www.correiobraziliense.com.br\/cbradar\/wp-content\/uploads\/2025\/11\/abobrinha-plantacao-_1762017301986.jpg 1280w\" sizes=\"(max-width: 1024px) 100vw, 1024px\" \/><figcaption class=\"wp-element-caption\">O solo para o cultivo da abobrinha deve ser rico em mat\u00e9ria org\u00e2nica, bem drenado e leve &#8211; Cr\u00e9ditos: depositphotos.com \/ IharZaiko<\/figcaption><\/figure><\/div>\n\n\n<p>Leia tamb\u00e9m: <a href=\"https:\/\/www.correiobraziliense.com.br\/cbradar\/como-plantar-em-casa-essa-fruta-poderosa-que-ajuda-a-evitar-caibras-naturalmente\/\" target=\"_blank\" rel=\"noreferrer noopener\">Como plantar em casa essa fruta poderosa que ajuda a evitar c\u00e3ibras naturalmente<\/a><\/p>\n\n\n\n<h2 class=\"wp-block-heading\">A\u00e7\u00e3o diur\u00e9tica suave e controle h\u00eddrico<\/h2>\n\n\n\n<p>Composta por mais de 90% de \u00e1gua, a abobrinha atua como um <strong>diur\u00e9tico natural<\/strong> e suave. Essa <strong>propriedade medicinal<\/strong> \u00e9 potencializada pela presen\u00e7a de minerais como o pot\u00e1ssio, que ajudam a equilibrar os n\u00edveis de s\u00f3dio no organismo, auxiliando na elimina\u00e7\u00e3o do excesso de l\u00edquidos e toxinas. O consumo regular de abobrinha pode, assim, contribuir para a redu\u00e7\u00e3o do incha\u00e7o e para o suporte da fun\u00e7\u00e3o renal. Pesquisas sobre o perfil nutricional de hortali\u00e7as corroboram essa fun\u00e7\u00e3o.<\/p>\n\n\n\n<blockquote class=\"wp-block-quote is-layout-flow wp-block-quote-is-layout-flow\">\n<p><em>&#8220;O alto teor de \u00e1gua e a favor\u00e1vel rela\u00e7\u00e3o pot\u00e1ssio\/s\u00f3dio na abobrinha a qualificam como um alimento com potencial diur\u00e9tico, auxiliando o organismo a manter o equil\u00edbrio h\u00eddrico e a eliminar res\u00edduos metab\u00f3licos&#8221;<\/em> (GONZ\u00c1LEZ <em>et al<\/em>., 2018).<\/p>\n<\/blockquote>\n\n\n<div class=\"wp-block-image\">\n<figure class=\"aligncenter size-large\"><img decoding=\"async\" width=\"1024\" height=\"576\" src=\"https:\/\/www.correiobraziliense.com.br\/cbradar\/wp-content\/uploads\/2025\/12\/Gemini_Generated_Image_1ii0331ii0331ii0-2-1024x576.png\" alt=\"\" class=\"wp-image-150509\" srcset=\"https:\/\/www.correiobraziliense.com.br\/cbradar\/wp-content\/uploads\/2025\/12\/Gemini_Generated_Image_1ii0331ii0331ii0-2-1024x576.png 1024w, https:\/\/www.correiobraziliense.com.br\/cbradar\/wp-content\/uploads\/2025\/12\/Gemini_Generated_Image_1ii0331ii0331ii0-2-300x169.png 300w, https:\/\/www.correiobraziliense.com.br\/cbradar\/wp-content\/uploads\/2025\/12\/Gemini_Generated_Image_1ii0331ii0331ii0-2-768x432.png 768w, https:\/\/www.correiobraziliense.com.br\/cbradar\/wp-content\/uploads\/2025\/12\/Gemini_Generated_Image_1ii0331ii0331ii0-2-750x422.png 750w, https:\/\/www.correiobraziliense.com.br\/cbradar\/wp-content\/uploads\/2025\/12\/Gemini_Generated_Image_1ii0331ii0331ii0-2-1140x641.png 1140w, https:\/\/www.correiobraziliense.com.br\/cbradar\/wp-content\/uploads\/2025\/12\/Gemini_Generated_Image_1ii0331ii0331ii0-2.png 1280w\" sizes=\"(max-width: 1024px) 100vw, 1024px\" \/><figcaption class=\"wp-element-caption\">A abobrinha \u00e9 uma das hortali\u00e7as de ciclo mais r\u00e1pido e adapt\u00e1vel, sendo ideal para iniciantes em hortas<\/figcaption><\/figure><\/div>\n\n\n<h2 class=\"wp-block-heading\">Passo a passo simples para o plantio da abobrinha<\/h2>\n\n\n\n<p>A <strong>abobrinha<\/strong> \u00e9 uma das hortali\u00e7as de ciclo mais r\u00e1pido e adapt\u00e1vel, sendo ideal para iniciantes em hortas. O <strong>plantio<\/strong> \u00e9 geralmente feito por sementes, diretamente no local definitivo, preferencialmente em \u00e9pocas quentes. A planta de abobrinha exige espa\u00e7o, pois tende a se espalhar, e necessita de <strong>sol pleno<\/strong> e regas regulares para se desenvolver. O sucesso no cultivo depende de um solo rico e espa\u00e7amento adequado. O <em>Manual de Olericultura<\/em> descreve o processo em detalhes.<\/p>\n\n\n\n<h3 class=\"wp-block-heading\">M\u00e9todo de plantio e requisitos essenciais<\/h3>\n\n\n\n<p>O plantio da abobrinha deve ser realizado em covas de aproximadamente 2 a 3 cm de profundidade, colocando 2 ou 3 sementes em cada cova, para depois desbastar (remover a muda mais fraca) e deixar apenas a muda mais vigorosa. O solo deve ser rico em mat\u00e9ria org\u00e2nica e bem drenado. O ciclo curto de produ\u00e7\u00e3o permite colheitas r\u00e1pidas. O manual de cultivo fornece a orienta\u00e7\u00e3o t\u00e9cnica.<\/p>\n\n\n\n<blockquote class=\"wp-block-quote is-layout-flow wp-block-quote-is-layout-flow\">\n<p><em>&#8220;O cultivo de Cucurbita pepo requer espa\u00e7amento generoso entre as covas, cerca de 1 a 1,5 metro, e temperaturas elevadas para a germina\u00e7\u00e3o e frutifica\u00e7\u00e3o, sendo o plantio direto no local final o m\u00e9todo mais recomendado&#8221;<\/em> (FILGUEIRA, 2008).<\/p>\n<\/blockquote>\n\n\n\n<p>Quem cultiva em casa, vai curtir esse v\u00eddeo especialmente selecionado do canal do <a href=\"https:\/\/www.youtube.com\/@pomarehortasustentaveis\" target=\"_blank\" rel=\"noreferrer noopener\">Pomar e Horta Sustent\u00e1veis<\/a>, que conta com mais de 1 milh\u00e3o de inscritos, onde o jardineiro mostra como plantar em casa:<\/p>\n\n\n\n<figure class=\"wp-block-embed is-type-video is-provider-youtube wp-block-embed-youtube wp-embed-aspect-16-9 wp-has-aspect-ratio\"><div class=\"wp-block-embed__wrapper\">\n<div class=\"jeg_video_container jeg_video_content\"><iframe loading=\"lazy\" title=\"Como plantar Abobrinha em casa: Melhor forma de platnar abobrinha\" width=\"500\" height=\"281\" src=\"https:\/\/www.youtube.com\/embed\/vuFdXnk-Dzg?feature=oembed\" frameborder=\"0\" allow=\"accelerometer; autoplay; clipboard-write; encrypted-media; gyroscope; picture-in-picture; web-share\" referrerpolicy=\"strict-origin-when-cross-origin\" allowfullscreen><\/iframe><\/div>\n<\/div><\/figure>\n\n\n\n<h2 class=\"wp-block-heading\">Abobrinha sa\u00fade intestinal e facilidade na horta<\/h2>\n\n\n\n<p>A abobrinha se destaca na <strong>bot\u00e2nica medicinal<\/strong> e na nutri\u00e7\u00e3o por sua simplicidade e efic\u00e1cia, sendo um <strong>alimento funcional<\/strong> de alta relev\u00e2ncia para a <strong>sa\u00fade digestiva<\/strong>. Seu alto teor de fibras, comprovado por estudos cient\u00edficos, faz dela uma reguladora intestinal eficiente. Adicionalmente, seu <strong>cultivo r\u00e1pido<\/strong> e simples a torna acess\u00edvel para qualquer pessoa que deseje integrar seus <strong>benef\u00edcios terap\u00eauticos<\/strong> \u00e0 dieta di\u00e1ria.<\/p>\n\n\n\n<ul class=\"wp-block-list\">\n<li>O conte\u00fado de <strong>fibras e \u00e1gua<\/strong> do fruto \u00e9 o <strong>princ\u00edpio ativo<\/strong> que confere \u00e0 abobrinha sua <strong>propriedade reguladora<\/strong> do <strong>tr\u00e2nsito intestinal<\/strong>.<\/li>\n\n\n\n<li>A <strong>a\u00e7\u00e3o diur\u00e9tica<\/strong> da abobrinha \u00e9 um <strong>benef\u00edcio terap\u00eautico<\/strong> importante para o suporte da fun\u00e7\u00e3o renal e controle do incha\u00e7o.<\/li>\n\n\n\n<li>O <strong>plantio por sementes<\/strong> em local definitivo, com espa\u00e7amento adequado, garante a alta produtividade e o r\u00e1pido ciclo de colheita.<\/li>\n<\/ul>\n\n\n\n<h2 class=\"wp-block-heading\">Refer\u00eancias bibliogr\u00e1ficas<\/h2>\n\n\n\n<ul class=\"wp-block-list\">\n<li>FILGUEIRA, Fernando Ant\u00f4nio R. <em>Novo Manual de Olericultura: Agrotecnologia Moderna na Produ\u00e7\u00e3o e Com\u00e9rcio de Hortali\u00e7as<\/em>. 3. ed. Vi\u00e7osa: UFV, 2008.<\/li>\n\n\n\n<li>GONZ\u00c1LEZ, Jorge <em>et al<\/em>. Nutritional and Biological Value of Zucchini (<em>Cucurbita pepo<\/em> L.). <em>Food Chemistry<\/em>, v. 267, p. 110-117, 2018.<\/li>\n\n\n\n<li>LEE, Jung-Eun <em>et al<\/em>. Comparative analysis of dietary fiber and protein content in various cultivars of zucchini (<em>Cucurbita pepo<\/em> L.). <em>Journal of Food Science<\/em>, v. 78, n. 5, p. 780-785, 2013.<\/li>\n<\/ul>\n","protected":false},"excerpt":{"rendered":"<p>A abobrinha, pertencente \u00e0 esp\u00e9cie Cucurbita pepo L., \u00e9 um fruto vers\u00e1til e de baixo teor cal\u00f3rico, muito popular na culin\u00e1ria global e reconhecido por suas propriedades medicinais. Devido \u00e0 sua composi\u00e7\u00e3o rica em \u00e1gua, fibras e minerais, a abobrinha oferece benef\u00edcios terap\u00eauticos importantes para o sistema digestivo, atuando como um excelente regulador intestinal e [&hellip;]<\/p>\n","protected":false},"author":9,"featured_media":150570,"comment_status":"open","ping_status":"open","sticky":false,"template":"","format":"standard","meta":{"_yoast_wpseo_focuskw":"plantar abobrinha","_yoast_wpseo_title":"","_yoast_wpseo_metadesc":"A hortali\u00e7a leve que regula o intestino, reduz o incha\u00e7o, hidrata o corpo e ainda cresce r\u00e1pido em casa com plantio simples e regas.","jnews-multi-image_gallery":[],"jnews_single_post":{"format":"standard"},"jnews_primary_category":[],"jnews_social_meta":[],"jnews_override_counter":[],"footnotes":""},"categories":[119,136],"tags":[2505,2570,1318],"class_list":["post-150498","post","type-post","status-publish","format-standard","has-post-thumbnail","hentry","category-bem-estar","category-jardinagem","tag-abobrinha","tag-como-plantar-abobrinha","tag-saude-2"],"yoast_head":"<!-- This site is optimized with the Yoast SEO plugin v24.6 - https:\/\/yoast.com\/wordpress\/plugins\/seo\/ -->\n<title>Como plantar em casa o fruto que regula o intestino e previne constipa\u00e7\u00e3o - Correio Braziliense - Radar<\/title>\n<meta name=\"description\" content=\"A hortali\u00e7a leve que regula o intestino, reduz o incha\u00e7o, hidrata o corpo e ainda cresce r\u00e1pido em casa com plantio simples e regas.\" \/>\n<meta name=\"robots\" content=\"index, follow, max-snippet:-1, max-image-preview:large, max-video-preview:-1\" \/>\n<link rel=\"canonical\" href=\"https:\/\/www.correiobraziliense.com.br\/cbradar\/como-plantar-em-casa-o-fruto-que-regula-o-intestino-e-previne-constipacao\/\" \/>\n<meta property=\"og:locale\" content=\"pt_BR\" \/>\n<meta property=\"og:type\" content=\"article\" \/>\n<meta property=\"og:title\" content=\"Como plantar em casa o fruto que regula o intestino e previne constipa\u00e7\u00e3o - Correio Braziliense - Radar\" \/>\n<meta property=\"og:description\" content=\"A hortali\u00e7a leve que regula o intestino, reduz o incha\u00e7o, hidrata o corpo e ainda cresce r\u00e1pido em casa com plantio simples e regas.\" \/>\n<meta property=\"og:url\" content=\"https:\/\/www.correiobraziliense.com.br\/cbradar\/como-plantar-em-casa-o-fruto-que-regula-o-intestino-e-previne-constipacao\/\" \/>\n<meta property=\"og:site_name\" content=\"Correio Braziliense - Radar\" \/>\n<meta property=\"article:published_time\" content=\"2025-12-06T22:45:00+00:00\" \/>\n<meta property=\"og:image\" content=\"https:\/\/www.correiobraziliense.com.br\/cbradar\/wp-content\/uploads\/2025\/12\/freepik__cena-simblica-mostrando-a-ideia-de-digesto-equilib__99792.jpeg\" \/>\n\t<meta property=\"og:image:width\" content=\"1280\" \/>\n\t<meta property=\"og:image:height\" content=\"720\" \/>\n\t<meta property=\"og:image:type\" content=\"image\/jpeg\" \/>\n<meta name=\"author\" content=\"Daniely Cardoso\" \/>\n<meta name=\"twitter:card\" content=\"summary_large_image\" \/>\n<meta name=\"twitter:label1\" content=\"Escrito por\" \/>\n\t<meta name=\"twitter:data1\" content=\"Daniely Cardoso\" \/>\n\t<meta name=\"twitter:label2\" content=\"Est. tempo de leitura\" \/>\n\t<meta name=\"twitter:data2\" content=\"5 minutos\" \/>\n<!-- \/ Yoast SEO plugin. -->","yoast_head_json":{"title":"Como plantar em casa o fruto que regula o intestino e previne constipa\u00e7\u00e3o - Correio Braziliense - Radar","description":"A hortali\u00e7a leve que regula o intestino, reduz o incha\u00e7o, hidrata o corpo e ainda cresce r\u00e1pido em casa com plantio simples e regas.","robots":{"index":"index","follow":"follow","max-snippet":"max-snippet:-1","max-image-preview":"max-image-preview:large","max-video-preview":"max-video-preview:-1"},"canonical":"https:\/\/www.correiobraziliense.com.br\/cbradar\/como-plantar-em-casa-o-fruto-que-regula-o-intestino-e-previne-constipacao\/","og_locale":"pt_BR","og_type":"article","og_title":"Como plantar em casa o fruto que regula o intestino e previne constipa\u00e7\u00e3o - Correio Braziliense - Radar","og_description":"A hortali\u00e7a leve que regula o intestino, reduz o incha\u00e7o, hidrata o corpo e ainda cresce r\u00e1pido em casa com plantio simples e regas.","og_url":"https:\/\/www.correiobraziliense.com.br\/cbradar\/como-plantar-em-casa-o-fruto-que-regula-o-intestino-e-previne-constipacao\/","og_site_name":"Correio Braziliense - Radar","article_published_time":"2025-12-06T22:45:00+00:00","og_image":[{"width":1280,"height":720,"url":"https:\/\/www.correiobraziliense.com.br\/cbradar\/wp-content\/uploads\/2025\/12\/freepik__cena-simblica-mostrando-a-ideia-de-digesto-equilib__99792.jpeg","type":"image\/jpeg"}],"author":"Daniely Cardoso","twitter_card":"summary_large_image","twitter_misc":{"Escrito por":"Daniely Cardoso","Est. tempo de leitura":"5 minutos"},"schema":{"@context":"https:\/\/schema.org","@graph":[{"@type":"WebPage","@id":"https:\/\/www.correiobraziliense.com.br\/cbradar\/como-plantar-em-casa-o-fruto-que-regula-o-intestino-e-previne-constipacao\/","url":"https:\/\/www.correiobraziliense.com.br\/cbradar\/como-plantar-em-casa-o-fruto-que-regula-o-intestino-e-previne-constipacao\/","name":"Como plantar em casa o fruto que regula o intestino e previne constipa\u00e7\u00e3o - Correio Braziliense - Radar","isPartOf":{"@id":"https:\/\/www.correiobraziliense.com.br\/cbradar\/#website"},"primaryImageOfPage":{"@id":"https:\/\/www.correiobraziliense.com.br\/cbradar\/como-plantar-em-casa-o-fruto-que-regula-o-intestino-e-previne-constipacao\/#primaryimage"},"image":{"@id":"https:\/\/www.correiobraziliense.com.br\/cbradar\/como-plantar-em-casa-o-fruto-que-regula-o-intestino-e-previne-constipacao\/#primaryimage"},"thumbnailUrl":"https:\/\/www.correiobraziliense.com.br\/cbradar\/wp-content\/uploads\/2025\/12\/freepik__cena-simblica-mostrando-a-ideia-de-digesto-equilib__99792.jpeg","datePublished":"2025-12-06T22:45:00+00:00","author":{"@id":"https:\/\/www.correiobraziliense.com.br\/cbradar\/#\/schema\/person\/7356666e12ec0ee53f348ee5db227032"},"description":"A hortali\u00e7a leve que regula o intestino, reduz o incha\u00e7o, hidrata o corpo e ainda cresce r\u00e1pido em casa com plantio simples e regas.","breadcrumb":{"@id":"https:\/\/www.correiobraziliense.com.br\/cbradar\/como-plantar-em-casa-o-fruto-que-regula-o-intestino-e-previne-constipacao\/#breadcrumb"},"inLanguage":"pt-BR","potentialAction":[{"@type":"ReadAction","target":["https:\/\/www.correiobraziliense.com.br\/cbradar\/como-plantar-em-casa-o-fruto-que-regula-o-intestino-e-previne-constipacao\/"]}]},{"@type":"ImageObject","inLanguage":"pt-BR","@id":"https:\/\/www.correiobraziliense.com.br\/cbradar\/como-plantar-em-casa-o-fruto-que-regula-o-intestino-e-previne-constipacao\/#primaryimage","url":"https:\/\/www.correiobraziliense.com.br\/cbradar\/wp-content\/uploads\/2025\/12\/freepik__cena-simblica-mostrando-a-ideia-de-digesto-equilib__99792.jpeg","contentUrl":"https:\/\/www.correiobraziliense.com.br\/cbradar\/wp-content\/uploads\/2025\/12\/freepik__cena-simblica-mostrando-a-ideia-de-digesto-equilib__99792.jpeg","width":1280,"height":720,"caption":"Alimento de baixo teor cal\u00f3rico e alto valor nutricional"},{"@type":"BreadcrumbList","@id":"https:\/\/www.correiobraziliense.com.br\/cbradar\/como-plantar-em-casa-o-fruto-que-regula-o-intestino-e-previne-constipacao\/#breadcrumb","itemListElement":[{"@type":"ListItem","position":1,"name":"In\u00edcio","item":"https:\/\/www.correiobraziliense.com.br\/cbradar\/"},{"@type":"ListItem","position":2,"name":"Como plantar em casa o fruto que regula o intestino e previne constipa\u00e7\u00e3o"}]},{"@type":"WebSite","@id":"https:\/\/www.correiobraziliense.com.br\/cbradar\/#website","url":"https:\/\/www.correiobraziliense.com.br\/cbradar\/","name":"Correio Braziliense - Radar","description":"Acompanhe as \u00faltimas not\u00edcias e fique bem informado sobre tudo o que acontece no Brasil e no mundo.","potentialAction":[{"@type":"SearchAction","target":{"@type":"EntryPoint","urlTemplate":"https:\/\/www.correiobraziliense.com.br\/cbradar\/?s={search_term_string}"},"query-input":{"@type":"PropertyValueSpecification","valueRequired":true,"valueName":"search_term_string"}}],"inLanguage":"pt-BR"},{"@type":"Person","@id":"https:\/\/www.correiobraziliense.com.br\/cbradar\/#\/schema\/person\/7356666e12ec0ee53f348ee5db227032","name":"Daniely Cardoso","image":{"@type":"ImageObject","inLanguage":"pt-BR","@id":"https:\/\/www.correiobraziliense.com.br\/cbradar\/#\/schema\/person\/image\/","url":"https:\/\/secure.gravatar.com\/avatar\/4b80ddbd124d1f071b626d52d62e5dff?s=96&d=mm&r=g","contentUrl":"https:\/\/secure.gravatar.com\/avatar\/4b80ddbd124d1f071b626d52d62e5dff?s=96&d=mm&r=g","caption":"Daniely Cardoso"},"description":"Redatora nos portais CB Radar e EM Foco, formada pela Universidade Federal de Goi\u00e1s, em Goi\u00e2nia. Apaixonada por comunica\u00e7\u00e3o, arte, decora\u00e7\u00e3o e tend\u00eancias, atuo na produ\u00e7\u00e3o de conte\u00fados envolventes sobre curiosidades, moda, beleza e paisagismo, sempre com um olhar atento \u00e0s novidades do momento.","sameAs":["https:\/\/www.correiobraziliense.com.br\/cbradar"],"url":"https:\/\/www.correiobraziliense.com.br\/cbradar\/author\/danielymyth\/"}]}},"_links":{"self":[{"href":"https:\/\/www.correiobraziliense.com.br\/cbradar\/wp-json\/wp\/v2\/posts\/150498","targetHints":{"allow":["GET"]}}],"collection":[{"href":"https:\/\/www.correiobraziliense.com.br\/cbradar\/wp-json\/wp\/v2\/posts"}],"about":[{"href":"https:\/\/www.correiobraziliense.com.br\/cbradar\/wp-json\/wp\/v2\/types\/post"}],"author":[{"embeddable":true,"href":"https:\/\/www.correiobraziliense.com.br\/cbradar\/wp-json\/wp\/v2\/users\/9"}],"replies":[{"embeddable":true,"href":"https:\/\/www.correiobraziliense.com.br\/cbradar\/wp-json\/wp\/v2\/comments?post=150498"}],"version-history":[{"count":1,"href":"https:\/\/www.correiobraziliense.com.br\/cbradar\/wp-json\/wp\/v2\/posts\/150498\/revisions"}],"predecessor-version":[{"id":150512,"href":"https:\/\/www.correiobraziliense.com.br\/cbradar\/wp-json\/wp\/v2\/posts\/150498\/revisions\/150512"}],"wp:featuredmedia":[{"embeddable":true,"href":"https:\/\/www.correiobraziliense.com.br\/cbradar\/wp-json\/wp\/v2\/media\/150570"}],"wp:attachment":[{"href":"https:\/\/www.correiobraziliense.com.br\/cbradar\/wp-json\/wp\/v2\/media?parent=150498"}],"wp:term":[{"taxonomy":"category","embeddable":true,"href":"https:\/\/www.correiobraziliense.com.br\/cbradar\/wp-json\/wp\/v2\/categories?post=150498"},{"taxonomy":"post_tag","embeddable":true,"href":"https:\/\/www.correiobraziliense.com.br\/cbradar\/wp-json\/wp\/v2\/tags?post=150498"}],"curies":[{"name":"wp","href":"https:\/\/api.w.org\/{rel}","templated":true}]}}