{"id":150505,"date":"2025-12-06T19:05:57","date_gmt":"2025-12-06T22:05:57","guid":{"rendered":"https:\/\/www.correiobraziliense.com.br\/cbradar\/?p=150505"},"modified":"2025-12-05T11:05:21","modified_gmt":"2025-12-05T14:05:21","slug":"o-que-significa-sonhar-que-esqueceu-onde-mora","status":"publish","type":"post","link":"https:\/\/www.correiobraziliense.com.br\/cbradar\/o-que-significa-sonhar-que-esqueceu-onde-mora\/","title":{"rendered":"O que significa sonhar que esqueceu onde mora?"},"content":{"rendered":"\n<p>Sonhar que <strong>esqueceu<\/strong> <strong>onde<\/strong> <strong>mora<\/strong> costuma chamar aten\u00e7\u00e3o por causar estranhamento e certa sensa\u00e7\u00e3o de desorienta\u00e7\u00e3o ao acordar. Esse tipo de sonho, em geral, est\u00e1 ligado a fases de mudan\u00e7a, d\u00favidas sobre o pr\u00f3prio caminho ou necessidade de reorganizar a rotina. A <strong>casa<\/strong>, no universo simb\u00f3lico dos sonhos, costuma representar identidade, seguran\u00e7a e vida \u00edntima, o que torna esse cen\u00e1rio especialmente marcante, funcionando como um espelho do estado emocional de quem sonha.<\/p>\n\n\n\n<h2 class=\"wp-block-heading\">O que significa sonhar que esqueceu onde mora<\/h2>\n\n\n\n<p>Na interpreta\u00e7\u00e3o mais comum, sonhar que esqueceu onde mora est\u00e1 associado \u00e0 sensa\u00e7\u00e3o de estar \u201cdeslocado\u201d na pr\u00f3pria vida. Indicando que algo na rotina, no trabalho, nos relacionamentos ou em projetos pessoais j\u00e1 n\u00e3o combina tanto com quem a pessoa se tornou.<\/p>\n\n\n\n<p>A casa perdida no sonho pode representar uma fase antiga que ficou para tr\u00e1s e que n\u00e3o faz mais sentido recuperar da mesma forma. Em algumas abordagens <strong>psicol\u00f3gicas<\/strong>, esse cen\u00e1rio tamb\u00e9m \u00e9 visto como sinal de que a identidade est\u00e1 em reconstru\u00e7\u00e3o, pedindo ajustes internos e externos para retomar o senso de dire\u00e7\u00e3o.<\/p>\n\n\n<div class=\"wp-block-image\">\n<figure class=\"aligncenter size-large\"><img decoding=\"async\" width=\"1024\" height=\"576\" src=\"https:\/\/www.correiobraziliense.com.br\/cbradar\/wp-content\/uploads\/2025\/12\/Gemini_Generated_Image_53v6jl53v6jl53v6-1-1024x576.png\" alt=\"\" class=\"wp-image-150524\" srcset=\"https:\/\/www.correiobraziliense.com.br\/cbradar\/wp-content\/uploads\/2025\/12\/Gemini_Generated_Image_53v6jl53v6jl53v6-1-1024x576.png 1024w, https:\/\/www.correiobraziliense.com.br\/cbradar\/wp-content\/uploads\/2025\/12\/Gemini_Generated_Image_53v6jl53v6jl53v6-1-300x169.png 300w, https:\/\/www.correiobraziliense.com.br\/cbradar\/wp-content\/uploads\/2025\/12\/Gemini_Generated_Image_53v6jl53v6jl53v6-1-768x432.png 768w, https:\/\/www.correiobraziliense.com.br\/cbradar\/wp-content\/uploads\/2025\/12\/Gemini_Generated_Image_53v6jl53v6jl53v6-1-750x422.png 750w, https:\/\/www.correiobraziliense.com.br\/cbradar\/wp-content\/uploads\/2025\/12\/Gemini_Generated_Image_53v6jl53v6jl53v6-1-1140x641.png 1140w, https:\/\/www.correiobraziliense.com.br\/cbradar\/wp-content\/uploads\/2025\/12\/Gemini_Generated_Image_53v6jl53v6jl53v6-1.png 1280w\" sizes=\"(max-width: 1024px) 100vw, 1024px\" \/><figcaption class=\"wp-element-caption\">Esquecer o endere\u00e7o, nesse contexto, pode simbolizar o processo de se afastar de velhos h\u00e1bitos para construir uma nova \u201cmorada interna\u201d<\/figcaption><\/figure><\/div>\n\n\n<p>Leia tamb\u00e9m:&nbsp;<a href=\"https:\/\/www.correiobraziliense.com.br\/cbradar\/o-que-significa-dormir-com-a-luz-acesa-segundo-a-psicologia\/\" target=\"_blank\" rel=\"noopener\">O que significa dormir com a luz acesa, segundo a psicologia<\/a><\/p>\n\n\n\n<h2 class=\"wp-block-heading\">Como esse sonho se relaciona com momentos de transi\u00e7\u00e3o<\/h2>\n\n\n\n<p>Outra leitura frequente relaciona esse tipo de sonho a momentos de transi\u00e7\u00e3o e escolhas importantes. Mudan\u00e7a de cidade, troca de emprego, fim ou in\u00edcio de relacionamento, aposentadoria ou entrada em uma nova etapa profissional s\u00e3o exemplos de situa\u00e7\u00f5es em que esse sonho pode aparecer.<\/p>\n\n\n\n<p>Esquecer o endere\u00e7o, nesse contexto, pode simbolizar o processo de se afastar de velhos h\u00e1bitos para construir uma nova \u201cmorada interna\u201d, isto \u00e9, uma nova forma de organizar a pr\u00f3pria vida. Em fases assim, \u00e9 comum sentir <strong>inseguran\u00e7a<\/strong> tempor\u00e1ria at\u00e9 que o novo caminho se torne mais est\u00e1vel e familiar.<\/p>\n\n\n\n<h2 class=\"wp-block-heading\">Quais poss\u00edveis mensagens est\u00e3o ligadas a esse sonho<\/h2>\n\n\n\n<p>Quando se fala em <strong>sonhar<\/strong> que esqueceu onde mora, muitas interpreta\u00e7\u00f5es simb\u00f3licas podem surgir. Cada pessoa pode perceber nuances pr\u00f3prias, mas algumas mensagens aparecem com frequ\u00eancia e ajudam a refletir sobre o momento atual.<\/p>\n\n\n\n<ul class=\"wp-block-list\">\n<li><strong>Sensa\u00e7\u00e3o<\/strong> de perda de identidade: a pessoa pode estar se sentindo diferente de como se via antes, como se n\u00e3o se reconhecesse tanto nas pr\u00f3prias atitudes.<\/li>\n\n\n\n<li><strong>Busca<\/strong> por um novo caminho: o sonho pode aparecer em fases de planejamento de mudan\u00e7a, como estudar outra \u00e1rea, mudar de carreira ou repensar prioridades.<\/li>\n\n\n\n<li><strong>Ruptura<\/strong> com o passado: esquecer a casa pode indicar que antigos padr\u00f5es de comportamento j\u00e1 n\u00e3o funcionam mais, mesmo que ainda exista apego emocional.<\/li>\n\n\n\n<li><strong>Cansa\u00e7o<\/strong> mental ou sobrecarga: a dificuldade em lembrar o endere\u00e7o tamb\u00e9m pode refletir excesso de tarefas, responsabilidades e informa\u00e7\u00f5es.<\/li>\n<\/ul>\n\n\n\n<p>Esse simbolismo n\u00e3o \u00e9 fixo e pode mudar conforme a hist\u00f3ria de cada pessoa. Em algu\u00e9m que esteja passando por uma mudan\u00e7a real de resid\u00eancia, por exemplo, o sonho pode ser apenas um reflexo da adapta\u00e7\u00e3o a um novo ambiente, sem rela\u00e7\u00e3o direta com identidade, mas com o pr\u00f3prio processo de se ajustar a outro local.<\/p>\n\n\n<div class=\"wp-block-image\">\n<figure class=\"aligncenter size-large\"><img decoding=\"async\" width=\"1024\" height=\"576\" src=\"https:\/\/www.correiobraziliense.com.br\/cbradar\/wp-content\/uploads\/2025\/12\/Gemini_Generated_Image_uzaanquzaanquzaa-1-1024x576.png\" alt=\"\" class=\"wp-image-150528\" srcset=\"https:\/\/www.correiobraziliense.com.br\/cbradar\/wp-content\/uploads\/2025\/12\/Gemini_Generated_Image_uzaanquzaanquzaa-1-1024x576.png 1024w, https:\/\/www.correiobraziliense.com.br\/cbradar\/wp-content\/uploads\/2025\/12\/Gemini_Generated_Image_uzaanquzaanquzaa-1-300x169.png 300w, https:\/\/www.correiobraziliense.com.br\/cbradar\/wp-content\/uploads\/2025\/12\/Gemini_Generated_Image_uzaanquzaanquzaa-1-768x432.png 768w, https:\/\/www.correiobraziliense.com.br\/cbradar\/wp-content\/uploads\/2025\/12\/Gemini_Generated_Image_uzaanquzaanquzaa-1-750x422.png 750w, https:\/\/www.correiobraziliense.com.br\/cbradar\/wp-content\/uploads\/2025\/12\/Gemini_Generated_Image_uzaanquzaanquzaa-1-1140x641.png 1140w, https:\/\/www.correiobraziliense.com.br\/cbradar\/wp-content\/uploads\/2025\/12\/Gemini_Generated_Image_uzaanquzaanquzaa-1.png 1280w\" sizes=\"(max-width: 1024px) 100vw, 1024px\" \/><figcaption class=\"wp-element-caption\">Ao encarar esse sonho como um retrato interno de um per\u00edodo de transi\u00e7\u00e3o<\/figcaption><\/figure><\/div>\n\n\n<h2 class=\"wp-block-heading\">Como observar e interpretar melhor esse tipo de sonho<\/h2>\n\n\n\n<p>Para entender o que significa sonhar que esqueceu onde mora em cada caso, muitos especialistas em simbolismo on\u00edrico sugerem observar alguns detalhes. N\u00e3o se trata de seguir um padr\u00e3o fixo, mas de perceber como o sonho dialoga com o momento atual e com as emo\u00e7\u00f5es mais presentes no dia a dia.<\/p>\n\n\n\n<ul class=\"wp-block-list\">\n<li><strong>Reparar<\/strong> nas emo\u00e7\u00f5es sentidas no sonho: medo, pressa, tranquilidade ou curiosidade podem indicar nuances diferentes na mensagem simb\u00f3lica.<\/li>\n\n\n\n<li><strong>Notar<\/strong> quem aparece na cena: presen\u00e7a de familiares, amigos ou desconhecidos pode apontar para \u00e1reas espec\u00edficas da vida em que o sentimento de \u201cn\u00e3o pertencer\u201d \u00e9 mais forte.<\/li>\n\n\n\n<li><strong>Lembrar<\/strong> o que acontecia antes de se perder: a atividade anterior ao esquecimento do endere\u00e7o pode sinalizar o gatilho simb\u00f3lico do sonho.<\/li>\n\n\n\n<li><strong>Relacionar<\/strong> o sonho com fatos recentes: mudan\u00e7as, conflitos ou decis\u00f5es importantes dos \u00faltimos dias geralmente influenciam o conte\u00fado on\u00edrico.<\/li>\n<\/ul>\n\n\n\n<p>Ao encarar esse sonho como um retrato interno de um per\u00edodo de transi\u00e7\u00e3o, d\u00favida ou reorganiza\u00e7\u00e3o, muitas pessoas passam a enxergar a imagem de \u201cesquecer onde mora\u201d n\u00e3o como um press\u00e1gio, mas como um convite para revisar rotinas, rela\u00e7\u00f5es e projetos. Em muitos casos, o sonho indica apenas que a mente est\u00e1 tentando acompanhar o ritmo das mudan\u00e7as que j\u00e1 est\u00e3o em curso na vida real.<\/p>\n","protected":false},"excerpt":{"rendered":"<p>Sonhar que esqueceu onde mora costuma chamar aten\u00e7\u00e3o por causar estranhamento e certa sensa\u00e7\u00e3o de desorienta\u00e7\u00e3o ao acordar. Esse tipo de sonho, em geral, est\u00e1 ligado a fases de mudan\u00e7a, d\u00favidas sobre o pr\u00f3prio caminho ou necessidade de reorganizar a rotina. A casa, no universo simb\u00f3lico dos sonhos, costuma representar identidade, seguran\u00e7a e vida \u00edntima, [&hellip;]<\/p>\n","protected":false},"author":9,"featured_media":150572,"comment_status":"open","ping_status":"open","sticky":false,"template":"","format":"standard","meta":{"_yoast_wpseo_focuskw":"sonhar que esqueceu onde mora","_yoast_wpseo_title":"","_yoast_wpseo_metadesc":"Um sonho sobre esquecer onde mora pode refletir mudan\u00e7as internas, busca por dire\u00e7\u00e3o e fases de transi\u00e7\u00e3o que pedem reorganiza\u00e7\u00e3o emocional.","jnews-multi-image_gallery":[],"jnews_single_post":{"format":"standard"},"jnews_primary_category":[],"jnews_social_meta":[],"jnews_override_counter":[],"footnotes":""},"categories":[112],"tags":[3273,12285,5812],"class_list":["post-150505","post","type-post","status-publish","format-standard","has-post-thumbnail","hentry","category-curiosidades","tag-esquecer","tag-esquecer-onde-mora","tag-significado"],"yoast_head":"<!-- This site is optimized with the Yoast SEO plugin v24.6 - https:\/\/yoast.com\/wordpress\/plugins\/seo\/ -->\n<title>O que significa sonhar que esqueceu onde mora? - Correio Braziliense - Radar<\/title>\n<meta name=\"description\" content=\"Um sonho sobre esquecer onde mora pode refletir mudan\u00e7as internas, busca por dire\u00e7\u00e3o e fases de transi\u00e7\u00e3o que pedem reorganiza\u00e7\u00e3o emocional.\" \/>\n<meta name=\"robots\" content=\"index, follow, max-snippet:-1, max-image-preview:large, max-video-preview:-1\" \/>\n<link rel=\"canonical\" href=\"https:\/\/www.correiobraziliense.com.br\/cbradar\/o-que-significa-sonhar-que-esqueceu-onde-mora\/\" \/>\n<meta property=\"og:locale\" content=\"pt_BR\" \/>\n<meta property=\"og:type\" content=\"article\" \/>\n<meta property=\"og:title\" content=\"O que significa sonhar que esqueceu onde mora? - Correio Braziliense - Radar\" \/>\n<meta property=\"og:description\" content=\"Um sonho sobre esquecer onde mora pode refletir mudan\u00e7as internas, busca por dire\u00e7\u00e3o e fases de transi\u00e7\u00e3o que pedem reorganiza\u00e7\u00e3o emocional.\" \/>\n<meta property=\"og:url\" content=\"https:\/\/www.correiobraziliense.com.br\/cbradar\/o-que-significa-sonhar-que-esqueceu-onde-mora\/\" \/>\n<meta property=\"og:site_name\" content=\"Correio Braziliense - Radar\" \/>\n<meta property=\"article:published_time\" content=\"2025-12-06T22:05:57+00:00\" \/>\n<meta property=\"og:image\" content=\"https:\/\/www.correiobraziliense.com.br\/cbradar\/wp-content\/uploads\/2025\/12\/freepik__faa-uma-imagem-de-uma-pessoa-brasileira-perdida-em__99791.jpeg\" \/>\n\t<meta property=\"og:image:width\" content=\"1280\" \/>\n\t<meta property=\"og:image:height\" content=\"720\" \/>\n\t<meta property=\"og:image:type\" content=\"image\/jpeg\" \/>\n<meta name=\"author\" content=\"Daniely Cardoso\" \/>\n<meta name=\"twitter:card\" content=\"summary_large_image\" \/>\n<meta name=\"twitter:label1\" content=\"Escrito por\" \/>\n\t<meta name=\"twitter:data1\" content=\"Daniely Cardoso\" \/>\n\t<meta name=\"twitter:label2\" content=\"Est. tempo de leitura\" \/>\n\t<meta name=\"twitter:data2\" content=\"5 minutos\" \/>\n<!-- \/ Yoast SEO plugin. -->","yoast_head_json":{"title":"O que significa sonhar que esqueceu onde mora? - Correio Braziliense - Radar","description":"Um sonho sobre esquecer onde mora pode refletir mudan\u00e7as internas, busca por dire\u00e7\u00e3o e fases de transi\u00e7\u00e3o que pedem reorganiza\u00e7\u00e3o emocional.","robots":{"index":"index","follow":"follow","max-snippet":"max-snippet:-1","max-image-preview":"max-image-preview:large","max-video-preview":"max-video-preview:-1"},"canonical":"https:\/\/www.correiobraziliense.com.br\/cbradar\/o-que-significa-sonhar-que-esqueceu-onde-mora\/","og_locale":"pt_BR","og_type":"article","og_title":"O que significa sonhar que esqueceu onde mora? - Correio Braziliense - Radar","og_description":"Um sonho sobre esquecer onde mora pode refletir mudan\u00e7as internas, busca por dire\u00e7\u00e3o e fases de transi\u00e7\u00e3o que pedem reorganiza\u00e7\u00e3o emocional.","og_url":"https:\/\/www.correiobraziliense.com.br\/cbradar\/o-que-significa-sonhar-que-esqueceu-onde-mora\/","og_site_name":"Correio Braziliense - Radar","article_published_time":"2025-12-06T22:05:57+00:00","og_image":[{"width":1280,"height":720,"url":"https:\/\/www.correiobraziliense.com.br\/cbradar\/wp-content\/uploads\/2025\/12\/freepik__faa-uma-imagem-de-uma-pessoa-brasileira-perdida-em__99791.jpeg","type":"image\/jpeg"}],"author":"Daniely Cardoso","twitter_card":"summary_large_image","twitter_misc":{"Escrito por":"Daniely Cardoso","Est. tempo de leitura":"5 minutos"},"schema":{"@context":"https:\/\/schema.org","@graph":[{"@type":"WebPage","@id":"https:\/\/www.correiobraziliense.com.br\/cbradar\/o-que-significa-sonhar-que-esqueceu-onde-mora\/","url":"https:\/\/www.correiobraziliense.com.br\/cbradar\/o-que-significa-sonhar-que-esqueceu-onde-mora\/","name":"O que significa sonhar que esqueceu onde mora? - Correio Braziliense - Radar","isPartOf":{"@id":"https:\/\/www.correiobraziliense.com.br\/cbradar\/#website"},"primaryImageOfPage":{"@id":"https:\/\/www.correiobraziliense.com.br\/cbradar\/o-que-significa-sonhar-que-esqueceu-onde-mora\/#primaryimage"},"image":{"@id":"https:\/\/www.correiobraziliense.com.br\/cbradar\/o-que-significa-sonhar-que-esqueceu-onde-mora\/#primaryimage"},"thumbnailUrl":"https:\/\/www.correiobraziliense.com.br\/cbradar\/wp-content\/uploads\/2025\/12\/freepik__faa-uma-imagem-de-uma-pessoa-brasileira-perdida-em__99791.jpeg","datePublished":"2025-12-06T22:05:57+00:00","author":{"@id":"https:\/\/www.correiobraziliense.com.br\/cbradar\/#\/schema\/person\/7356666e12ec0ee53f348ee5db227032"},"description":"Um sonho sobre esquecer onde mora pode refletir mudan\u00e7as internas, busca por dire\u00e7\u00e3o e fases de transi\u00e7\u00e3o que pedem reorganiza\u00e7\u00e3o emocional.","breadcrumb":{"@id":"https:\/\/www.correiobraziliense.com.br\/cbradar\/o-que-significa-sonhar-que-esqueceu-onde-mora\/#breadcrumb"},"inLanguage":"pt-BR","potentialAction":[{"@type":"ReadAction","target":["https:\/\/www.correiobraziliense.com.br\/cbradar\/o-que-significa-sonhar-que-esqueceu-onde-mora\/"]}]},{"@type":"ImageObject","inLanguage":"pt-BR","@id":"https:\/\/www.correiobraziliense.com.br\/cbradar\/o-que-significa-sonhar-que-esqueceu-onde-mora\/#primaryimage","url":"https:\/\/www.correiobraziliense.com.br\/cbradar\/wp-content\/uploads\/2025\/12\/freepik__faa-uma-imagem-de-uma-pessoa-brasileira-perdida-em__99791.jpeg","contentUrl":"https:\/\/www.correiobraziliense.com.br\/cbradar\/wp-content\/uploads\/2025\/12\/freepik__faa-uma-imagem-de-uma-pessoa-brasileira-perdida-em__99791.jpeg","width":1280,"height":720,"caption":"O sonho est\u00e1 associado a sentimentos de desorienta\u00e7\u00e3o ao acordar"},{"@type":"BreadcrumbList","@id":"https:\/\/www.correiobraziliense.com.br\/cbradar\/o-que-significa-sonhar-que-esqueceu-onde-mora\/#breadcrumb","itemListElement":[{"@type":"ListItem","position":1,"name":"In\u00edcio","item":"https:\/\/www.correiobraziliense.com.br\/cbradar\/"},{"@type":"ListItem","position":2,"name":"O que significa sonhar que esqueceu onde mora?"}]},{"@type":"WebSite","@id":"https:\/\/www.correiobraziliense.com.br\/cbradar\/#website","url":"https:\/\/www.correiobraziliense.com.br\/cbradar\/","name":"Correio Braziliense - Radar","description":"Acompanhe as \u00faltimas not\u00edcias e fique bem informado sobre tudo o que acontece no Brasil e no mundo.","potentialAction":[{"@type":"SearchAction","target":{"@type":"EntryPoint","urlTemplate":"https:\/\/www.correiobraziliense.com.br\/cbradar\/?s={search_term_string}"},"query-input":{"@type":"PropertyValueSpecification","valueRequired":true,"valueName":"search_term_string"}}],"inLanguage":"pt-BR"},{"@type":"Person","@id":"https:\/\/www.correiobraziliense.com.br\/cbradar\/#\/schema\/person\/7356666e12ec0ee53f348ee5db227032","name":"Daniely Cardoso","image":{"@type":"ImageObject","inLanguage":"pt-BR","@id":"https:\/\/www.correiobraziliense.com.br\/cbradar\/#\/schema\/person\/image\/","url":"https:\/\/secure.gravatar.com\/avatar\/4b80ddbd124d1f071b626d52d62e5dff?s=96&d=mm&r=g","contentUrl":"https:\/\/secure.gravatar.com\/avatar\/4b80ddbd124d1f071b626d52d62e5dff?s=96&d=mm&r=g","caption":"Daniely Cardoso"},"description":"Redatora nos portais CB Radar e EM Foco, formada pela Universidade Federal de Goi\u00e1s, em Goi\u00e2nia. Apaixonada por comunica\u00e7\u00e3o, arte, decora\u00e7\u00e3o e tend\u00eancias, atuo na produ\u00e7\u00e3o de conte\u00fados envolventes sobre curiosidades, moda, beleza e paisagismo, sempre com um olhar atento \u00e0s novidades do momento.","sameAs":["https:\/\/www.correiobraziliense.com.br\/cbradar"],"url":"https:\/\/www.correiobraziliense.com.br\/cbradar\/author\/danielymyth\/"}]}},"_links":{"self":[{"href":"https:\/\/www.correiobraziliense.com.br\/cbradar\/wp-json\/wp\/v2\/posts\/150505","targetHints":{"allow":["GET"]}}],"collection":[{"href":"https:\/\/www.correiobraziliense.com.br\/cbradar\/wp-json\/wp\/v2\/posts"}],"about":[{"href":"https:\/\/www.correiobraziliense.com.br\/cbradar\/wp-json\/wp\/v2\/types\/post"}],"author":[{"embeddable":true,"href":"https:\/\/www.correiobraziliense.com.br\/cbradar\/wp-json\/wp\/v2\/users\/9"}],"replies":[{"embeddable":true,"href":"https:\/\/www.correiobraziliense.com.br\/cbradar\/wp-json\/wp\/v2\/comments?post=150505"}],"version-history":[{"count":2,"href":"https:\/\/www.correiobraziliense.com.br\/cbradar\/wp-json\/wp\/v2\/posts\/150505\/revisions"}],"predecessor-version":[{"id":150529,"href":"https:\/\/www.correiobraziliense.com.br\/cbradar\/wp-json\/wp\/v2\/posts\/150505\/revisions\/150529"}],"wp:featuredmedia":[{"embeddable":true,"href":"https:\/\/www.correiobraziliense.com.br\/cbradar\/wp-json\/wp\/v2\/media\/150572"}],"wp:attachment":[{"href":"https:\/\/www.correiobraziliense.com.br\/cbradar\/wp-json\/wp\/v2\/media?parent=150505"}],"wp:term":[{"taxonomy":"category","embeddable":true,"href":"https:\/\/www.correiobraziliense.com.br\/cbradar\/wp-json\/wp\/v2\/categories?post=150505"},{"taxonomy":"post_tag","embeddable":true,"href":"https:\/\/www.correiobraziliense.com.br\/cbradar\/wp-json\/wp\/v2\/tags?post=150505"}],"curies":[{"name":"wp","href":"https:\/\/api.w.org\/{rel}","templated":true}]}}