{"id":15051,"date":"2025-03-24T10:30:00","date_gmt":"2025-03-24T13:30:00","guid":{"rendered":"https:\/\/www.correiobraziliense.com.br\/cbradar\/?p=15051"},"modified":"2025-06-30T14:50:58","modified_gmt":"2025-06-30T17:50:58","slug":"esses-sao-os-filmes-mais-aguardados-para-o-segundo-semestre-de-2025","status":"publish","type":"post","link":"https:\/\/www.correiobraziliense.com.br\/cbradar\/esses-sao-os-filmes-mais-aguardados-para-o-segundo-semestre-de-2025\/","title":{"rendered":"Esses s\u00e3o os filmes mais aguardados para o segundo semestre de 2025"},"content":{"rendered":"\n<p>Se voc\u00ea acha que viu grandes <a href=\"https:\/\/www.correiobraziliense.com.br\/cbradar\/quais-eram-os-concorrentes-de-ainda-estou-aqui-no-oscar\/\" target=\"_blank\" rel=\"noreferrer noopener\">filmes<\/a> nos \u00faltimos anos, prepare-se para ficar de queixo ca\u00eddo. O ano de 2025 chegou com tudo e promete ser absolutamente \u00e9pico para quem ama cinema. N\u00e3o estamos falando apenas de mais algumas sequ\u00eancias ou filmes &#8220;mais ou menos&#8221;. Estamos falando de produ\u00e7\u00f5es que podem redefinir g\u00e9neros inteiros e criar novos marcos na hist\u00f3ria do cinema mundial.<\/p>\n\n\n\n<p>O segundo semestre est\u00e1 recheado de estreias que v\u00e3o desde super-her\u00f3is repaginados at\u00e9 sagas que prometem revolucionar os efeitos especiais mais uma vez. <strong>James Cameron<\/strong> voltou com <strong>Avatar: Fire and Ash<\/strong>, <strong>James Gunn<\/strong> est\u00e1 reinventando o <strong>Superman<\/strong> e ainda temos continua\u00e7\u00f5es de franquias que marcaram nossas vidas. \u00c9 como se os cineastas tivessem guardado suas melhores cartas para jogar todas de uma vez s\u00f3. Prepare a pipoca, porque este ano vai ser intenso.<\/p>\n\n\n\n<h2 class=\"wp-block-heading\">Que her\u00f3is est\u00e3o dominando as telas?<\/h2>\n\n\n\n<p><a href=\"https:\/\/dc.fandom.com\/wiki\/Superman_(Clark_Kent)\" target=\"_blank\" rel=\"noreferrer noopener\"><strong>Superman<\/strong> <\/a>chegou em julho como o grande fen\u00f4meno do ano, dirigido por <strong>James Gunn<\/strong> e protagonizado por <strong>David Corenswet<\/strong>. O filme marca o in\u00edcio oficial do novo <strong>Universo DC<\/strong> e j\u00e1 quebrou expectativas com sua abordagem mais humana e esperan\u00e7osa do her\u00f3i. <strong>Gunn<\/strong>, conhecido pelos <strong>Guardi\u00f5es da Gal\u00e1xia<\/strong>, trouxe uma energia completamente diferente para o <strong>Homem de A\u00e7o<\/strong>, focando na jornada de <strong>Clark Kent<\/strong> tentando equilibrar sua heran\u00e7a <strong>kryptoniana<\/strong> com sua cria\u00e7\u00e3o humana em <strong>Smallville<\/strong>.<\/p>\n\n\n\n<p>O mais impressionante \u00e9 que <strong>Gunn<\/strong> terminou as filmagens um ano antes da estreia, algo raro em <strong>Hollywood<\/strong> nos dias de hoje. Isso permitiu tempo suficiente para uma p\u00f3s-produ\u00e7\u00e3o caprichada, sem press\u00e3o ou correrias de \u00faltima hora. <strong>Rachel Brosnahan<\/strong> brilha como <strong>Lois Lane<\/strong> e <strong>Nicholas Hoult<\/strong> promete surpreender como <strong>Lex Luthor<\/strong>. O filme tamb\u00e9m traz <strong>Nathan Fillion<\/strong> como <strong>Lanterna Verde<\/strong> e at\u00e9 mesmo <strong>Krypto<\/strong>, o superc\u00e3o, fazendo sua estreia no cinema.<\/p>\n\n\n\n<h2 class=\"wp-block-heading\">Qual aventura espacial vai nos levar para outros mundos?<\/h2>\n\n\n\n<figure class=\"wp-block-embed is-type-video is-provider-youtube wp-block-embed-youtube wp-embed-aspect-16-9 wp-has-aspect-ratio\"><div class=\"wp-block-embed__wrapper\">\n<div class=\"jeg_video_container jeg_video_content\"><iframe loading=\"lazy\" title=\"Avatar 3: Fire and Ash (2025) - First Trailer | James Cameron | Concept Version\" width=\"500\" height=\"281\" src=\"https:\/\/www.youtube.com\/embed\/1IHtfL8iIXg?feature=oembed\" frameborder=\"0\" allow=\"accelerometer; autoplay; clipboard-write; encrypted-media; gyroscope; picture-in-picture; web-share\" referrerpolicy=\"strict-origin-when-cross-origin\" allowfullscreen><\/iframe><\/div>\n<\/div><\/figure>\n\n\n\n<p><strong>Avatar: Fire and Ash<\/strong> chega em dezembro como o terceiro cap\u00edtulo da saga de <strong>James Cameron<\/strong>, e as primeiras imagens j\u00e1 mostram que ser\u00e1 ainda mais espetacular que <strong>O Caminho da \u00c1gua<\/strong>. O filme introduz os <strong>Ash People<\/strong>, uma tribo <strong>Na&#8217;vi<\/strong> completamente diferente das que conhecemos, liderada pela implac\u00e1vel <strong>Varang<\/strong> (<strong>Oona Chaplin<\/strong>). Essa nova tribo vive em regi\u00f5es vulc\u00e2nicas e representa um lado mais sombrio dos <strong>Na&#8217;vi<\/strong>, mostrando que nem todos s\u00e3o bonzinhos como vimos antes.<\/p>\n\n\n\n<p><strong>Cameron<\/strong> revelou que o filme ter\u00e1 mais de tr\u00eas horas de dura\u00e7\u00e3o e promete explorar territ\u00f3rios emocionais ainda mais profundos. A fam\u00edlia <strong>Sully<\/strong> enfrenta n\u00e3o apenas os invasores humanos, mas tamb\u00e9m esses novos advers\u00e1rios <strong>Na&#8217;vi<\/strong> que desafiam tudo que eles acreditam. O filme foi rodado simultaneamente com <strong>O Caminho da \u00c1gua<\/strong>, garantindo continuidade visual e narrativa perfeita. As cenas subaqu\u00e1ticas prometem ser ainda mais impressionantes, aproveitando toda a tecnologia desenvolvida para o filme anterior.<\/p>\n\n\n\n<h2 class=\"wp-block-heading\">Que franquias queridas est\u00e3o voltando?<\/h2>\n\n\n\n<p><strong>Jurassic World: Recome\u00e7o<\/strong> marca um novo cap\u00edtulo na franquia dos dinossauros, dirigido por <strong>Gareth Edwards<\/strong> e estrelado por <strong>Scarlett Johansson<\/strong> e <strong>Mahershala Ali<\/strong>. O filme se passa cinco anos ap\u00f3s <strong>Jurassic World: Dominion<\/strong> e mostra um mundo onde os dinossauros sobrevivem apenas em ambientes isolados e equatoriais. Uma expedi\u00e7\u00e3o corajosa parte para extrair <strong>DNA<\/strong> dessas criaturas pr\u00e9-hist\u00f3ricas em busca de uma descoberta m\u00e9dica revolucion\u00e1ria.<\/p>\n\n\n\n<p><strong>Wicked: For Good<\/strong> completa a adapta\u00e7\u00e3o do musical da <strong>Broadway<\/strong> com <strong>Ariana Grande<\/strong> e <strong>Cynthia Erivo<\/strong> retornando para o desfecho da hist\u00f3ria de <strong>Glinda<\/strong> e <strong>Elphaba<\/strong>. Ap\u00f3s o sucesso estrondoso da primeira parte, que arrecadou mais de 700 milh\u00f5es de d\u00f3lares mundialmente, a expectativa para este final \u00e9 enorme. <strong>Miss\u00e3o: Imposs\u00edvel \u2013 The Final Reckoning<\/strong> traz <strong>Tom Cruise<\/strong> de volta como <strong>Ethan Hunt<\/strong> numa despedida \u00e9pica da franquia, prometendo acrobacias ainda mais insanas que as anteriores.<\/p>\n\n\n\n<h2 class=\"wp-block-heading\">Quais novos universos est\u00e3o sendo criados?<\/h2>\n\n\n\n<figure class=\"wp-block-embed is-type-video is-provider-youtube wp-block-embed-youtube wp-embed-aspect-16-9 wp-has-aspect-ratio\"><div class=\"wp-block-embed__wrapper\">\n<div class=\"jeg_video_container jeg_video_content\"><iframe loading=\"lazy\" title=\"Quarteto Fant\u00e1stico: Primeiros Passos | Teaser Trailer Dublado\" width=\"500\" height=\"281\" src=\"https:\/\/www.youtube.com\/embed\/oKypGB3YOyY?feature=oembed\" frameborder=\"0\" allow=\"accelerometer; autoplay; clipboard-write; encrypted-media; gyroscope; picture-in-picture; web-share\" referrerpolicy=\"strict-origin-when-cross-origin\" allowfullscreen><\/iframe><\/div>\n<\/div><\/figure>\n\n\n\n<p><strong>Quarteto Fant\u00e1stico: Primeiros Passos<\/strong> representa uma das maiores apostas da <strong>Marvel<\/strong> para 2025, dirigido por <strong>Matt Shakman<\/strong> com um visual retrofuturista dos anos 1960. O filme promete uma abordagem totalmente diferente dos super-her\u00f3is da <strong>Marvel<\/strong>, focando mais em aventuras de fic\u00e7\u00e3o cient\u00edfica e explora\u00e7\u00e3o espacial. <strong>Ralph Ineson<\/strong> interpretar\u00e1 <strong>Galactus<\/strong>, o devorador de planetas, enquanto <strong>Julia Garner<\/strong> surpreende como uma vers\u00e3o feminina do <strong>Surfista Prateado<\/strong>.<\/p>\n\n\n\n<p><strong>Mickey 17<\/strong>, o novo filme de <strong>Bong Joon-ho<\/strong> com <strong>Robert Pattinson<\/strong>, explora um futuro onde colonos espaciais s\u00e3o considerados &#8220;descart\u00e1veis&#8221; e clonados sempre que morrem em miss\u00f5es perigosas. A premissa \u00fanica combina fic\u00e7\u00e3o cient\u00edfica com o humor \u00e1cido caracter\u00edstico do diretor de <strong>Parasita<\/strong>. <strong>28 Years Later<\/strong> revive a franquia zumbi de <strong>Danny Boyle<\/strong> quase tr\u00eas d\u00e9cadas depois do surto original, com <strong>Jodie Comer<\/strong>, <strong>Aaron Taylor-Johnson<\/strong> e <strong>Ralph Fiennes<\/strong> descobrindo que o mundo mudou de formas inimagin\u00e1veis.<\/p>\n\n\n\n<h2 class=\"wp-block-heading\">O que mais vai surpreender o p\u00fablico?<\/h2>\n\n\n\n<p><strong>Michael<\/strong>, dirigido por <strong>Antoine Fuqua<\/strong>, promete ser a cinebiografia definitiva do <strong>Rei do Pop<\/strong>, explorando tanto os momentos gloriosos quanto os controversos da vida de <strong>Michael Jackson<\/strong>. <strong>John Logan<\/strong> assina o roteiro, garantindo uma abordagem profunda e respeitosa ao lend\u00e1rio artista. <strong>Captain America: Brave New World<\/strong> mostra <strong>Anthony Mackie<\/strong> assumindo definitivamente o escudo do <strong>Capit\u00e3o Am\u00e9rica<\/strong>, enfrentando novos desafios num mundo que mudou drasticamente.<\/p>\n\n\n\n<p><strong>Thunderbolts<\/strong> re\u00fane os anti-her\u00f3is mais queridos da <strong>Marvel<\/strong> numa aventura que promete ser diferente de tudo que vimos no <strong>MCU<\/strong>. <strong>Florence Pugh<\/strong>, <strong>Sebastian Stan<\/strong> e <strong>David Harbour<\/strong> lideram um elenco de personagens moralmente amb\u00edguos for\u00e7ados a trabalhar juntos. Para os f\u00e3s de terror, <strong>The Monkey<\/strong>, baseado numa hist\u00f3ria de <strong>Stephen King<\/strong>, traz <strong>Theo James<\/strong> numa trama onde um brinquedo macaco vintage desencadeia uma s\u00e9rie de mortes misteriosas. O ano termina com <strong>Invoca\u00e7\u00e3o do Mal: Last Rites<\/strong>, o \u00faltimo filme dos <strong>Warren<\/strong> que promete encerrar a franquia com chave de ouro.<\/p>\n","protected":false},"excerpt":{"rendered":"<p>2025 promete no cinema! Descubra os filmes imperd\u00edveis do segundo semestre, incluindo &#8220;Jurassic World: O Recome\u00e7o&#8221; e &#8220;Superman&#8221;.<\/p>\n","protected":false},"author":3,"featured_media":15052,"comment_status":"open","ping_status":"open","sticky":false,"template":"","format":"standard","meta":{"_yoast_wpseo_focuskw":"filmes segundo semestre","_yoast_wpseo_title":"%%title%%","_yoast_wpseo_metadesc":"2025 promete no cinema! Descubra os filmes imperd\u00edveis do segundo semestre, incluindo \"Jurassic World: O Recome\u00e7o\" e \"Superman\".","jnews-multi-image_gallery":[],"jnews_single_post":{"format":"standard"},"jnews_primary_category":[],"jnews_social_meta":[],"jnews_override_counter":[],"footnotes":""},"categories":[140],"post_tag":[568],"class_list":["post-15051","post","type-post","status-publish","format-standard","has-post-thumbnail","hentry","category-entretenimento","tag-series-e-filmes"],"yoast_head":"<!-- This site is optimized with the Yoast SEO plugin v24.6 - https:\/\/yoast.com\/wordpress\/plugins\/seo\/ -->\n<title>Esses s\u00e3o os filmes mais aguardados para o segundo semestre de 2025<\/title>\n<meta name=\"description\" content=\"2025 promete no cinema! Descubra os filmes imperd\u00edveis do segundo semestre, incluindo &quot;Jurassic World: O Recome\u00e7o&quot; e &quot;Superman&quot;.\" \/>\n<meta name=\"robots\" content=\"index, follow, max-snippet:-1, max-image-preview:large, max-video-preview:-1\" \/>\n<link rel=\"canonical\" href=\"https:\/\/www.correiobraziliense.com.br\/cbradar\/esses-sao-os-filmes-mais-aguardados-para-o-segundo-semestre-de-2025\/\" \/>\n<meta property=\"og:locale\" content=\"pt_BR\" \/>\n<meta property=\"og:type\" content=\"article\" \/>\n<meta property=\"og:title\" content=\"Esses s\u00e3o os filmes mais aguardados para o segundo semestre de 2025\" \/>\n<meta property=\"og:description\" content=\"2025 promete no cinema! Descubra os filmes imperd\u00edveis do segundo semestre, incluindo &quot;Jurassic World: O Recome\u00e7o&quot; e &quot;Superman&quot;.\" \/>\n<meta property=\"og:url\" content=\"https:\/\/www.correiobraziliense.com.br\/cbradar\/esses-sao-os-filmes-mais-aguardados-para-o-segundo-semestre-de-2025\/\" \/>\n<meta property=\"og:site_name\" content=\"Correio Braziliense - Radar\" \/>\n<meta property=\"article:published_time\" content=\"2025-03-24T13:30:00+00:00\" \/>\n<meta property=\"article:modified_time\" content=\"2025-06-30T17:50:58+00:00\" \/>\n<meta property=\"og:image\" content=\"https:\/\/www.correiobraziliense.com.br\/cbradar\/wp-content\/uploads\/2025\/03\/filmes_1742668095044.jpg\" \/>\n\t<meta property=\"og:image:width\" content=\"1280\" \/>\n\t<meta property=\"og:image:height\" content=\"720\" \/>\n\t<meta property=\"og:image:type\" content=\"image\/jpeg\" \/>\n<meta name=\"author\" content=\"Larissa Carvalho\" \/>\n<meta name=\"twitter:card\" content=\"summary_large_image\" \/>\n<meta name=\"twitter:label1\" content=\"Escrito por\" \/>\n\t<meta name=\"twitter:data1\" content=\"Larissa Carvalho\" \/>\n\t<meta name=\"twitter:label2\" content=\"Est. tempo de leitura\" \/>\n\t<meta name=\"twitter:data2\" content=\"6 minutos\" \/>\n<!-- \/ Yoast SEO plugin. -->","yoast_head_json":{"title":"Esses s\u00e3o os filmes mais aguardados para o segundo semestre de 2025","description":"2025 promete no cinema! Descubra os filmes imperd\u00edveis do segundo semestre, incluindo \"Jurassic World: O Recome\u00e7o\" e \"Superman\".","robots":{"index":"index","follow":"follow","max-snippet":"max-snippet:-1","max-image-preview":"max-image-preview:large","max-video-preview":"max-video-preview:-1"},"canonical":"https:\/\/www.correiobraziliense.com.br\/cbradar\/esses-sao-os-filmes-mais-aguardados-para-o-segundo-semestre-de-2025\/","og_locale":"pt_BR","og_type":"article","og_title":"Esses s\u00e3o os filmes mais aguardados para o segundo semestre de 2025","og_description":"2025 promete no cinema! Descubra os filmes imperd\u00edveis do segundo semestre, incluindo \"Jurassic World: O Recome\u00e7o\" e \"Superman\".","og_url":"https:\/\/www.correiobraziliense.com.br\/cbradar\/esses-sao-os-filmes-mais-aguardados-para-o-segundo-semestre-de-2025\/","og_site_name":"Correio Braziliense - Radar","article_published_time":"2025-03-24T13:30:00+00:00","article_modified_time":"2025-06-30T17:50:58+00:00","og_image":[{"width":1280,"height":720,"url":"https:\/\/www.correiobraziliense.com.br\/cbradar\/wp-content\/uploads\/2025\/03\/filmes_1742668095044.jpg","type":"image\/jpeg"}],"author":"Larissa Carvalho","twitter_card":"summary_large_image","twitter_misc":{"Escrito por":"Larissa Carvalho","Est. tempo de leitura":"6 minutos"},"schema":{"@context":"https:\/\/schema.org","@graph":[{"@type":"WebPage","@id":"https:\/\/www.correiobraziliense.com.br\/cbradar\/esses-sao-os-filmes-mais-aguardados-para-o-segundo-semestre-de-2025\/","url":"https:\/\/www.correiobraziliense.com.br\/cbradar\/esses-sao-os-filmes-mais-aguardados-para-o-segundo-semestre-de-2025\/","name":"Esses s\u00e3o os filmes mais aguardados para o segundo semestre de 2025","isPartOf":{"@id":"https:\/\/www.correiobraziliense.com.br\/cbradar\/#website"},"primaryImageOfPage":{"@id":"https:\/\/www.correiobraziliense.com.br\/cbradar\/esses-sao-os-filmes-mais-aguardados-para-o-segundo-semestre-de-2025\/#primaryimage"},"image":{"@id":"https:\/\/www.correiobraziliense.com.br\/cbradar\/esses-sao-os-filmes-mais-aguardados-para-o-segundo-semestre-de-2025\/#primaryimage"},"thumbnailUrl":"https:\/\/www.correiobraziliense.com.br\/cbradar\/wp-content\/uploads\/2025\/03\/filmes_1742668095044.jpg","datePublished":"2025-03-24T13:30:00+00:00","dateModified":"2025-06-30T17:50:58+00:00","author":{"@id":"https:\/\/www.correiobraziliense.com.br\/cbradar\/#\/schema\/person\/58422787644df994b53a19d3e56c1513"},"description":"2025 promete no cinema! Descubra os filmes imperd\u00edveis do segundo semestre, incluindo \"Jurassic World: O Recome\u00e7o\" e \"Superman\".","breadcrumb":{"@id":"https:\/\/www.correiobraziliense.com.br\/cbradar\/esses-sao-os-filmes-mais-aguardados-para-o-segundo-semestre-de-2025\/#breadcrumb"},"inLanguage":"pt-BR","potentialAction":[{"@type":"ReadAction","target":["https:\/\/www.correiobraziliense.com.br\/cbradar\/esses-sao-os-filmes-mais-aguardados-para-o-segundo-semestre-de-2025\/"]}]},{"@type":"ImageObject","inLanguage":"pt-BR","@id":"https:\/\/www.correiobraziliense.com.br\/cbradar\/esses-sao-os-filmes-mais-aguardados-para-o-segundo-semestre-de-2025\/#primaryimage","url":"https:\/\/www.correiobraziliense.com.br\/cbradar\/wp-content\/uploads\/2025\/03\/filmes_1742668095044.jpg","contentUrl":"https:\/\/www.correiobraziliense.com.br\/cbradar\/wp-content\/uploads\/2025\/03\/filmes_1742668095044.jpg","width":1280,"height":720,"caption":"filmes. Cr\u00e9ditos: depositphotos.com \/ fergregory"},{"@type":"BreadcrumbList","@id":"https:\/\/www.correiobraziliense.com.br\/cbradar\/esses-sao-os-filmes-mais-aguardados-para-o-segundo-semestre-de-2025\/#breadcrumb","itemListElement":[{"@type":"ListItem","position":1,"name":"In\u00edcio","item":"https:\/\/www.correiobraziliense.com.br\/cbradar\/"},{"@type":"ListItem","position":2,"name":"Esses s\u00e3o os filmes mais aguardados para o segundo semestre de 2025"}]},{"@type":"WebSite","@id":"https:\/\/www.correiobraziliense.com.br\/cbradar\/#website","url":"https:\/\/www.correiobraziliense.com.br\/cbradar\/","name":"Correio Braziliense - Radar","description":"Acompanhe as \u00faltimas not\u00edcias e fique bem informado sobre tudo o que acontece no Brasil e no mundo.","potentialAction":[{"@type":"SearchAction","target":{"@type":"EntryPoint","urlTemplate":"https:\/\/www.correiobraziliense.com.br\/cbradar\/?s={search_term_string}"},"query-input":{"@type":"PropertyValueSpecification","valueRequired":true,"valueName":"search_term_string"}}],"inLanguage":"pt-BR"},{"@type":"Person","@id":"https:\/\/www.correiobraziliense.com.br\/cbradar\/#\/schema\/person\/58422787644df994b53a19d3e56c1513","name":"Larissa Carvalho","image":{"@type":"ImageObject","inLanguage":"pt-BR","@id":"https:\/\/www.correiobraziliense.com.br\/cbradar\/#\/schema\/person\/image\/","url":"https:\/\/secure.gravatar.com\/avatar\/fe4f91a0de32b52a838d0d612abdc1aa?s=96&d=mm&r=g","contentUrl":"https:\/\/secure.gravatar.com\/avatar\/fe4f91a0de32b52a838d0d612abdc1aa?s=96&d=mm&r=g","caption":"Larissa Carvalho"},"url":"https:\/\/www.correiobraziliense.com.br\/cbradar\/author\/larissamyth\/"}]}},"_links":{"self":[{"href":"https:\/\/www.correiobraziliense.com.br\/cbradar\/wp-json\/wp\/v2\/posts\/15051","targetHints":{"allow":["GET"]}}],"collection":[{"href":"https:\/\/www.correiobraziliense.com.br\/cbradar\/wp-json\/wp\/v2\/posts"}],"about":[{"href":"https:\/\/www.correiobraziliense.com.br\/cbradar\/wp-json\/wp\/v2\/types\/post"}],"author":[{"embeddable":true,"href":"https:\/\/www.correiobraziliense.com.br\/cbradar\/wp-json\/wp\/v2\/users\/3"}],"replies":[{"embeddable":true,"href":"https:\/\/www.correiobraziliense.com.br\/cbradar\/wp-json\/wp\/v2\/comments?post=15051"}],"version-history":[{"count":2,"href":"https:\/\/www.correiobraziliense.com.br\/cbradar\/wp-json\/wp\/v2\/posts\/15051\/revisions"}],"predecessor-version":[{"id":62321,"href":"https:\/\/www.correiobraziliense.com.br\/cbradar\/wp-json\/wp\/v2\/posts\/15051\/revisions\/62321"}],"wp:featuredmedia":[{"embeddable":true,"href":"https:\/\/www.correiobraziliense.com.br\/cbradar\/wp-json\/wp\/v2\/media\/15052"}],"wp:attachment":[{"href":"https:\/\/www.correiobraziliense.com.br\/cbradar\/wp-json\/wp\/v2\/media?parent=15051"}],"wp:term":[{"taxonomy":"category","embeddable":true,"href":"https:\/\/www.correiobraziliense.com.br\/cbradar\/wp-json\/wp\/v2\/categories?post=15051"},{"taxonomy":"post_tag","embeddable":true,"href":"https:\/\/www.correiobraziliense.com.br\/cbradar\/wp-json\/wp\/v2\/post_tag?post=15051"}],"curies":[{"name":"wp","href":"https:\/\/api.w.org\/{rel}","templated":true}]}}