{"id":150599,"date":"2025-12-07T13:25:00","date_gmt":"2025-12-07T16:25:00","guid":{"rendered":"https:\/\/www.correiobraziliense.com.br\/cbradar\/?p=150599"},"modified":"2025-12-05T16:57:36","modified_gmt":"2025-12-05T19:57:36","slug":"o-que-acontece-quando-voce-come-semente-de-abobora-por-30-dias","status":"publish","type":"post","link":"https:\/\/www.correiobraziliense.com.br\/cbradar\/o-que-acontece-quando-voce-come-semente-de-abobora-por-30-dias\/","title":{"rendered":"O que acontece quando voc\u00ea come semente de ab\u00f3bora por 30 dias?"},"content":{"rendered":"\n<p>Decidir <strong>comer semente de ab\u00f3bora<\/strong> diariamente por um m\u00eas \u00e9 uma das interven\u00e7\u00f5es nutricionais mais simples e potentes que voc\u00ea pode fazer. Em apenas 30 dias, a alta carga de magn\u00e9sio, zinco e triptofano come\u00e7a a regular ciclos biol\u00f3gicos essenciais, melhorando visivelmente a qualidade do descanso noturno e oferecendo suporte vital para a sa\u00fade cardiovascular e hormonal.<\/p>\n\n\n\n<h2 class=\"wp-block-heading\">A qualidade do sono melhora logo na primeira semana?<\/h2>\n\n\n\n<p>Sim, e a explica\u00e7\u00e3o \u00e9 qu\u00edmica. As sementes de ab\u00f3bora s\u00e3o uma das fontes naturais mais ricas em triptofano, um amino\u00e1cido que o corpo converte em serotonina e, posteriormente, em melatonina, o &#8220;horm\u00f4nio do sono&#8221;.<\/p>\n\n\n\n<p>Al\u00e9m do triptofano, o alto teor de magn\u00e9sio ajuda a relaxar o sistema nervoso e muscular. A <a href=\"https:\/\/www.sleepfoundation.org\/nutrition\/food-and-drink-promote-good-nights-sleep\" target=\"_blank\" rel=\"noreferrer noopener\"><strong>Sleep Foundation<\/strong><\/a> destaca que a defici\u00eancia de magn\u00e9sio est\u00e1 frequentemente ligada \u00e0 ins\u00f4nia, e a reposi\u00e7\u00e3o natural atrav\u00e9s das sementes pode facilitar o adormecer e reduzir os despertares noturnos j\u00e1 nos primeiros dias de consumo regular.<\/p>\n\n\n\n<figure class=\"wp-block-image aligncenter size-large\"><img decoding=\"async\" width=\"1024\" height=\"576\" src=\"https:\/\/www.correiobraziliense.com.br\/cbradar\/wp-content\/uploads\/2025\/12\/imagem_2025-12-05_152407394-1024x576.png\" alt=\"O que acontece quando voc\u00ea come semente de ab\u00f3bora por 30 dias?\" class=\"wp-image-150600\" srcset=\"https:\/\/www.correiobraziliense.com.br\/cbradar\/wp-content\/uploads\/2025\/12\/imagem_2025-12-05_152407394-1024x576.png 1024w, https:\/\/www.correiobraziliense.com.br\/cbradar\/wp-content\/uploads\/2025\/12\/imagem_2025-12-05_152407394-300x169.png 300w, https:\/\/www.correiobraziliense.com.br\/cbradar\/wp-content\/uploads\/2025\/12\/imagem_2025-12-05_152407394-768x432.png 768w, https:\/\/www.correiobraziliense.com.br\/cbradar\/wp-content\/uploads\/2025\/12\/imagem_2025-12-05_152407394-750x422.png 750w, https:\/\/www.correiobraziliense.com.br\/cbradar\/wp-content\/uploads\/2025\/12\/imagem_2025-12-05_152407394-1140x641.png 1140w, https:\/\/www.correiobraziliense.com.br\/cbradar\/wp-content\/uploads\/2025\/12\/imagem_2025-12-05_152407394.png 1280w\" sizes=\"(max-width: 1024px) 100vw, 1024px\" \/><figcaption class=\"wp-element-caption\">Efeitos no corpo ao consumir semente de ab\u00f3bora diariamente por trinta dias\n<\/figcaption><\/figure>\n\n\n\n<h2 class=\"wp-block-heading\">Qual o impacto na sa\u00fade do cora\u00e7\u00e3o e press\u00e3o arterial?<\/h2>\n\n\n\n<p>Ao longo de 30 dias, os compostos bioativos das sementes come\u00e7am a atuar na sa\u00fade vascular. Elas s\u00e3o ricas em antioxidantes e \u00e1cidos graxos insaturados, mas o destaque vai novamente para o magn\u00e9sio, que auxilia na produ\u00e7\u00e3o de \u00f3xido n\u00edtrico, uma mol\u00e9cula que relaxa os vasos sangu\u00edneos.<\/p>\n\n\n\n<p>Estudos revisados pela <strong><a href=\"https:\/\/www.health.harvard.edu\/blog\/what-can-magnesium-do-for-you-and-how-much-do-you-need-202506033100\" target=\"_blank\" rel=\"noreferrer noopener\">Harvard Health Publishing<\/a><\/strong> sugerem que dietas ricas em magn\u00e9sio est\u00e3o associadas a um risco menor de doen\u00e7as card\u00edacas e derrame. O consumo consistente ajuda a modular a press\u00e3o arterial, tornando as art\u00e9rias mais flex\u00edveis e reduzindo a carga de trabalho sobre o cora\u00e7\u00e3o.<\/p>\n\n\n\n<p>Leia tamb\u00e9m: <a href=\"https:\/\/www.correiobraziliense.com.br\/cbradar\/beneficios-da-casca-dessa-famosa-fruta-que-poucos-comentam-e-melhora-a-imunidade\/\" target=\"_blank\" rel=\"noreferrer noopener\">Benef\u00edcios da casca dessa famosa fruta que poucos comentam e melhora a imunidade<\/a><\/p>\n\n\n\n<h2 class=\"wp-block-heading\">Por que elas s\u00e3o vitais para a sa\u00fade masculina?<\/h2>\n\n\n\n<p>Para os homens, o impacto de um m\u00eas de consumo pode ser significativo devido \u00e0 concentra\u00e7\u00e3o excepcional de zinco. Este mineral \u00e9 fundamental para a sa\u00fade da pr\u00f3stata e para a qualidade do esperma, sendo que a pr\u00f3stata acumula mais zinco do que qualquer outro \u00f3rg\u00e3o do corpo.<\/p>\n\n\n\n<p>Pesquisas citadas pelo <a href=\"https:\/\/pubmed.ncbi.nlm.nih.gov\/21745623\/\" target=\"_blank\" rel=\"noreferrer noopener\"><strong>National Institutes of Health (NIH)<\/strong><\/a> indicam que o \u00f3leo e as sementes de ab\u00f3bora podem ajudar a aliviar sintomas de <strong>Hiperplasia Benigna da Pr\u00f3stata (HBP)<\/strong>, como a dificuldade de urinar. Embora 30 dias n\u00e3o curem a condi\u00e7\u00e3o, eles iniciam o processo de redu\u00e7\u00e3o da inflama\u00e7\u00e3o e reposi\u00e7\u00e3o de n\u00edveis \u00f3timos de zinco.<\/p>\n\n\n\n<p>No v\u00eddeo a seguir, o perfil do <strong><em>Ga.meireles<\/em><\/strong>, com mais de 4,7 milh\u00f5es de seguidores, explica alguns dos benef\u00edcios da semente de ab\u00f3bora:<\/p>\n\n\n\n<blockquote class=\"tiktok-embed\" cite=\"https:\/\/www.tiktok.com\/@ga.meireles\/video\/7563460690804083988\" data-video-id=\"7563460690804083988\" style=\"max-width: 605px;min-width: 325px;\" > <section> <a target=\"_blank\" title=\"@ga.meireles\" href=\"https:\/\/www.tiktok.com\/@ga.meireles?refer=embed\">@ga.meireles<\/a> <p>Conhecia esses benef\u00edcios da semente de ab\u00f3bora? \ud83c\udf83 \ud83d\ude31<\/p> <a target=\"_blank\" title=\"\u266c som original - ga.meireles\" href=\"https:\/\/www.tiktok.com\/music\/som-original-7563460777525398288?refer=embed\">\u266c som original &#8211; ga.meireles<\/a> <\/section> <\/blockquote> <script async src=\"https:\/\/www.tiktok.com\/embed.js\"><\/script>\n\n\n\n<h2 class=\"wp-block-heading\">O consumo di\u00e1rio ajuda a controlar o a\u00e7\u00facar no sangue?<\/h2>\n\n\n\n<p>A combina\u00e7\u00e3o de gorduras saud\u00e1veis, prote\u00ednas e fibras faz dessas sementes uma ferramenta excelente para o controle glic\u00eamico. Ao adicionar uma por\u00e7\u00e3o \u00e0s refei\u00e7\u00f5es, voc\u00ea reduz a velocidade com que o a\u00e7\u00facar entra na corrente sangu\u00ednea, evitando picos de insulina.<\/p>\n\n\n\n<p>Os principais benef\u00edcios metab\u00f3licos incluem:<\/p>\n\n\n\n<ul class=\"wp-block-list\">\n<li><strong>Saciedade Prolongada:<\/strong> A fibra retarda a digest\u00e3o, reduzindo a fome entre refei\u00e7\u00f5es.<\/li>\n\n\n\n<li><strong>Estabilidade Glic\u00eamica:<\/strong> Ajuda a prevenir quedas bruscas de energia ap\u00f3s comer.<\/li>\n\n\n\n<li><strong>Sa\u00fade Intestinal:<\/strong> Alimenta as bact\u00e9rias ben\u00e9ficas do intestino.<\/li>\n\n\n\n<li><strong>Densidade Nutricional:<\/strong> Fornece cobre e mangan\u00eas, vitais para o metabolismo energ\u00e9tico.<\/li>\n<\/ul>\n\n\n\n<figure class=\"wp-block-image aligncenter size-large\"><img decoding=\"async\" width=\"1024\" height=\"576\" src=\"https:\/\/www.correiobraziliense.com.br\/cbradar\/wp-content\/uploads\/2025\/12\/imagem_2025-12-05_152828956-1024x576.png\" alt=\"Efeitos no corpo ao consumir semente de ab\u00f3bora diariamente por trinta dias\n\" class=\"wp-image-150601\" srcset=\"https:\/\/www.correiobraziliense.com.br\/cbradar\/wp-content\/uploads\/2025\/12\/imagem_2025-12-05_152828956-1024x576.png 1024w, https:\/\/www.correiobraziliense.com.br\/cbradar\/wp-content\/uploads\/2025\/12\/imagem_2025-12-05_152828956-300x169.png 300w, https:\/\/www.correiobraziliense.com.br\/cbradar\/wp-content\/uploads\/2025\/12\/imagem_2025-12-05_152828956-768x432.png 768w, https:\/\/www.correiobraziliense.com.br\/cbradar\/wp-content\/uploads\/2025\/12\/imagem_2025-12-05_152828956-750x422.png 750w, https:\/\/www.correiobraziliense.com.br\/cbradar\/wp-content\/uploads\/2025\/12\/imagem_2025-12-05_152828956-1140x641.png 1140w, https:\/\/www.correiobraziliense.com.br\/cbradar\/wp-content\/uploads\/2025\/12\/imagem_2025-12-05_152828956.png 1280w\" sizes=\"(max-width: 1024px) 100vw, 1024px\" \/><figcaption class=\"wp-element-caption\">Efeitos no corpo ao consumir semente de ab\u00f3bora diariamente por trinta dias\n<\/figcaption><\/figure>\n\n\n\n<p>Leia tamb\u00e9m: <a href=\"https:\/\/www.correiobraziliense.com.br\/cbradar\/sintomas-de-deficiencia-de-potassio-que-aparecem-primeiro-nos-musculos\/\" target=\"_blank\" rel=\"noreferrer noopener\">Sintomas de defici\u00eancia de pot\u00e1ssio que aparecem primeiro nos m\u00fasculos<\/a><\/p>\n\n\n\n<h2 class=\"wp-block-heading\">Existem riscos ou efeitos colaterais no consumo excessivo?<\/h2>\n\n\n\n<p>Apesar dos benef\u00edcios, o exagero pode causar desconforto. Como s\u00e3o ricas em fibras, aumentar o consumo drasticamente de um dia para o outro pode levar a gases e incha\u00e7o abdominal tempor\u00e1rio enquanto seu intestino se adapta.<\/p>\n\n\n\n<p>A <a href=\"https:\/\/www.mayoclinic.org\/healthy-lifestyle\/nutrition-and-healthy-eating\/in-depth\/high-fiber-foods\/art-20050948\" target=\"_blank\" rel=\"noreferrer noopener\"><strong>Mayo Clinic<\/strong><\/a> recomenda aumentar a ingest\u00e3o de fibras gradualmente e beber bastante \u00e1gua. Al\u00e9m disso, as sementes s\u00e3o cal\u00f3ricas; uma por\u00e7\u00e3o ideal gira em torno de 30 gramas (uma colher de sopa cheia ou um punhado pequeno) para obter os benef\u00edcios sem ganho de peso indesejado.<\/p>\n","protected":false},"excerpt":{"rendered":"<p>Decidir comer semente de ab\u00f3bora diariamente por um m\u00eas \u00e9 uma das interven\u00e7\u00f5es nutricionais mais simples e potentes que voc\u00ea pode fazer. Em apenas 30 dias, a alta carga de magn\u00e9sio, zinco e triptofano come\u00e7a a regular ciclos biol\u00f3gicos essenciais, melhorando visivelmente a qualidade do descanso noturno e oferecendo suporte vital para a sa\u00fade cardiovascular [&hellip;]<\/p>\n","protected":false},"author":11,"featured_media":150670,"comment_status":"open","ping_status":"open","sticky":false,"template":"","format":"standard","meta":{"_yoast_wpseo_focuskw":"comer semente de ab\u00f3bora","_yoast_wpseo_title":"","_yoast_wpseo_metadesc":"Consumir semente de abobora por 30 dias di\u00e1rios promove sa\u00fade prost\u00e1tica melhor digest\u00e3o e equil\u00edbrio hormonal com nutrientes concentrados e benef\u00edcios acumulativos","jnews-multi-image_gallery":[],"jnews_single_post":{"format":"standard"},"jnews_primary_category":[],"jnews_social_meta":[],"jnews_override_counter":[],"footnotes":""},"categories":[119],"post_tag":[10582,1318,8921],"class_list":["post-150599","post","type-post","status-publish","format-standard","has-post-thumbnail","hentry","category-bem-estar","tag-abobora-2","tag-saude-2","tag-semente"],"yoast_head":"<!-- This site is optimized with the Yoast SEO plugin v24.6 - https:\/\/yoast.com\/wordpress\/plugins\/seo\/ -->\n<title>O que acontece quando voc\u00ea come semente de ab\u00f3bora por 30 dias? - Correio Braziliense - Radar<\/title>\n<meta name=\"description\" content=\"Consumir semente de abobora por 30 dias di\u00e1rios promove sa\u00fade prost\u00e1tica melhor digest\u00e3o e equil\u00edbrio hormonal com nutrientes concentrados e benef\u00edcios acumulativos\" \/>\n<meta name=\"robots\" content=\"index, follow, max-snippet:-1, max-image-preview:large, max-video-preview:-1\" \/>\n<link rel=\"canonical\" href=\"https:\/\/www.correiobraziliense.com.br\/cbradar\/o-que-acontece-quando-voce-come-semente-de-abobora-por-30-dias\/\" \/>\n<meta property=\"og:locale\" content=\"pt_BR\" \/>\n<meta property=\"og:type\" content=\"article\" \/>\n<meta property=\"og:title\" content=\"O que acontece quando voc\u00ea come semente de ab\u00f3bora por 30 dias? - Correio Braziliense - Radar\" \/>\n<meta property=\"og:description\" content=\"Consumir semente de abobora por 30 dias di\u00e1rios promove sa\u00fade prost\u00e1tica melhor digest\u00e3o e equil\u00edbrio hormonal com nutrientes concentrados e benef\u00edcios acumulativos\" \/>\n<meta property=\"og:url\" content=\"https:\/\/www.correiobraziliense.com.br\/cbradar\/o-que-acontece-quando-voce-come-semente-de-abobora-por-30-dias\/\" \/>\n<meta property=\"og:site_name\" content=\"Correio Braziliense - Radar\" \/>\n<meta property=\"article:published_time\" content=\"2025-12-07T16:25:00+00:00\" \/>\n<meta property=\"og:image\" content=\"https:\/\/www.correiobraziliense.com.br\/cbradar\/wp-content\/uploads\/2025\/12\/freepik__faa-uma-imagem-realista-de-somentes-de-abbora-em-c__63061.jpeg\" \/>\n\t<meta property=\"og:image:width\" content=\"1280\" \/>\n\t<meta property=\"og:image:height\" content=\"720\" \/>\n\t<meta property=\"og:image:type\" content=\"image\/jpeg\" \/>\n<meta name=\"author\" content=\"Paulo Custodio\" \/>\n<meta name=\"twitter:card\" content=\"summary_large_image\" \/>\n<meta name=\"twitter:label1\" content=\"Escrito por\" \/>\n\t<meta name=\"twitter:data1\" content=\"Paulo Custodio\" \/>\n\t<meta name=\"twitter:label2\" content=\"Est. tempo de leitura\" \/>\n\t<meta name=\"twitter:data2\" content=\"5 minutos\" \/>\n<!-- \/ Yoast SEO plugin. -->","yoast_head_json":{"title":"O que acontece quando voc\u00ea come semente de ab\u00f3bora por 30 dias? - Correio Braziliense - Radar","description":"Consumir semente de abobora por 30 dias di\u00e1rios promove sa\u00fade prost\u00e1tica melhor digest\u00e3o e equil\u00edbrio hormonal com nutrientes concentrados e benef\u00edcios acumulativos","robots":{"index":"index","follow":"follow","max-snippet":"max-snippet:-1","max-image-preview":"max-image-preview:large","max-video-preview":"max-video-preview:-1"},"canonical":"https:\/\/www.correiobraziliense.com.br\/cbradar\/o-que-acontece-quando-voce-come-semente-de-abobora-por-30-dias\/","og_locale":"pt_BR","og_type":"article","og_title":"O que acontece quando voc\u00ea come semente de ab\u00f3bora por 30 dias? - Correio Braziliense - Radar","og_description":"Consumir semente de abobora por 30 dias di\u00e1rios promove sa\u00fade prost\u00e1tica melhor digest\u00e3o e equil\u00edbrio hormonal com nutrientes concentrados e benef\u00edcios acumulativos","og_url":"https:\/\/www.correiobraziliense.com.br\/cbradar\/o-que-acontece-quando-voce-come-semente-de-abobora-por-30-dias\/","og_site_name":"Correio Braziliense - Radar","article_published_time":"2025-12-07T16:25:00+00:00","og_image":[{"width":1280,"height":720,"url":"https:\/\/www.correiobraziliense.com.br\/cbradar\/wp-content\/uploads\/2025\/12\/freepik__faa-uma-imagem-realista-de-somentes-de-abbora-em-c__63061.jpeg","type":"image\/jpeg"}],"author":"Paulo Custodio","twitter_card":"summary_large_image","twitter_misc":{"Escrito por":"Paulo Custodio","Est. tempo de leitura":"5 minutos"},"schema":{"@context":"https:\/\/schema.org","@graph":[{"@type":"WebPage","@id":"https:\/\/www.correiobraziliense.com.br\/cbradar\/o-que-acontece-quando-voce-come-semente-de-abobora-por-30-dias\/","url":"https:\/\/www.correiobraziliense.com.br\/cbradar\/o-que-acontece-quando-voce-come-semente-de-abobora-por-30-dias\/","name":"O que acontece quando voc\u00ea come semente de ab\u00f3bora por 30 dias? - Correio Braziliense - Radar","isPartOf":{"@id":"https:\/\/www.correiobraziliense.com.br\/cbradar\/#website"},"primaryImageOfPage":{"@id":"https:\/\/www.correiobraziliense.com.br\/cbradar\/o-que-acontece-quando-voce-come-semente-de-abobora-por-30-dias\/#primaryimage"},"image":{"@id":"https:\/\/www.correiobraziliense.com.br\/cbradar\/o-que-acontece-quando-voce-come-semente-de-abobora-por-30-dias\/#primaryimage"},"thumbnailUrl":"https:\/\/www.correiobraziliense.com.br\/cbradar\/wp-content\/uploads\/2025\/12\/freepik__faa-uma-imagem-realista-de-somentes-de-abbora-em-c__63061.jpeg","datePublished":"2025-12-07T16:25:00+00:00","author":{"@id":"https:\/\/www.correiobraziliense.com.br\/cbradar\/#\/schema\/person\/4cec7857301a9a1a2ef249893cd908d3"},"description":"Consumir semente de abobora por 30 dias di\u00e1rios promove sa\u00fade prost\u00e1tica melhor digest\u00e3o e equil\u00edbrio hormonal com nutrientes concentrados e benef\u00edcios acumulativos","breadcrumb":{"@id":"https:\/\/www.correiobraziliense.com.br\/cbradar\/o-que-acontece-quando-voce-come-semente-de-abobora-por-30-dias\/#breadcrumb"},"inLanguage":"pt-BR","potentialAction":[{"@type":"ReadAction","target":["https:\/\/www.correiobraziliense.com.br\/cbradar\/o-que-acontece-quando-voce-come-semente-de-abobora-por-30-dias\/"]}]},{"@type":"ImageObject","inLanguage":"pt-BR","@id":"https:\/\/www.correiobraziliense.com.br\/cbradar\/o-que-acontece-quando-voce-come-semente-de-abobora-por-30-dias\/#primaryimage","url":"https:\/\/www.correiobraziliense.com.br\/cbradar\/wp-content\/uploads\/2025\/12\/freepik__faa-uma-imagem-realista-de-somentes-de-abbora-em-c__63061.jpeg","contentUrl":"https:\/\/www.correiobraziliense.com.br\/cbradar\/wp-content\/uploads\/2025\/12\/freepik__faa-uma-imagem-realista-de-somentes-de-abbora-em-c__63061.jpeg","width":1280,"height":720,"caption":"Rica em magn\u00e9sio que contribui para a regula\u00e7\u00e3o do sono"},{"@type":"BreadcrumbList","@id":"https:\/\/www.correiobraziliense.com.br\/cbradar\/o-que-acontece-quando-voce-come-semente-de-abobora-por-30-dias\/#breadcrumb","itemListElement":[{"@type":"ListItem","position":1,"name":"In\u00edcio","item":"https:\/\/www.correiobraziliense.com.br\/cbradar\/"},{"@type":"ListItem","position":2,"name":"O que acontece quando voc\u00ea come semente de ab\u00f3bora por 30 dias?"}]},{"@type":"WebSite","@id":"https:\/\/www.correiobraziliense.com.br\/cbradar\/#website","url":"https:\/\/www.correiobraziliense.com.br\/cbradar\/","name":"Correio Braziliense - Radar","description":"Acompanhe as \u00faltimas not\u00edcias e fique bem informado sobre tudo o que acontece no Brasil e no mundo.","potentialAction":[{"@type":"SearchAction","target":{"@type":"EntryPoint","urlTemplate":"https:\/\/www.correiobraziliense.com.br\/cbradar\/?s={search_term_string}"},"query-input":{"@type":"PropertyValueSpecification","valueRequired":true,"valueName":"search_term_string"}}],"inLanguage":"pt-BR"},{"@type":"Person","@id":"https:\/\/www.correiobraziliense.com.br\/cbradar\/#\/schema\/person\/4cec7857301a9a1a2ef249893cd908d3","name":"Paulo Custodio","image":{"@type":"ImageObject","inLanguage":"pt-BR","@id":"https:\/\/www.correiobraziliense.com.br\/cbradar\/#\/schema\/person\/image\/","url":"https:\/\/secure.gravatar.com\/avatar\/bcd67168d1534e8fcf4f45c726a87cea?s=96&d=mm&r=g","contentUrl":"https:\/\/secure.gravatar.com\/avatar\/bcd67168d1534e8fcf4f45c726a87cea?s=96&d=mm&r=g","caption":"Paulo Custodio"},"sameAs":["https:\/\/www.correiobraziliense.com.br\/cbradar"],"url":"https:\/\/www.correiobraziliense.com.br\/cbradar\/author\/paulomyth\/"}]}},"_links":{"self":[{"href":"https:\/\/www.correiobraziliense.com.br\/cbradar\/wp-json\/wp\/v2\/posts\/150599","targetHints":{"allow":["GET"]}}],"collection":[{"href":"https:\/\/www.correiobraziliense.com.br\/cbradar\/wp-json\/wp\/v2\/posts"}],"about":[{"href":"https:\/\/www.correiobraziliense.com.br\/cbradar\/wp-json\/wp\/v2\/types\/post"}],"author":[{"embeddable":true,"href":"https:\/\/www.correiobraziliense.com.br\/cbradar\/wp-json\/wp\/v2\/users\/11"}],"replies":[{"embeddable":true,"href":"https:\/\/www.correiobraziliense.com.br\/cbradar\/wp-json\/wp\/v2\/comments?post=150599"}],"version-history":[{"count":1,"href":"https:\/\/www.correiobraziliense.com.br\/cbradar\/wp-json\/wp\/v2\/posts\/150599\/revisions"}],"predecessor-version":[{"id":150602,"href":"https:\/\/www.correiobraziliense.com.br\/cbradar\/wp-json\/wp\/v2\/posts\/150599\/revisions\/150602"}],"wp:featuredmedia":[{"embeddable":true,"href":"https:\/\/www.correiobraziliense.com.br\/cbradar\/wp-json\/wp\/v2\/media\/150670"}],"wp:attachment":[{"href":"https:\/\/www.correiobraziliense.com.br\/cbradar\/wp-json\/wp\/v2\/media?parent=150599"}],"wp:term":[{"taxonomy":"category","embeddable":true,"href":"https:\/\/www.correiobraziliense.com.br\/cbradar\/wp-json\/wp\/v2\/categories?post=150599"},{"taxonomy":"post_tag","embeddable":true,"href":"https:\/\/www.correiobraziliense.com.br\/cbradar\/wp-json\/wp\/v2\/post_tag?post=150599"}],"curies":[{"name":"wp","href":"https:\/\/api.w.org\/{rel}","templated":true}]}}