{"id":150625,"date":"2025-12-07T20:55:00","date_gmt":"2025-12-07T23:55:00","guid":{"rendered":"https:\/\/www.correiobraziliense.com.br\/cbradar\/?p=150625"},"modified":"2025-12-05T17:15:34","modified_gmt":"2025-12-05T20:15:34","slug":"qual-o-melhor-alimento-para-comer-no-dia-a-dia-e-ajudar-o-seu-figado","status":"publish","type":"post","link":"https:\/\/www.correiobraziliense.com.br\/cbradar\/qual-o-melhor-alimento-para-comer-no-dia-a-dia-e-ajudar-o-seu-figado\/","title":{"rendered":"Qual o melhor alimento para comer no dia a dia e ajudar o seu f\u00edgado?"},"content":{"rendered":"\n<p>Se voc\u00ea busca o <strong>melhor alimento para o f\u00edgado<\/strong> para incluir na dieta di\u00e1ria, a ci\u00eancia aponta consistentemente para a fam\u00edlia das cruc\u00edferas, com destaque absoluto para o br\u00f3colis. Este vegetal n\u00e3o apenas fornece nutrientes b\u00e1sicos, mas cont\u00e9m compostos bioativos \u00fanicos capazes de aumentar a produ\u00e7\u00e3o natural de enzimas de desintoxica\u00e7\u00e3o e impedir o ac\u00famulo excessivo de gordura no \u00f3rg\u00e3o.<\/p>\n\n\n\n<h2 class=\"wp-block-heading\">Por que o br\u00f3colis \u00e9 considerado o &#8220;rei&#8221; do detox?<\/h2>\n\n\n\n<p>O segredo do br\u00f3colis reside em um composto chamado sulforafano. Diferente de sucos &#8220;detox&#8221; que prometem milagres sem base cient\u00edfica, o sulforafano tem um mecanismo comprovado: ele ativa o caminho Nrf2, que sinaliza aos genes do f\u00edgado para aumentar a produ\u00e7\u00e3o de enzimas antioxidantes.<\/p>\n\n\n\n<p>Pesquisadores da <a href=\"https:\/\/www.hopkinsmedicine.org\/news\/newsroom\/news-releases\/2022\/03\/chemical-found-in-leafy-greens-shown-to-slow-growth-of-covid-19-and-common-cold-viruses\" target=\"_blank\" rel=\"noreferrer noopener\"><strong>Johns Hopkins Medicine<\/strong><\/a> foram pioneiros em identificar como os brotos de br\u00f3colis e o vegetal maduro ajudam o corpo a eliminar toxinas ambientais e poluentes. Consumir este vegetal funciona como um &#8220;bot\u00e3o de ligar&#8221; para o sistema de limpeza interno do pr\u00f3prio corpo.<\/p>\n\n\n\n<figure class=\"wp-block-image aligncenter size-large\"><img decoding=\"async\" width=\"1024\" height=\"576\" src=\"https:\/\/www.correiobraziliense.com.br\/cbradar\/wp-content\/uploads\/2025\/12\/imagem_2025-12-05_161323752-1024x576.png\" alt=\"Qual o melhor alimento para comer no dia a dia e ajudar o seu f\u00edgado?\" class=\"wp-image-150628\" srcset=\"https:\/\/www.correiobraziliense.com.br\/cbradar\/wp-content\/uploads\/2025\/12\/imagem_2025-12-05_161323752-1024x576.png 1024w, https:\/\/www.correiobraziliense.com.br\/cbradar\/wp-content\/uploads\/2025\/12\/imagem_2025-12-05_161323752-300x169.png 300w, https:\/\/www.correiobraziliense.com.br\/cbradar\/wp-content\/uploads\/2025\/12\/imagem_2025-12-05_161323752-768x432.png 768w, https:\/\/www.correiobraziliense.com.br\/cbradar\/wp-content\/uploads\/2025\/12\/imagem_2025-12-05_161323752-750x422.png 750w, https:\/\/www.correiobraziliense.com.br\/cbradar\/wp-content\/uploads\/2025\/12\/imagem_2025-12-05_161323752-1140x641.png 1140w, https:\/\/www.correiobraziliense.com.br\/cbradar\/wp-content\/uploads\/2025\/12\/imagem_2025-12-05_161323752.png 1280w\" sizes=\"(max-width: 1024px) 100vw, 1024px\" \/><figcaption class=\"wp-element-caption\">Alimento que oferece suporte di\u00e1rio ao f\u00edgado e contribui para seu bom funcionamento\n<\/figcaption><\/figure>\n\n\n\n<p>Leia tamb\u00e9m: <a href=\"https:\/\/www.correiobraziliense.com.br\/cbradar\/beneficios-da-casca-dessa-famosa-fruta-que-poucos-comentam-e-melhora-a-imunidade\/\" target=\"_blank\" rel=\"noreferrer noopener\">Benef\u00edcios da casca dessa famosa fruta que poucos comentam e melhora a imunidade<\/a><\/p>\n\n\n\n<h2 class=\"wp-block-heading\">Ele ajuda quem j\u00e1 tem gordura no f\u00edgado?<\/h2>\n\n\n\n<p>Sim, e este \u00e9 um dos benef\u00edcios mais promissores. A Doen\u00e7a Hep\u00e1tica Gordurosa N\u00e3o Alco\u00f3lica (esteatose) \u00e9 uma epidemia moderna, e estudos indicam que compostos encontrados no br\u00f3colis, como o indol, podem ajudar a reverter ou prevenir esse ac\u00famulo de lip\u00eddios.<\/p>\n\n\n\n<p>Um estudo relevante discutido pela <a href=\"https:\/\/stories.tamu.edu\/news\/2020\/02\/07\/natural-compound-in-vegetables-helps-fight-fatty-liver-disease\/\" target=\"_blank\" rel=\"noreferrer noopener\"><strong>Texas A&amp;M University<\/strong><\/a> sugere que o consumo regular de vegetais cruc\u00edferos reduz significativamente os n\u00edveis de gordura hep\u00e1tica. O composto indol atua nas vias inflamat\u00f3rias, protegendo o tecido hep\u00e1tico contra danos cr\u00f4nicos que poderiam evoluir para fibrose.<\/p>\n\n\n\n<p>No v\u00eddeo a seguir, o <strong><em>Dr. Christian Aguiar<\/em><\/strong> com mais de 840 mil seguidores, fala um pouco mais sobre o br\u00f3colis:<\/p>\n\n\n\n<iframe loading=\"lazy\" width=\"341\" height=\"606\" src=\"https:\/\/www.youtube.com\/embed\/pQTFQ80ZU1E\" title=\"Aproveite os benef\u00edcios do br\u00f3colis\" frameborder=\"0\" allow=\"accelerometer; autoplay; clipboard-write; encrypted-media; gyroscope; picture-in-picture; web-share\" referrerpolicy=\"strict-origin-when-cross-origin\" allowfullscreen><\/iframe>\n\n\n\n<h2 class=\"wp-block-heading\">Quais outros vegetais t\u00eam o mesmo poder?<\/h2>\n\n\n\n<p>Embora o br\u00f3colis seja o mais famoso, ele pertence a uma fam\u00edlia bot\u00e2nica poderosa. Variar o consumo entre esses vegetais garante um espectro amplo de glicosinolatos, as mol\u00e9culas precursoras do sulforafano e de outros protetores hep\u00e1ticos.<\/p>\n\n\n\n<p>Os melhores aliados vegetais para alternar na semana incluem:<\/p>\n\n\n\n<ul class=\"wp-block-list\">\n<li><strong>Couve de Bruxelas:<\/strong> Alt\u00edssima concentra\u00e7\u00e3o de antioxidantes que reparam danos celulares.<\/li>\n\n\n\n<li><strong>Couve-flor:<\/strong> Vers\u00e1til e rica em colina, essencial para o metabolismo de gorduras.<\/li>\n\n\n\n<li><strong>R\u00facula:<\/strong> Suas propriedades amargas estimulam a produ\u00e7\u00e3o de bile e digest\u00e3o.<\/li>\n\n\n\n<li><strong>Repolho:<\/strong> Fonte acess\u00edvel de compostos que apoiam a fun\u00e7\u00e3o hep\u00e1tica.<\/li>\n<\/ul>\n\n\n\n<figure class=\"wp-block-image aligncenter size-large\"><img decoding=\"async\" width=\"1024\" height=\"576\" src=\"https:\/\/www.correiobraziliense.com.br\/cbradar\/wp-content\/uploads\/2025\/12\/imagem_2025-12-05_161738699-1024x576.png\" alt=\"Alimento que oferece suporte di\u00e1rio ao f\u00edgado e contribui para seu bom funcionamento\n\" class=\"wp-image-150642\" srcset=\"https:\/\/www.correiobraziliense.com.br\/cbradar\/wp-content\/uploads\/2025\/12\/imagem_2025-12-05_161738699-1024x576.png 1024w, https:\/\/www.correiobraziliense.com.br\/cbradar\/wp-content\/uploads\/2025\/12\/imagem_2025-12-05_161738699-300x169.png 300w, https:\/\/www.correiobraziliense.com.br\/cbradar\/wp-content\/uploads\/2025\/12\/imagem_2025-12-05_161738699-768x432.png 768w, https:\/\/www.correiobraziliense.com.br\/cbradar\/wp-content\/uploads\/2025\/12\/imagem_2025-12-05_161738699-750x422.png 750w, https:\/\/www.correiobraziliense.com.br\/cbradar\/wp-content\/uploads\/2025\/12\/imagem_2025-12-05_161738699-1140x641.png 1140w, https:\/\/www.correiobraziliense.com.br\/cbradar\/wp-content\/uploads\/2025\/12\/imagem_2025-12-05_161738699.png 1280w\" sizes=\"(max-width: 1024px) 100vw, 1024px\" \/><figcaption class=\"wp-element-caption\">Alimento que oferece suporte di\u00e1rio ao f\u00edgado e contribui para seu bom funcionamento\n<\/figcaption><\/figure>\n\n\n\n<h2 class=\"wp-block-heading\">O caf\u00e9 tamb\u00e9m protege o \u00f3rg\u00e3o?<\/h2>\n\n\n\n<p>Embora este artigo foque em alimentos s\u00f3lidos (&#8220;o que comer&#8221;), seria irrespons\u00e1vel n\u00e3o mencionar o caf\u00e9 como a melhor bebida para o f\u00edgado. A literatura m\u00e9dica \u00e9 vasta ao confirmar que o caf\u00e9 reduz a rigidez do f\u00edgado e o risco de c\u00e2ncer hep\u00e1tico.<\/p>\n\n\n\n<p>A <a href=\"https:\/\/liverfoundation.org\/health-and-wellness\/healthy-lifestyle\/\" target=\"_blank\" rel=\"noreferrer noopener\"><strong>Liver Foundation<\/strong><\/a> afirma que beber caf\u00e9 regularmente pode diminuir o risco de cirrose permanente em pessoas que j\u00e1 possuem doen\u00e7as hep\u00e1ticas cr\u00f4nicas. A combina\u00e7\u00e3o ideal para a sa\u00fade hep\u00e1tica, portanto, seria um prato de br\u00f3colis no almo\u00e7o e x\u00edcaras de caf\u00e9 (sem a\u00e7\u00facar) ao longo do dia.<\/p>\n\n\n\n<p>Leia tamb\u00e9m: <a href=\"https:\/\/www.correiobraziliense.com.br\/cbradar\/sintomas-de-deficiencia-de-potassio-que-aparecem-primeiro-nos-musculos\/\" target=\"_blank\" rel=\"noreferrer noopener\">Sintomas de defici\u00eancia de pot\u00e1ssio que aparecem primeiro nos m\u00fasculos<\/a><\/p>\n\n\n\n<h2 class=\"wp-block-heading\">Qual a forma correta de preparo para n\u00e3o perder nutrientes?<\/h2>\n\n\n\n<p>A forma como voc\u00ea cozinha o br\u00f3colis pode multiplicar ou destruir seus benef\u00edcios. O sulforafano precisa de uma enzima chamada mirosinase para ser ativado, e essa enzima \u00e9 sens\u00edvel ao calor extremo. Ferver o br\u00f3colis at\u00e9 ele ficar mole mata essa enzima e reduz drasticamente o potencial terap\u00eautico.<\/p>\n\n\n\n<p>Para preservar a pot\u00eancia, o ideal \u00e9 cozinhar no vapor por poucos minutos (3 a 4 minutos), mantendo-o &#8220;al dente&#8221; (crocante). Outra estrat\u00e9gia \u00e9 adicionar sementes de mostarda em p\u00f3 ou comer um pouco de r\u00facula crua junto, pois elas fornecem a enzima ativa necess\u00e1ria para processar o sulforafano do br\u00f3colis cozido.<\/p>\n","protected":false},"excerpt":{"rendered":"<p>Se voc\u00ea busca o melhor alimento para o f\u00edgado para incluir na dieta di\u00e1ria, a ci\u00eancia aponta consistentemente para a fam\u00edlia das cruc\u00edferas, com destaque absoluto para o br\u00f3colis. Este vegetal n\u00e3o apenas fornece nutrientes b\u00e1sicos, mas cont\u00e9m compostos bioativos \u00fanicos capazes de aumentar a produ\u00e7\u00e3o natural de enzimas de desintoxica\u00e7\u00e3o e impedir o ac\u00famulo [&hellip;]<\/p>\n","protected":false},"author":11,"featured_media":150693,"comment_status":"open","ping_status":"open","sticky":false,"template":"","format":"standard","meta":{"_yoast_wpseo_focuskw":"melhor alimento para o f\u00edgado","_yoast_wpseo_title":"","_yoast_wpseo_metadesc":"Alimento acess\u00edvel e nutritivo fortalece fun\u00e7\u00e3o hep\u00e1tica diariamente oferecendo prote\u00e7\u00e3o natural e apoio cont\u00ednuo para sa\u00fade do f\u00edgado","jnews-multi-image_gallery":[],"jnews_single_post":{"format":"standard"},"jnews_primary_category":[],"jnews_social_meta":[],"jnews_override_counter":[],"footnotes":""},"categories":[119],"tags":[281,12339,1318],"class_list":["post-150625","post","type-post","status-publish","format-standard","has-post-thumbnail","hentry","category-bem-estar","tag-alimentacao","tag-brocolis-2","tag-saude-2"],"yoast_head":"<!-- This site is optimized with the Yoast SEO plugin v24.6 - https:\/\/yoast.com\/wordpress\/plugins\/seo\/ -->\n<title>Qual o melhor alimento para comer no dia a dia e ajudar o seu f\u00edgado? - Correio Braziliense - Radar<\/title>\n<meta name=\"description\" content=\"Alimento acess\u00edvel e nutritivo fortalece fun\u00e7\u00e3o hep\u00e1tica diariamente oferecendo prote\u00e7\u00e3o natural e apoio cont\u00ednuo para sa\u00fade do f\u00edgado\" \/>\n<meta name=\"robots\" content=\"index, follow, max-snippet:-1, max-image-preview:large, max-video-preview:-1\" \/>\n<link rel=\"canonical\" href=\"https:\/\/www.correiobraziliense.com.br\/cbradar\/qual-o-melhor-alimento-para-comer-no-dia-a-dia-e-ajudar-o-seu-figado\/\" \/>\n<meta property=\"og:locale\" content=\"pt_BR\" \/>\n<meta property=\"og:type\" content=\"article\" \/>\n<meta property=\"og:title\" content=\"Qual o melhor alimento para comer no dia a dia e ajudar o seu f\u00edgado? - Correio Braziliense - Radar\" \/>\n<meta property=\"og:description\" content=\"Alimento acess\u00edvel e nutritivo fortalece fun\u00e7\u00e3o hep\u00e1tica diariamente oferecendo prote\u00e7\u00e3o natural e apoio cont\u00ednuo para sa\u00fade do f\u00edgado\" \/>\n<meta property=\"og:url\" content=\"https:\/\/www.correiobraziliense.com.br\/cbradar\/qual-o-melhor-alimento-para-comer-no-dia-a-dia-e-ajudar-o-seu-figado\/\" \/>\n<meta property=\"og:site_name\" content=\"Correio Braziliense - Radar\" \/>\n<meta property=\"article:published_time\" content=\"2025-12-07T23:55:00+00:00\" \/>\n<meta property=\"og:image\" content=\"https:\/\/www.correiobraziliense.com.br\/cbradar\/wp-content\/uploads\/2025\/12\/freepik__faa-uma-imagem-realista-de-um-prato-com-brcolis-no__63066.jpeg\" \/>\n\t<meta property=\"og:image:width\" content=\"1280\" \/>\n\t<meta property=\"og:image:height\" content=\"720\" \/>\n\t<meta property=\"og:image:type\" content=\"image\/jpeg\" \/>\n<meta name=\"author\" content=\"Paulo Custodio\" \/>\n<meta name=\"twitter:card\" content=\"summary_large_image\" \/>\n<meta name=\"twitter:label1\" content=\"Escrito por\" \/>\n\t<meta name=\"twitter:data1\" content=\"Paulo Custodio\" \/>\n\t<meta name=\"twitter:label2\" content=\"Est. tempo de leitura\" \/>\n\t<meta name=\"twitter:data2\" content=\"4 minutos\" \/>\n<!-- \/ Yoast SEO plugin. -->","yoast_head_json":{"title":"Qual o melhor alimento para comer no dia a dia e ajudar o seu f\u00edgado? - Correio Braziliense - Radar","description":"Alimento acess\u00edvel e nutritivo fortalece fun\u00e7\u00e3o hep\u00e1tica diariamente oferecendo prote\u00e7\u00e3o natural e apoio cont\u00ednuo para sa\u00fade do f\u00edgado","robots":{"index":"index","follow":"follow","max-snippet":"max-snippet:-1","max-image-preview":"max-image-preview:large","max-video-preview":"max-video-preview:-1"},"canonical":"https:\/\/www.correiobraziliense.com.br\/cbradar\/qual-o-melhor-alimento-para-comer-no-dia-a-dia-e-ajudar-o-seu-figado\/","og_locale":"pt_BR","og_type":"article","og_title":"Qual o melhor alimento para comer no dia a dia e ajudar o seu f\u00edgado? - Correio Braziliense - Radar","og_description":"Alimento acess\u00edvel e nutritivo fortalece fun\u00e7\u00e3o hep\u00e1tica diariamente oferecendo prote\u00e7\u00e3o natural e apoio cont\u00ednuo para sa\u00fade do f\u00edgado","og_url":"https:\/\/www.correiobraziliense.com.br\/cbradar\/qual-o-melhor-alimento-para-comer-no-dia-a-dia-e-ajudar-o-seu-figado\/","og_site_name":"Correio Braziliense - Radar","article_published_time":"2025-12-07T23:55:00+00:00","og_image":[{"width":1280,"height":720,"url":"https:\/\/www.correiobraziliense.com.br\/cbradar\/wp-content\/uploads\/2025\/12\/freepik__faa-uma-imagem-realista-de-um-prato-com-brcolis-no__63066.jpeg","type":"image\/jpeg"}],"author":"Paulo Custodio","twitter_card":"summary_large_image","twitter_misc":{"Escrito por":"Paulo Custodio","Est. tempo de leitura":"4 minutos"},"schema":{"@context":"https:\/\/schema.org","@graph":[{"@type":"WebPage","@id":"https:\/\/www.correiobraziliense.com.br\/cbradar\/qual-o-melhor-alimento-para-comer-no-dia-a-dia-e-ajudar-o-seu-figado\/","url":"https:\/\/www.correiobraziliense.com.br\/cbradar\/qual-o-melhor-alimento-para-comer-no-dia-a-dia-e-ajudar-o-seu-figado\/","name":"Qual o melhor alimento para comer no dia a dia e ajudar o seu f\u00edgado? - Correio Braziliense - Radar","isPartOf":{"@id":"https:\/\/www.correiobraziliense.com.br\/cbradar\/#website"},"primaryImageOfPage":{"@id":"https:\/\/www.correiobraziliense.com.br\/cbradar\/qual-o-melhor-alimento-para-comer-no-dia-a-dia-e-ajudar-o-seu-figado\/#primaryimage"},"image":{"@id":"https:\/\/www.correiobraziliense.com.br\/cbradar\/qual-o-melhor-alimento-para-comer-no-dia-a-dia-e-ajudar-o-seu-figado\/#primaryimage"},"thumbnailUrl":"https:\/\/www.correiobraziliense.com.br\/cbradar\/wp-content\/uploads\/2025\/12\/freepik__faa-uma-imagem-realista-de-um-prato-com-brcolis-no__63066.jpeg","datePublished":"2025-12-07T23:55:00+00:00","author":{"@id":"https:\/\/www.correiobraziliense.com.br\/cbradar\/#\/schema\/person\/4cec7857301a9a1a2ef249893cd908d3"},"description":"Alimento acess\u00edvel e nutritivo fortalece fun\u00e7\u00e3o hep\u00e1tica diariamente oferecendo prote\u00e7\u00e3o natural e apoio cont\u00ednuo para sa\u00fade do f\u00edgado","breadcrumb":{"@id":"https:\/\/www.correiobraziliense.com.br\/cbradar\/qual-o-melhor-alimento-para-comer-no-dia-a-dia-e-ajudar-o-seu-figado\/#breadcrumb"},"inLanguage":"pt-BR","potentialAction":[{"@type":"ReadAction","target":["https:\/\/www.correiobraziliense.com.br\/cbradar\/qual-o-melhor-alimento-para-comer-no-dia-a-dia-e-ajudar-o-seu-figado\/"]}]},{"@type":"ImageObject","inLanguage":"pt-BR","@id":"https:\/\/www.correiobraziliense.com.br\/cbradar\/qual-o-melhor-alimento-para-comer-no-dia-a-dia-e-ajudar-o-seu-figado\/#primaryimage","url":"https:\/\/www.correiobraziliense.com.br\/cbradar\/wp-content\/uploads\/2025\/12\/freepik__faa-uma-imagem-realista-de-um-prato-com-brcolis-no__63066.jpeg","contentUrl":"https:\/\/www.correiobraziliense.com.br\/cbradar\/wp-content\/uploads\/2025\/12\/freepik__faa-uma-imagem-realista-de-um-prato-com-brcolis-no__63066.jpeg","width":1280,"height":720,"caption":"Br\u00f3colis pertence \u00e0 fam\u00edlia das cruc\u00edferas com reconhecidos benef\u00edcios ao f\u00edgado"},{"@type":"BreadcrumbList","@id":"https:\/\/www.correiobraziliense.com.br\/cbradar\/qual-o-melhor-alimento-para-comer-no-dia-a-dia-e-ajudar-o-seu-figado\/#breadcrumb","itemListElement":[{"@type":"ListItem","position":1,"name":"In\u00edcio","item":"https:\/\/www.correiobraziliense.com.br\/cbradar\/"},{"@type":"ListItem","position":2,"name":"Qual o melhor alimento para comer no dia a dia e ajudar o seu f\u00edgado?"}]},{"@type":"WebSite","@id":"https:\/\/www.correiobraziliense.com.br\/cbradar\/#website","url":"https:\/\/www.correiobraziliense.com.br\/cbradar\/","name":"Correio Braziliense - Radar","description":"Acompanhe as \u00faltimas not\u00edcias e fique bem informado sobre tudo o que acontece no Brasil e no mundo.","potentialAction":[{"@type":"SearchAction","target":{"@type":"EntryPoint","urlTemplate":"https:\/\/www.correiobraziliense.com.br\/cbradar\/?s={search_term_string}"},"query-input":{"@type":"PropertyValueSpecification","valueRequired":true,"valueName":"search_term_string"}}],"inLanguage":"pt-BR"},{"@type":"Person","@id":"https:\/\/www.correiobraziliense.com.br\/cbradar\/#\/schema\/person\/4cec7857301a9a1a2ef249893cd908d3","name":"Paulo Custodio","image":{"@type":"ImageObject","inLanguage":"pt-BR","@id":"https:\/\/www.correiobraziliense.com.br\/cbradar\/#\/schema\/person\/image\/","url":"https:\/\/secure.gravatar.com\/avatar\/bcd67168d1534e8fcf4f45c726a87cea?s=96&d=mm&r=g","contentUrl":"https:\/\/secure.gravatar.com\/avatar\/bcd67168d1534e8fcf4f45c726a87cea?s=96&d=mm&r=g","caption":"Paulo Custodio"},"sameAs":["https:\/\/www.correiobraziliense.com.br\/cbradar"],"url":"https:\/\/www.correiobraziliense.com.br\/cbradar\/author\/paulomyth\/"}]}},"_links":{"self":[{"href":"https:\/\/www.correiobraziliense.com.br\/cbradar\/wp-json\/wp\/v2\/posts\/150625","targetHints":{"allow":["GET"]}}],"collection":[{"href":"https:\/\/www.correiobraziliense.com.br\/cbradar\/wp-json\/wp\/v2\/posts"}],"about":[{"href":"https:\/\/www.correiobraziliense.com.br\/cbradar\/wp-json\/wp\/v2\/types\/post"}],"author":[{"embeddable":true,"href":"https:\/\/www.correiobraziliense.com.br\/cbradar\/wp-json\/wp\/v2\/users\/11"}],"replies":[{"embeddable":true,"href":"https:\/\/www.correiobraziliense.com.br\/cbradar\/wp-json\/wp\/v2\/comments?post=150625"}],"version-history":[{"count":1,"href":"https:\/\/www.correiobraziliense.com.br\/cbradar\/wp-json\/wp\/v2\/posts\/150625\/revisions"}],"predecessor-version":[{"id":150646,"href":"https:\/\/www.correiobraziliense.com.br\/cbradar\/wp-json\/wp\/v2\/posts\/150625\/revisions\/150646"}],"wp:featuredmedia":[{"embeddable":true,"href":"https:\/\/www.correiobraziliense.com.br\/cbradar\/wp-json\/wp\/v2\/media\/150693"}],"wp:attachment":[{"href":"https:\/\/www.correiobraziliense.com.br\/cbradar\/wp-json\/wp\/v2\/media?parent=150625"}],"wp:term":[{"taxonomy":"category","embeddable":true,"href":"https:\/\/www.correiobraziliense.com.br\/cbradar\/wp-json\/wp\/v2\/categories?post=150625"},{"taxonomy":"post_tag","embeddable":true,"href":"https:\/\/www.correiobraziliense.com.br\/cbradar\/wp-json\/wp\/v2\/tags?post=150625"}],"curies":[{"name":"wp","href":"https:\/\/api.w.org\/{rel}","templated":true}]}}