{"id":150633,"date":"2025-12-06T12:45:00","date_gmt":"2025-12-06T15:45:00","guid":{"rendered":"https:\/\/www.correiobraziliense.com.br\/cbradar\/?p=150633"},"modified":"2025-12-06T13:01:03","modified_gmt":"2025-12-06T16:01:03","slug":"essa-cidade-fundada-em-1750-de-santa-catarina-esta-conquistando-pela-qualidade-de-vida","status":"publish","type":"post","link":"https:\/\/www.correiobraziliense.com.br\/cbradar\/essa-cidade-fundada-em-1750-de-santa-catarina-esta-conquistando-pela-qualidade-de-vida\/","title":{"rendered":"Essa cidade fundada em 1750 de Santa Catarina est\u00e1 conquistando pela qualidade de vida"},"content":{"rendered":"\n<p><strong>Planejar o turismo em S\u00e3o Jos\u00e9 \u00e9 descobrir uma cidade que vai muito al\u00e9m de ser somente vizinha da capital catarinense.<\/strong> Fundada por colonizadores a\u00e7orianos em 1750, ela preserva um <strong>Centro Hist\u00f3rico<\/strong> charmoso e oferece uma orla vibrante, consolidando-se como um destino que une cultura secular, gastronomia de frutos-do-mar e qualidade de vida \u00e0 beira-mar.<\/p>\n\n\n\n<h2 class=\"wp-block-heading\">Por que S\u00e3o Jos\u00e9 \u00e9 um destino tur\u00edstico surpreendente?<\/h2>\n\n\n\n<p>A cidade destaca-se por manter viva a <strong>heran\u00e7a a\u00e7oriana<\/strong> em seus casar\u00f5es coloridos e na tradi\u00e7\u00e3o da olaria, sendo sede da \u00fanica Escola de Oleiros da Am\u00e9rica Latina. Diferente da agita\u00e7\u00e3o das praias da ilha, o centro josefense oferece um passeio buc\u00f3lico, onde \u00e9 poss\u00edvel visitar o <strong>Theatro Adolpho Mello<\/strong>, o mais antigo do estado (1854), e caminhar por ruas que respiram hist\u00f3ria.<\/p>\n\n\n\n<p>A modernidade tamb\u00e9m tem seu espa\u00e7o na <strong>Beira-Mar de S\u00e3o Jos\u00e9<\/strong>, um complexo de lazer que se tornou o ponto de encontro favorito dos moradores. Com ciclovias, quadras esportivas e parques infantis, o local oferece uma vista privilegiada da ba\u00eda, sendo o cen\u00e1rio perfeito para praticar exerc\u00edcios ou simplesmente relaxar observando o p\u00f4r do sol refletido nas \u00e1guas calmas.<\/p>\n\n\n<div class=\"wp-block-image\">\n<figure class=\"aligncenter size-large\"><img decoding=\"async\" width=\"1024\" height=\"576\" src=\"https:\/\/www.correiobraziliense.com.br\/cbradar\/wp-content\/uploads\/2025\/06\/Edicoes-21-1024x576.png\" alt=\"Essa cidade fundada em 1750 de Santa Catarina est\u00e1 conquistando pela qualidade de vida\" class=\"wp-image-48374\" srcset=\"https:\/\/www.correiobraziliense.com.br\/cbradar\/wp-content\/uploads\/2025\/06\/Edicoes-21-1024x576.png 1024w, https:\/\/www.correiobraziliense.com.br\/cbradar\/wp-content\/uploads\/2025\/06\/Edicoes-21-300x169.png 300w, https:\/\/www.correiobraziliense.com.br\/cbradar\/wp-content\/uploads\/2025\/06\/Edicoes-21-768x432.png 768w, https:\/\/www.correiobraziliense.com.br\/cbradar\/wp-content\/uploads\/2025\/06\/Edicoes-21-750x422.png 750w, https:\/\/www.correiobraziliense.com.br\/cbradar\/wp-content\/uploads\/2025\/06\/Edicoes-21-1140x641.png 1140w, https:\/\/www.correiobraziliense.com.br\/cbradar\/wp-content\/uploads\/2025\/06\/Edicoes-21.png 1280w\" sizes=\"(max-width: 1024px) 100vw, 1024px\" \/><figcaption class=\"wp-element-caption\">S\u00e3o Jos\u00e9 inspira com pores do sol na orla, casar\u00f5es hist\u00f3ricos coloridos e trilhas na Pedra Branca que renovam a alma em ref\u00fagio acolhedor do litoral catarinense. \/\/ Reprodu\u00e7\u00e3o: Wikip\u00e9dia<\/figcaption><\/figure><\/div>\n\n\n<h2 class=\"wp-block-heading\">Quais s\u00e3o as atra\u00e7\u00f5es imperd\u00edveis na terra da olaria?<\/h2>\n\n\n\n<p>As <strong>op\u00e7\u00f5es de lazer<\/strong> variam entre imers\u00f5es culturais profundas e gastronomia \u00e0 beira da praia. \u00c9 essencial reservar um tempo para explorar o bairro da <strong>Ponta de Baixo<\/strong>, famoso por seus restaurantes de frutos do mar e pelo visual panor\u00e2mico que conecta o continente \u00e0 ilha de Santa Catarina.<\/p>\n\n\n\n<p>Veja a seguir os pontos tur\u00edsticos que definem a experi\u00eancia josefense:<\/p>\n\n\n\n<ul class=\"wp-block-list\">\n<li><strong>Centro Hist\u00f3rico<\/strong>: O cora\u00e7\u00e3o da cidade, com a Igreja Matriz, o Museu Hist\u00f3rico e um conjunto arquitet\u00f4nico colonial preservado.<\/li>\n\n\n\n<li><strong>Escola de Oleiros Joaquim Ant\u00f4nio de Medeiros<\/strong>: Onde a arte de moldar o barro \u00e9 ensinada e preservada, mantendo viva a tradi\u00e7\u00e3o dos antepassados.<\/li>\n\n\n\n<li><strong>Beira-Mar de S\u00e3o Jos\u00e9<\/strong>: Um cal\u00e7ad\u00e3o extenso e moderno, ideal para caminhadas, com pista de skate e \u00e1reas de conviv\u00eancia.<\/li>\n\n\n\n<li><strong>Jardim Bot\u00e2nico<\/strong>: Um ref\u00fagio verde dentro da cidade, focado na preserva\u00e7\u00e3o da flora nativa e educa\u00e7\u00e3o ambiental.<\/li>\n<\/ul>\n\n\n\n<p>Pensando em S\u00e3o Jos\u00e9? Este guia \u00e9 essencial. O v\u00eddeo \u00e9 do canal\u00a0<strong>Coisas do Mundo<\/strong>, que conta com mais de\u00a0<strong>797 mil inscritos<\/strong>, e detalha por que o munic\u00edpio \u00e9 um dos que mais crescem em Santa Catarina, destacando sua localiza\u00e7\u00e3o estrat\u00e9gica, a natureza (Serra do Tabuleiro) e praias famosas:<\/p>\n\n\n\n<figure class=\"wp-block-embed is-type-video is-provider-youtube wp-block-embed-youtube wp-embed-aspect-16-9 wp-has-aspect-ratio\"><div class=\"wp-block-embed__wrapper\">\n<div class=\"jeg_video_container jeg_video_content\"><iframe loading=\"lazy\" title=\"S\u00c3O JOS\u00c9 - Santa Catarina. A cidade das OPORTUNIDADES no Sul do Brasil.\" width=\"500\" height=\"281\" src=\"https:\/\/www.youtube.com\/embed\/ALdSj19hXnI?feature=oembed\" frameborder=\"0\" allow=\"accelerometer; autoplay; clipboard-write; encrypted-media; gyroscope; picture-in-picture; web-share\" referrerpolicy=\"strict-origin-when-cross-origin\" allowfullscreen><\/iframe><\/div>\n<\/div><\/figure>\n\n\n\n<h2 class=\"wp-block-heading\">A gastronomia na Ponta de Baixo \u00e9 o destaque local?<\/h2>\n\n\n\n<p>A regi\u00e3o da <strong>Ponta de Baixo<\/strong> \u00e9 o polo gastron\u00f4mico mais tradicional da cidade, atraindo visitantes de toda a regi\u00e3o em busca de peixes frescos e camar\u00e3o. Os restaurantes, muitos deles situados em decks sobre o mar, oferecem pratos cl\u00e1ssicos como a sequ\u00eancia de camar\u00e3o e a tainha assada, servidos em um ambiente descontra\u00eddo com brisa do mar.<\/p>\n\n\n\n<p>Al\u00e9m dos frutos do mar, a cidade honra suas ra\u00edzes com a <strong>Feira da Freguesia<\/strong>, realizada mensalmente no Centro Hist\u00f3rico. O evento re\u00fane food trucks, artesanato e apresenta\u00e7\u00f5es culturais, sendo uma excelente oportunidade para provar doces t\u00edpicos e vivenciar o esp\u00edrito comunit\u00e1rio local.<\/p>\n\n\n<div class=\"wp-block-image\">\n<figure class=\"aligncenter size-large\"><img decoding=\"async\" width=\"1024\" height=\"576\" src=\"https:\/\/www.correiobraziliense.com.br\/cbradar\/wp-content\/uploads\/2025\/07\/Edicoes-30-1024x576.png\" alt=\"Essa cidade fundada em 1750 de Santa Catarina est\u00e1 conquistando pela qualidade de vida\" class=\"wp-image-68735\" srcset=\"https:\/\/www.correiobraziliense.com.br\/cbradar\/wp-content\/uploads\/2025\/07\/Edicoes-30-1024x576.png 1024w, https:\/\/www.correiobraziliense.com.br\/cbradar\/wp-content\/uploads\/2025\/07\/Edicoes-30-300x169.png 300w, https:\/\/www.correiobraziliense.com.br\/cbradar\/wp-content\/uploads\/2025\/07\/Edicoes-30-768x432.png 768w, https:\/\/www.correiobraziliense.com.br\/cbradar\/wp-content\/uploads\/2025\/07\/Edicoes-30-750x422.png 750w, https:\/\/www.correiobraziliense.com.br\/cbradar\/wp-content\/uploads\/2025\/07\/Edicoes-30-1140x641.png 1140w, https:\/\/www.correiobraziliense.com.br\/cbradar\/wp-content\/uploads\/2025\/07\/Edicoes-30.png 1280w\" sizes=\"(max-width: 1024px) 100vw, 1024px\" \/><figcaption class=\"wp-element-caption\">S\u00e3o Jos\u00e9 inspira com pores do sol na orla, casar\u00f5es hist\u00f3ricos coloridos e trilhas na Pedra Branca que renovam a alma em ref\u00fagio acolhedor do litoral catarinense. \/\/ Reprodu\u00e7\u00e3o: Wikimedia Commons<\/figcaption><\/figure><\/div>\n\n\n<p><strong>Leia tamb\u00e9m: <a href=\"https:\/\/www.correiobraziliense.com.br\/cbradar\/cidade-dormitorio-perto-de-porto-alegre-conquista-moradores-com-natureza-tranquilidade-e-custo-de-vida-baixo\/\" target=\"_blank\" rel=\"noreferrer noopener\">Cidade dormit\u00f3rio perto de Porto Alegre conquista moradores com natureza, tranquilidade e custo de vida baixo.<\/a><\/strong><\/p>\n\n\n\n<h2 class=\"wp-block-heading\">Melhor \u00e9poca para visitar S\u00e3o Jos\u00e9?<\/h2>\n\n\n\n<p>O <strong>clima subtropical<\/strong> garante esta\u00e7\u00f5es bem definidas, e dados do <a href=\"https:\/\/www.climatempo.com.br\/previsao-do-tempo\/cidade\/1443\/saojose-sc\" target=\"_blank\" rel=\"noreferrer noopener\"><strong>Climatempo<\/strong> <\/a>indicam que o ver\u00e3o \u00e9 quente e \u00famido, ideal para aproveitar a orla e a vida noturna. O inverno \u00e9 ameno, perfeito para passeios hist\u00f3ricos e gastron\u00f4micos sem o calor intenso, enquanto a primavera traz o colorido das flores aos parques e pra\u00e7as.<\/p>\n\n\n\n<p>Confira abaixo o resumo das esta\u00e7\u00f5es e as atividades recomendadas para planejar sua viagem:<\/p>\n\n\n\n<figure class=\"wp-block-table\"><table class=\"has-fixed-layout\"><thead><tr><th>Per\u00edodo (meses)<\/th><th>Temperatura m\u00e9dia<\/th><th>Clima<\/th><th>Atividades recomendadas<\/th><\/tr><\/thead><tbody><tr><td>Dezembro a Mar\u00e7o<\/td><td>28\u00b0C<\/td><td>Quente<\/td><td>Beira-Mar, Ponta de Baixo e eventos de ver\u00e3o<\/td><\/tr><tr><td>Abril a Junho<\/td><td>22\u00b0C<\/td><td>Ameno<\/td><td>Caminhadas no Centro Hist\u00f3rico e feiras<\/td><\/tr><tr><td>Julho a Agosto<\/td><td>16\u00b0C<\/td><td>Frio<\/td><td>Gastronomia, teatro e visitas a museus<\/td><\/tr><tr><td>Setembro a Novembro<\/td><td>24\u00b0C<\/td><td>Agrad\u00e1vel<\/td><td>Jardim Bot\u00e2nico e atividades ao ar livre<\/td><\/tr><\/tbody><\/table><\/figure>\n\n\n<div class=\"wp-block-image\">\n<figure class=\"aligncenter size-large\"><img decoding=\"async\" width=\"1024\" height=\"576\" src=\"https:\/\/www.correiobraziliense.com.br\/cbradar\/wp-content\/uploads\/2025\/07\/Edicoes-29-1024x576.png\" alt=\"Essa cidade fundada em 1750 de Santa Catarina est\u00e1 conquistando pela qualidade de vida\" class=\"wp-image-68736\" srcset=\"https:\/\/www.correiobraziliense.com.br\/cbradar\/wp-content\/uploads\/2025\/07\/Edicoes-29-1024x576.png 1024w, https:\/\/www.correiobraziliense.com.br\/cbradar\/wp-content\/uploads\/2025\/07\/Edicoes-29-300x169.png 300w, https:\/\/www.correiobraziliense.com.br\/cbradar\/wp-content\/uploads\/2025\/07\/Edicoes-29-768x432.png 768w, https:\/\/www.correiobraziliense.com.br\/cbradar\/wp-content\/uploads\/2025\/07\/Edicoes-29-750x422.png 750w, https:\/\/www.correiobraziliense.com.br\/cbradar\/wp-content\/uploads\/2025\/07\/Edicoes-29-1140x641.png 1140w, https:\/\/www.correiobraziliense.com.br\/cbradar\/wp-content\/uploads\/2025\/07\/Edicoes-29.png 1280w\" sizes=\"(max-width: 1024px) 100vw, 1024px\" \/><figcaption class=\"wp-element-caption\">Em S\u00e3o Jos\u00e9, curta caminhadas na Beira-Mar, botecos na Ponta de Baixo e Natal m\u00e1gico no clima simp\u00e1tico e ensolarado perto de Floripa!\u200b \/\/ Reprodu\u00e7\u00e3o: Wikimedia Commons<\/figcaption><\/figure><\/div>\n\n\n<h2 class=\"wp-block-heading\">O com\u00e9rcio no Kobrasol movimenta a economia?<\/h2>\n\n\n\n<p>O bairro do <strong>Kobrasol<\/strong> \u00e9 o motor comercial da cidade e um dos mais movimentados da Grande Florian\u00f3polis. Com uma infinidade de lojas, shoppings e servi\u00e7os, a regi\u00e3o atrai quem busca turismo de compras e conveni\u00eancia, funcionando como um centro urbano vibrante que complementa a tranquilidade da parte hist\u00f3rica.<\/p>\n\n\n\n<p>A vida noturna no bairro tamb\u00e9m \u00e9 agitada, com bares e restaurantes que funcionam at\u00e9 tarde. A facilidade de acesso e a variedade de op\u00e7\u00f5es tornam o Kobrasol um ponto estrat\u00e9gico para hospedagem, permitindo f\u00e1cil deslocamento tanto para as atra\u00e7\u00f5es locais quanto para as praias da ilha vizinha.<\/p>\n\n\n\n<h2 class=\"wp-block-heading\">S\u00e3o Jos\u00e9 consolida-se como polo cultural e de lazer<\/h2>\n\n\n\n<p><strong>S\u00e3o Jos\u00e9 consolida-se como um polo cultural e de lazer ao valorizar a cultura a\u00e7oriana presente na arquitetura, nas tradi\u00e7\u00f5es e na arte da olaria.<\/strong> Essa identidade preservada cria uma experi\u00eancia aut\u00eantica para quem visita ou escolhe morar na cidade.<\/p>\n\n\n\n<p>A infraestrutura da <strong>Beira-Mar<\/strong> amplia o acesso ao lazer e melhora a qualidade de vida, enquanto a diversidade gastron\u00f4mica, especialmente na Ponta de Baixo, oferece uma viagem saborosa com vista privilegiada para o mar.<\/p>\n","protected":false},"excerpt":{"rendered":"<p>Planejar o turismo em S\u00e3o Jos\u00e9 \u00e9 descobrir uma cidade que vai muito al\u00e9m de ser somente vizinha da capital catarinense. Fundada por colonizadores a\u00e7orianos em 1750, ela preserva um Centro Hist\u00f3rico charmoso e oferece uma orla vibrante, consolidando-se como um destino que une cultura secular, gastronomia de frutos-do-mar e qualidade de vida \u00e0 beira-mar. [&hellip;]<\/p>\n","protected":false},"author":8,"featured_media":150853,"comment_status":"open","ping_status":"open","sticky":false,"template":"","format":"standard","meta":{"_yoast_wpseo_focuskw":"cidade Santa Catarina","_yoast_wpseo_title":"","_yoast_wpseo_metadesc":"Uma cidade catarinense fundada em 1750 oferece conforto e qualidade de vida. Os motivos desse destaque podem surpreender voc\u00ea.","jnews-multi-image_gallery":[],"jnews_single_post":{"format":"standard"},"jnews_primary_category":[],"jnews_social_meta":[],"jnews_override_counter":[],"footnotes":""},"categories":[108,111],"tags":[851,1147],"class_list":["post-150633","post","type-post","status-publish","format-standard","has-post-thumbnail","hentry","category-cidades","category-turismo","tag-santa-catarina","tag-sao-jose"],"yoast_head":"<!-- This site is optimized with the Yoast SEO plugin v24.6 - https:\/\/yoast.com\/wordpress\/plugins\/seo\/ -->\n<title>Essa cidade fundada em 1750 de Santa Catarina est\u00e1 conquistando pela qualidade de vida - Correio Braziliense - Radar<\/title>\n<meta name=\"description\" content=\"Uma cidade catarinense fundada em 1750 oferece conforto e qualidade de vida. Os motivos desse destaque podem surpreender voc\u00ea.\" \/>\n<meta name=\"robots\" content=\"index, follow, max-snippet:-1, max-image-preview:large, max-video-preview:-1\" \/>\n<link rel=\"canonical\" href=\"https:\/\/www.correiobraziliense.com.br\/cbradar\/essa-cidade-fundada-em-1750-de-santa-catarina-esta-conquistando-pela-qualidade-de-vida\/\" \/>\n<meta property=\"og:locale\" content=\"pt_BR\" \/>\n<meta property=\"og:type\" content=\"article\" \/>\n<meta property=\"og:title\" content=\"Essa cidade fundada em 1750 de Santa Catarina est\u00e1 conquistando pela qualidade de vida - Correio Braziliense - Radar\" \/>\n<meta property=\"og:description\" content=\"Uma cidade catarinense fundada em 1750 oferece conforto e qualidade de vida. Os motivos desse destaque podem surpreender voc\u00ea.\" \/>\n<meta property=\"og:url\" content=\"https:\/\/www.correiobraziliense.com.br\/cbradar\/essa-cidade-fundada-em-1750-de-santa-catarina-esta-conquistando-pela-qualidade-de-vida\/\" \/>\n<meta property=\"og:site_name\" content=\"Correio Braziliense - Radar\" \/>\n<meta property=\"article:published_time\" content=\"2025-12-06T15:45:00+00:00\" \/>\n<meta property=\"article:modified_time\" content=\"2025-12-06T16:01:03+00:00\" \/>\n<meta property=\"og:image\" content=\"https:\/\/www.correiobraziliense.com.br\/cbradar\/wp-content\/uploads\/2025\/12\/G-2025-12-05T220908.162.png\" \/>\n\t<meta property=\"og:image:width\" content=\"1280\" \/>\n\t<meta property=\"og:image:height\" content=\"720\" \/>\n\t<meta property=\"og:image:type\" content=\"image\/png\" \/>\n<meta name=\"author\" content=\"Maura Pereira\" \/>\n<meta name=\"twitter:card\" content=\"summary_large_image\" \/>\n<meta name=\"twitter:label1\" content=\"Escrito por\" \/>\n\t<meta name=\"twitter:data1\" content=\"Maura Pereira\" \/>\n\t<meta name=\"twitter:label2\" content=\"Est. tempo de leitura\" \/>\n\t<meta name=\"twitter:data2\" content=\"6 minutos\" \/>\n<!-- \/ Yoast SEO plugin. -->","yoast_head_json":{"title":"Essa cidade fundada em 1750 de Santa Catarina est\u00e1 conquistando pela qualidade de vida - Correio Braziliense - Radar","description":"Uma cidade catarinense fundada em 1750 oferece conforto e qualidade de vida. Os motivos desse destaque podem surpreender voc\u00ea.","robots":{"index":"index","follow":"follow","max-snippet":"max-snippet:-1","max-image-preview":"max-image-preview:large","max-video-preview":"max-video-preview:-1"},"canonical":"https:\/\/www.correiobraziliense.com.br\/cbradar\/essa-cidade-fundada-em-1750-de-santa-catarina-esta-conquistando-pela-qualidade-de-vida\/","og_locale":"pt_BR","og_type":"article","og_title":"Essa cidade fundada em 1750 de Santa Catarina est\u00e1 conquistando pela qualidade de vida - Correio Braziliense - Radar","og_description":"Uma cidade catarinense fundada em 1750 oferece conforto e qualidade de vida. Os motivos desse destaque podem surpreender voc\u00ea.","og_url":"https:\/\/www.correiobraziliense.com.br\/cbradar\/essa-cidade-fundada-em-1750-de-santa-catarina-esta-conquistando-pela-qualidade-de-vida\/","og_site_name":"Correio Braziliense - Radar","article_published_time":"2025-12-06T15:45:00+00:00","article_modified_time":"2025-12-06T16:01:03+00:00","og_image":[{"width":1280,"height":720,"url":"https:\/\/www.correiobraziliense.com.br\/cbradar\/wp-content\/uploads\/2025\/12\/G-2025-12-05T220908.162.png","type":"image\/png"}],"author":"Maura Pereira","twitter_card":"summary_large_image","twitter_misc":{"Escrito por":"Maura Pereira","Est. tempo de leitura":"6 minutos"},"schema":{"@context":"https:\/\/schema.org","@graph":[{"@type":"WebPage","@id":"https:\/\/www.correiobraziliense.com.br\/cbradar\/essa-cidade-fundada-em-1750-de-santa-catarina-esta-conquistando-pela-qualidade-de-vida\/","url":"https:\/\/www.correiobraziliense.com.br\/cbradar\/essa-cidade-fundada-em-1750-de-santa-catarina-esta-conquistando-pela-qualidade-de-vida\/","name":"Essa cidade fundada em 1750 de Santa Catarina est\u00e1 conquistando pela qualidade de vida - Correio Braziliense - Radar","isPartOf":{"@id":"https:\/\/www.correiobraziliense.com.br\/cbradar\/#website"},"primaryImageOfPage":{"@id":"https:\/\/www.correiobraziliense.com.br\/cbradar\/essa-cidade-fundada-em-1750-de-santa-catarina-esta-conquistando-pela-qualidade-de-vida\/#primaryimage"},"image":{"@id":"https:\/\/www.correiobraziliense.com.br\/cbradar\/essa-cidade-fundada-em-1750-de-santa-catarina-esta-conquistando-pela-qualidade-de-vida\/#primaryimage"},"thumbnailUrl":"https:\/\/www.correiobraziliense.com.br\/cbradar\/wp-content\/uploads\/2025\/12\/G-2025-12-05T220908.162.png","datePublished":"2025-12-06T15:45:00+00:00","dateModified":"2025-12-06T16:01:03+00:00","author":{"@id":"https:\/\/www.correiobraziliense.com.br\/cbradar\/#\/schema\/person\/4053c651a9bfc785afc6f4cbc9032fd3"},"description":"Uma cidade catarinense fundada em 1750 oferece conforto e qualidade de vida. Os motivos desse destaque podem surpreender voc\u00ea.","breadcrumb":{"@id":"https:\/\/www.correiobraziliense.com.br\/cbradar\/essa-cidade-fundada-em-1750-de-santa-catarina-esta-conquistando-pela-qualidade-de-vida\/#breadcrumb"},"inLanguage":"pt-BR","potentialAction":[{"@type":"ReadAction","target":["https:\/\/www.correiobraziliense.com.br\/cbradar\/essa-cidade-fundada-em-1750-de-santa-catarina-esta-conquistando-pela-qualidade-de-vida\/"]}]},{"@type":"ImageObject","inLanguage":"pt-BR","@id":"https:\/\/www.correiobraziliense.com.br\/cbradar\/essa-cidade-fundada-em-1750-de-santa-catarina-esta-conquistando-pela-qualidade-de-vida\/#primaryimage","url":"https:\/\/www.correiobraziliense.com.br\/cbradar\/wp-content\/uploads\/2025\/12\/G-2025-12-05T220908.162.png","contentUrl":"https:\/\/www.correiobraziliense.com.br\/cbradar\/wp-content\/uploads\/2025\/12\/G-2025-12-05T220908.162.png","width":1280,"height":720,"caption":"Planeje S\u00e3o Jos\u00e9 com eventos gr\u00e1tis no Centro Hist\u00f3rico, praias pr\u00f3ximas de Floripa e acessos f\u00e1ceis para roteiros econ\u00f4micos familiares.\u200b \/ Imagem ilustrativa"},{"@type":"BreadcrumbList","@id":"https:\/\/www.correiobraziliense.com.br\/cbradar\/essa-cidade-fundada-em-1750-de-santa-catarina-esta-conquistando-pela-qualidade-de-vida\/#breadcrumb","itemListElement":[{"@type":"ListItem","position":1,"name":"In\u00edcio","item":"https:\/\/www.correiobraziliense.com.br\/cbradar\/"},{"@type":"ListItem","position":2,"name":"Essa cidade fundada em 1750 de Santa Catarina est\u00e1 conquistando pela qualidade de vida"}]},{"@type":"WebSite","@id":"https:\/\/www.correiobraziliense.com.br\/cbradar\/#website","url":"https:\/\/www.correiobraziliense.com.br\/cbradar\/","name":"Correio Braziliense - Radar","description":"Acompanhe as \u00faltimas not\u00edcias e fique bem informado sobre tudo o que acontece no Brasil e no mundo.","potentialAction":[{"@type":"SearchAction","target":{"@type":"EntryPoint","urlTemplate":"https:\/\/www.correiobraziliense.com.br\/cbradar\/?s={search_term_string}"},"query-input":{"@type":"PropertyValueSpecification","valueRequired":true,"valueName":"search_term_string"}}],"inLanguage":"pt-BR"},{"@type":"Person","@id":"https:\/\/www.correiobraziliense.com.br\/cbradar\/#\/schema\/person\/4053c651a9bfc785afc6f4cbc9032fd3","name":"Maura Pereira","image":{"@type":"ImageObject","inLanguage":"pt-BR","@id":"https:\/\/www.correiobraziliense.com.br\/cbradar\/#\/schema\/person\/image\/","url":"https:\/\/secure.gravatar.com\/avatar\/3effd6bdadfa447f15089c7f7144eaa6?s=96&d=mm&r=g","contentUrl":"https:\/\/secure.gravatar.com\/avatar\/3effd6bdadfa447f15089c7f7144eaa6?s=96&d=mm&r=g","caption":"Maura Pereira"},"sameAs":["https:\/\/www.correiobraziliense.com.br\/"],"url":"https:\/\/www.correiobraziliense.com.br\/cbradar\/author\/mauramyth\/"}]}},"_links":{"self":[{"href":"https:\/\/www.correiobraziliense.com.br\/cbradar\/wp-json\/wp\/v2\/posts\/150633","targetHints":{"allow":["GET"]}}],"collection":[{"href":"https:\/\/www.correiobraziliense.com.br\/cbradar\/wp-json\/wp\/v2\/posts"}],"about":[{"href":"https:\/\/www.correiobraziliense.com.br\/cbradar\/wp-json\/wp\/v2\/types\/post"}],"author":[{"embeddable":true,"href":"https:\/\/www.correiobraziliense.com.br\/cbradar\/wp-json\/wp\/v2\/users\/8"}],"replies":[{"embeddable":true,"href":"https:\/\/www.correiobraziliense.com.br\/cbradar\/wp-json\/wp\/v2\/comments?post=150633"}],"version-history":[{"count":16,"href":"https:\/\/www.correiobraziliense.com.br\/cbradar\/wp-json\/wp\/v2\/posts\/150633\/revisions"}],"predecessor-version":[{"id":150855,"href":"https:\/\/www.correiobraziliense.com.br\/cbradar\/wp-json\/wp\/v2\/posts\/150633\/revisions\/150855"}],"wp:featuredmedia":[{"embeddable":true,"href":"https:\/\/www.correiobraziliense.com.br\/cbradar\/wp-json\/wp\/v2\/media\/150853"}],"wp:attachment":[{"href":"https:\/\/www.correiobraziliense.com.br\/cbradar\/wp-json\/wp\/v2\/media?parent=150633"}],"wp:term":[{"taxonomy":"category","embeddable":true,"href":"https:\/\/www.correiobraziliense.com.br\/cbradar\/wp-json\/wp\/v2\/categories?post=150633"},{"taxonomy":"post_tag","embeddable":true,"href":"https:\/\/www.correiobraziliense.com.br\/cbradar\/wp-json\/wp\/v2\/tags?post=150633"}],"curies":[{"name":"wp","href":"https:\/\/api.w.org\/{rel}","templated":true}]}}