{"id":15064,"date":"2025-03-24T13:23:00","date_gmt":"2025-03-24T16:23:00","guid":{"rendered":"https:\/\/www.correiobraziliense.com.br\/cbradar\/?p=15064"},"modified":"2025-03-23T23:57:26","modified_gmt":"2025-03-24T02:57:26","slug":"novo-tratamento-pode-controlar-os-sintomas-do-alzheimer","status":"publish","type":"post","link":"https:\/\/www.correiobraziliense.com.br\/cbradar\/novo-tratamento-pode-controlar-os-sintomas-do-alzheimer\/","title":{"rendered":"Novo tratamento pode controlar os sintomas do Alzheimer"},"content":{"rendered":"\n<p>Recentemente, cientistas divulgaram avan\u00e7os significativos no tratamento do <strong>Alzheimer<\/strong>, uma doen\u00e7a neurodegenerativa que afeta milh\u00f5es de pessoas em todo o mundo. Um estudo publicado na revista <strong><a href=\"https:\/\/www.thelancet.com\/journals\/laneur\/home\" target=\"_blank\" rel=\"noreferrer noopener\">Lancet Neurology<\/a><\/strong> sugere que um medicamento biol\u00f3gico pode retardar o in\u00edcio dos sintomas da doen\u00e7a. Este f\u00e1rmaco atua removendo placas de beta amiloide, uma prote\u00edna associada ao desenvolvimento do Alzheimer, em indiv\u00edduos com predisposi\u00e7\u00e3o gen\u00e9tica para a dem\u00eancia.<\/p>\n\n\n\n<p>O estudo, embora pequeno, envolveu participantes com muta\u00e7\u00f5es gen\u00e9ticas raras que praticamente garantem o desenvolvimento da doen\u00e7a. Os resultados iniciais s\u00e3o encorajadores, mas especialistas alertam que devem ser interpretados com cautela devido \u00e0 aus\u00eancia de um grupo de controle com placebo. Este avan\u00e7o faz parte de um esfor\u00e7o de pesquisa conhecido como <strong>Rede de Alzheimer Dominantemente Herdada<\/strong> (DIAN).<\/p>\n\n\n\n<h2 class=\"wp-block-heading\"><strong>Como o medicamento atua no combate ao Alzheimer?<\/strong><\/h2>\n\n\n\n<p>O medicamento em quest\u00e3o, chamado gantenerumab, foi testado em um subgrupo de 22 pacientes que n\u00e3o apresentavam problemas de mem\u00f3ria ou cogni\u00e7\u00e3o. Estes pacientes utilizaram o medicamento por uma m\u00e9dia de oito anos, e os resultados mostraram uma redu\u00e7\u00e3o significativa no risco de desenvolvimento de sintomas. Embora os dados sejam promissores, eles n\u00e3o s\u00e3o conclusivos, e mais pesquisas s\u00e3o necess\u00e1rias para confirmar a efic\u00e1cia do tratamento.<\/p>\n\n\n\n<p>O estudo sugere que, se a terapia for iniciada precocemente e mantida por tempo suficiente, pode haver um atraso significativo no in\u00edcio dos sintomas do Alzheimer. No entanto, o medicamento ainda n\u00e3o est\u00e1 amplamente dispon\u00edvel, e sua efic\u00e1cia a longo prazo ainda precisa ser avaliada.<\/p>\n\n\n\n<figure class=\"wp-block-image size-large\"><img decoding=\"async\" width=\"1024\" height=\"576\" src=\"https:\/\/www.correiobraziliense.com.br\/cbradar\/wp-content\/uploads\/2025\/03\/Alzheimer_1742668771903-1024x576.jpg\" alt=\"Novo tratamento pode controlar os sintomas do Alzheimer, conhe\u00e7a\" class=\"wp-image-15073\" srcset=\"https:\/\/www.correiobraziliense.com.br\/cbradar\/wp-content\/uploads\/2025\/03\/Alzheimer_1742668771903-1024x576.jpg 1024w, https:\/\/www.correiobraziliense.com.br\/cbradar\/wp-content\/uploads\/2025\/03\/Alzheimer_1742668771903-300x169.jpg 300w, https:\/\/www.correiobraziliense.com.br\/cbradar\/wp-content\/uploads\/2025\/03\/Alzheimer_1742668771903-768x432.jpg 768w, https:\/\/www.correiobraziliense.com.br\/cbradar\/wp-content\/uploads\/2025\/03\/Alzheimer_1742668771903-750x422.jpg 750w, https:\/\/www.correiobraziliense.com.br\/cbradar\/wp-content\/uploads\/2025\/03\/Alzheimer_1742668771903-1140x641.jpg 1140w, https:\/\/www.correiobraziliense.com.br\/cbradar\/wp-content\/uploads\/2025\/03\/Alzheimer_1742668771903.jpg 1280w\" sizes=\"(max-width: 1024px) 100vw, 1024px\" \/><figcaption class=\"wp-element-caption\">Alzheimer. Cr\u00e9ditos: depositphotos.com \/ AndrewLozovyi<\/figcaption><\/figure>\n\n\n\n<h2 class=\"wp-block-heading\"><strong>Quais s\u00e3o os desafios e as perspectivas futuras?<\/strong><\/h2>\n\n\n\n<p>Apesar dos resultados promissores, o estudo enfrenta desafios significativos, incluindo quest\u00f5es de financiamento que podem comprometer sua continuidade. A pesquisa, que come\u00e7ou em 2008, corre o risco de ser interrompida se n\u00e3o houver renova\u00e7\u00e3o das subven\u00e7\u00f5es necess\u00e1rias. Isso pode impactar o acesso dos pacientes aos medicamentos e a capacidade dos pesquisadores de responder a perguntas cr\u00edticas sobre a efic\u00e1cia do tratamento.<\/p>\n\n\n\n<p>Os pesquisadores enfatizam a import\u00e2ncia de manter o estudo em andamento para explorar o potencial do gantenerumab e de outros medicamentos similares. A continuidade da pesquisa \u00e9 crucial para entender melhor como esses tratamentos podem ser aplicados de forma eficaz e para quem eles s\u00e3o mais adequados.<\/p>\n\n\n\n<h2 class=\"wp-block-heading\"><strong>Qual \u00e9 o impacto das descobertas no tratamento do alzheimer?<\/strong><\/h2>\n\n\n\n<p>As descobertas recentes representam um passo importante na busca por tratamentos eficazes para o Alzheimer. O estudo destaca a import\u00e2ncia de interven\u00e7\u00f5es precoces e o potencial dos medicamentos biol\u00f3gicos em retardar o progresso da doen\u00e7a. No entanto, a complexidade do Alzheimer e a variabilidade na resposta ao tratamento exigem abordagens personalizadas e cont\u00ednuas investiga\u00e7\u00f5es cient\u00edficas.<\/p>\n\n\n\n<p>\u00c0 medida que a pesquisa avan\u00e7a, h\u00e1 esperan\u00e7a de que novos tratamentos possam emergir, oferecendo melhores perspectivas para os pacientes e suas fam\u00edlias. O compromisso com a pesquisa cont\u00ednua e o apoio financeiro adequado s\u00e3o essenciais para transformar essas descobertas promissoras em solu\u00e7\u00f5es concretas para o Alzheimer.<\/p>\n","protected":false},"excerpt":{"rendered":"<p>Avan\u00e7os significativos no tratamento do Alzheimer: um estudo revela que um medicamento pode retardar o in\u00edcio dos sintomas.<\/p>\n","protected":false},"author":3,"featured_media":15072,"comment_status":"open","ping_status":"open","sticky":false,"template":"","format":"standard","meta":{"_yoast_wpseo_focuskw":"Alzheimer","_yoast_wpseo_title":"%%title%%","_yoast_wpseo_metadesc":"Avan\u00e7os significativos no tratamento do Alzheimer: um estudo revela que um medicamento pode retardar o in\u00edcio dos sintomas.","jnews-multi-image_gallery":[],"jnews_single_post":{"format":"standard"},"jnews_primary_category":[],"jnews_social_meta":[],"jnews_override_counter":[],"footnotes":""},"categories":[119],"tags":[2304,2305],"class_list":["post-15064","post","type-post","status-publish","format-standard","has-post-thumbnail","hentry","category-bem-estar","tag-alzheimer","tag-tratamentos"],"yoast_head":"<!-- This site is optimized with the Yoast SEO plugin v24.6 - https:\/\/yoast.com\/wordpress\/plugins\/seo\/ -->\n<title>Novo tratamento pode controlar os sintomas do Alzheimer<\/title>\n<meta name=\"description\" content=\"Avan\u00e7os significativos no tratamento do Alzheimer: um estudo revela que um medicamento pode retardar o in\u00edcio dos sintomas.\" \/>\n<meta name=\"robots\" content=\"index, follow, max-snippet:-1, max-image-preview:large, max-video-preview:-1\" \/>\n<link rel=\"canonical\" href=\"https:\/\/www.correiobraziliense.com.br\/cbradar\/novo-tratamento-pode-controlar-os-sintomas-do-alzheimer\/\" \/>\n<meta property=\"og:locale\" content=\"pt_BR\" \/>\n<meta property=\"og:type\" content=\"article\" \/>\n<meta property=\"og:title\" content=\"Novo tratamento pode controlar os sintomas do Alzheimer\" \/>\n<meta property=\"og:description\" content=\"Avan\u00e7os significativos no tratamento do Alzheimer: um estudo revela que um medicamento pode retardar o in\u00edcio dos sintomas.\" \/>\n<meta property=\"og:url\" content=\"https:\/\/www.correiobraziliense.com.br\/cbradar\/novo-tratamento-pode-controlar-os-sintomas-do-alzheimer\/\" \/>\n<meta property=\"og:site_name\" content=\"Correio Braziliense - Radar\" \/>\n<meta property=\"article:published_time\" content=\"2025-03-24T16:23:00+00:00\" \/>\n<meta property=\"og:image\" content=\"https:\/\/www.correiobraziliense.com.br\/cbradar\/wp-content\/uploads\/2025\/03\/Alzheimer_1742668749742.jpg\" \/>\n\t<meta property=\"og:image:width\" content=\"1280\" \/>\n\t<meta property=\"og:image:height\" content=\"720\" \/>\n\t<meta property=\"og:image:type\" content=\"image\/jpeg\" \/>\n<meta name=\"author\" content=\"Larissa Carvalho\" \/>\n<meta name=\"twitter:card\" content=\"summary_large_image\" \/>\n<meta name=\"twitter:label1\" content=\"Escrito por\" \/>\n\t<meta name=\"twitter:data1\" content=\"Larissa Carvalho\" \/>\n\t<meta name=\"twitter:label2\" content=\"Est. tempo de leitura\" \/>\n\t<meta name=\"twitter:data2\" content=\"4 minutos\" \/>\n<!-- \/ Yoast SEO plugin. -->","yoast_head_json":{"title":"Novo tratamento pode controlar os sintomas do Alzheimer","description":"Avan\u00e7os significativos no tratamento do Alzheimer: um estudo revela que um medicamento pode retardar o in\u00edcio dos sintomas.","robots":{"index":"index","follow":"follow","max-snippet":"max-snippet:-1","max-image-preview":"max-image-preview:large","max-video-preview":"max-video-preview:-1"},"canonical":"https:\/\/www.correiobraziliense.com.br\/cbradar\/novo-tratamento-pode-controlar-os-sintomas-do-alzheimer\/","og_locale":"pt_BR","og_type":"article","og_title":"Novo tratamento pode controlar os sintomas do Alzheimer","og_description":"Avan\u00e7os significativos no tratamento do Alzheimer: um estudo revela que um medicamento pode retardar o in\u00edcio dos sintomas.","og_url":"https:\/\/www.correiobraziliense.com.br\/cbradar\/novo-tratamento-pode-controlar-os-sintomas-do-alzheimer\/","og_site_name":"Correio Braziliense - Radar","article_published_time":"2025-03-24T16:23:00+00:00","og_image":[{"width":1280,"height":720,"url":"https:\/\/www.correiobraziliense.com.br\/cbradar\/wp-content\/uploads\/2025\/03\/Alzheimer_1742668749742.jpg","type":"image\/jpeg"}],"author":"Larissa Carvalho","twitter_card":"summary_large_image","twitter_misc":{"Escrito por":"Larissa Carvalho","Est. tempo de leitura":"4 minutos"},"schema":{"@context":"https:\/\/schema.org","@graph":[{"@type":"WebPage","@id":"https:\/\/www.correiobraziliense.com.br\/cbradar\/novo-tratamento-pode-controlar-os-sintomas-do-alzheimer\/","url":"https:\/\/www.correiobraziliense.com.br\/cbradar\/novo-tratamento-pode-controlar-os-sintomas-do-alzheimer\/","name":"Novo tratamento pode controlar os sintomas do Alzheimer","isPartOf":{"@id":"https:\/\/www.correiobraziliense.com.br\/cbradar\/#website"},"primaryImageOfPage":{"@id":"https:\/\/www.correiobraziliense.com.br\/cbradar\/novo-tratamento-pode-controlar-os-sintomas-do-alzheimer\/#primaryimage"},"image":{"@id":"https:\/\/www.correiobraziliense.com.br\/cbradar\/novo-tratamento-pode-controlar-os-sintomas-do-alzheimer\/#primaryimage"},"thumbnailUrl":"https:\/\/www.correiobraziliense.com.br\/cbradar\/wp-content\/uploads\/2025\/03\/Alzheimer_1742668749742.jpg","datePublished":"2025-03-24T16:23:00+00:00","author":{"@id":"https:\/\/www.correiobraziliense.com.br\/cbradar\/#\/schema\/person\/58422787644df994b53a19d3e56c1513"},"description":"Avan\u00e7os significativos no tratamento do Alzheimer: um estudo revela que um medicamento pode retardar o in\u00edcio dos sintomas.","breadcrumb":{"@id":"https:\/\/www.correiobraziliense.com.br\/cbradar\/novo-tratamento-pode-controlar-os-sintomas-do-alzheimer\/#breadcrumb"},"inLanguage":"pt-BR","potentialAction":[{"@type":"ReadAction","target":["https:\/\/www.correiobraziliense.com.br\/cbradar\/novo-tratamento-pode-controlar-os-sintomas-do-alzheimer\/"]}]},{"@type":"ImageObject","inLanguage":"pt-BR","@id":"https:\/\/www.correiobraziliense.com.br\/cbradar\/novo-tratamento-pode-controlar-os-sintomas-do-alzheimer\/#primaryimage","url":"https:\/\/www.correiobraziliense.com.br\/cbradar\/wp-content\/uploads\/2025\/03\/Alzheimer_1742668749742.jpg","contentUrl":"https:\/\/www.correiobraziliense.com.br\/cbradar\/wp-content\/uploads\/2025\/03\/Alzheimer_1742668749742.jpg","width":1280,"height":720,"caption":"Alzheimer. Cr\u00e9ditos: depositphotos.com \/ AndrewLozovyi"},{"@type":"BreadcrumbList","@id":"https:\/\/www.correiobraziliense.com.br\/cbradar\/novo-tratamento-pode-controlar-os-sintomas-do-alzheimer\/#breadcrumb","itemListElement":[{"@type":"ListItem","position":1,"name":"In\u00edcio","item":"https:\/\/www.correiobraziliense.com.br\/cbradar\/"},{"@type":"ListItem","position":2,"name":"Novo tratamento pode controlar os sintomas do Alzheimer"}]},{"@type":"WebSite","@id":"https:\/\/www.correiobraziliense.com.br\/cbradar\/#website","url":"https:\/\/www.correiobraziliense.com.br\/cbradar\/","name":"Correio Braziliense - Radar","description":"Acompanhe as \u00faltimas not\u00edcias e fique bem informado sobre tudo o que acontece no Brasil e no mundo.","potentialAction":[{"@type":"SearchAction","target":{"@type":"EntryPoint","urlTemplate":"https:\/\/www.correiobraziliense.com.br\/cbradar\/?s={search_term_string}"},"query-input":{"@type":"PropertyValueSpecification","valueRequired":true,"valueName":"search_term_string"}}],"inLanguage":"pt-BR"},{"@type":"Person","@id":"https:\/\/www.correiobraziliense.com.br\/cbradar\/#\/schema\/person\/58422787644df994b53a19d3e56c1513","name":"Larissa Carvalho","image":{"@type":"ImageObject","inLanguage":"pt-BR","@id":"https:\/\/www.correiobraziliense.com.br\/cbradar\/#\/schema\/person\/image\/","url":"https:\/\/secure.gravatar.com\/avatar\/fe4f91a0de32b52a838d0d612abdc1aa?s=96&d=mm&r=g","contentUrl":"https:\/\/secure.gravatar.com\/avatar\/fe4f91a0de32b52a838d0d612abdc1aa?s=96&d=mm&r=g","caption":"Larissa Carvalho"},"url":"https:\/\/www.correiobraziliense.com.br\/cbradar\/author\/larissamyth\/"}]}},"_links":{"self":[{"href":"https:\/\/www.correiobraziliense.com.br\/cbradar\/wp-json\/wp\/v2\/posts\/15064","targetHints":{"allow":["GET"]}}],"collection":[{"href":"https:\/\/www.correiobraziliense.com.br\/cbradar\/wp-json\/wp\/v2\/posts"}],"about":[{"href":"https:\/\/www.correiobraziliense.com.br\/cbradar\/wp-json\/wp\/v2\/types\/post"}],"author":[{"embeddable":true,"href":"https:\/\/www.correiobraziliense.com.br\/cbradar\/wp-json\/wp\/v2\/users\/3"}],"replies":[{"embeddable":true,"href":"https:\/\/www.correiobraziliense.com.br\/cbradar\/wp-json\/wp\/v2\/comments?post=15064"}],"version-history":[{"count":2,"href":"https:\/\/www.correiobraziliense.com.br\/cbradar\/wp-json\/wp\/v2\/posts\/15064\/revisions"}],"predecessor-version":[{"id":15170,"href":"https:\/\/www.correiobraziliense.com.br\/cbradar\/wp-json\/wp\/v2\/posts\/15064\/revisions\/15170"}],"wp:featuredmedia":[{"embeddable":true,"href":"https:\/\/www.correiobraziliense.com.br\/cbradar\/wp-json\/wp\/v2\/media\/15072"}],"wp:attachment":[{"href":"https:\/\/www.correiobraziliense.com.br\/cbradar\/wp-json\/wp\/v2\/media?parent=15064"}],"wp:term":[{"taxonomy":"category","embeddable":true,"href":"https:\/\/www.correiobraziliense.com.br\/cbradar\/wp-json\/wp\/v2\/categories?post=15064"},{"taxonomy":"post_tag","embeddable":true,"href":"https:\/\/www.correiobraziliense.com.br\/cbradar\/wp-json\/wp\/v2\/tags?post=15064"}],"curies":[{"name":"wp","href":"https:\/\/api.w.org\/{rel}","templated":true}]}}