{"id":150663,"date":"2025-12-06T11:25:00","date_gmt":"2025-12-06T14:25:00","guid":{"rendered":"https:\/\/www.correiobraziliense.com.br\/cbradar\/?p=150663"},"modified":"2025-12-05T16:45:20","modified_gmt":"2025-12-05T19:45:20","slug":"como-a-gelatina-pode-ser-importante-para-cuidar-da-pele-e-dos-ossos-no-dia-a-dia","status":"publish","type":"post","link":"https:\/\/www.correiobraziliense.com.br\/cbradar\/como-a-gelatina-pode-ser-importante-para-cuidar-da-pele-e-dos-ossos-no-dia-a-dia\/","title":{"rendered":"Como a gelatina pode ser importante para cuidar da pele e dos ossos no dia a dia"},"content":{"rendered":"\n<p>A gelatina <a href=\"https:\/\/www.correiobraziliense.com.br\/cbradar\/o-cha-que-transforma-a-digestao-e-acaba-com-o-desconforto-abdominal-em-pouco-tempo\/\" target=\"_blank\" rel=\"noreferrer noopener\">voltou a ganhar destaque<\/a> em 2025 depois que <a href=\"https:\/\/pubmed.ncbi.nlm.nih.gov\/30681787\/\" target=\"_blank\" rel=\"noreferrer noopener\">especialistas ressaltaram<\/a> que seu principal componente, o col\u00e1geno, pode contribuir para a sa\u00fade da pele e da estrutura \u00f3ssea. Apesar de simples e acess\u00edvel, o alimento cont\u00e9m prote\u00ednas que ajudam em processos de reparo e sustenta\u00e7\u00e3o do corpo, especialmente em adultos com perda natural de col\u00e1geno.<\/p>\n\n\n\n<h2 class=\"wp-block-heading\">Como a gelatina pode ajudar na sa\u00fade da pele?<\/h2>\n\n\n\n<p>A gelatina \u00e9 rica em amino\u00e1cidos que formam o col\u00e1geno, prote\u00edna essencial para manter firmeza, elasticidade e hidrata\u00e7\u00e3o da pele. Ao consumir fontes proteicas dessa natureza, o corpo obt\u00e9m mat\u00e9ria-prima importante para manter a estrutura cut\u00e2nea.<\/p>\n\n\n\n<p>Em 2025, dermatologistas t\u00eam refor\u00e7ado que, embora a gelatina n\u00e3o substitua tratamentos dermatol\u00f3gicos, ela pode complementar a alimenta\u00e7\u00e3o ao fornecer amino\u00e1cidos como glicina e prolina, fundamentais para a produ\u00e7\u00e3o de col\u00e1geno. Isso favorece a apar\u00eancia da pele e pode reduzir sinais de ressecamento e perda de firmeza.<\/p>\n\n\n\n<figure class=\"wp-block-image size-large\"><img decoding=\"async\" width=\"1024\" height=\"576\" src=\"https:\/\/www.correiobraziliense.com.br\/cbradar\/wp-content\/uploads\/2025\/12\/jello_1764963582548-1024x576.jpg\" alt=\"Como a gelatina pode ser importante para cuidar da pele e dos ossos no dia a dia\" class=\"wp-image-150665\" srcset=\"https:\/\/www.correiobraziliense.com.br\/cbradar\/wp-content\/uploads\/2025\/12\/jello_1764963582548-1024x576.jpg 1024w, https:\/\/www.correiobraziliense.com.br\/cbradar\/wp-content\/uploads\/2025\/12\/jello_1764963582548-300x169.jpg 300w, https:\/\/www.correiobraziliense.com.br\/cbradar\/wp-content\/uploads\/2025\/12\/jello_1764963582548-768x432.jpg 768w, https:\/\/www.correiobraziliense.com.br\/cbradar\/wp-content\/uploads\/2025\/12\/jello_1764963582548-750x422.jpg 750w, https:\/\/www.correiobraziliense.com.br\/cbradar\/wp-content\/uploads\/2025\/12\/jello_1764963582548-1140x641.jpg 1140w, https:\/\/www.correiobraziliense.com.br\/cbradar\/wp-content\/uploads\/2025\/12\/jello_1764963582548.jpg 1280w\" sizes=\"(max-width: 1024px) 100vw, 1024px\" \/><figcaption class=\"wp-element-caption\">A gelatina \u00e9 rica em amino\u00e1cidos que formam o col\u00e1geno, prote\u00edna essencial para manter firmeza, elasticidade e hidrata\u00e7\u00e3o da pele &#8211; Cr\u00e9ditos: depositphotos.com \/ Dream79<\/figcaption><\/figure>\n\n\n\n<h2 class=\"wp-block-heading\">O papel da gelatina na sa\u00fade dos ossos e articula\u00e7\u00f5es<\/h2>\n\n\n\n<p>Al\u00e9m da pele, os ossos tamb\u00e9m se beneficiam da ingest\u00e3o regular de col\u00e1geno. Isso ocorre porque parte da matriz \u00f3ssea \u00e9 formada por prote\u00ednas estruturais que dependem desses mesmos amino\u00e1cidos.<\/p>\n\n\n\n<p>Estudos recentes apontam que o consumo de col\u00e1geno hidrolisado ou gelatina pode ajudar a melhorar a densidade \u00f3ssea e aliviar desconfortos articulares, especialmente em pessoas com desgaste natural das cartilagens.<\/p>\n\n\n\n<p>Abaixo, dicas por <strong>dupla_da_saude<\/strong> no TikTok:<\/p>\n\n\n\n<figure class=\"wp-block-embed is-type-video is-provider-tiktok wp-block-embed-tiktok\"><div class=\"wp-block-embed__wrapper\">\n<blockquote class=\"tiktok-embed\" cite=\"https:\/\/www.tiktok.com\/@dupla_da_saude\/video\/7357471608845421829\" data-video-id=\"7357471608845421829\" data-embed-from=\"oembed\" style=\"max-width:605px; min-width:325px;\"> <section> <a target=\"_blank\" title=\"@dupla_da_saude\" href=\"https:\/\/www.tiktok.com\/@dupla_da_saude?refer=embed\">@dupla_da_saude<\/a> <p><a title=\"receitasimples\" target=\"_blank\" href=\"https:\/\/www.tiktok.com\/tag\/receitasimples?refer=embed\">#receitasimples<\/a> <\/p> <a target=\"_blank\" title=\"\u266c som original - dupla da sa\u00fade\" href=\"https:\/\/www.tiktok.com\/music\/som-original-7357471617391561477?refer=embed\">\u266c som original &#8211; dupla da sa\u00fade<\/a> <\/section> <\/blockquote> <script async src=\"https:\/\/www.tiktok.com\/embed.js\"><\/script>\n<\/div><\/figure>\n\n\n\n<h2 class=\"wp-block-heading\">Integra\u00e7\u00e3o da gelatina na alimenta\u00e7\u00e3o di\u00e1ria<\/h2>\n\n\n\n<p>Por ser barata, leve e f\u00e1cil de preparar, a gelatina se tornou uma alternativa pr\u00e1tica para incluir col\u00e1geno na dieta. Em 2025, a popularidade dos suplementos fez muitas pessoas revisarem op\u00e7\u00f5es mais simples, e a gelatina voltou ao card\u00e1pio de quem busca fortalecer pele e ossos.<\/p>\n\n\n\n<p>Ela pode ser consumida sozinha, misturada a iogurtes ou usada em sobremesas proteicas. Nutricionistas destacam que seu consumo deve fazer parte de uma alimenta\u00e7\u00e3o equilibrada rica em vitaminas e minerais que auxiliam na absor\u00e7\u00e3o de prote\u00ednas.<\/p>\n\n\n\n<figure class=\"wp-block-image size-large\"><img decoding=\"async\" width=\"1024\" height=\"576\" src=\"https:\/\/www.correiobraziliense.com.br\/cbradar\/wp-content\/uploads\/2025\/12\/jello_1764963592002-1024x576.jpg\" alt=\"Como a gelatina pode ser importante para cuidar da pele e dos ossos no dia a dia\" class=\"wp-image-150666\" srcset=\"https:\/\/www.correiobraziliense.com.br\/cbradar\/wp-content\/uploads\/2025\/12\/jello_1764963592002-1024x576.jpg 1024w, https:\/\/www.correiobraziliense.com.br\/cbradar\/wp-content\/uploads\/2025\/12\/jello_1764963592002-300x169.jpg 300w, https:\/\/www.correiobraziliense.com.br\/cbradar\/wp-content\/uploads\/2025\/12\/jello_1764963592002-768x432.jpg 768w, https:\/\/www.correiobraziliense.com.br\/cbradar\/wp-content\/uploads\/2025\/12\/jello_1764963592002-750x422.jpg 750w, https:\/\/www.correiobraziliense.com.br\/cbradar\/wp-content\/uploads\/2025\/12\/jello_1764963592002-1140x641.jpg 1140w, https:\/\/www.correiobraziliense.com.br\/cbradar\/wp-content\/uploads\/2025\/12\/jello_1764963592002.jpg 1280w\" sizes=\"(max-width: 1024px) 100vw, 1024px\" \/><figcaption class=\"wp-element-caption\">Estudos recentes apontam que o consumo de col\u00e1geno hidrolisado ou gelatina pode ajudar a melhorar a densidade \u00f3ssea e aliviar desconfortos articulares &#8211; Cr\u00e9ditos: depositphotos.com \/ sokor<\/figcaption><\/figure>\n\n\n\n<h2 class=\"wp-block-heading\">Quais as limita\u00e7\u00f5es e cuidados ao consumir gelatina?<\/h2>\n\n\n\n<p>Apesar dos benef\u00edcios, a gelatina tradicional cont\u00e9m a\u00e7\u00facar, corantes e aromatizantes, o que exige modera\u00e7\u00e3o, especialmente para quem tem diabetes ou sensibilidade a aditivos. Para quem busca resultados mais expressivos, produtos com maior concentra\u00e7\u00e3o de col\u00e1geno hidrolisado podem ser mais eficazes.<\/p>\n\n\n\n<p>Especialistas tamb\u00e9m lembram que nenhum alimento isolado \u00e9 capaz de resolver problemas estruturais da pele ou dos ossos. A gelatina atua como apoio, n\u00e3o como substituta de tratamentos m\u00e9dicos ou acompanhamento profissional.<\/p>\n\n\n\n<p>Mesmo assim, em 2025, manter gelatina na rotina pode ser um aliado simples e acess\u00edvel para quem deseja refor\u00e7ar a sa\u00fade da pele e das articula\u00e7\u00f5es.<\/p>\n","protected":false},"excerpt":{"rendered":"<p>A gelatina voltou a ganhar destaque em 2025 depois que especialistas ressaltaram que seu principal componente, o col\u00e1geno, pode contribuir para a sa\u00fade da pele e da estrutura \u00f3ssea. Apesar de simples e acess\u00edvel, o alimento cont\u00e9m prote\u00ednas que ajudam em processos de reparo e sustenta\u00e7\u00e3o do corpo, especialmente em adultos com perda natural de [&hellip;]<\/p>\n","protected":false},"author":18,"featured_media":150667,"comment_status":"open","ping_status":"open","sticky":false,"template":"","format":"standard","meta":{"_yoast_wpseo_focuskw":"como usar a gelatina para a pele e ossos","_yoast_wpseo_title":"","_yoast_wpseo_metadesc":"A gelatina voltou a ganhar destaque em 2025 por ajudar na sa\u00fade da pele e ossos com seus amino\u00e1cidos que estimulam o col\u00e1geno.","jnews-multi-image_gallery":[],"jnews_single_post":{"format":"standard"},"jnews_primary_category":[],"jnews_social_meta":[],"jnews_override_counter":[],"footnotes":""},"categories":[112],"tags":[512,3110,5364,1318],"class_list":["post-150663","post","type-post","status-publish","format-standard","has-post-thumbnail","hentry","category-curiosidades","tag-gelatina","tag-ossos","tag-pele-2","tag-saude-2"],"yoast_head":"<!-- This site is optimized with the Yoast SEO plugin v24.6 - https:\/\/yoast.com\/wordpress\/plugins\/seo\/ -->\n<title>Como a gelatina pode ser importante para cuidar da pele e dos ossos no dia a dia - Correio Braziliense - Radar<\/title>\n<meta name=\"description\" content=\"A gelatina voltou a ganhar destaque em 2025 por ajudar na sa\u00fade da pele e ossos com seus amino\u00e1cidos que estimulam o col\u00e1geno.\" \/>\n<meta name=\"robots\" content=\"index, follow, max-snippet:-1, max-image-preview:large, max-video-preview:-1\" \/>\n<link rel=\"canonical\" href=\"https:\/\/www.correiobraziliense.com.br\/cbradar\/como-a-gelatina-pode-ser-importante-para-cuidar-da-pele-e-dos-ossos-no-dia-a-dia\/\" \/>\n<meta property=\"og:locale\" content=\"pt_BR\" \/>\n<meta property=\"og:type\" content=\"article\" \/>\n<meta property=\"og:title\" content=\"Como a gelatina pode ser importante para cuidar da pele e dos ossos no dia a dia - Correio Braziliense - Radar\" \/>\n<meta property=\"og:description\" content=\"A gelatina voltou a ganhar destaque em 2025 por ajudar na sa\u00fade da pele e ossos com seus amino\u00e1cidos que estimulam o col\u00e1geno.\" \/>\n<meta property=\"og:url\" content=\"https:\/\/www.correiobraziliense.com.br\/cbradar\/como-a-gelatina-pode-ser-importante-para-cuidar-da-pele-e-dos-ossos-no-dia-a-dia\/\" \/>\n<meta property=\"og:site_name\" content=\"Correio Braziliense - Radar\" \/>\n<meta property=\"article:published_time\" content=\"2025-12-06T14:25:00+00:00\" \/>\n<meta property=\"og:image\" content=\"https:\/\/www.correiobraziliense.com.br\/cbradar\/wp-content\/uploads\/2025\/12\/jello_1764963630917.jpg\" \/>\n\t<meta property=\"og:image:width\" content=\"1280\" \/>\n\t<meta property=\"og:image:height\" content=\"720\" \/>\n\t<meta property=\"og:image:type\" content=\"image\/jpeg\" \/>\n<meta name=\"author\" content=\"Maria Eduarda Pacheco\" \/>\n<meta name=\"twitter:card\" content=\"summary_large_image\" \/>\n<meta name=\"twitter:label1\" content=\"Escrito por\" \/>\n\t<meta name=\"twitter:data1\" content=\"Maria Eduarda Pacheco\" \/>\n\t<meta name=\"twitter:label2\" content=\"Est. tempo de leitura\" \/>\n\t<meta name=\"twitter:data2\" content=\"4 minutos\" \/>\n<!-- \/ Yoast SEO plugin. -->","yoast_head_json":{"title":"Como a gelatina pode ser importante para cuidar da pele e dos ossos no dia a dia - Correio Braziliense - Radar","description":"A gelatina voltou a ganhar destaque em 2025 por ajudar na sa\u00fade da pele e ossos com seus amino\u00e1cidos que estimulam o col\u00e1geno.","robots":{"index":"index","follow":"follow","max-snippet":"max-snippet:-1","max-image-preview":"max-image-preview:large","max-video-preview":"max-video-preview:-1"},"canonical":"https:\/\/www.correiobraziliense.com.br\/cbradar\/como-a-gelatina-pode-ser-importante-para-cuidar-da-pele-e-dos-ossos-no-dia-a-dia\/","og_locale":"pt_BR","og_type":"article","og_title":"Como a gelatina pode ser importante para cuidar da pele e dos ossos no dia a dia - Correio Braziliense - Radar","og_description":"A gelatina voltou a ganhar destaque em 2025 por ajudar na sa\u00fade da pele e ossos com seus amino\u00e1cidos que estimulam o col\u00e1geno.","og_url":"https:\/\/www.correiobraziliense.com.br\/cbradar\/como-a-gelatina-pode-ser-importante-para-cuidar-da-pele-e-dos-ossos-no-dia-a-dia\/","og_site_name":"Correio Braziliense - Radar","article_published_time":"2025-12-06T14:25:00+00:00","og_image":[{"width":1280,"height":720,"url":"https:\/\/www.correiobraziliense.com.br\/cbradar\/wp-content\/uploads\/2025\/12\/jello_1764963630917.jpg","type":"image\/jpeg"}],"author":"Maria Eduarda Pacheco","twitter_card":"summary_large_image","twitter_misc":{"Escrito por":"Maria Eduarda Pacheco","Est. tempo de leitura":"4 minutos"},"schema":{"@context":"https:\/\/schema.org","@graph":[{"@type":"WebPage","@id":"https:\/\/www.correiobraziliense.com.br\/cbradar\/como-a-gelatina-pode-ser-importante-para-cuidar-da-pele-e-dos-ossos-no-dia-a-dia\/","url":"https:\/\/www.correiobraziliense.com.br\/cbradar\/como-a-gelatina-pode-ser-importante-para-cuidar-da-pele-e-dos-ossos-no-dia-a-dia\/","name":"Como a gelatina pode ser importante para cuidar da pele e dos ossos no dia a dia - Correio Braziliense - Radar","isPartOf":{"@id":"https:\/\/www.correiobraziliense.com.br\/cbradar\/#website"},"primaryImageOfPage":{"@id":"https:\/\/www.correiobraziliense.com.br\/cbradar\/como-a-gelatina-pode-ser-importante-para-cuidar-da-pele-e-dos-ossos-no-dia-a-dia\/#primaryimage"},"image":{"@id":"https:\/\/www.correiobraziliense.com.br\/cbradar\/como-a-gelatina-pode-ser-importante-para-cuidar-da-pele-e-dos-ossos-no-dia-a-dia\/#primaryimage"},"thumbnailUrl":"https:\/\/www.correiobraziliense.com.br\/cbradar\/wp-content\/uploads\/2025\/12\/jello_1764963630917.jpg","datePublished":"2025-12-06T14:25:00+00:00","author":{"@id":"https:\/\/www.correiobraziliense.com.br\/cbradar\/#\/schema\/person\/6fdd694c4c0d658f15df15f390ddf066"},"description":"A gelatina voltou a ganhar destaque em 2025 por ajudar na sa\u00fade da pele e ossos com seus amino\u00e1cidos que estimulam o col\u00e1geno.","breadcrumb":{"@id":"https:\/\/www.correiobraziliense.com.br\/cbradar\/como-a-gelatina-pode-ser-importante-para-cuidar-da-pele-e-dos-ossos-no-dia-a-dia\/#breadcrumb"},"inLanguage":"pt-BR","potentialAction":[{"@type":"ReadAction","target":["https:\/\/www.correiobraziliense.com.br\/cbradar\/como-a-gelatina-pode-ser-importante-para-cuidar-da-pele-e-dos-ossos-no-dia-a-dia\/"]}]},{"@type":"ImageObject","inLanguage":"pt-BR","@id":"https:\/\/www.correiobraziliense.com.br\/cbradar\/como-a-gelatina-pode-ser-importante-para-cuidar-da-pele-e-dos-ossos-no-dia-a-dia\/#primaryimage","url":"https:\/\/www.correiobraziliense.com.br\/cbradar\/wp-content\/uploads\/2025\/12\/jello_1764963630917.jpg","contentUrl":"https:\/\/www.correiobraziliense.com.br\/cbradar\/wp-content\/uploads\/2025\/12\/jello_1764963630917.jpg","width":1280,"height":720,"caption":"A gelatina voltou a ganhar destaque em 2025 depois que especialistas ressaltaram que seu principal componente, o col\u00e1geno, pode contribuir para a sa\u00fade - Cr\u00e9ditos: depositphotos.com \/ IgorVetushko"},{"@type":"BreadcrumbList","@id":"https:\/\/www.correiobraziliense.com.br\/cbradar\/como-a-gelatina-pode-ser-importante-para-cuidar-da-pele-e-dos-ossos-no-dia-a-dia\/#breadcrumb","itemListElement":[{"@type":"ListItem","position":1,"name":"In\u00edcio","item":"https:\/\/www.correiobraziliense.com.br\/cbradar\/"},{"@type":"ListItem","position":2,"name":"Como a gelatina pode ser importante para cuidar da pele e dos ossos no dia a dia"}]},{"@type":"WebSite","@id":"https:\/\/www.correiobraziliense.com.br\/cbradar\/#website","url":"https:\/\/www.correiobraziliense.com.br\/cbradar\/","name":"Correio Braziliense - Radar","description":"Acompanhe as \u00faltimas not\u00edcias e fique bem informado sobre tudo o que acontece no Brasil e no mundo.","potentialAction":[{"@type":"SearchAction","target":{"@type":"EntryPoint","urlTemplate":"https:\/\/www.correiobraziliense.com.br\/cbradar\/?s={search_term_string}"},"query-input":{"@type":"PropertyValueSpecification","valueRequired":true,"valueName":"search_term_string"}}],"inLanguage":"pt-BR"},{"@type":"Person","@id":"https:\/\/www.correiobraziliense.com.br\/cbradar\/#\/schema\/person\/6fdd694c4c0d658f15df15f390ddf066","name":"Maria Eduarda Pacheco","image":{"@type":"ImageObject","inLanguage":"pt-BR","@id":"https:\/\/www.correiobraziliense.com.br\/cbradar\/#\/schema\/person\/image\/","url":"https:\/\/secure.gravatar.com\/avatar\/f72a487b26fdeec08ba4868875ea328e?s=96&d=mm&r=g","contentUrl":"https:\/\/secure.gravatar.com\/avatar\/f72a487b26fdeec08ba4868875ea328e?s=96&d=mm&r=g","caption":"Maria Eduarda Pacheco"},"sameAs":["https:\/\/www.correiobraziliense.com.br\/cbradar\/"],"url":"https:\/\/www.correiobraziliense.com.br\/cbradar\/author\/maria-eduarda\/"}]}},"_links":{"self":[{"href":"https:\/\/www.correiobraziliense.com.br\/cbradar\/wp-json\/wp\/v2\/posts\/150663","targetHints":{"allow":["GET"]}}],"collection":[{"href":"https:\/\/www.correiobraziliense.com.br\/cbradar\/wp-json\/wp\/v2\/posts"}],"about":[{"href":"https:\/\/www.correiobraziliense.com.br\/cbradar\/wp-json\/wp\/v2\/types\/post"}],"author":[{"embeddable":true,"href":"https:\/\/www.correiobraziliense.com.br\/cbradar\/wp-json\/wp\/v2\/users\/18"}],"replies":[{"embeddable":true,"href":"https:\/\/www.correiobraziliense.com.br\/cbradar\/wp-json\/wp\/v2\/comments?post=150663"}],"version-history":[{"count":1,"href":"https:\/\/www.correiobraziliense.com.br\/cbradar\/wp-json\/wp\/v2\/posts\/150663\/revisions"}],"predecessor-version":[{"id":150668,"href":"https:\/\/www.correiobraziliense.com.br\/cbradar\/wp-json\/wp\/v2\/posts\/150663\/revisions\/150668"}],"wp:featuredmedia":[{"embeddable":true,"href":"https:\/\/www.correiobraziliense.com.br\/cbradar\/wp-json\/wp\/v2\/media\/150667"}],"wp:attachment":[{"href":"https:\/\/www.correiobraziliense.com.br\/cbradar\/wp-json\/wp\/v2\/media?parent=150663"}],"wp:term":[{"taxonomy":"category","embeddable":true,"href":"https:\/\/www.correiobraziliense.com.br\/cbradar\/wp-json\/wp\/v2\/categories?post=150663"},{"taxonomy":"post_tag","embeddable":true,"href":"https:\/\/www.correiobraziliense.com.br\/cbradar\/wp-json\/wp\/v2\/tags?post=150663"}],"curies":[{"name":"wp","href":"https:\/\/api.w.org\/{rel}","templated":true}]}}