{"id":150696,"date":"2025-12-06T14:15:00","date_gmt":"2025-12-06T17:15:00","guid":{"rendered":"https:\/\/www.correiobraziliense.com.br\/cbradar\/?p=150696"},"modified":"2025-12-05T17:35:00","modified_gmt":"2025-12-05T20:35:00","slug":"o-misterio-por-tras-do-ponto-mais-fundo-do-planeta-intriga-ate-hoje","status":"publish","type":"post","link":"https:\/\/www.correiobraziliense.com.br\/cbradar\/o-misterio-por-tras-do-ponto-mais-fundo-do-planeta-intriga-ate-hoje\/","title":{"rendered":"O mist\u00e9rio por tr\u00e1s do ponto mais fundo do planeta intriga at\u00e9 hoje"},"content":{"rendered":"\n<p>A Fossa das Marianas<a href=\"https:\/\/www.correiobraziliense.com.br\/cbradar\/pesquisadores-encontraram-vida-escondida-sob-o-gelo-e-mostram-como-a-natureza-resiste-ate-no-impossivel\/\" target=\"_blank\" rel=\"noreferrer noopener\"> fascina exploradores e cientistas<\/a> h\u00e1 d\u00e9cadas por um motivo claro: ela abriga o ponto mais profundo j\u00e1 medido nos oceanos e, portanto, em toda a superf\u00edcie do planeta. Localizada no Oceano Pac\u00edfico Ocidental, a regi\u00e3o \u00e9 t\u00e3o extrema que continua sendo um dos ambientes menos conhecidos da Terra.<\/p>\n\n\n\n<h2 class=\"wp-block-heading\">Onde fica a Fossa das Marianas e por que ela \u00e9 t\u00e3o profunda?<\/h2>\n\n\n\n<p>A fossa est\u00e1 situada a leste das Ilhas Marianas, em uma \u00e1rea onde duas placas tect\u00f4nicas se encontram. A profundidade impressionante \u00e9 resultado do processo de subduc\u00e7\u00e3o, quando uma placa oce\u00e2nica \u00e9 empurrada para baixo de outra.<\/p>\n\n\n\n<p>Esse movimento cria vales submarinos muito estreitos e \u00edngremes, e no caso da Fossa das Marianas, gera o ponto mais extremo conhecido at\u00e9 hoje <a href=\"https:\/\/www.sciencedirect.com\/science\/article\/pii\/S2666675821000345?utm\" target=\"_blank\" rel=\"noreferrer noopener\">de acordo com pesquisas<\/a>.<\/p>\n\n\n<div class=\"wp-block-image\">\n<figure class=\"aligncenter size-large\"><img decoding=\"async\" width=\"1024\" height=\"576\" src=\"https:\/\/www.correiobraziliense.com.br\/cbradar\/wp-content\/uploads\/2025\/12\/profundezas-do-mar_1764966677011-1024x576.jpg\" alt=\"O mist\u00e9rio por tr\u00e1s do ponto mais fundo do planeta intriga at\u00e9 hoje\" class=\"wp-image-150699\" srcset=\"https:\/\/www.correiobraziliense.com.br\/cbradar\/wp-content\/uploads\/2025\/12\/profundezas-do-mar_1764966677011-1024x576.jpg 1024w, https:\/\/www.correiobraziliense.com.br\/cbradar\/wp-content\/uploads\/2025\/12\/profundezas-do-mar_1764966677011-300x169.jpg 300w, https:\/\/www.correiobraziliense.com.br\/cbradar\/wp-content\/uploads\/2025\/12\/profundezas-do-mar_1764966677011-768x432.jpg 768w, https:\/\/www.correiobraziliense.com.br\/cbradar\/wp-content\/uploads\/2025\/12\/profundezas-do-mar_1764966677011-750x422.jpg 750w, https:\/\/www.correiobraziliense.com.br\/cbradar\/wp-content\/uploads\/2025\/12\/profundezas-do-mar_1764966677011-1140x641.jpg 1140w, https:\/\/www.correiobraziliense.com.br\/cbradar\/wp-content\/uploads\/2025\/12\/profundezas-do-mar_1764966677011.jpg 1280w\" sizes=\"(max-width: 1024px) 100vw, 1024px\" \/><figcaption class=\"wp-element-caption\">A profundidade impressionante \u00e9 resultado do processo de subduc\u00e7\u00e3o, quando uma placa oce\u00e2nica \u00e9 empurrada para baixo de outra &#8211; Cr\u00e9ditos: depositphotos.com \/ thomaseder<\/figcaption><\/figure><\/div>\n\n\n<h2 class=\"wp-block-heading\">Qual \u00e9 a profundidade do lugar mais fundo da Terra?<\/h2>\n\n\n\n<p>O local mais profundo da fossa \u00e9 chamado <strong>Challenger Deep<\/strong>. As medi\u00e7\u00f5es mais aceitas indicam que ele chega a aproximadamente <strong>10.900 a 11.000 metros<\/strong> de profundidade.<\/p>\n\n\n\n<p>Para efeito de compara\u00e7\u00e3o, se coloc\u00e1ssemos o Monte Everest dentro dela, ainda sobrariam cerca de dois quil\u00f4metros de \u00e1gua acima do topo da montanha. \u00c9 um ambiente com press\u00e3o esmagadora, temperaturas baix\u00edssimas e aus\u00eancia quase total de luz solar.<\/p>\n\n\n\n<p>Abaixo, um v\u00eddeo sobre a Fossa das Marianas por <strong>minutodobicho <\/strong>em TikTok:<\/p>\n\n\n\n<figure class=\"wp-block-embed is-type-video is-provider-tiktok wp-block-embed-tiktok\"><div class=\"wp-block-embed__wrapper\">\n<blockquote class=\"tiktok-embed\" cite=\"https:\/\/www.tiktok.com\/@minutodobicho\/video\/7437693271117286711\" data-video-id=\"7437693271117286711\" data-embed-from=\"oembed\" style=\"max-width:605px; min-width:325px;\"> <section> <a target=\"_blank\" title=\"@minutodobicho\" href=\"https:\/\/www.tiktok.com\/@minutodobicho?refer=embed\">@minutodobicho<\/a> <p>Teria coragem de mergulhar nesse lugar? <a title=\"fossadasmarianas\" target=\"_blank\" href=\"https:\/\/www.tiktok.com\/tag\/fossadasmarianas?refer=embed\">#fossadasmarianas<\/a> <a title=\"minutodobicho\" target=\"_blank\" href=\"https:\/\/www.tiktok.com\/tag\/minutodobicho?refer=embed\">#minutodobicho<\/a> <a title=\"animaisnotiktok\" target=\"_blank\" href=\"https:\/\/www.tiktok.com\/tag\/animaisnotiktok?refer=embed\">#animaisnotiktok<\/a> <a title=\"biologiamarinha\" target=\"_blank\" href=\"https:\/\/www.tiktok.com\/tag\/biologiamarinha?refer=embed\">#biologiamarinha<\/a> <a title=\"animais\" target=\"_blank\" href=\"https:\/\/www.tiktok.com\/tag\/animais?refer=embed\">#animais<\/a> <a title=\"biologia\" target=\"_blank\" href=\"https:\/\/www.tiktok.com\/tag\/biologia?refer=embed\">#biologia<\/a> <a title=\"vocesabia\" target=\"_blank\" href=\"https:\/\/www.tiktok.com\/tag\/vocesabia?refer=embed\">#vocesabia<\/a> <a title=\"conhecimento\" target=\"_blank\" href=\"https:\/\/www.tiktok.com\/tag\/conhecimento?refer=embed\">#conhecimento<\/a> <\/p> <a target=\"_blank\" title=\"\u266c Hoist The Colours - Bass Singers Version - The Wellermen &#038; Bobby Bass &#038; Eric Hollaway\" href=\"https:\/\/www.tiktok.com\/music\/Hoist-The-Colours-Bass-Singers-Version-7138700430573307906?refer=embed\">\u266c Hoist The Colours &#8211; Bass Singers Version &#8211; The Wellermen &#038; Bobby Bass &#038; Eric Hollaway<\/a> <\/section> <\/blockquote> <script async src=\"https:\/\/www.tiktok.com\/embed.js\"><\/script>\n<\/div><\/figure>\n\n\n\n<h2 class=\"wp-block-heading\">O que j\u00e1 foi encontrado nesses ambientes extremos?<\/h2>\n\n\n\n<p>Apesar das condi\u00e7\u00f5es hostis, diversas expedi\u00e7\u00f5es encontraram vida na Fossa das Marianas. Micro-organismos, crust\u00e1ceos e esp\u00e9cies adaptadas \u00e0 press\u00e3o extrema comp\u00f5em parte da fauna local.<\/p>\n\n\n\n<p>Pesquisa recentes tamb\u00e9m mostraram que at\u00e9 mesmo part\u00edculas de pl\u00e1stico chegam a essas profundezas, revelando o impacto humano em \u00e1reas que pareciam intoc\u00e1veis.<\/p>\n\n\n<div class=\"wp-block-image\">\n<figure class=\"aligncenter size-large\"><img decoding=\"async\" width=\"1024\" height=\"576\" src=\"https:\/\/www.correiobraziliense.com.br\/cbradar\/wp-content\/uploads\/2025\/12\/profundezas-do-mar_1764966694410-1024x576.jpg\" alt=\"O mist\u00e9rio por tr\u00e1s do ponto mais fundo do planeta intriga at\u00e9 hoje\" class=\"wp-image-150700\" srcset=\"https:\/\/www.correiobraziliense.com.br\/cbradar\/wp-content\/uploads\/2025\/12\/profundezas-do-mar_1764966694410-1024x576.jpg 1024w, https:\/\/www.correiobraziliense.com.br\/cbradar\/wp-content\/uploads\/2025\/12\/profundezas-do-mar_1764966694410-300x169.jpg 300w, https:\/\/www.correiobraziliense.com.br\/cbradar\/wp-content\/uploads\/2025\/12\/profundezas-do-mar_1764966694410-768x432.jpg 768w, https:\/\/www.correiobraziliense.com.br\/cbradar\/wp-content\/uploads\/2025\/12\/profundezas-do-mar_1764966694410-750x422.jpg 750w, https:\/\/www.correiobraziliense.com.br\/cbradar\/wp-content\/uploads\/2025\/12\/profundezas-do-mar_1764966694410-1140x641.jpg 1140w, https:\/\/www.correiobraziliense.com.br\/cbradar\/wp-content\/uploads\/2025\/12\/profundezas-do-mar_1764966694410.jpg 1280w\" sizes=\"(max-width: 1024px) 100vw, 1024px\" \/><figcaption class=\"wp-element-caption\">O local mais profundo da fossa \u00e9 chamado Challenger Deep. As medi\u00e7\u00f5es mais aceitas indicam que ele chega a aproximadamente 10.900 a 11.000 metros de profundidade &#8211; Cr\u00e9ditos: depositphotos.com \/ aquanaut<\/figcaption><\/figure><\/div>\n\n\n<h2 class=\"wp-block-heading\">Por que a Fossa das Marianas ainda \u00e9 t\u00e3o misteriosa?<\/h2>\n\n\n\n<p>O acesso ao Challenger Deep exige tecnologia avan\u00e7ada, submarinos especiais e equipamento capaz de suportar press\u00f5es colossais. Por isso, apenas poucas expedi\u00e7\u00f5es tripuladas chegaram ao ponto mais profundo.<\/p>\n\n\n\n<p>Mesmo em 2025, grande parte da fossa permanece inexplorada. Cada nova viagem traz informa\u00e7\u00f5es sobre geologia, vida marinha e processos que ajudam a entender a pr\u00f3pria estrutura da Terra.<\/p>\n\n\n\n<p>Assim, a Fossa das Marianas segue sendo um dos lugares mais desafiadores e fascinantes do planeta, mantendo o t\u00edtulo de <strong>ponto mais fundo da Terra<\/strong> e um dos maiores mist\u00e9rios do mundo natural.<\/p>\n","protected":false},"excerpt":{"rendered":"<p>A Fossa das Marianas fascina exploradores e cientistas h\u00e1 d\u00e9cadas por um motivo claro: ela abriga o ponto mais profundo j\u00e1 medido nos oceanos e, portanto, em toda a superf\u00edcie do planeta. Localizada no Oceano Pac\u00edfico Ocidental, a regi\u00e3o \u00e9 t\u00e3o extrema que continua sendo um dos ambientes menos conhecidos da Terra. Onde fica a [&hellip;]<\/p>\n","protected":false},"author":18,"featured_media":150698,"comment_status":"open","ping_status":"open","sticky":false,"template":"","format":"standard","meta":{"_yoast_wpseo_focuskw":"mist\u00e9rio por tr\u00e1s do ponto mais profundo","_yoast_wpseo_title":"","_yoast_wpseo_metadesc":"Com quase 11 mil metros de profundidade, esse lugar intriga pesquisadores do mundo todo e desafia os limites da vida como conhecemos.","jnews-multi-image_gallery":[],"jnews_single_post":{"format":"standard"},"jnews_primary_category":[],"jnews_social_meta":[],"jnews_override_counter":[],"footnotes":""},"categories":[112],"tags":[144,12349,8133,12350],"class_list":["post-150696","post","type-post","status-publish","format-standard","has-post-thumbnail","hentry","category-curiosidades","tag-curiosidades","tag-fossa-das-marianas","tag-misterio-2","tag-profundidade"],"yoast_head":"<!-- This site is optimized with the Yoast SEO plugin v24.6 - https:\/\/yoast.com\/wordpress\/plugins\/seo\/ -->\n<title>O mist\u00e9rio por tr\u00e1s do ponto mais fundo do planeta intriga at\u00e9 hoje - Correio Braziliense - Radar<\/title>\n<meta name=\"description\" content=\"Com quase 11 mil metros de profundidade, esse lugar intriga pesquisadores do mundo todo e desafia os limites da vida como conhecemos.\" \/>\n<meta name=\"robots\" content=\"index, follow, max-snippet:-1, max-image-preview:large, max-video-preview:-1\" \/>\n<link rel=\"canonical\" href=\"https:\/\/www.correiobraziliense.com.br\/cbradar\/o-misterio-por-tras-do-ponto-mais-fundo-do-planeta-intriga-ate-hoje\/\" \/>\n<meta property=\"og:locale\" content=\"pt_BR\" \/>\n<meta property=\"og:type\" content=\"article\" \/>\n<meta property=\"og:title\" content=\"O mist\u00e9rio por tr\u00e1s do ponto mais fundo do planeta intriga at\u00e9 hoje - Correio Braziliense - Radar\" \/>\n<meta property=\"og:description\" content=\"Com quase 11 mil metros de profundidade, esse lugar intriga pesquisadores do mundo todo e desafia os limites da vida como conhecemos.\" \/>\n<meta property=\"og:url\" content=\"https:\/\/www.correiobraziliense.com.br\/cbradar\/o-misterio-por-tras-do-ponto-mais-fundo-do-planeta-intriga-ate-hoje\/\" \/>\n<meta property=\"og:site_name\" content=\"Correio Braziliense - Radar\" \/>\n<meta property=\"article:published_time\" content=\"2025-12-06T17:15:00+00:00\" \/>\n<meta property=\"og:image\" content=\"https:\/\/www.correiobraziliense.com.br\/cbradar\/wp-content\/uploads\/2025\/12\/profundezas-do-mar_1764966654342.jpg\" \/>\n\t<meta property=\"og:image:width\" content=\"1280\" \/>\n\t<meta property=\"og:image:height\" content=\"720\" \/>\n\t<meta property=\"og:image:type\" content=\"image\/jpeg\" \/>\n<meta name=\"author\" content=\"Maria Eduarda Pacheco\" \/>\n<meta name=\"twitter:card\" content=\"summary_large_image\" \/>\n<meta name=\"twitter:label1\" content=\"Escrito por\" \/>\n\t<meta name=\"twitter:data1\" content=\"Maria Eduarda Pacheco\" \/>\n\t<meta name=\"twitter:label2\" content=\"Est. tempo de leitura\" \/>\n\t<meta name=\"twitter:data2\" content=\"3 minutos\" \/>\n<!-- \/ Yoast SEO plugin. -->","yoast_head_json":{"title":"O mist\u00e9rio por tr\u00e1s do ponto mais fundo do planeta intriga at\u00e9 hoje - Correio Braziliense - Radar","description":"Com quase 11 mil metros de profundidade, esse lugar intriga pesquisadores do mundo todo e desafia os limites da vida como conhecemos.","robots":{"index":"index","follow":"follow","max-snippet":"max-snippet:-1","max-image-preview":"max-image-preview:large","max-video-preview":"max-video-preview:-1"},"canonical":"https:\/\/www.correiobraziliense.com.br\/cbradar\/o-misterio-por-tras-do-ponto-mais-fundo-do-planeta-intriga-ate-hoje\/","og_locale":"pt_BR","og_type":"article","og_title":"O mist\u00e9rio por tr\u00e1s do ponto mais fundo do planeta intriga at\u00e9 hoje - Correio Braziliense - Radar","og_description":"Com quase 11 mil metros de profundidade, esse lugar intriga pesquisadores do mundo todo e desafia os limites da vida como conhecemos.","og_url":"https:\/\/www.correiobraziliense.com.br\/cbradar\/o-misterio-por-tras-do-ponto-mais-fundo-do-planeta-intriga-ate-hoje\/","og_site_name":"Correio Braziliense - Radar","article_published_time":"2025-12-06T17:15:00+00:00","og_image":[{"width":1280,"height":720,"url":"https:\/\/www.correiobraziliense.com.br\/cbradar\/wp-content\/uploads\/2025\/12\/profundezas-do-mar_1764966654342.jpg","type":"image\/jpeg"}],"author":"Maria Eduarda Pacheco","twitter_card":"summary_large_image","twitter_misc":{"Escrito por":"Maria Eduarda Pacheco","Est. tempo de leitura":"3 minutos"},"schema":{"@context":"https:\/\/schema.org","@graph":[{"@type":"WebPage","@id":"https:\/\/www.correiobraziliense.com.br\/cbradar\/o-misterio-por-tras-do-ponto-mais-fundo-do-planeta-intriga-ate-hoje\/","url":"https:\/\/www.correiobraziliense.com.br\/cbradar\/o-misterio-por-tras-do-ponto-mais-fundo-do-planeta-intriga-ate-hoje\/","name":"O mist\u00e9rio por tr\u00e1s do ponto mais fundo do planeta intriga at\u00e9 hoje - Correio Braziliense - Radar","isPartOf":{"@id":"https:\/\/www.correiobraziliense.com.br\/cbradar\/#website"},"primaryImageOfPage":{"@id":"https:\/\/www.correiobraziliense.com.br\/cbradar\/o-misterio-por-tras-do-ponto-mais-fundo-do-planeta-intriga-ate-hoje\/#primaryimage"},"image":{"@id":"https:\/\/www.correiobraziliense.com.br\/cbradar\/o-misterio-por-tras-do-ponto-mais-fundo-do-planeta-intriga-ate-hoje\/#primaryimage"},"thumbnailUrl":"https:\/\/www.correiobraziliense.com.br\/cbradar\/wp-content\/uploads\/2025\/12\/profundezas-do-mar_1764966654342.jpg","datePublished":"2025-12-06T17:15:00+00:00","author":{"@id":"https:\/\/www.correiobraziliense.com.br\/cbradar\/#\/schema\/person\/6fdd694c4c0d658f15df15f390ddf066"},"description":"Com quase 11 mil metros de profundidade, esse lugar intriga pesquisadores do mundo todo e desafia os limites da vida como conhecemos.","breadcrumb":{"@id":"https:\/\/www.correiobraziliense.com.br\/cbradar\/o-misterio-por-tras-do-ponto-mais-fundo-do-planeta-intriga-ate-hoje\/#breadcrumb"},"inLanguage":"pt-BR","potentialAction":[{"@type":"ReadAction","target":["https:\/\/www.correiobraziliense.com.br\/cbradar\/o-misterio-por-tras-do-ponto-mais-fundo-do-planeta-intriga-ate-hoje\/"]}]},{"@type":"ImageObject","inLanguage":"pt-BR","@id":"https:\/\/www.correiobraziliense.com.br\/cbradar\/o-misterio-por-tras-do-ponto-mais-fundo-do-planeta-intriga-ate-hoje\/#primaryimage","url":"https:\/\/www.correiobraziliense.com.br\/cbradar\/wp-content\/uploads\/2025\/12\/profundezas-do-mar_1764966654342.jpg","contentUrl":"https:\/\/www.correiobraziliense.com.br\/cbradar\/wp-content\/uploads\/2025\/12\/profundezas-do-mar_1764966654342.jpg","width":1280,"height":720,"caption":"A Fossa das Marianas fascina exploradores e cientistas h\u00e1 d\u00e9cadas por um motivo claro: ela abriga o ponto mais profundo j\u00e1 medido nos oceanos e, portanto, em toda a superf\u00edcie do planeta - Cr\u00e9ditos: depositphotos.com \/ ratpack2"},{"@type":"BreadcrumbList","@id":"https:\/\/www.correiobraziliense.com.br\/cbradar\/o-misterio-por-tras-do-ponto-mais-fundo-do-planeta-intriga-ate-hoje\/#breadcrumb","itemListElement":[{"@type":"ListItem","position":1,"name":"In\u00edcio","item":"https:\/\/www.correiobraziliense.com.br\/cbradar\/"},{"@type":"ListItem","position":2,"name":"O mist\u00e9rio por tr\u00e1s do ponto mais fundo do planeta intriga at\u00e9 hoje"}]},{"@type":"WebSite","@id":"https:\/\/www.correiobraziliense.com.br\/cbradar\/#website","url":"https:\/\/www.correiobraziliense.com.br\/cbradar\/","name":"Correio Braziliense - Radar","description":"Acompanhe as \u00faltimas not\u00edcias e fique bem informado sobre tudo o que acontece no Brasil e no mundo.","potentialAction":[{"@type":"SearchAction","target":{"@type":"EntryPoint","urlTemplate":"https:\/\/www.correiobraziliense.com.br\/cbradar\/?s={search_term_string}"},"query-input":{"@type":"PropertyValueSpecification","valueRequired":true,"valueName":"search_term_string"}}],"inLanguage":"pt-BR"},{"@type":"Person","@id":"https:\/\/www.correiobraziliense.com.br\/cbradar\/#\/schema\/person\/6fdd694c4c0d658f15df15f390ddf066","name":"Maria Eduarda Pacheco","image":{"@type":"ImageObject","inLanguage":"pt-BR","@id":"https:\/\/www.correiobraziliense.com.br\/cbradar\/#\/schema\/person\/image\/","url":"https:\/\/secure.gravatar.com\/avatar\/f72a487b26fdeec08ba4868875ea328e?s=96&d=mm&r=g","contentUrl":"https:\/\/secure.gravatar.com\/avatar\/f72a487b26fdeec08ba4868875ea328e?s=96&d=mm&r=g","caption":"Maria Eduarda Pacheco"},"sameAs":["https:\/\/www.correiobraziliense.com.br\/cbradar\/"],"url":"https:\/\/www.correiobraziliense.com.br\/cbradar\/author\/maria-eduarda\/"}]}},"_links":{"self":[{"href":"https:\/\/www.correiobraziliense.com.br\/cbradar\/wp-json\/wp\/v2\/posts\/150696","targetHints":{"allow":["GET"]}}],"collection":[{"href":"https:\/\/www.correiobraziliense.com.br\/cbradar\/wp-json\/wp\/v2\/posts"}],"about":[{"href":"https:\/\/www.correiobraziliense.com.br\/cbradar\/wp-json\/wp\/v2\/types\/post"}],"author":[{"embeddable":true,"href":"https:\/\/www.correiobraziliense.com.br\/cbradar\/wp-json\/wp\/v2\/users\/18"}],"replies":[{"embeddable":true,"href":"https:\/\/www.correiobraziliense.com.br\/cbradar\/wp-json\/wp\/v2\/comments?post=150696"}],"version-history":[{"count":1,"href":"https:\/\/www.correiobraziliense.com.br\/cbradar\/wp-json\/wp\/v2\/posts\/150696\/revisions"}],"predecessor-version":[{"id":150701,"href":"https:\/\/www.correiobraziliense.com.br\/cbradar\/wp-json\/wp\/v2\/posts\/150696\/revisions\/150701"}],"wp:featuredmedia":[{"embeddable":true,"href":"https:\/\/www.correiobraziliense.com.br\/cbradar\/wp-json\/wp\/v2\/media\/150698"}],"wp:attachment":[{"href":"https:\/\/www.correiobraziliense.com.br\/cbradar\/wp-json\/wp\/v2\/media?parent=150696"}],"wp:term":[{"taxonomy":"category","embeddable":true,"href":"https:\/\/www.correiobraziliense.com.br\/cbradar\/wp-json\/wp\/v2\/categories?post=150696"},{"taxonomy":"post_tag","embeddable":true,"href":"https:\/\/www.correiobraziliense.com.br\/cbradar\/wp-json\/wp\/v2\/tags?post=150696"}],"curies":[{"name":"wp","href":"https:\/\/api.w.org\/{rel}","templated":true}]}}