{"id":150721,"date":"2025-12-06T17:35:00","date_gmt":"2025-12-06T20:35:00","guid":{"rendered":"https:\/\/www.correiobraziliense.com.br\/cbradar\/?p=150721"},"modified":"2025-12-05T19:55:21","modified_gmt":"2025-12-05T22:55:21","slug":"qual-e-o-significado-da-frase-latina-de-nihilo-nihil-e-por-que-ela-e-tao-usada-no-mundo-do-trabalho","status":"publish","type":"post","link":"https:\/\/www.correiobraziliense.com.br\/cbradar\/qual-e-o-significado-da-frase-latina-de-nihilo-nihil-e-por-que-ela-e-tao-usada-no-mundo-do-trabalho\/","title":{"rendered":"Qual \u00e9 o significado da frase latina Nihilo Nihil e por que ela \u00e9 t\u00e3o usada no mundo do trabalho"},"content":{"rendered":"\n<p>A express\u00e3o latina <strong>\u201cde nihilo nihil\u201d<\/strong> vem ganhando espa\u00e7o nas redes sociais e em debates sobre carreira em 2025. A frase, que significa literalmente \u201cnada surge do nada\u201d, \u00e9 usada para refor\u00e7ar a ideia de que resultados s\u00f3 aparecem quando h\u00e1 esfor\u00e7o, pr\u00e1tica ou constru\u00e7\u00e3o pr\u00e9via. Apesar de antiga, ela ganhou nova relev\u00e2ncia em ambientes profissionais que valorizam disciplina e const\u00e2ncia.<\/p>\n\n\n\n<h2 class=\"wp-block-heading\">Qual a origem da express\u00e3o na tradi\u00e7\u00e3o cl\u00e1ssica?<\/h2>\n\n\n\n<p>\u201cDe nihilo nihil\u201d tem ra\u00edzes na filosofia grega e romana. O conceito aparece em textos atribu\u00eddos ao poeta e fil\u00f3sofo Parm\u00eanides e mais tarde \u00e9 retomado por autores latinos, como Lucr\u00e9cio, para defender a ideia de que toda a\u00e7\u00e3o tem uma causa. No mundo romano, a frase passou a simbolizar um princ\u00edpio de racionalidade e responsabilidade: nada acontece sem que algo o anteceda.<\/p>\n\n\n\n<p>Esse entendimento <a href=\"https:\/\/www.correiobraziliense.com.br\/cbradar\/o-ensinamento-mais-atual-de-marco-aurelio-sobre-estoicismo-que-ninguem-pode-ignorar\/\" target=\"_blank\" rel=\"noreferrer noopener\">atravessou s\u00e9culos e se tornou uma met\u00e1fora para esfor\u00e7o pessoal<\/a>, aprendizado acumulado e dedica\u00e7\u00e3o cont\u00ednua.<\/p>\n\n\n<div class=\"wp-block-image\">\n<figure class=\"aligncenter size-large\"><img decoding=\"async\" width=\"1024\" height=\"576\" src=\"https:\/\/www.correiobraziliense.com.br\/cbradar\/wp-content\/uploads\/2025\/12\/books_1764628642119-1024x576.jpg\" alt=\"Qual \u00e9 o significado da frase latina de Nihilo Nihil e por que ela \u00e9 t\u00e3o usada no mundo do trabalho\" class=\"wp-image-148369\" srcset=\"https:\/\/www.correiobraziliense.com.br\/cbradar\/wp-content\/uploads\/2025\/12\/books_1764628642119-1024x576.jpg 1024w, https:\/\/www.correiobraziliense.com.br\/cbradar\/wp-content\/uploads\/2025\/12\/books_1764628642119-300x169.jpg 300w, https:\/\/www.correiobraziliense.com.br\/cbradar\/wp-content\/uploads\/2025\/12\/books_1764628642119-768x432.jpg 768w, https:\/\/www.correiobraziliense.com.br\/cbradar\/wp-content\/uploads\/2025\/12\/books_1764628642119-750x422.jpg 750w, https:\/\/www.correiobraziliense.com.br\/cbradar\/wp-content\/uploads\/2025\/12\/books_1764628642119-1140x641.jpg 1140w, https:\/\/www.correiobraziliense.com.br\/cbradar\/wp-content\/uploads\/2025\/12\/books_1764628642119.jpg 1280w\" sizes=\"(max-width: 1024px) 100vw, 1024px\" \/><figcaption class=\"wp-element-caption\">O conceito aparece em textos atribu\u00eddos ao poeta e fil\u00f3sofo Parm\u00eanides e mais tarde \u00e9 retomado por autores latinos, como Lucr\u00e9cio &#8211; Cr\u00e9ditos: depositphotos.com \/ Ischukigor<\/figcaption><\/figure><\/div>\n\n\n<h2 class=\"wp-block-heading\">Por que a frase \u00e9 t\u00e3o usada no ambiente profissional<\/h2>\n\n\n\n<p>Em 2025, a frase ganhou for\u00e7a no mundo corporativo por traduzir um ponto central das carreiras contempor\u00e2neas: desempenho \u00e9 consequ\u00eancia de processos, n\u00e3o de improviso. Em \u00e1reas como tecnologia, comunica\u00e7\u00e3o e neg\u00f3cios, ela aparece como lembrete de que conhecimento e resultados s\u00e3o constru\u00eddos diariamente.<\/p>\n\n\n\n<p>A express\u00e3o tamb\u00e9m tem sido usada para combater expectativas irreais de produtividade imediata, mostrando que crescimento depende de const\u00e2ncia, treinamento e adapta\u00e7\u00e3o.<\/p>\n\n\n\n<p>A discuss\u00e3o foi escalando nas redes sociais, <strong>Rodrigo Silva<\/strong>, aspirante \u00e0 arqueologia, que estudou sobre o assunto, comentou:<\/p>\n\n\n\n<figure class=\"wp-block-embed is-type-video is-provider-youtube wp-block-embed-youtube wp-embed-aspect-9-16 wp-has-aspect-ratio\"><div class=\"wp-block-embed__wrapper\">\n<div class=\"jeg_video_container jeg_video_content\"><iframe loading=\"lazy\" title=\"A Origem do Universo  A Quest\u00e3o Filos\u00f3fica de Ex Nihilo, Nihil Fit\" width=\"422\" height=\"750\" src=\"https:\/\/www.youtube.com\/embed\/O7t19uJk5lk?feature=oembed\" frameborder=\"0\" allow=\"accelerometer; autoplay; clipboard-write; encrypted-media; gyroscope; picture-in-picture; web-share\" referrerpolicy=\"strict-origin-when-cross-origin\" allowfullscreen><\/iframe><\/div>\n<\/div><\/figure>\n\n\n\n<h2 class=\"wp-block-heading\">Quais as aplica\u00e7\u00f5es pr\u00e1ticas da frase no dia a dia?<\/h2>\n\n\n\n<p>No ambiente de trabalho, \u201cde nihilo nihil\u201d pode ser aplicada a metas, estudo, desenvolvimento de compet\u00eancias e at\u00e9 resolu\u00e7\u00e3o de problemas. A frase funciona como uma \u00e2ncora para evitar compara\u00e7\u00f5es e focar no pr\u00f3prio processo.<\/p>\n\n\n\n<p>Especialistas em gest\u00e3o explicam que equipes que compreendem esse princ\u00edpio tendem a ter expectativas mais realistas, maior resili\u00eancia e foco no aprendizado cont\u00ednuo, caracter\u00edsticas essenciais em mercados competitivos.<\/p>\n\n\n<div class=\"wp-block-image\">\n<figure class=\"aligncenter size-large\"><img decoding=\"async\" width=\"1024\" height=\"576\" src=\"https:\/\/www.correiobraziliense.com.br\/cbradar\/wp-content\/uploads\/2025\/12\/greek-philosophy_1764974229384-1024x576.jpg\" alt=\"Qual \u00e9 o significado da frase latina de Nihilo Nihil e por que ela \u00e9 t\u00e3o usada no mundo do trabalho\" class=\"wp-image-150723\" srcset=\"https:\/\/www.correiobraziliense.com.br\/cbradar\/wp-content\/uploads\/2025\/12\/greek-philosophy_1764974229384-1024x576.jpg 1024w, https:\/\/www.correiobraziliense.com.br\/cbradar\/wp-content\/uploads\/2025\/12\/greek-philosophy_1764974229384-300x169.jpg 300w, https:\/\/www.correiobraziliense.com.br\/cbradar\/wp-content\/uploads\/2025\/12\/greek-philosophy_1764974229384-768x432.jpg 768w, https:\/\/www.correiobraziliense.com.br\/cbradar\/wp-content\/uploads\/2025\/12\/greek-philosophy_1764974229384-750x422.jpg 750w, https:\/\/www.correiobraziliense.com.br\/cbradar\/wp-content\/uploads\/2025\/12\/greek-philosophy_1764974229384-1140x641.jpg 1140w, https:\/\/www.correiobraziliense.com.br\/cbradar\/wp-content\/uploads\/2025\/12\/greek-philosophy_1764974229384.jpg 1280w\" sizes=\"(max-width: 1024px) 100vw, 1024px\" \/><figcaption class=\"wp-element-caption\">Em 2025, a frase ganhou for\u00e7a no mundo corporativo por traduzir um ponto central das carreiras contempor\u00e2neas &#8211; Cr\u00e9ditos: depositphotos.com \/ ArtemKnyaz<\/figcaption><\/figure><\/div>\n\n\n<h2 class=\"wp-block-heading\">Por que a express\u00e3o ganhou popularidade nas redes sociais?<\/h2>\n\n\n\n<p>Com a circula\u00e7\u00e3o crescente de conte\u00fados sobre produtividade e autoconsci\u00eancia, frases latinas voltaram a inspirar posts motivacionais. \u201cDe nihilo nihil\u201d se destaca porque comunica uma verdade simples: nada se constr\u00f3i sem base, paci\u00eancia e trabalho.<\/p>\n\n\n\n<p>Em um contexto no qual muitas pessoas buscam estabilidade e significado no trabalho, a express\u00e3o funciona como lembrete de que processos lentos tamb\u00e9m fazem parte do progresso. Por isso, ela reapareceu como uma das m\u00e1ximas mais comentadas em 2025.<\/p>\n\n\n\n<p>Assim, \u201cde nihilo nihil\u201d atravessou s\u00e9culos e permanece atual ao refor\u00e7ar que <strong>todo resultado \u00e9 fruto de algo que o antecede<\/strong>.<\/p>\n","protected":false},"excerpt":{"rendered":"<p>A express\u00e3o latina \u201cde nihilo nihil\u201d vem ganhando espa\u00e7o nas redes sociais e em debates sobre carreira em 2025. A frase, que significa literalmente \u201cnada surge do nada\u201d, \u00e9 usada para refor\u00e7ar a ideia de que resultados s\u00f3 aparecem quando h\u00e1 esfor\u00e7o, pr\u00e1tica ou constru\u00e7\u00e3o pr\u00e9via. Apesar de antiga, ela ganhou nova relev\u00e2ncia em ambientes [&hellip;]<\/p>\n","protected":false},"author":18,"featured_media":150722,"comment_status":"open","ping_status":"open","sticky":false,"template":"","format":"standard","meta":{"jnews-multi-image_gallery":[],"jnews_single_post":{"format":"standard"},"jnews_primary_category":[],"jnews_social_meta":[],"jnews_override_counter":[],"footnotes":""},"categories":[112],"post_tag":[9341,12311,11054,12232],"class_list":["post-150721","post","type-post","status-publish","format-standard","has-post-thumbnail","hentry","category-curiosidades","tag-cotidiano","tag-expressao","tag-latim","tag-popularidade"],"yoast_head":"<!-- This site is optimized with the Yoast SEO plugin v24.6 - https:\/\/yoast.com\/wordpress\/plugins\/seo\/ -->\n<title>Qual \u00e9 o significado da frase latina Nihilo Nihil e por que ela \u00e9 t\u00e3o usada no mundo do trabalho - Correio Braziliense - Radar<\/title>\n<meta name=\"description\" content=\"Nada surge do nada \u00e9 a mensagem por tr\u00e1s de Nihilo Nihil que est\u00e1 transformando a forma como lidamos com trabalho e metas.\" \/>\n<meta name=\"robots\" content=\"index, follow, max-snippet:-1, max-image-preview:large, max-video-preview:-1\" \/>\n<link rel=\"canonical\" href=\"https:\/\/www.correiobraziliense.com.br\/cbradar\/qual-e-o-significado-da-frase-latina-de-nihilo-nihil-e-por-que-ela-e-tao-usada-no-mundo-do-trabalho\/\" \/>\n<meta property=\"og:locale\" content=\"pt_BR\" \/>\n<meta property=\"og:type\" content=\"article\" \/>\n<meta property=\"og:title\" content=\"Qual \u00e9 o significado da frase latina Nihilo Nihil e por que ela \u00e9 t\u00e3o usada no mundo do trabalho - Correio Braziliense - Radar\" \/>\n<meta property=\"og:description\" content=\"Nada surge do nada \u00e9 a mensagem por tr\u00e1s de Nihilo Nihil que est\u00e1 transformando a forma como lidamos com trabalho e metas.\" \/>\n<meta property=\"og:url\" content=\"https:\/\/www.correiobraziliense.com.br\/cbradar\/qual-e-o-significado-da-frase-latina-de-nihilo-nihil-e-por-que-ela-e-tao-usada-no-mundo-do-trabalho\/\" \/>\n<meta property=\"og:site_name\" content=\"Correio Braziliense - Radar\" \/>\n<meta property=\"article:published_time\" content=\"2025-12-06T20:35:00+00:00\" \/>\n<meta property=\"og:image\" content=\"https:\/\/www.correiobraziliense.com.br\/cbradar\/wp-content\/uploads\/2025\/12\/greek-philosophy_1764974219480.jpg\" \/>\n\t<meta property=\"og:image:width\" content=\"1280\" \/>\n\t<meta property=\"og:image:height\" content=\"720\" \/>\n\t<meta property=\"og:image:type\" content=\"image\/jpeg\" \/>\n<meta name=\"author\" content=\"Maria Eduarda Pacheco\" \/>\n<meta name=\"twitter:card\" content=\"summary_large_image\" \/>\n<meta name=\"twitter:label1\" content=\"Escrito por\" \/>\n\t<meta name=\"twitter:data1\" content=\"Maria Eduarda Pacheco\" \/>\n\t<meta name=\"twitter:label2\" content=\"Est. tempo de leitura\" \/>\n\t<meta name=\"twitter:data2\" content=\"4 minutos\" \/>\n<!-- \/ Yoast SEO plugin. -->","yoast_head_json":{"title":"Qual \u00e9 o significado da frase latina Nihilo Nihil e por que ela \u00e9 t\u00e3o usada no mundo do trabalho - Correio Braziliense - Radar","description":"Nada surge do nada \u00e9 a mensagem por tr\u00e1s de Nihilo Nihil que est\u00e1 transformando a forma como lidamos com trabalho e metas.","robots":{"index":"index","follow":"follow","max-snippet":"max-snippet:-1","max-image-preview":"max-image-preview:large","max-video-preview":"max-video-preview:-1"},"canonical":"https:\/\/www.correiobraziliense.com.br\/cbradar\/qual-e-o-significado-da-frase-latina-de-nihilo-nihil-e-por-que-ela-e-tao-usada-no-mundo-do-trabalho\/","og_locale":"pt_BR","og_type":"article","og_title":"Qual \u00e9 o significado da frase latina Nihilo Nihil e por que ela \u00e9 t\u00e3o usada no mundo do trabalho - Correio Braziliense - Radar","og_description":"Nada surge do nada \u00e9 a mensagem por tr\u00e1s de Nihilo Nihil que est\u00e1 transformando a forma como lidamos com trabalho e metas.","og_url":"https:\/\/www.correiobraziliense.com.br\/cbradar\/qual-e-o-significado-da-frase-latina-de-nihilo-nihil-e-por-que-ela-e-tao-usada-no-mundo-do-trabalho\/","og_site_name":"Correio Braziliense - Radar","article_published_time":"2025-12-06T20:35:00+00:00","og_image":[{"width":1280,"height":720,"url":"https:\/\/www.correiobraziliense.com.br\/cbradar\/wp-content\/uploads\/2025\/12\/greek-philosophy_1764974219480.jpg","type":"image\/jpeg"}],"author":"Maria Eduarda Pacheco","twitter_card":"summary_large_image","twitter_misc":{"Escrito por":"Maria Eduarda Pacheco","Est. tempo de leitura":"4 minutos"},"schema":{"@context":"https:\/\/schema.org","@graph":[{"@type":"WebPage","@id":"https:\/\/www.correiobraziliense.com.br\/cbradar\/qual-e-o-significado-da-frase-latina-de-nihilo-nihil-e-por-que-ela-e-tao-usada-no-mundo-do-trabalho\/","url":"https:\/\/www.correiobraziliense.com.br\/cbradar\/qual-e-o-significado-da-frase-latina-de-nihilo-nihil-e-por-que-ela-e-tao-usada-no-mundo-do-trabalho\/","name":"Qual \u00e9 o significado da frase latina Nihilo Nihil e por que ela \u00e9 t\u00e3o usada no mundo do trabalho - Correio Braziliense - Radar","isPartOf":{"@id":"https:\/\/www.correiobraziliense.com.br\/cbradar\/#website"},"primaryImageOfPage":{"@id":"https:\/\/www.correiobraziliense.com.br\/cbradar\/qual-e-o-significado-da-frase-latina-de-nihilo-nihil-e-por-que-ela-e-tao-usada-no-mundo-do-trabalho\/#primaryimage"},"image":{"@id":"https:\/\/www.correiobraziliense.com.br\/cbradar\/qual-e-o-significado-da-frase-latina-de-nihilo-nihil-e-por-que-ela-e-tao-usada-no-mundo-do-trabalho\/#primaryimage"},"thumbnailUrl":"https:\/\/www.correiobraziliense.com.br\/cbradar\/wp-content\/uploads\/2025\/12\/greek-philosophy_1764974219480.jpg","datePublished":"2025-12-06T20:35:00+00:00","author":{"@id":"https:\/\/www.correiobraziliense.com.br\/cbradar\/#\/schema\/person\/6fdd694c4c0d658f15df15f390ddf066"},"description":"Nada surge do nada \u00e9 a mensagem por tr\u00e1s de Nihilo Nihil que est\u00e1 transformando a forma como lidamos com trabalho e metas.","breadcrumb":{"@id":"https:\/\/www.correiobraziliense.com.br\/cbradar\/qual-e-o-significado-da-frase-latina-de-nihilo-nihil-e-por-que-ela-e-tao-usada-no-mundo-do-trabalho\/#breadcrumb"},"inLanguage":"pt-BR","potentialAction":[{"@type":"ReadAction","target":["https:\/\/www.correiobraziliense.com.br\/cbradar\/qual-e-o-significado-da-frase-latina-de-nihilo-nihil-e-por-que-ela-e-tao-usada-no-mundo-do-trabalho\/"]}]},{"@type":"ImageObject","inLanguage":"pt-BR","@id":"https:\/\/www.correiobraziliense.com.br\/cbradar\/qual-e-o-significado-da-frase-latina-de-nihilo-nihil-e-por-que-ela-e-tao-usada-no-mundo-do-trabalho\/#primaryimage","url":"https:\/\/www.correiobraziliense.com.br\/cbradar\/wp-content\/uploads\/2025\/12\/greek-philosophy_1764974219480.jpg","contentUrl":"https:\/\/www.correiobraziliense.com.br\/cbradar\/wp-content\/uploads\/2025\/12\/greek-philosophy_1764974219480.jpg","width":1280,"height":720,"caption":"A express\u00e3o latina \u201cde nihilo nihil\u201d vem ganhando espa\u00e7o nas redes sociais e em debates sobre carreira em 2025 - Cr\u00e9ditos: depositphotos.com \/ mgphotography"},{"@type":"BreadcrumbList","@id":"https:\/\/www.correiobraziliense.com.br\/cbradar\/qual-e-o-significado-da-frase-latina-de-nihilo-nihil-e-por-que-ela-e-tao-usada-no-mundo-do-trabalho\/#breadcrumb","itemListElement":[{"@type":"ListItem","position":1,"name":"In\u00edcio","item":"https:\/\/www.correiobraziliense.com.br\/cbradar\/"},{"@type":"ListItem","position":2,"name":"Qual \u00e9 o significado da frase latina Nihilo Nihil e por que ela \u00e9 t\u00e3o usada no mundo do trabalho"}]},{"@type":"WebSite","@id":"https:\/\/www.correiobraziliense.com.br\/cbradar\/#website","url":"https:\/\/www.correiobraziliense.com.br\/cbradar\/","name":"Correio Braziliense - Radar","description":"Acompanhe as \u00faltimas not\u00edcias e fique bem informado sobre tudo o que acontece no Brasil e no mundo.","potentialAction":[{"@type":"SearchAction","target":{"@type":"EntryPoint","urlTemplate":"https:\/\/www.correiobraziliense.com.br\/cbradar\/?s={search_term_string}"},"query-input":{"@type":"PropertyValueSpecification","valueRequired":true,"valueName":"search_term_string"}}],"inLanguage":"pt-BR"},{"@type":"Person","@id":"https:\/\/www.correiobraziliense.com.br\/cbradar\/#\/schema\/person\/6fdd694c4c0d658f15df15f390ddf066","name":"Maria Eduarda Pacheco","image":{"@type":"ImageObject","inLanguage":"pt-BR","@id":"https:\/\/www.correiobraziliense.com.br\/cbradar\/#\/schema\/person\/image\/","url":"https:\/\/secure.gravatar.com\/avatar\/f72a487b26fdeec08ba4868875ea328e?s=96&d=mm&r=g","contentUrl":"https:\/\/secure.gravatar.com\/avatar\/f72a487b26fdeec08ba4868875ea328e?s=96&d=mm&r=g","caption":"Maria Eduarda Pacheco"},"sameAs":["https:\/\/www.correiobraziliense.com.br\/cbradar\/"],"url":"https:\/\/www.correiobraziliense.com.br\/cbradar\/author\/maria-eduarda\/"}]}},"_links":{"self":[{"href":"https:\/\/www.correiobraziliense.com.br\/cbradar\/wp-json\/wp\/v2\/posts\/150721","targetHints":{"allow":["GET"]}}],"collection":[{"href":"https:\/\/www.correiobraziliense.com.br\/cbradar\/wp-json\/wp\/v2\/posts"}],"about":[{"href":"https:\/\/www.correiobraziliense.com.br\/cbradar\/wp-json\/wp\/v2\/types\/post"}],"author":[{"embeddable":true,"href":"https:\/\/www.correiobraziliense.com.br\/cbradar\/wp-json\/wp\/v2\/users\/18"}],"replies":[{"embeddable":true,"href":"https:\/\/www.correiobraziliense.com.br\/cbradar\/wp-json\/wp\/v2\/comments?post=150721"}],"version-history":[{"count":2,"href":"https:\/\/www.correiobraziliense.com.br\/cbradar\/wp-json\/wp\/v2\/posts\/150721\/revisions"}],"predecessor-version":[{"id":150732,"href":"https:\/\/www.correiobraziliense.com.br\/cbradar\/wp-json\/wp\/v2\/posts\/150721\/revisions\/150732"}],"wp:featuredmedia":[{"embeddable":true,"href":"https:\/\/www.correiobraziliense.com.br\/cbradar\/wp-json\/wp\/v2\/media\/150722"}],"wp:attachment":[{"href":"https:\/\/www.correiobraziliense.com.br\/cbradar\/wp-json\/wp\/v2\/media?parent=150721"}],"wp:term":[{"taxonomy":"category","embeddable":true,"href":"https:\/\/www.correiobraziliense.com.br\/cbradar\/wp-json\/wp\/v2\/categories?post=150721"},{"taxonomy":"post_tag","embeddable":true,"href":"https:\/\/www.correiobraziliense.com.br\/cbradar\/wp-json\/wp\/v2\/post_tag?post=150721"}],"curies":[{"name":"wp","href":"https:\/\/api.w.org\/{rel}","templated":true}]}}