{"id":150963,"date":"2025-12-06T06:05:00","date_gmt":"2025-12-06T09:05:00","guid":{"rendered":"https:\/\/www.correiobraziliense.com.br\/cbradar\/?p=150963"},"modified":"2025-12-06T03:03:48","modified_gmt":"2025-12-06T06:03:48","slug":"voce-esta-comendo-nozes-da-forma-errada-e-nem-sabia-disso","status":"publish","type":"post","link":"https:\/\/www.correiobraziliense.com.br\/cbradar\/voce-esta-comendo-nozes-da-forma-errada-e-nem-sabia-disso\/","title":{"rendered":"Voc\u00ea est\u00e1 comendo nozes da forma errada e nem sabia disso"},"content":{"rendered":"\n<p>As\u00a0<strong>Nozes<\/strong>, frequentemente associadas \u00e0s festividades de fim de ano, possuem benef\u00edcios que v\u00e3o al\u00e9m das celebra\u00e7\u00f5es. Tradicionalmente consumidas no Natal e Ano-Novo, sua versatilidade e riqueza nutricional as tornam componentes ideais para a dieta ao longo de todo o ano. Este fruto, repleto de\u00a0<em>nutrientes essenciais<\/em>, oferece mais do que apenas sabor e tradi\u00e7\u00e3o.<\/p>\n\n\n\n<p>Na Europa, as Nozes se estabeleceram como s\u00edmbolos de fartura e prosperidade. Esta tradi\u00e7\u00e3o chegou ao Brasil, onde s\u00e3o preferidas especialmente nos \u00faltimos meses do ano. No entanto, as Nozes possuem caracter\u00edsticas nutricionais que recomendam seu consumo constante. Elas s\u00e3o uma rica fonte de \u00e1cidos graxos insaturados, como o \u00f4mega 3, fibras, prote\u00ednas vegetais, antioxidantes e minerais imprescind\u00edveis, incluindo magn\u00e9sio, f\u00f3sforo e zinco.<\/p>\n\n\n\n<h2 class=\"wp-block-heading\">Quais s\u00e3o os benef\u00edcios nutricionais das Nozes?<\/h2>\n\n\n\n<p>O consumo regular de Nozes est\u00e1 relacionado a diversos avan\u00e7os na <a href=\"https:\/\/www.correiobraziliense.com.br\/cbradar\/o-superalimento-doce-que-pode-controlar-a-glicemia\/\" target=\"_blank\" rel=\"noreferrer noopener\">sa\u00fade<\/a>. Em particular, s\u00e3o conhecidas por ajudar na diminui\u00e7\u00e3o do colesterol LDL, tamb\u00e9m conhecido como colesterol ruim. Al\u00e9m disso, as Nozes melhoram a sensibilidade \u00e0 insulina e promovem a fun\u00e7\u00e3o cerebral, tornando-se aliadas valiosas na manuten\u00e7\u00e3o da sa\u00fade mental. Elas tamb\u00e9m conferem uma sensa\u00e7\u00e3o de saciedade prolongada, favorecendo aqueles que buscam controlar ou perder peso.<\/p>\n\n\n<div class=\"wp-block-image\">\n<figure class=\"aligncenter size-large\"><img decoding=\"async\" width=\"1024\" height=\"576\" src=\"https:\/\/www.correiobraziliense.com.br\/cbradar\/wp-content\/uploads\/2025\/12\/nozes_1765001495205-1024x576.jpg\" alt=\"\" class=\"wp-image-150966\" srcset=\"https:\/\/www.correiobraziliense.com.br\/cbradar\/wp-content\/uploads\/2025\/12\/nozes_1765001495205-1024x576.jpg 1024w, https:\/\/www.correiobraziliense.com.br\/cbradar\/wp-content\/uploads\/2025\/12\/nozes_1765001495205-300x169.jpg 300w, https:\/\/www.correiobraziliense.com.br\/cbradar\/wp-content\/uploads\/2025\/12\/nozes_1765001495205-768x432.jpg 768w, https:\/\/www.correiobraziliense.com.br\/cbradar\/wp-content\/uploads\/2025\/12\/nozes_1765001495205-750x422.jpg 750w, https:\/\/www.correiobraziliense.com.br\/cbradar\/wp-content\/uploads\/2025\/12\/nozes_1765001495205-1140x641.jpg 1140w, https:\/\/www.correiobraziliense.com.br\/cbradar\/wp-content\/uploads\/2025\/12\/nozes_1765001495205.jpg 1280w\" sizes=\"(max-width: 1024px) 100vw, 1024px\" \/><figcaption class=\"wp-element-caption\">Nozes &#8211; Cr\u00e9ditos: depositphotos.com \/ AntonMatyukha<\/figcaption><\/figure><\/div>\n\n\n<h2 class=\"wp-block-heading\">Como incluir Nozes na alimenta\u00e7\u00e3o di\u00e1ria?<\/h2>\n\n\n\n<p>N\u00e3o \u00e9 necess\u00e1rio esperar as festividades de fim de ano para desfrutar dos benef\u00edcios das Nozes. Este alimento pode ser incorporado em pratos variados, como saladas, arroz e massas. As Nozes tamb\u00e9m podem ser consumidas como\u00a0<strong>lanche<\/strong>\u00a0ou no caf\u00e9 da manh\u00e3. Quanto \u00e0 quantidade, recomenda-se uma\u00a0<em>por\u00e7\u00e3o di\u00e1ria de cerca de 30 gramas<\/em>, o que equivale a aproximadamente sete Nozes inteiras.<\/p>\n\n\n\n<p>Para maximizar os benef\u00edcios, deve-se optar por vers\u00f5es sem adi\u00e7\u00e3o de sal, a\u00e7\u00facar e, de prefer\u00eancia, consumi-las cruas ou levemente tostadas, preservando, assim, seus nutrientes.<\/p>\n\n\n\n<h2 class=\"wp-block-heading\">Quais cuidados se deve ter ao consumir Nozes?<\/h2>\n\n\n\n<p>Embora ricas em nutrientes, as\u00a0<strong>Nozes<\/strong> <strong>s\u00e3o cal\u00f3ricas<\/strong>\u00a0e seu consumo deve ser moderado. Pessoas com alergia a oleaginosas devem excluir as Nozes da dieta, devido \u00e0 probabilidade de rea\u00e7\u00f5es al\u00e9rgicas severas. Adicionalmente, pacientes com condi\u00e7\u00f5es renais ou que sigam dietas restritivas em pot\u00e1ssio e f\u00f3sforo precisam consultar um profissional de sa\u00fade antes de incorpor\u00e1-las ao card\u00e1pio.<\/p>\n\n\n\n<p>Portanto, mesmo que as Nozes tenham ganhado notoriedade nas festas natalinas, seu potencial nutritivo e adaptabilidade justificam seu lugar \u00e0 mesa durante o ano todo. Explorar diferentes combina\u00e7\u00f5es e prepar\u00e1-las de forma saud\u00e1vel s\u00e3o passos eficazes para incluir este\u00a0<strong>superalimento<\/strong>\u00a0em uma dieta equilibrada.<\/p>\n\n\n<a href=\"https:\/\/www.instagram.com\/dra.annaluisabf\/\" target=\"_blank\" rel=\"noopener\" style=\"text-decoration: none; color: inherit;\">\n    <span style=\"display: inline-block; border: 1px solid #ccc; border-radius: 10px; padding: 15px; max-width: 550px; font-family: sans-serif; box-shadow: 0 2px 5px rgba(0,0,0,0.1); width: 100%;\">\n\n      <!-- T\u00edtulo -->\n      <span style=\"display: block; margin: 0 0 15px 0; font-weight: bold; color: #2c3e50; text-align: center;\">\n        Entre em contato:\n      <\/span>\n\n      <!-- Linha do perfil -->\n      <span style=\"display: flex; align-items: center; gap: 15px;\">\n        <img decoding=\"async\"\n          src=\"https:\/\/www.correiobraziliense.com.br\/cbradar\/wp-content\/uploads\/2025\/08\/dra_anna_luisa.jpeg\"\n          alt=\"Foto da Dra. Anna Lu\u00edsa\"\n          style=\"border-radius: 50%; width: 80px; height: 80px; object-fit: cover;\"\n        \/>\n        <span style=\"display: flex; flex-direction: column;\">\n          <span style=\"font-size: 18px; font-weight: 700; color: #2c3e50;\">Dra. Anna Lu\u00edsa Barbosa Fernandes<\/span>\n          <span style=\"color: #555;\">CRM-GO 33.271<\/span>\n        <\/span>\n      <\/span>\n\n      <!-- Redes -->\n      <span style=\"display: flex; align-items: center; gap: 10px; margin-top: 12px;\">\n        <img decoding=\"async\" src=\"https:\/\/cdn-icons-png.flaticon.com\/24\/1384\/1384063.png\" alt=\"Instagram\" width=\"24\" height=\"24\" \/>\n        <span style=\"text-decoration: underline; color: #2c3e50;\">@dra.annaluisabf<\/span>\n      <\/span>\n\n    <\/span>\n  <\/a>","protected":false},"excerpt":{"rendered":"<p>As\u00a0Nozes, frequentemente associadas \u00e0s festividades de fim de ano, possuem benef\u00edcios que v\u00e3o al\u00e9m das celebra\u00e7\u00f5es. Tradicionalmente consumidas no Natal e Ano-Novo, sua versatilidade e riqueza nutricional as tornam componentes ideais para a dieta ao longo de todo o ano. Este fruto, repleto de\u00a0nutrientes essenciais, oferece mais do que apenas sabor e tradi\u00e7\u00e3o. Na Europa, [&hellip;]<\/p>\n","protected":false},"author":14,"featured_media":150965,"comment_status":"open","ping_status":"open","sticky":false,"template":"","format":"standard","meta":{"_yoast_wpseo_focuskw":"Nozes","_yoast_wpseo_title":"","_yoast_wpseo_metadesc":"Os benef\u00edcios das nozes v\u00e3o muito al\u00e9m do Natal. Descubra por que esse alimento poderoso deve estar presente na sua dieta o ano inteiro.","jnews-multi-image_gallery":[],"jnews_single_post":{"format":"standard"},"jnews_primary_category":[],"jnews_social_meta":[],"jnews_override_counter":[],"footnotes":""},"categories":[4404],"tags":[1423,120,1318],"class_list":["post-150963","post","type-post","status-publish","format-standard","has-post-thumbnail","hentry","category-saude","tag-alimentos","tag-bem-estar","tag-saude-2"],"yoast_head":"<!-- This site is optimized with the Yoast SEO plugin v24.6 - https:\/\/yoast.com\/wordpress\/plugins\/seo\/ -->\n<title>Voc\u00ea est\u00e1 comendo nozes da forma errada e nem sabia disso - Correio Braziliense - Radar<\/title>\n<meta name=\"description\" content=\"Os benef\u00edcios das nozes v\u00e3o muito al\u00e9m do Natal. Descubra por que esse alimento poderoso deve estar presente na sua dieta o ano inteiro.\" \/>\n<meta name=\"robots\" content=\"index, follow, max-snippet:-1, max-image-preview:large, max-video-preview:-1\" \/>\n<link rel=\"canonical\" href=\"https:\/\/www.correiobraziliense.com.br\/cbradar\/voce-esta-comendo-nozes-da-forma-errada-e-nem-sabia-disso\/\" \/>\n<meta property=\"og:locale\" content=\"pt_BR\" \/>\n<meta property=\"og:type\" content=\"article\" \/>\n<meta property=\"og:title\" content=\"Voc\u00ea est\u00e1 comendo nozes da forma errada e nem sabia disso - Correio Braziliense - Radar\" \/>\n<meta property=\"og:description\" content=\"Os benef\u00edcios das nozes v\u00e3o muito al\u00e9m do Natal. Descubra por que esse alimento poderoso deve estar presente na sua dieta o ano inteiro.\" \/>\n<meta property=\"og:url\" content=\"https:\/\/www.correiobraziliense.com.br\/cbradar\/voce-esta-comendo-nozes-da-forma-errada-e-nem-sabia-disso\/\" \/>\n<meta property=\"og:site_name\" content=\"Correio Braziliense - Radar\" \/>\n<meta property=\"article:published_time\" content=\"2025-12-06T09:05:00+00:00\" \/>\n<meta property=\"og:image\" content=\"https:\/\/www.correiobraziliense.com.br\/cbradar\/wp-content\/uploads\/2025\/12\/nozes_1765001459191.jpg\" \/>\n\t<meta property=\"og:image:width\" content=\"1280\" \/>\n\t<meta property=\"og:image:height\" content=\"720\" \/>\n\t<meta property=\"og:image:type\" content=\"image\/jpeg\" \/>\n<meta name=\"author\" content=\"guilherme_saude\" \/>\n<meta name=\"twitter:card\" content=\"summary_large_image\" \/>\n<meta name=\"twitter:label1\" content=\"Escrito por\" \/>\n\t<meta name=\"twitter:data1\" content=\"guilherme_saude\" \/>\n\t<meta name=\"twitter:label2\" content=\"Est. tempo de leitura\" \/>\n\t<meta name=\"twitter:data2\" content=\"4 minutos\" \/>\n<!-- \/ Yoast SEO plugin. -->","yoast_head_json":{"title":"Voc\u00ea est\u00e1 comendo nozes da forma errada e nem sabia disso - Correio Braziliense - Radar","description":"Os benef\u00edcios das nozes v\u00e3o muito al\u00e9m do Natal. Descubra por que esse alimento poderoso deve estar presente na sua dieta o ano inteiro.","robots":{"index":"index","follow":"follow","max-snippet":"max-snippet:-1","max-image-preview":"max-image-preview:large","max-video-preview":"max-video-preview:-1"},"canonical":"https:\/\/www.correiobraziliense.com.br\/cbradar\/voce-esta-comendo-nozes-da-forma-errada-e-nem-sabia-disso\/","og_locale":"pt_BR","og_type":"article","og_title":"Voc\u00ea est\u00e1 comendo nozes da forma errada e nem sabia disso - Correio Braziliense - Radar","og_description":"Os benef\u00edcios das nozes v\u00e3o muito al\u00e9m do Natal. Descubra por que esse alimento poderoso deve estar presente na sua dieta o ano inteiro.","og_url":"https:\/\/www.correiobraziliense.com.br\/cbradar\/voce-esta-comendo-nozes-da-forma-errada-e-nem-sabia-disso\/","og_site_name":"Correio Braziliense - Radar","article_published_time":"2025-12-06T09:05:00+00:00","og_image":[{"width":1280,"height":720,"url":"https:\/\/www.correiobraziliense.com.br\/cbradar\/wp-content\/uploads\/2025\/12\/nozes_1765001459191.jpg","type":"image\/jpeg"}],"author":"guilherme_saude","twitter_card":"summary_large_image","twitter_misc":{"Escrito por":"guilherme_saude","Est. tempo de leitura":"4 minutos"},"schema":{"@context":"https:\/\/schema.org","@graph":[{"@type":"WebPage","@id":"https:\/\/www.correiobraziliense.com.br\/cbradar\/voce-esta-comendo-nozes-da-forma-errada-e-nem-sabia-disso\/","url":"https:\/\/www.correiobraziliense.com.br\/cbradar\/voce-esta-comendo-nozes-da-forma-errada-e-nem-sabia-disso\/","name":"Voc\u00ea est\u00e1 comendo nozes da forma errada e nem sabia disso - Correio Braziliense - Radar","isPartOf":{"@id":"https:\/\/www.correiobraziliense.com.br\/cbradar\/#website"},"primaryImageOfPage":{"@id":"https:\/\/www.correiobraziliense.com.br\/cbradar\/voce-esta-comendo-nozes-da-forma-errada-e-nem-sabia-disso\/#primaryimage"},"image":{"@id":"https:\/\/www.correiobraziliense.com.br\/cbradar\/voce-esta-comendo-nozes-da-forma-errada-e-nem-sabia-disso\/#primaryimage"},"thumbnailUrl":"https:\/\/www.correiobraziliense.com.br\/cbradar\/wp-content\/uploads\/2025\/12\/nozes_1765001459191.jpg","datePublished":"2025-12-06T09:05:00+00:00","author":{"@id":"https:\/\/www.correiobraziliense.com.br\/cbradar\/#\/schema\/person\/5aa4bf3c8fa699c267933611de12978b"},"description":"Os benef\u00edcios das nozes v\u00e3o muito al\u00e9m do Natal. Descubra por que esse alimento poderoso deve estar presente na sua dieta o ano inteiro.","breadcrumb":{"@id":"https:\/\/www.correiobraziliense.com.br\/cbradar\/voce-esta-comendo-nozes-da-forma-errada-e-nem-sabia-disso\/#breadcrumb"},"inLanguage":"pt-BR","potentialAction":[{"@type":"ReadAction","target":["https:\/\/www.correiobraziliense.com.br\/cbradar\/voce-esta-comendo-nozes-da-forma-errada-e-nem-sabia-disso\/"]}]},{"@type":"ImageObject","inLanguage":"pt-BR","@id":"https:\/\/www.correiobraziliense.com.br\/cbradar\/voce-esta-comendo-nozes-da-forma-errada-e-nem-sabia-disso\/#primaryimage","url":"https:\/\/www.correiobraziliense.com.br\/cbradar\/wp-content\/uploads\/2025\/12\/nozes_1765001459191.jpg","contentUrl":"https:\/\/www.correiobraziliense.com.br\/cbradar\/wp-content\/uploads\/2025\/12\/nozes_1765001459191.jpg","width":1280,"height":720,"caption":"Nozes - Cr\u00e9ditos: depositphotos.com \/ AntonMatyukha"},{"@type":"BreadcrumbList","@id":"https:\/\/www.correiobraziliense.com.br\/cbradar\/voce-esta-comendo-nozes-da-forma-errada-e-nem-sabia-disso\/#breadcrumb","itemListElement":[{"@type":"ListItem","position":1,"name":"In\u00edcio","item":"https:\/\/www.correiobraziliense.com.br\/cbradar\/"},{"@type":"ListItem","position":2,"name":"Voc\u00ea est\u00e1 comendo nozes da forma errada e nem sabia disso"}]},{"@type":"WebSite","@id":"https:\/\/www.correiobraziliense.com.br\/cbradar\/#website","url":"https:\/\/www.correiobraziliense.com.br\/cbradar\/","name":"Correio Braziliense - Radar","description":"Acompanhe as \u00faltimas not\u00edcias e fique bem informado sobre tudo o que acontece no Brasil e no mundo.","potentialAction":[{"@type":"SearchAction","target":{"@type":"EntryPoint","urlTemplate":"https:\/\/www.correiobraziliense.com.br\/cbradar\/?s={search_term_string}"},"query-input":{"@type":"PropertyValueSpecification","valueRequired":true,"valueName":"search_term_string"}}],"inLanguage":"pt-BR"},{"@type":"Person","@id":"https:\/\/www.correiobraziliense.com.br\/cbradar\/#\/schema\/person\/5aa4bf3c8fa699c267933611de12978b","name":"guilherme_saude","image":{"@type":"ImageObject","inLanguage":"pt-BR","@id":"https:\/\/www.correiobraziliense.com.br\/cbradar\/#\/schema\/person\/image\/","url":"https:\/\/secure.gravatar.com\/avatar\/df9adfb835d344bc0af109d41756253f?s=96&d=mm&r=g","contentUrl":"https:\/\/secure.gravatar.com\/avatar\/df9adfb835d344bc0af109d41756253f?s=96&d=mm&r=g","caption":"guilherme_saude"},"url":"https:\/\/www.correiobraziliense.com.br\/cbradar\/author\/guilherme_saude\/"}]}},"_links":{"self":[{"href":"https:\/\/www.correiobraziliense.com.br\/cbradar\/wp-json\/wp\/v2\/posts\/150963","targetHints":{"allow":["GET"]}}],"collection":[{"href":"https:\/\/www.correiobraziliense.com.br\/cbradar\/wp-json\/wp\/v2\/posts"}],"about":[{"href":"https:\/\/www.correiobraziliense.com.br\/cbradar\/wp-json\/wp\/v2\/types\/post"}],"author":[{"embeddable":true,"href":"https:\/\/www.correiobraziliense.com.br\/cbradar\/wp-json\/wp\/v2\/users\/14"}],"replies":[{"embeddable":true,"href":"https:\/\/www.correiobraziliense.com.br\/cbradar\/wp-json\/wp\/v2\/comments?post=150963"}],"version-history":[{"count":1,"href":"https:\/\/www.correiobraziliense.com.br\/cbradar\/wp-json\/wp\/v2\/posts\/150963\/revisions"}],"predecessor-version":[{"id":150967,"href":"https:\/\/www.correiobraziliense.com.br\/cbradar\/wp-json\/wp\/v2\/posts\/150963\/revisions\/150967"}],"wp:featuredmedia":[{"embeddable":true,"href":"https:\/\/www.correiobraziliense.com.br\/cbradar\/wp-json\/wp\/v2\/media\/150965"}],"wp:attachment":[{"href":"https:\/\/www.correiobraziliense.com.br\/cbradar\/wp-json\/wp\/v2\/media?parent=150963"}],"wp:term":[{"taxonomy":"category","embeddable":true,"href":"https:\/\/www.correiobraziliense.com.br\/cbradar\/wp-json\/wp\/v2\/categories?post=150963"},{"taxonomy":"post_tag","embeddable":true,"href":"https:\/\/www.correiobraziliense.com.br\/cbradar\/wp-json\/wp\/v2\/tags?post=150963"}],"curies":[{"name":"wp","href":"https:\/\/api.w.org\/{rel}","templated":true}]}}