{"id":150969,"date":"2025-12-06T07:45:00","date_gmt":"2025-12-06T10:45:00","guid":{"rendered":"https:\/\/www.correiobraziliense.com.br\/cbradar\/?p=150969"},"modified":"2025-12-06T03:06:03","modified_gmt":"2025-12-06T06:06:03","slug":"as-profissoes-mais-perigosas-para-sua-coluna-em-2025","status":"publish","type":"post","link":"https:\/\/www.correiobraziliense.com.br\/cbradar\/as-profissoes-mais-perigosas-para-sua-coluna-em-2025\/","title":{"rendered":"As profiss\u00f5es mais perigosas para sua coluna em 2025"},"content":{"rendered":"\n<p>Profiss\u00f5es exigentes podem influenciar diretamente na sa\u00fade, principalmente na <strong>Coluna Vertebral<\/strong>, devido ao esfor\u00e7o repetitivo e posi\u00e7\u00f5es desconfort\u00e1veis. Com o avan\u00e7o tecnol\u00f3gico, surgem novas ocupa\u00e7\u00f5es como desenvolvedor de realidade virtual e analista de dados, caracterizadas por longas horas em frente ao computador. Essa atividade cont\u00ednua e postura inadequada podem provocar dores nas costas e no pesco\u00e7o. Contudo, n\u00e3o s\u00e3o apenas as profiss\u00f5es tecnol\u00f3gicas que oferecem riscos. T\u00e9cnicos em impress\u00e3o 3D, agricultores verticais e operadores de drones tamb\u00e9m enfrentam desafios \u00e0 sa\u00fade por conta das caracter\u00edsticas de suas fun\u00e7\u00f5es.<\/p>\n\n\n\n<p>O uso indiscriminado de smartphones contribui para problemas posturais modernos. Estudos, como o publicado na revista Applied Ergonomics, destacam que jovens adultos t\u00eam sintomas musculoesquel\u00e9ticos devido ao uso frequente de dispositivos m\u00f3veis. Este comportamento pode resultar no &#8220;pesco\u00e7o tecnol\u00f3gico&#8221;, caracterizado pelo aparecimento de papada e rugas precoces, um problema que se estende a todas as faixas et\u00e1rias.<\/p>\n\n\n\n<h2 class=\"wp-block-heading\">Quais profiss\u00f5es impactam mais na sa\u00fade da coluna?<\/h2>\n\n\n\n<p>Categorias profissionais como constru\u00e7\u00e3o civil, sa\u00fade e tecnologia s\u00e3o notoriamente exigentes em termos de postura e esfor\u00e7o f\u00edsico. Na constru\u00e7\u00e3o, pedreiros e carpinteiros enfrentam riscos constantes devido \u00e0 manipula\u00e7\u00e3o de materiais pesados e movimentos repetitivos. Enfermeiros e outros profissionais de sa\u00fade frequentemente levantam pacientes, exacerbando ainda mais os riscos para a coluna. J\u00e1 para desenvolvedores de realidade virtual e analistas de dados, a perman\u00eancia em posi\u00e7\u00e3o sentada por longos per\u00edodos \u00e9 prejudicial. O mesmo vale para t\u00e9cnicos em impress\u00e3o 3D, cuja opera\u00e7\u00e3o envolve o manuseio e levantamento de equipamentos pesados.<\/p>\n\n\n\n<h2 class=\"wp-block-heading\">Como prevenir problemas posturais ocasionados pela profiss\u00e3o?<\/h2>\n\n\n<div class=\"wp-block-image\">\n<figure class=\"aligncenter size-large\"><img decoding=\"async\" width=\"1024\" height=\"576\" src=\"https:\/\/www.correiobraziliense.com.br\/cbradar\/wp-content\/uploads\/2025\/11\/Cirurgia-na-coluna_1762522685667-1024x576.jpg\" alt=\"\" class=\"wp-image-133050\" srcset=\"https:\/\/www.correiobraziliense.com.br\/cbradar\/wp-content\/uploads\/2025\/11\/Cirurgia-na-coluna_1762522685667-1024x576.jpg 1024w, https:\/\/www.correiobraziliense.com.br\/cbradar\/wp-content\/uploads\/2025\/11\/Cirurgia-na-coluna_1762522685667-300x169.jpg 300w, https:\/\/www.correiobraziliense.com.br\/cbradar\/wp-content\/uploads\/2025\/11\/Cirurgia-na-coluna_1762522685667-768x432.jpg 768w, https:\/\/www.correiobraziliense.com.br\/cbradar\/wp-content\/uploads\/2025\/11\/Cirurgia-na-coluna_1762522685667-750x422.jpg 750w, https:\/\/www.correiobraziliense.com.br\/cbradar\/wp-content\/uploads\/2025\/11\/Cirurgia-na-coluna_1762522685667-1140x641.jpg 1140w, https:\/\/www.correiobraziliense.com.br\/cbradar\/wp-content\/uploads\/2025\/11\/Cirurgia-na-coluna_1762522685667.jpg 1280w\" sizes=\"(max-width: 1024px) 100vw, 1024px\" \/><figcaption class=\"wp-element-caption\">Cirurgia na coluna &#8211; Cr\u00e9ditos: depositphotos.com \/ decade3d<\/figcaption><\/figure><\/div>\n\n\n<p>A preven\u00e7\u00e3o \u00e9 crucial para mitigar danos \u00e0 coluna. Especialistas como Luciano Miller, cirurgi\u00e3o de coluna do Hospital Albert Einstein, ressaltam a import\u00e2ncia de manter uma postura adequada. Alongamentos frequentes e exerc\u00edcios espec\u00edficos fortificam os m\u00fasculos da coluna, proporcionando maior resist\u00eancia a esfor\u00e7os. Al\u00e9m disso, a utiliza\u00e7\u00e3o de mobili\u00e1rio ergon\u00f4mico, como cadeiras e mesas ajust\u00e1veis, pode reduzir significativamente os riscos. A escolha de cal\u00e7ados confort\u00e1veis e a altern\u00e2ncia entre per\u00edodos de estar em p\u00e9 e sentado s\u00e3o pr\u00e1ticas recomendadas para manter a <a href=\"https:\/\/www.correiobraziliense.com.br\/cbradar\/o-superalimento-doce-que-pode-controlar-a-glicemia\/\" target=\"_blank\" rel=\"noreferrer noopener\">sa\u00fade <\/a>da coluna.<\/p>\n\n\n\n<h2 class=\"wp-block-heading\">\u00c9 poss\u00edvel adaptar o ambiente de trabalho para proteger a coluna?<\/h2>\n\n\n\n<p>Sim, adaptar o ambiente de trabalho \u00e9 uma pr\u00e1tica recomendada para minimizar riscos posturais. A altura correta de telas de computador e o design das mesas s\u00e3o fundamentais para evitar m\u00e1s posturas, conforme sugere a pesquisa de Leon Straker publicada no Journal of Electromyography and Kinesiology. Priorizar um espa\u00e7o bem adaptado promove uma postura saud\u00e1vel e traz conforto ao trabalhador.<\/p>\n\n\n\n<ul class=\"wp-block-list\">\n<li><strong>Pedreiros e Carpinteiros:<\/strong>\u00a0Movimenta\u00e7\u00e3o constante de materiais pesados aumenta o risco de les\u00f5es.<\/li>\n\n\n\n<li><strong>Enfermeiros:<\/strong>\u00a0Levantamento de pacientes e repeti\u00e7\u00e3o de movimentos s\u00e3o comuns.<\/li>\n\n\n\n<li><strong>Desenvolvedores e Analistas:<\/strong>\u00a0Longas horas sentadas s\u00e3o prejudiciais sem pausas adequadas.<\/li>\n\n\n\n<li><strong>T\u00e9cnicos em 3D:<\/strong>\u00a0Manuseio de pe\u00e7as pesadas e manuten\u00e7\u00e3o s\u00e3o desafiantes fisicamente.<\/li>\n\n\n\n<li><strong>Profissionais Agr\u00edcolas:<\/strong>\u00a0Trabalho com animais e equipamentos grandes contribui para riscos.<\/li>\n<\/ul>\n\n\n\n<p>Entender os riscos associados a novas e tradicionais profiss\u00f5es \u00e9 essencial para garantir a sa\u00fade no longo prazo. Ao adotar pr\u00e1ticas de preven\u00e7\u00e3o e ajustes no ambiente de trabalho, trabalhadores podem se proteger e melhorar sua qualidade de vida. A sa\u00fade \u00e9 um bem precioso, e zelar por ela \u00e9 fundamental para a realiza\u00e7\u00e3o plena de nossos objetivos e ambi\u00e7\u00f5es.<\/p>\n\n\n<a href=\"https:\/\/www.instagram.com\/dra.annaluisabf\/\" target=\"_blank\" rel=\"noopener\" style=\"text-decoration: none; color: inherit;\">\n    <span style=\"display: inline-block; border: 1px solid #ccc; border-radius: 10px; padding: 15px; max-width: 550px; font-family: sans-serif; box-shadow: 0 2px 5px rgba(0,0,0,0.1); width: 100%;\">\n\n      <!-- T\u00edtulo -->\n      <span style=\"display: block; margin: 0 0 15px 0; font-weight: bold; color: #2c3e50; text-align: center;\">\n        Entre em contato:\n      <\/span>\n\n      <!-- Linha do perfil -->\n      <span style=\"display: flex; align-items: center; gap: 15px;\">\n        <img decoding=\"async\"\n          src=\"https:\/\/www.correiobraziliense.com.br\/cbradar\/wp-content\/uploads\/2025\/08\/dra_anna_luisa.jpeg\"\n          alt=\"Foto da Dra. Anna Lu\u00edsa\"\n          style=\"border-radius: 50%; width: 80px; height: 80px; object-fit: cover;\"\n        \/>\n        <span style=\"display: flex; flex-direction: column;\">\n          <span style=\"font-size: 18px; font-weight: 700; color: #2c3e50;\">Dra. Anna Lu\u00edsa Barbosa Fernandes<\/span>\n          <span style=\"color: #555;\">CRM-GO 33.271<\/span>\n        <\/span>\n      <\/span>\n\n      <!-- Redes -->\n      <span style=\"display: flex; align-items: center; gap: 10px; margin-top: 12px;\">\n        <img decoding=\"async\" src=\"https:\/\/cdn-icons-png.flaticon.com\/24\/1384\/1384063.png\" alt=\"Instagram\" width=\"24\" height=\"24\" \/>\n        <span style=\"text-decoration: underline; color: #2c3e50;\">@dra.annaluisabf<\/span>\n      <\/span>\n\n    <\/span>\n  <\/a>","protected":false},"excerpt":{"rendered":"<p>Profiss\u00f5es exigentes podem influenciar diretamente na sa\u00fade, principalmente na Coluna Vertebral, devido ao esfor\u00e7o repetitivo e posi\u00e7\u00f5es desconfort\u00e1veis. Com o avan\u00e7o tecnol\u00f3gico, surgem novas ocupa\u00e7\u00f5es como desenvolvedor de realidade virtual e analista de dados, caracterizadas por longas horas em frente ao computador. Essa atividade cont\u00ednua e postura inadequada podem provocar dores nas costas e no [&hellip;]<\/p>\n","protected":false},"author":14,"featured_media":133049,"comment_status":"open","ping_status":"open","sticky":false,"template":"","format":"standard","meta":{"_yoast_wpseo_focuskw":"Coluna Vertebral","_yoast_wpseo_title":"","_yoast_wpseo_metadesc":"Profiss\u00f5es que prejudicam a coluna podem causar danos irrevers\u00edveis. Descubra se a sua est\u00e1 na lista e como evitar dores e les\u00f5es.","jnews-multi-image_gallery":[],"jnews_single_post":{"format":"standard"},"jnews_primary_category":[],"jnews_social_meta":[],"jnews_override_counter":[],"footnotes":""},"categories":[4404],"tags":[120,247,1318],"class_list":["post-150969","post","type-post","status-publish","format-standard","has-post-thumbnail","hentry","category-saude","tag-bem-estar","tag-qualidade-de-vida","tag-saude-2"],"yoast_head":"<!-- This site is optimized with the Yoast SEO plugin v24.6 - https:\/\/yoast.com\/wordpress\/plugins\/seo\/ -->\n<title>As profiss\u00f5es mais perigosas para sua coluna em 2025 - Correio Braziliense - Radar<\/title>\n<meta name=\"description\" content=\"Profiss\u00f5es que prejudicam a coluna podem causar danos irrevers\u00edveis. Descubra se a sua est\u00e1 na lista e como evitar dores e les\u00f5es.\" \/>\n<meta name=\"robots\" content=\"index, follow, max-snippet:-1, max-image-preview:large, max-video-preview:-1\" \/>\n<link rel=\"canonical\" href=\"https:\/\/www.correiobraziliense.com.br\/cbradar\/as-profissoes-mais-perigosas-para-sua-coluna-em-2025\/\" \/>\n<meta property=\"og:locale\" content=\"pt_BR\" \/>\n<meta property=\"og:type\" content=\"article\" \/>\n<meta property=\"og:title\" content=\"As profiss\u00f5es mais perigosas para sua coluna em 2025 - Correio Braziliense - Radar\" \/>\n<meta property=\"og:description\" content=\"Profiss\u00f5es que prejudicam a coluna podem causar danos irrevers\u00edveis. Descubra se a sua est\u00e1 na lista e como evitar dores e les\u00f5es.\" \/>\n<meta property=\"og:url\" content=\"https:\/\/www.correiobraziliense.com.br\/cbradar\/as-profissoes-mais-perigosas-para-sua-coluna-em-2025\/\" \/>\n<meta property=\"og:site_name\" content=\"Correio Braziliense - Radar\" \/>\n<meta property=\"article:published_time\" content=\"2025-12-06T10:45:00+00:00\" \/>\n<meta property=\"og:image\" content=\"https:\/\/www.correiobraziliense.com.br\/cbradar\/wp-content\/uploads\/2025\/11\/Cirurgia-na-coluna_1762522613716.jpg\" \/>\n\t<meta property=\"og:image:width\" content=\"1280\" \/>\n\t<meta property=\"og:image:height\" content=\"720\" \/>\n\t<meta property=\"og:image:type\" content=\"image\/jpeg\" \/>\n<meta name=\"author\" content=\"guilherme_saude\" \/>\n<meta name=\"twitter:card\" content=\"summary_large_image\" \/>\n<meta name=\"twitter:label1\" content=\"Escrito por\" \/>\n\t<meta name=\"twitter:data1\" content=\"guilherme_saude\" \/>\n\t<meta name=\"twitter:label2\" content=\"Est. tempo de leitura\" \/>\n\t<meta name=\"twitter:data2\" content=\"4 minutos\" \/>\n<!-- \/ Yoast SEO plugin. -->","yoast_head_json":{"title":"As profiss\u00f5es mais perigosas para sua coluna em 2025 - Correio Braziliense - Radar","description":"Profiss\u00f5es que prejudicam a coluna podem causar danos irrevers\u00edveis. Descubra se a sua est\u00e1 na lista e como evitar dores e les\u00f5es.","robots":{"index":"index","follow":"follow","max-snippet":"max-snippet:-1","max-image-preview":"max-image-preview:large","max-video-preview":"max-video-preview:-1"},"canonical":"https:\/\/www.correiobraziliense.com.br\/cbradar\/as-profissoes-mais-perigosas-para-sua-coluna-em-2025\/","og_locale":"pt_BR","og_type":"article","og_title":"As profiss\u00f5es mais perigosas para sua coluna em 2025 - Correio Braziliense - Radar","og_description":"Profiss\u00f5es que prejudicam a coluna podem causar danos irrevers\u00edveis. Descubra se a sua est\u00e1 na lista e como evitar dores e les\u00f5es.","og_url":"https:\/\/www.correiobraziliense.com.br\/cbradar\/as-profissoes-mais-perigosas-para-sua-coluna-em-2025\/","og_site_name":"Correio Braziliense - Radar","article_published_time":"2025-12-06T10:45:00+00:00","og_image":[{"width":1280,"height":720,"url":"https:\/\/www.correiobraziliense.com.br\/cbradar\/wp-content\/uploads\/2025\/11\/Cirurgia-na-coluna_1762522613716.jpg","type":"image\/jpeg"}],"author":"guilherme_saude","twitter_card":"summary_large_image","twitter_misc":{"Escrito por":"guilherme_saude","Est. tempo de leitura":"4 minutos"},"schema":{"@context":"https:\/\/schema.org","@graph":[{"@type":"WebPage","@id":"https:\/\/www.correiobraziliense.com.br\/cbradar\/as-profissoes-mais-perigosas-para-sua-coluna-em-2025\/","url":"https:\/\/www.correiobraziliense.com.br\/cbradar\/as-profissoes-mais-perigosas-para-sua-coluna-em-2025\/","name":"As profiss\u00f5es mais perigosas para sua coluna em 2025 - Correio Braziliense - Radar","isPartOf":{"@id":"https:\/\/www.correiobraziliense.com.br\/cbradar\/#website"},"primaryImageOfPage":{"@id":"https:\/\/www.correiobraziliense.com.br\/cbradar\/as-profissoes-mais-perigosas-para-sua-coluna-em-2025\/#primaryimage"},"image":{"@id":"https:\/\/www.correiobraziliense.com.br\/cbradar\/as-profissoes-mais-perigosas-para-sua-coluna-em-2025\/#primaryimage"},"thumbnailUrl":"https:\/\/www.correiobraziliense.com.br\/cbradar\/wp-content\/uploads\/2025\/11\/Cirurgia-na-coluna_1762522613716.jpg","datePublished":"2025-12-06T10:45:00+00:00","author":{"@id":"https:\/\/www.correiobraziliense.com.br\/cbradar\/#\/schema\/person\/5aa4bf3c8fa699c267933611de12978b"},"description":"Profiss\u00f5es que prejudicam a coluna podem causar danos irrevers\u00edveis. Descubra se a sua est\u00e1 na lista e como evitar dores e les\u00f5es.","breadcrumb":{"@id":"https:\/\/www.correiobraziliense.com.br\/cbradar\/as-profissoes-mais-perigosas-para-sua-coluna-em-2025\/#breadcrumb"},"inLanguage":"pt-BR","potentialAction":[{"@type":"ReadAction","target":["https:\/\/www.correiobraziliense.com.br\/cbradar\/as-profissoes-mais-perigosas-para-sua-coluna-em-2025\/"]}]},{"@type":"ImageObject","inLanguage":"pt-BR","@id":"https:\/\/www.correiobraziliense.com.br\/cbradar\/as-profissoes-mais-perigosas-para-sua-coluna-em-2025\/#primaryimage","url":"https:\/\/www.correiobraziliense.com.br\/cbradar\/wp-content\/uploads\/2025\/11\/Cirurgia-na-coluna_1762522613716.jpg","contentUrl":"https:\/\/www.correiobraziliense.com.br\/cbradar\/wp-content\/uploads\/2025\/11\/Cirurgia-na-coluna_1762522613716.jpg","width":1280,"height":720,"caption":"Cirurgia na coluna - Cr\u00e9ditos: depositphotos.com \/ NewAfrica"},{"@type":"BreadcrumbList","@id":"https:\/\/www.correiobraziliense.com.br\/cbradar\/as-profissoes-mais-perigosas-para-sua-coluna-em-2025\/#breadcrumb","itemListElement":[{"@type":"ListItem","position":1,"name":"In\u00edcio","item":"https:\/\/www.correiobraziliense.com.br\/cbradar\/"},{"@type":"ListItem","position":2,"name":"As profiss\u00f5es mais perigosas para sua coluna em 2025"}]},{"@type":"WebSite","@id":"https:\/\/www.correiobraziliense.com.br\/cbradar\/#website","url":"https:\/\/www.correiobraziliense.com.br\/cbradar\/","name":"Correio Braziliense - Radar","description":"Acompanhe as \u00faltimas not\u00edcias e fique bem informado sobre tudo o que acontece no Brasil e no mundo.","potentialAction":[{"@type":"SearchAction","target":{"@type":"EntryPoint","urlTemplate":"https:\/\/www.correiobraziliense.com.br\/cbradar\/?s={search_term_string}"},"query-input":{"@type":"PropertyValueSpecification","valueRequired":true,"valueName":"search_term_string"}}],"inLanguage":"pt-BR"},{"@type":"Person","@id":"https:\/\/www.correiobraziliense.com.br\/cbradar\/#\/schema\/person\/5aa4bf3c8fa699c267933611de12978b","name":"guilherme_saude","image":{"@type":"ImageObject","inLanguage":"pt-BR","@id":"https:\/\/www.correiobraziliense.com.br\/cbradar\/#\/schema\/person\/image\/","url":"https:\/\/secure.gravatar.com\/avatar\/df9adfb835d344bc0af109d41756253f?s=96&d=mm&r=g","contentUrl":"https:\/\/secure.gravatar.com\/avatar\/df9adfb835d344bc0af109d41756253f?s=96&d=mm&r=g","caption":"guilherme_saude"},"url":"https:\/\/www.correiobraziliense.com.br\/cbradar\/author\/guilherme_saude\/"}]}},"_links":{"self":[{"href":"https:\/\/www.correiobraziliense.com.br\/cbradar\/wp-json\/wp\/v2\/posts\/150969","targetHints":{"allow":["GET"]}}],"collection":[{"href":"https:\/\/www.correiobraziliense.com.br\/cbradar\/wp-json\/wp\/v2\/posts"}],"about":[{"href":"https:\/\/www.correiobraziliense.com.br\/cbradar\/wp-json\/wp\/v2\/types\/post"}],"author":[{"embeddable":true,"href":"https:\/\/www.correiobraziliense.com.br\/cbradar\/wp-json\/wp\/v2\/users\/14"}],"replies":[{"embeddable":true,"href":"https:\/\/www.correiobraziliense.com.br\/cbradar\/wp-json\/wp\/v2\/comments?post=150969"}],"version-history":[{"count":1,"href":"https:\/\/www.correiobraziliense.com.br\/cbradar\/wp-json\/wp\/v2\/posts\/150969\/revisions"}],"predecessor-version":[{"id":150971,"href":"https:\/\/www.correiobraziliense.com.br\/cbradar\/wp-json\/wp\/v2\/posts\/150969\/revisions\/150971"}],"wp:featuredmedia":[{"embeddable":true,"href":"https:\/\/www.correiobraziliense.com.br\/cbradar\/wp-json\/wp\/v2\/media\/133049"}],"wp:attachment":[{"href":"https:\/\/www.correiobraziliense.com.br\/cbradar\/wp-json\/wp\/v2\/media?parent=150969"}],"wp:term":[{"taxonomy":"category","embeddable":true,"href":"https:\/\/www.correiobraziliense.com.br\/cbradar\/wp-json\/wp\/v2\/categories?post=150969"},{"taxonomy":"post_tag","embeddable":true,"href":"https:\/\/www.correiobraziliense.com.br\/cbradar\/wp-json\/wp\/v2\/tags?post=150969"}],"curies":[{"name":"wp","href":"https:\/\/api.w.org\/{rel}","templated":true}]}}