{"id":150976,"date":"2025-12-06T12:05:00","date_gmt":"2025-12-06T15:05:00","guid":{"rendered":"https:\/\/www.correiobraziliense.com.br\/cbradar\/?p=150976"},"modified":"2025-12-06T03:10:54","modified_gmt":"2025-12-06T06:10:54","slug":"calvicie-masculina-precoce-tem-uma-causa-pouco-comentada","status":"publish","type":"post","link":"https:\/\/www.correiobraziliense.com.br\/cbradar\/calvicie-masculina-precoce-tem-uma-causa-pouco-comentada\/","title":{"rendered":"Calv\u00edcie masculina precoce tem uma causa pouco comentada"},"content":{"rendered":"\n<p>A queda de cabelo \u00e9 uma condi\u00e7\u00e3o que afeta muitas pessoas ao redor do mundo, mas \u00e9 nos homens que a alopecia androgen\u00e9tica aparece com maior frequ\u00eancia. Conhecida como calv\u00edcie de padr\u00e3o masculino, essa condi\u00e7\u00e3o geralmente se manifesta ainda na juventude. A perda de cabelo nos homens frequentemente tem in\u00edcio no topo da cabe\u00e7a, enquanto os fios das laterais e da nuca permanecem intactos.<\/p>\n\n\n\n<p>Especialistas em <a href=\"https:\/\/www.correiobraziliense.com.br\/cbradar\/o-superalimento-doce-que-pode-controlar-a-glicemia\/\" target=\"_blank\" rel=\"noreferrer noopener\">sa\u00fade <\/a>capilar apontam que essa peculiaridade se deve \u00e0 a\u00e7\u00e3o dos horm\u00f4nios e \u00e0 predisposi\u00e7\u00e3o gen\u00e9tica. Os homens possuem n\u00edveis elevados de testosterona, que se converte em dihidrotestosterona (DHT). Esse horm\u00f4nio afeta diretamente os fol\u00edculos capilares, especialmente no topo e na frente da cabe\u00e7a, resultando em fios mais finos que, eventualmente, param de crescer. Por outro lado, as \u00e1reas laterais e a nuca s\u00e3o menos sens\u00edveis \u00e0 DHT, permitindo que os cabelos cres\u00e7am normalmente nessas regi\u00f5es.<\/p>\n\n\n\n<h2 class=\"wp-block-heading\">Por que a calv\u00edcie \u00e9 mais prevalente nos homens?<\/h2>\n\n\n\n<p>A influ\u00eancia hormonal desempenha um papel fundamental na preval\u00eancia da calv\u00edcie nos homens. A testosterona e o DHT contribuem significativamente para o afinamento dos fios. Devido \u00e0 produ\u00e7\u00e3o maior desses horm\u00f4nios, os homens tendem a enfrentar a calv\u00edcie mais cedo e de forma mais pronunciada do que as mulheres. Nas mulheres, a calv\u00edcie muitas vezes se manifesta de maneira difusa, resultando em uma queda de cabelo menos vis\u00edvel.<\/p>\n\n\n\n<h2 class=\"wp-block-heading\">Gen\u00e9tica e seu papel na calv\u00edcie<\/h2>\n\n\n\n<p>Al\u00e9m dos horm\u00f4nios, a gen\u00e9tica \u00e9 um fator determinante no desenvolvimento da calv\u00edcie. Ter casos de calv\u00edcie na fam\u00edlia, especialmente entre parentes pr\u00f3ximos, aumenta as chances de desenvolver essa condi\u00e7\u00e3o. A sensibilidade dos fol\u00edculos \u00e0 DHT \u00e9 em grande parte determinada por fatores gen\u00e9ticos, explicando por que algumas pessoas come\u00e7am a experimentar perda de cabelo na juventude enquanto outras mant\u00eam um cabelo volumoso ao longo da vida.<\/p>\n\n\n<div class=\"wp-block-image\">\n<figure class=\"aligncenter size-large\"><img decoding=\"async\" width=\"1024\" height=\"576\" src=\"https:\/\/www.correiobraziliense.com.br\/cbradar\/wp-content\/uploads\/2025\/07\/cabelo-cuidados_1752764278990-1024x576.jpg\" alt=\"\" class=\"wp-image-71297\" srcset=\"https:\/\/www.correiobraziliense.com.br\/cbradar\/wp-content\/uploads\/2025\/07\/cabelo-cuidados_1752764278990-1024x576.jpg 1024w, https:\/\/www.correiobraziliense.com.br\/cbradar\/wp-content\/uploads\/2025\/07\/cabelo-cuidados_1752764278990-300x169.jpg 300w, https:\/\/www.correiobraziliense.com.br\/cbradar\/wp-content\/uploads\/2025\/07\/cabelo-cuidados_1752764278990-768x432.jpg 768w, https:\/\/www.correiobraziliense.com.br\/cbradar\/wp-content\/uploads\/2025\/07\/cabelo-cuidados_1752764278990-750x422.jpg 750w, https:\/\/www.correiobraziliense.com.br\/cbradar\/wp-content\/uploads\/2025\/07\/cabelo-cuidados_1752764278990-1140x641.jpg 1140w, https:\/\/www.correiobraziliense.com.br\/cbradar\/wp-content\/uploads\/2025\/07\/cabelo-cuidados_1752764278990.jpg 1280w\" sizes=\"(max-width: 1024px) 100vw, 1024px\" \/><figcaption class=\"wp-element-caption\">Cabelo &#8211; Cr\u00e9ditos: depositphotos.com \/ gpointstudio<\/figcaption><\/figure><\/div>\n\n\n<h2 class=\"wp-block-heading\">Como tratar a calv\u00edcie masculina?<\/h2>\n\n\n\n<p>Iniciar o tratamento logo no in\u00edcio da perda de cabelo pode ser crucial para estabilizar a condi\u00e7\u00e3o e preservar os fios remanescentes. Especialistas aconselham procurar um tricologista ou dermatologista especializado. \u00c9 importante evitar automedica\u00e7\u00e3o e produtos prometidos como \u201cmilagrosos\u201d, pois esses podem n\u00e3o ser eficazes e at\u00e9 prejudiciais.<\/p>\n\n\n\n<ul class=\"wp-block-list\">\n<li>Procure um profissional de sa\u00fade especializado;<\/li>\n\n\n\n<li>Evite automedica\u00e7\u00e3o;<\/li>\n\n\n\n<li>Avalie fatores hormonais, nutricionais e emocionais;<\/li>\n\n\n\n<li>Considere tratamentos para estimular o crescimento capilar e fortalecer os fol\u00edculos.<\/li>\n<\/ul>\n\n\n\n<h2 class=\"wp-block-heading\">Quais tratamentos s\u00e3o eficazes?<\/h2>\n\n\n\n<p>Felizmente, existem diversas op\u00e7\u00f5es de tratamento seguras e eficazes dispon\u00edveis atualmente. M\u00e9dicos especializados podem recomendar desde medicamentos t\u00f3picos at\u00e9 terapias com laser de baixa intensidade para estimular o crescimento capilar. A inclus\u00e3o de suplementos nutricionais tamb\u00e9m pode ser avaliada, dependendo das necessidades individuais do paciente.<\/p>\n\n\n\n<p>\u00c9 importante lembrar que a resposta ao tratamento pode variar de acordo com a causa subjacente da queda de cabelo e com a fase em que o tratamento \u00e9 iniciado. Por isso, um acompanhamento m\u00e9dico cont\u00ednuo \u00e9 fundamental para ajustar as estrat\u00e9gias terap\u00eauticas e alcan\u00e7ar os melhores resultados poss\u00edveis.<\/p>\n\n\n<a href=\"https:\/\/www.instagram.com\/dra.annaluisabf\/\" target=\"_blank\" rel=\"noopener\" style=\"text-decoration: none; color: inherit;\">\n    <span style=\"display: inline-block; border: 1px solid #ccc; border-radius: 10px; padding: 15px; max-width: 550px; font-family: sans-serif; box-shadow: 0 2px 5px rgba(0,0,0,0.1); width: 100%;\">\n\n      <!-- T\u00edtulo -->\n      <span style=\"display: block; margin: 0 0 15px 0; font-weight: bold; color: #2c3e50; text-align: center;\">\n        Entre em contato:\n      <\/span>\n\n      <!-- Linha do perfil -->\n      <span style=\"display: flex; align-items: center; gap: 15px;\">\n        <img decoding=\"async\"\n          src=\"https:\/\/www.correiobraziliense.com.br\/cbradar\/wp-content\/uploads\/2025\/08\/dra_anna_luisa.jpeg\"\n          alt=\"Foto da Dra. Anna Lu\u00edsa\"\n          style=\"border-radius: 50%; width: 80px; height: 80px; object-fit: cover;\"\n        \/>\n        <span style=\"display: flex; flex-direction: column;\">\n          <span style=\"font-size: 18px; font-weight: 700; color: #2c3e50;\">Dra. Anna Lu\u00edsa Barbosa Fernandes<\/span>\n          <span style=\"color: #555;\">CRM-GO 33.271<\/span>\n        <\/span>\n      <\/span>\n\n      <!-- Redes -->\n      <span style=\"display: flex; align-items: center; gap: 10px; margin-top: 12px;\">\n        <img decoding=\"async\" src=\"https:\/\/cdn-icons-png.flaticon.com\/24\/1384\/1384063.png\" alt=\"Instagram\" width=\"24\" height=\"24\" \/>\n        <span style=\"text-decoration: underline; color: #2c3e50;\">@dra.annaluisabf<\/span>\n      <\/span>\n\n    <\/span>\n  <\/a>","protected":false},"excerpt":{"rendered":"<p>A queda de cabelo \u00e9 uma condi\u00e7\u00e3o que afeta muitas pessoas ao redor do mundo, mas \u00e9 nos homens que a alopecia androgen\u00e9tica aparece com maior frequ\u00eancia. Conhecida como calv\u00edcie de padr\u00e3o masculino, essa condi\u00e7\u00e3o geralmente se manifesta ainda na juventude. A perda de cabelo nos homens frequentemente tem in\u00edcio no topo da cabe\u00e7a, enquanto [&hellip;]<\/p>\n","protected":false},"author":14,"featured_media":38660,"comment_status":"open","ping_status":"open","sticky":false,"template":"","format":"standard","meta":{"_yoast_wpseo_focuskw":"Calv\u00edcie masculina","_yoast_wpseo_title":"","_yoast_wpseo_metadesc":"Calv\u00edcie masculina tem tratamento, mas agir cedo faz toda a diferen\u00e7a. Entenda a influ\u00eancia da testosterona e o papel do DNA na perda de cabelo.","jnews-multi-image_gallery":[],"jnews_single_post":{"format":"standard"},"jnews_primary_category":[],"jnews_social_meta":[],"jnews_override_counter":[],"footnotes":""},"categories":[4404],"tags":[1423,120,1318],"class_list":["post-150976","post","type-post","status-publish","format-standard","has-post-thumbnail","hentry","category-saude","tag-alimentos","tag-bem-estar","tag-saude-2"],"yoast_head":"<!-- This site is optimized with the Yoast SEO plugin v24.6 - https:\/\/yoast.com\/wordpress\/plugins\/seo\/ -->\n<title>Calv\u00edcie masculina precoce tem uma causa pouco comentada - Correio Braziliense - Radar<\/title>\n<meta name=\"description\" content=\"Calv\u00edcie masculina tem tratamento, mas agir cedo faz toda a diferen\u00e7a. Entenda a influ\u00eancia da testosterona e o papel do DNA na perda de cabelo.\" \/>\n<meta name=\"robots\" content=\"index, follow, max-snippet:-1, max-image-preview:large, max-video-preview:-1\" \/>\n<link rel=\"canonical\" href=\"https:\/\/www.correiobraziliense.com.br\/cbradar\/calvicie-masculina-precoce-tem-uma-causa-pouco-comentada\/\" \/>\n<meta property=\"og:locale\" content=\"pt_BR\" \/>\n<meta property=\"og:type\" content=\"article\" \/>\n<meta property=\"og:title\" content=\"Calv\u00edcie masculina precoce tem uma causa pouco comentada - Correio Braziliense - Radar\" \/>\n<meta property=\"og:description\" content=\"Calv\u00edcie masculina tem tratamento, mas agir cedo faz toda a diferen\u00e7a. Entenda a influ\u00eancia da testosterona e o papel do DNA na perda de cabelo.\" \/>\n<meta property=\"og:url\" content=\"https:\/\/www.correiobraziliense.com.br\/cbradar\/calvicie-masculina-precoce-tem-uma-causa-pouco-comentada\/\" \/>\n<meta property=\"og:site_name\" content=\"Correio Braziliense - Radar\" \/>\n<meta property=\"article:published_time\" content=\"2025-12-06T15:05:00+00:00\" \/>\n<meta property=\"og:image\" content=\"https:\/\/www.correiobraziliense.com.br\/cbradar\/wp-content\/uploads\/2025\/05\/queda-capilar_1747506456935.jpg\" \/>\n\t<meta property=\"og:image:width\" content=\"1280\" \/>\n\t<meta property=\"og:image:height\" content=\"720\" \/>\n\t<meta property=\"og:image:type\" content=\"image\/jpeg\" \/>\n<meta name=\"author\" content=\"guilherme_saude\" \/>\n<meta name=\"twitter:card\" content=\"summary_large_image\" \/>\n<meta name=\"twitter:label1\" content=\"Escrito por\" \/>\n\t<meta name=\"twitter:data1\" content=\"guilherme_saude\" \/>\n\t<meta name=\"twitter:label2\" content=\"Est. tempo de leitura\" \/>\n\t<meta name=\"twitter:data2\" content=\"4 minutos\" \/>\n<!-- \/ Yoast SEO plugin. -->","yoast_head_json":{"title":"Calv\u00edcie masculina precoce tem uma causa pouco comentada - Correio Braziliense - Radar","description":"Calv\u00edcie masculina tem tratamento, mas agir cedo faz toda a diferen\u00e7a. Entenda a influ\u00eancia da testosterona e o papel do DNA na perda de cabelo.","robots":{"index":"index","follow":"follow","max-snippet":"max-snippet:-1","max-image-preview":"max-image-preview:large","max-video-preview":"max-video-preview:-1"},"canonical":"https:\/\/www.correiobraziliense.com.br\/cbradar\/calvicie-masculina-precoce-tem-uma-causa-pouco-comentada\/","og_locale":"pt_BR","og_type":"article","og_title":"Calv\u00edcie masculina precoce tem uma causa pouco comentada - Correio Braziliense - Radar","og_description":"Calv\u00edcie masculina tem tratamento, mas agir cedo faz toda a diferen\u00e7a. Entenda a influ\u00eancia da testosterona e o papel do DNA na perda de cabelo.","og_url":"https:\/\/www.correiobraziliense.com.br\/cbradar\/calvicie-masculina-precoce-tem-uma-causa-pouco-comentada\/","og_site_name":"Correio Braziliense - Radar","article_published_time":"2025-12-06T15:05:00+00:00","og_image":[{"width":1280,"height":720,"url":"https:\/\/www.correiobraziliense.com.br\/cbradar\/wp-content\/uploads\/2025\/05\/queda-capilar_1747506456935.jpg","type":"image\/jpeg"}],"author":"guilherme_saude","twitter_card":"summary_large_image","twitter_misc":{"Escrito por":"guilherme_saude","Est. tempo de leitura":"4 minutos"},"schema":{"@context":"https:\/\/schema.org","@graph":[{"@type":"WebPage","@id":"https:\/\/www.correiobraziliense.com.br\/cbradar\/calvicie-masculina-precoce-tem-uma-causa-pouco-comentada\/","url":"https:\/\/www.correiobraziliense.com.br\/cbradar\/calvicie-masculina-precoce-tem-uma-causa-pouco-comentada\/","name":"Calv\u00edcie masculina precoce tem uma causa pouco comentada - Correio Braziliense - Radar","isPartOf":{"@id":"https:\/\/www.correiobraziliense.com.br\/cbradar\/#website"},"primaryImageOfPage":{"@id":"https:\/\/www.correiobraziliense.com.br\/cbradar\/calvicie-masculina-precoce-tem-uma-causa-pouco-comentada\/#primaryimage"},"image":{"@id":"https:\/\/www.correiobraziliense.com.br\/cbradar\/calvicie-masculina-precoce-tem-uma-causa-pouco-comentada\/#primaryimage"},"thumbnailUrl":"https:\/\/www.correiobraziliense.com.br\/cbradar\/wp-content\/uploads\/2025\/05\/queda-capilar_1747506456935.jpg","datePublished":"2025-12-06T15:05:00+00:00","author":{"@id":"https:\/\/www.correiobraziliense.com.br\/cbradar\/#\/schema\/person\/5aa4bf3c8fa699c267933611de12978b"},"description":"Calv\u00edcie masculina tem tratamento, mas agir cedo faz toda a diferen\u00e7a. Entenda a influ\u00eancia da testosterona e o papel do DNA na perda de cabelo.","breadcrumb":{"@id":"https:\/\/www.correiobraziliense.com.br\/cbradar\/calvicie-masculina-precoce-tem-uma-causa-pouco-comentada\/#breadcrumb"},"inLanguage":"pt-BR","potentialAction":[{"@type":"ReadAction","target":["https:\/\/www.correiobraziliense.com.br\/cbradar\/calvicie-masculina-precoce-tem-uma-causa-pouco-comentada\/"]}]},{"@type":"ImageObject","inLanguage":"pt-BR","@id":"https:\/\/www.correiobraziliense.com.br\/cbradar\/calvicie-masculina-precoce-tem-uma-causa-pouco-comentada\/#primaryimage","url":"https:\/\/www.correiobraziliense.com.br\/cbradar\/wp-content\/uploads\/2025\/05\/queda-capilar_1747506456935.jpg","contentUrl":"https:\/\/www.correiobraziliense.com.br\/cbradar\/wp-content\/uploads\/2025\/05\/queda-capilar_1747506456935.jpg","width":1280,"height":720,"caption":"esse tratamento pode revolucionar a luta contra a calv\u00edcie - Cr\u00e9ditos: depositphotos.com \/ AndrewLozovyi"},{"@type":"BreadcrumbList","@id":"https:\/\/www.correiobraziliense.com.br\/cbradar\/calvicie-masculina-precoce-tem-uma-causa-pouco-comentada\/#breadcrumb","itemListElement":[{"@type":"ListItem","position":1,"name":"In\u00edcio","item":"https:\/\/www.correiobraziliense.com.br\/cbradar\/"},{"@type":"ListItem","position":2,"name":"Calv\u00edcie masculina precoce tem uma causa pouco comentada"}]},{"@type":"WebSite","@id":"https:\/\/www.correiobraziliense.com.br\/cbradar\/#website","url":"https:\/\/www.correiobraziliense.com.br\/cbradar\/","name":"Correio Braziliense - Radar","description":"Acompanhe as \u00faltimas not\u00edcias e fique bem informado sobre tudo o que acontece no Brasil e no mundo.","potentialAction":[{"@type":"SearchAction","target":{"@type":"EntryPoint","urlTemplate":"https:\/\/www.correiobraziliense.com.br\/cbradar\/?s={search_term_string}"},"query-input":{"@type":"PropertyValueSpecification","valueRequired":true,"valueName":"search_term_string"}}],"inLanguage":"pt-BR"},{"@type":"Person","@id":"https:\/\/www.correiobraziliense.com.br\/cbradar\/#\/schema\/person\/5aa4bf3c8fa699c267933611de12978b","name":"guilherme_saude","image":{"@type":"ImageObject","inLanguage":"pt-BR","@id":"https:\/\/www.correiobraziliense.com.br\/cbradar\/#\/schema\/person\/image\/","url":"https:\/\/secure.gravatar.com\/avatar\/df9adfb835d344bc0af109d41756253f?s=96&d=mm&r=g","contentUrl":"https:\/\/secure.gravatar.com\/avatar\/df9adfb835d344bc0af109d41756253f?s=96&d=mm&r=g","caption":"guilherme_saude"},"url":"https:\/\/www.correiobraziliense.com.br\/cbradar\/author\/guilherme_saude\/"}]}},"_links":{"self":[{"href":"https:\/\/www.correiobraziliense.com.br\/cbradar\/wp-json\/wp\/v2\/posts\/150976","targetHints":{"allow":["GET"]}}],"collection":[{"href":"https:\/\/www.correiobraziliense.com.br\/cbradar\/wp-json\/wp\/v2\/posts"}],"about":[{"href":"https:\/\/www.correiobraziliense.com.br\/cbradar\/wp-json\/wp\/v2\/types\/post"}],"author":[{"embeddable":true,"href":"https:\/\/www.correiobraziliense.com.br\/cbradar\/wp-json\/wp\/v2\/users\/14"}],"replies":[{"embeddable":true,"href":"https:\/\/www.correiobraziliense.com.br\/cbradar\/wp-json\/wp\/v2\/comments?post=150976"}],"version-history":[{"count":1,"href":"https:\/\/www.correiobraziliense.com.br\/cbradar\/wp-json\/wp\/v2\/posts\/150976\/revisions"}],"predecessor-version":[{"id":150977,"href":"https:\/\/www.correiobraziliense.com.br\/cbradar\/wp-json\/wp\/v2\/posts\/150976\/revisions\/150977"}],"wp:featuredmedia":[{"embeddable":true,"href":"https:\/\/www.correiobraziliense.com.br\/cbradar\/wp-json\/wp\/v2\/media\/38660"}],"wp:attachment":[{"href":"https:\/\/www.correiobraziliense.com.br\/cbradar\/wp-json\/wp\/v2\/media?parent=150976"}],"wp:term":[{"taxonomy":"category","embeddable":true,"href":"https:\/\/www.correiobraziliense.com.br\/cbradar\/wp-json\/wp\/v2\/categories?post=150976"},{"taxonomy":"post_tag","embeddable":true,"href":"https:\/\/www.correiobraziliense.com.br\/cbradar\/wp-json\/wp\/v2\/tags?post=150976"}],"curies":[{"name":"wp","href":"https:\/\/api.w.org\/{rel}","templated":true}]}}