{"id":151068,"date":"2025-12-06T17:15:00","date_gmt":"2025-12-06T20:15:00","guid":{"rendered":"https:\/\/www.correiobraziliense.com.br\/cbradar\/?p=151068"},"modified":"2025-12-06T14:11:26","modified_gmt":"2025-12-06T17:11:26","slug":"a-verdade-sobre-ganhar-massa-que-ninguem-te-contou-ainda","status":"publish","type":"post","link":"https:\/\/www.correiobraziliense.com.br\/cbradar\/a-verdade-sobre-ganhar-massa-que-ninguem-te-contou-ainda\/","title":{"rendered":"A verdade sobre ganhar massa que ningu\u00e9m te contou ainda"},"content":{"rendered":"\n<p>O <strong>Crescimento Muscular<\/strong> \u00e9 um processo que exige dedica\u00e7\u00e3o e compromisso com pr\u00e1ticas consistentes de exerc\u00edcio, dieta balanceada e repouso adequado. A implementa\u00e7\u00e3o de mudan\u00e7as no estilo de vida pode acelerar o ganho de massa muscular, oferencendo resultados significativos ao longo do tempo. Adot\u00e1-las em conjunto com uma rotina de treinamento eficaz \u00e9 essencial para alcan\u00e7ar a hipertrofia.<\/p>\n\n\n\n<p>Uma abordagem estrat\u00e9gica para maximizar os ganhos musculares inclui a execu\u00e7\u00e3o lenta dos exerc\u00edcios de muscula\u00e7\u00e3o. Essa t\u00e9cnica foca na contra\u00e7\u00e3o controlada dos m\u00fasculos, o que resulta em maior rompimento de fibras musculares e, consequentemente, num ganho maior de massa durante a recupera\u00e7\u00e3o. Ao prestar aten\u00e7\u00e3o \u00e0 t\u00e9cnica e controle durante os exerc\u00edcios, \u00e9 poss\u00edvel evitar compensa\u00e7\u00f5es que tornam o treino mais f\u00e1cil, promovendo um desenvolvimento muscular mais eficiente.<\/p>\n\n\n\n<h2 class=\"wp-block-heading\">Por que variar a rotina de treino \u00e9 importante?<\/h2>\n\n\n\n<p>Manter uma rotina de treino consistente, de 3 a 5 vezes por semana, \u00e9 crucial para o desenvolvimento muscular. Focar em um mesmo grupo muscular de 1 a 2 vezes por semana permite o descanso necess\u00e1rio para a regenera\u00e7\u00e3o muscular, um aspecto frequentemente destacado em treinos como o protocolo ABC. Alterar o treino a cada 4 ou 5 semanas evita que os <a href=\"https:\/\/www.correiobraziliense.com.br\/cbradar\/o-maior-vilao-do-natal-para-alergicos-pode-estar-na-sua-sala\/\" target=\"_blank\" rel=\"noreferrer noopener\">m\u00fasculos <\/a>se adaptem \u00e0 carga, garantindo que o processo de hipertrofia continue de forma eficiente.<\/p>\n\n\n\n<h2 class=\"wp-block-heading\">Qual a import\u00e2ncia da alimenta\u00e7\u00e3o e suplementa\u00e7\u00e3o?<\/h2>\n\n\n<div class=\"wp-block-image\">\n<figure class=\"aligncenter size-large\"><img decoding=\"async\" width=\"1024\" height=\"576\" src=\"https:\/\/www.correiobraziliense.com.br\/cbradar\/wp-content\/uploads\/2025\/05\/idoso-exercicio_1748712949941-1024x576.jpg\" alt=\"\" class=\"wp-image-45763\" srcset=\"https:\/\/www.correiobraziliense.com.br\/cbradar\/wp-content\/uploads\/2025\/05\/idoso-exercicio_1748712949941-1024x576.jpg 1024w, https:\/\/www.correiobraziliense.com.br\/cbradar\/wp-content\/uploads\/2025\/05\/idoso-exercicio_1748712949941-300x169.jpg 300w, https:\/\/www.correiobraziliense.com.br\/cbradar\/wp-content\/uploads\/2025\/05\/idoso-exercicio_1748712949941-768x432.jpg 768w, https:\/\/www.correiobraziliense.com.br\/cbradar\/wp-content\/uploads\/2025\/05\/idoso-exercicio_1748712949941-750x422.jpg 750w, https:\/\/www.correiobraziliense.com.br\/cbradar\/wp-content\/uploads\/2025\/05\/idoso-exercicio_1748712949941-1140x641.jpg 1140w, https:\/\/www.correiobraziliense.com.br\/cbradar\/wp-content\/uploads\/2025\/05\/idoso-exercicio_1748712949941.jpg 1280w\" sizes=\"(max-width: 1024px) 100vw, 1024px\" \/><figcaption class=\"wp-element-caption\">Exerc\u00edcios &#8211; Cr\u00e9ditos: depositphotos.com \/ AndrewLozovyi<\/figcaption><\/figure><\/div>\n\n\n<p>A alimenta\u00e7\u00e3o desempenha um papel crucial na hipertrofia, principalmente pela ingest\u00e3o adequada de prote\u00ednas. Alimentos como ovos, frango, peixe e leguminosas ajudam na manuten\u00e7\u00e3o das fibras musculares, sendo essenciais para o ganho de massa. Complementar a dieta com suplementos, como whey protein e creatina, pode otimizar os resultados, desde que sob orienta\u00e7\u00e3o de um profissional.<\/p>\n\n\n\n<h2 class=\"wp-block-heading\">Como o descanso impacta no ganho muscular?<\/h2>\n\n\n\n<p>Descanso adequado, incluindo noites de sono de pelo menos 8 horas, \u00e9 vital para o ganho muscular. Durante o sono, horm\u00f4nios que contribuem para a regenera\u00e7\u00e3o e Crescimento Muscular s\u00e3o liberados. O descanso inadequado pode levar \u00e0 perda de massa muscular devido \u00e0 m\u00e1 recupera\u00e7\u00e3o p\u00f3s-treino. Portanto, garantir um sono de qualidade \u00e9 t\u00e3o importante quanto a dieta e o treinamento para conquistar a hipertrofia desejada.<\/p>\n\n\n\n<h2 class=\"wp-block-heading\">Como ajustar a carga para otimizar os treinos?<\/h2>\n\n\n\n<p>\u00c9 fundamental aumentar progressivamente a carga dos exerc\u00edcios para continuar estimulando o Crescimento Muscular. Fazer uso de cargas entre 60% e 80% do peso m\u00e1ximo que se consegue levantar garante que o treino permane\u00e7a desafiador, mantendo o est\u00edmulo necess\u00e1rio para o desenvolvimento muscular. Esta pr\u00e1tica deve ser feita sob a supervis\u00e3o de um profissional, evitando o risco de les\u00f5es.<\/p>\n\n\n\n<p>Essas pr\u00e1ticas, quando combinadas, podem proporcionar um progresso tang\u00edvel no processo de hipertrofia. Adaptar-se a um ciclo cont\u00ednuo de treino eficaz, manter uma alimenta\u00e7\u00e3o adequada e garantir o devido descanso s\u00e3o os pilares para qualquer programa de aumento de massa muscular. Com tempo e persist\u00eancia, esses elementos podem facilitar o caminho para um f\u00edsico mais forte e saud\u00e1vel.<\/p>\n\n\n<a href=\"https:\/\/www.instagram.com\/dra.annaluisabf\/\" target=\"_blank\" rel=\"noopener\" style=\"text-decoration: none; color: inherit;\">\n    <span style=\"display: inline-block; border: 1px solid #ccc; border-radius: 10px; padding: 15px; max-width: 550px; font-family: sans-serif; box-shadow: 0 2px 5px rgba(0,0,0,0.1); width: 100%;\">\n\n      <!-- T\u00edtulo -->\n      <span style=\"display: block; margin: 0 0 15px 0; font-weight: bold; color: #2c3e50; text-align: center;\">\n        Entre em contato:\n      <\/span>\n\n      <!-- Linha do perfil -->\n      <span style=\"display: flex; align-items: center; gap: 15px;\">\n        <img decoding=\"async\"\n          src=\"https:\/\/www.correiobraziliense.com.br\/cbradar\/wp-content\/uploads\/2025\/08\/dra_anna_luisa.jpeg\"\n          alt=\"Foto da Dra. Anna Lu\u00edsa\"\n          style=\"border-radius: 50%; width: 80px; height: 80px; object-fit: cover;\"\n        \/>\n        <span style=\"display: flex; flex-direction: column;\">\n          <span style=\"font-size: 18px; font-weight: 700; color: #2c3e50;\">Dra. Anna Lu\u00edsa Barbosa Fernandes<\/span>\n          <span style=\"color: #555;\">CRM-GO 33.271<\/span>\n        <\/span>\n      <\/span>\n\n      <!-- Redes -->\n      <span style=\"display: flex; align-items: center; gap: 10px; margin-top: 12px;\">\n        <img decoding=\"async\" src=\"https:\/\/cdn-icons-png.flaticon.com\/24\/1384\/1384063.png\" alt=\"Instagram\" width=\"24\" height=\"24\" \/>\n        <span style=\"text-decoration: underline; color: #2c3e50;\">@dra.annaluisabf<\/span>\n      <\/span>\n\n    <\/span>\n  <\/a>","protected":false},"excerpt":{"rendered":"<p>O Crescimento Muscular \u00e9 um processo que exige dedica\u00e7\u00e3o e compromisso com pr\u00e1ticas consistentes de exerc\u00edcio, dieta balanceada e repouso adequado. A implementa\u00e7\u00e3o de mudan\u00e7as no estilo de vida pode acelerar o ganho de massa muscular, oferencendo resultados significativos ao longo do tempo. Adot\u00e1-las em conjunto com uma rotina de treinamento eficaz \u00e9 essencial para [&hellip;]<\/p>\n","protected":false},"author":14,"featured_media":55452,"comment_status":"open","ping_status":"open","sticky":false,"template":"","format":"standard","meta":{"_yoast_wpseo_focuskw":"Crescimento Muscular","_yoast_wpseo_title":"","_yoast_wpseo_metadesc":"O crescimento muscular pode ser otimizado com pequenas mudan\u00e7as. Veja como ajustar o treino e a alimenta\u00e7\u00e3o para conquistar mais resultados.","jnews-multi-image_gallery":[],"jnews_single_post":{"format":"standard"},"jnews_primary_category":[],"jnews_social_meta":[],"jnews_override_counter":[],"footnotes":""},"categories":[4404],"tags":[120,1318],"class_list":["post-151068","post","type-post","status-publish","format-standard","has-post-thumbnail","hentry","category-saude","tag-bem-estar","tag-saude-2"],"yoast_head":"<!-- This site is optimized with the Yoast SEO plugin v24.6 - https:\/\/yoast.com\/wordpress\/plugins\/seo\/ -->\n<title>A verdade sobre ganhar massa que ningu\u00e9m te contou ainda - Correio Braziliense - Radar<\/title>\n<meta name=\"description\" content=\"O crescimento muscular pode ser otimizado com pequenas mudan\u00e7as. Veja como ajustar o treino e a alimenta\u00e7\u00e3o para conquistar mais resultados.\" \/>\n<meta name=\"robots\" content=\"index, follow, max-snippet:-1, max-image-preview:large, max-video-preview:-1\" \/>\n<link rel=\"canonical\" href=\"https:\/\/www.correiobraziliense.com.br\/cbradar\/a-verdade-sobre-ganhar-massa-que-ninguem-te-contou-ainda\/\" \/>\n<meta property=\"og:locale\" content=\"pt_BR\" \/>\n<meta property=\"og:type\" content=\"article\" \/>\n<meta property=\"og:title\" content=\"A verdade sobre ganhar massa que ningu\u00e9m te contou ainda - Correio Braziliense - Radar\" \/>\n<meta property=\"og:description\" content=\"O crescimento muscular pode ser otimizado com pequenas mudan\u00e7as. Veja como ajustar o treino e a alimenta\u00e7\u00e3o para conquistar mais resultados.\" \/>\n<meta property=\"og:url\" content=\"https:\/\/www.correiobraziliense.com.br\/cbradar\/a-verdade-sobre-ganhar-massa-que-ninguem-te-contou-ainda\/\" \/>\n<meta property=\"og:site_name\" content=\"Correio Braziliense - Radar\" \/>\n<meta property=\"article:published_time\" content=\"2025-12-06T20:15:00+00:00\" \/>\n<meta property=\"og:image\" content=\"https:\/\/www.correiobraziliense.com.br\/cbradar\/wp-content\/uploads\/2025\/06\/exercicios-fisicos_1750245685246.jpg\" \/>\n\t<meta property=\"og:image:width\" content=\"1280\" \/>\n\t<meta property=\"og:image:height\" content=\"720\" \/>\n\t<meta property=\"og:image:type\" content=\"image\/jpeg\" \/>\n<meta name=\"author\" content=\"guilherme_saude\" \/>\n<meta name=\"twitter:card\" content=\"summary_large_image\" \/>\n<meta name=\"twitter:label1\" content=\"Escrito por\" \/>\n\t<meta name=\"twitter:data1\" content=\"guilherme_saude\" \/>\n\t<meta name=\"twitter:label2\" content=\"Est. tempo de leitura\" \/>\n\t<meta name=\"twitter:data2\" content=\"4 minutos\" \/>\n<!-- \/ Yoast SEO plugin. -->","yoast_head_json":{"title":"A verdade sobre ganhar massa que ningu\u00e9m te contou ainda - Correio Braziliense - Radar","description":"O crescimento muscular pode ser otimizado com pequenas mudan\u00e7as. Veja como ajustar o treino e a alimenta\u00e7\u00e3o para conquistar mais resultados.","robots":{"index":"index","follow":"follow","max-snippet":"max-snippet:-1","max-image-preview":"max-image-preview:large","max-video-preview":"max-video-preview:-1"},"canonical":"https:\/\/www.correiobraziliense.com.br\/cbradar\/a-verdade-sobre-ganhar-massa-que-ninguem-te-contou-ainda\/","og_locale":"pt_BR","og_type":"article","og_title":"A verdade sobre ganhar massa que ningu\u00e9m te contou ainda - Correio Braziliense - Radar","og_description":"O crescimento muscular pode ser otimizado com pequenas mudan\u00e7as. Veja como ajustar o treino e a alimenta\u00e7\u00e3o para conquistar mais resultados.","og_url":"https:\/\/www.correiobraziliense.com.br\/cbradar\/a-verdade-sobre-ganhar-massa-que-ninguem-te-contou-ainda\/","og_site_name":"Correio Braziliense - Radar","article_published_time":"2025-12-06T20:15:00+00:00","og_image":[{"width":1280,"height":720,"url":"https:\/\/www.correiobraziliense.com.br\/cbradar\/wp-content\/uploads\/2025\/06\/exercicios-fisicos_1750245685246.jpg","type":"image\/jpeg"}],"author":"guilherme_saude","twitter_card":"summary_large_image","twitter_misc":{"Escrito por":"guilherme_saude","Est. tempo de leitura":"4 minutos"},"schema":{"@context":"https:\/\/schema.org","@graph":[{"@type":"WebPage","@id":"https:\/\/www.correiobraziliense.com.br\/cbradar\/a-verdade-sobre-ganhar-massa-que-ninguem-te-contou-ainda\/","url":"https:\/\/www.correiobraziliense.com.br\/cbradar\/a-verdade-sobre-ganhar-massa-que-ninguem-te-contou-ainda\/","name":"A verdade sobre ganhar massa que ningu\u00e9m te contou ainda - Correio Braziliense - Radar","isPartOf":{"@id":"https:\/\/www.correiobraziliense.com.br\/cbradar\/#website"},"primaryImageOfPage":{"@id":"https:\/\/www.correiobraziliense.com.br\/cbradar\/a-verdade-sobre-ganhar-massa-que-ninguem-te-contou-ainda\/#primaryimage"},"image":{"@id":"https:\/\/www.correiobraziliense.com.br\/cbradar\/a-verdade-sobre-ganhar-massa-que-ninguem-te-contou-ainda\/#primaryimage"},"thumbnailUrl":"https:\/\/www.correiobraziliense.com.br\/cbradar\/wp-content\/uploads\/2025\/06\/exercicios-fisicos_1750245685246.jpg","datePublished":"2025-12-06T20:15:00+00:00","author":{"@id":"https:\/\/www.correiobraziliense.com.br\/cbradar\/#\/schema\/person\/5aa4bf3c8fa699c267933611de12978b"},"description":"O crescimento muscular pode ser otimizado com pequenas mudan\u00e7as. Veja como ajustar o treino e a alimenta\u00e7\u00e3o para conquistar mais resultados.","breadcrumb":{"@id":"https:\/\/www.correiobraziliense.com.br\/cbradar\/a-verdade-sobre-ganhar-massa-que-ninguem-te-contou-ainda\/#breadcrumb"},"inLanguage":"pt-BR","potentialAction":[{"@type":"ReadAction","target":["https:\/\/www.correiobraziliense.com.br\/cbradar\/a-verdade-sobre-ganhar-massa-que-ninguem-te-contou-ainda\/"]}]},{"@type":"ImageObject","inLanguage":"pt-BR","@id":"https:\/\/www.correiobraziliense.com.br\/cbradar\/a-verdade-sobre-ganhar-massa-que-ninguem-te-contou-ainda\/#primaryimage","url":"https:\/\/www.correiobraziliense.com.br\/cbradar\/wp-content\/uploads\/2025\/06\/exercicios-fisicos_1750245685246.jpg","contentUrl":"https:\/\/www.correiobraziliense.com.br\/cbradar\/wp-content\/uploads\/2025\/06\/exercicios-fisicos_1750245685246.jpg","width":1280,"height":720,"caption":"exerc\u00edcios f\u00edsicos - Cr\u00e9ditos: depositphotos.com \/ VitalikRadko"},{"@type":"BreadcrumbList","@id":"https:\/\/www.correiobraziliense.com.br\/cbradar\/a-verdade-sobre-ganhar-massa-que-ninguem-te-contou-ainda\/#breadcrumb","itemListElement":[{"@type":"ListItem","position":1,"name":"In\u00edcio","item":"https:\/\/www.correiobraziliense.com.br\/cbradar\/"},{"@type":"ListItem","position":2,"name":"A verdade sobre ganhar massa que ningu\u00e9m te contou ainda"}]},{"@type":"WebSite","@id":"https:\/\/www.correiobraziliense.com.br\/cbradar\/#website","url":"https:\/\/www.correiobraziliense.com.br\/cbradar\/","name":"Correio Braziliense - Radar","description":"Acompanhe as \u00faltimas not\u00edcias e fique bem informado sobre tudo o que acontece no Brasil e no mundo.","potentialAction":[{"@type":"SearchAction","target":{"@type":"EntryPoint","urlTemplate":"https:\/\/www.correiobraziliense.com.br\/cbradar\/?s={search_term_string}"},"query-input":{"@type":"PropertyValueSpecification","valueRequired":true,"valueName":"search_term_string"}}],"inLanguage":"pt-BR"},{"@type":"Person","@id":"https:\/\/www.correiobraziliense.com.br\/cbradar\/#\/schema\/person\/5aa4bf3c8fa699c267933611de12978b","name":"guilherme_saude","image":{"@type":"ImageObject","inLanguage":"pt-BR","@id":"https:\/\/www.correiobraziliense.com.br\/cbradar\/#\/schema\/person\/image\/","url":"https:\/\/secure.gravatar.com\/avatar\/df9adfb835d344bc0af109d41756253f?s=96&d=mm&r=g","contentUrl":"https:\/\/secure.gravatar.com\/avatar\/df9adfb835d344bc0af109d41756253f?s=96&d=mm&r=g","caption":"guilherme_saude"},"url":"https:\/\/www.correiobraziliense.com.br\/cbradar\/author\/guilherme_saude\/"}]}},"_links":{"self":[{"href":"https:\/\/www.correiobraziliense.com.br\/cbradar\/wp-json\/wp\/v2\/posts\/151068","targetHints":{"allow":["GET"]}}],"collection":[{"href":"https:\/\/www.correiobraziliense.com.br\/cbradar\/wp-json\/wp\/v2\/posts"}],"about":[{"href":"https:\/\/www.correiobraziliense.com.br\/cbradar\/wp-json\/wp\/v2\/types\/post"}],"author":[{"embeddable":true,"href":"https:\/\/www.correiobraziliense.com.br\/cbradar\/wp-json\/wp\/v2\/users\/14"}],"replies":[{"embeddable":true,"href":"https:\/\/www.correiobraziliense.com.br\/cbradar\/wp-json\/wp\/v2\/comments?post=151068"}],"version-history":[{"count":1,"href":"https:\/\/www.correiobraziliense.com.br\/cbradar\/wp-json\/wp\/v2\/posts\/151068\/revisions"}],"predecessor-version":[{"id":151074,"href":"https:\/\/www.correiobraziliense.com.br\/cbradar\/wp-json\/wp\/v2\/posts\/151068\/revisions\/151074"}],"wp:featuredmedia":[{"embeddable":true,"href":"https:\/\/www.correiobraziliense.com.br\/cbradar\/wp-json\/wp\/v2\/media\/55452"}],"wp:attachment":[{"href":"https:\/\/www.correiobraziliense.com.br\/cbradar\/wp-json\/wp\/v2\/media?parent=151068"}],"wp:term":[{"taxonomy":"category","embeddable":true,"href":"https:\/\/www.correiobraziliense.com.br\/cbradar\/wp-json\/wp\/v2\/categories?post=151068"},{"taxonomy":"post_tag","embeddable":true,"href":"https:\/\/www.correiobraziliense.com.br\/cbradar\/wp-json\/wp\/v2\/tags?post=151068"}],"curies":[{"name":"wp","href":"https:\/\/api.w.org\/{rel}","templated":true}]}}