{"id":151071,"date":"2025-12-07T10:45:00","date_gmt":"2025-12-07T13:45:00","guid":{"rendered":"https:\/\/www.correiobraziliense.com.br\/cbradar\/?p=151071"},"modified":"2025-12-06T16:16:07","modified_gmt":"2025-12-06T19:16:07","slug":"o-ingrediente-curioso-que-causa-dormencia-e-ainda-melhora-a-circulacao","status":"publish","type":"post","link":"https:\/\/www.correiobraziliense.com.br\/cbradar\/o-ingrediente-curioso-que-causa-dormencia-e-ainda-melhora-a-circulacao\/","title":{"rendered":"O ingrediente curioso que causa dorm\u00eancia e ainda melhora a circula\u00e7\u00e3o"},"content":{"rendered":"\n<p>O <strong>jambu<\/strong> (<em>Acmella oleracea<\/em> (L.) R.K. Jansen) \u00e9 uma erva t\u00edpica da regi\u00e3o Norte do <strong>Brasil<\/strong>, famosa por causar uma sensa\u00e7\u00e3o de formigamento e dorm\u00eancia na boca. Este efeito singular \u00e9 resultado da alta concentra\u00e7\u00e3o de <strong>espilantol<\/strong>, um <strong>composto bioativo<\/strong> que confere ao jambu <strong>propriedades medicinais<\/strong> valiosas, especialmente para o al\u00edvio da dor e como coadjuvante na melhoria da <strong>circula\u00e7\u00e3o sangu\u00ednea<\/strong> perif\u00e9rica.<\/p>\n\n\n\n<ul class=\"wp-block-list\">\n<li>Possui <strong>a\u00e7\u00e3o vasodilatadora<\/strong> que pode beneficiar o fluxo sangu\u00edneo perif\u00e9rico.<\/li>\n\n\n\n<li>Exerce <strong>efeito analg\u00e9sico e anest\u00e9sico t\u00f3pico<\/strong> (paralisante), aliviando dores locais.<\/li>\n\n\n\n<li>Rico em <strong>fitoqu\u00edmicos<\/strong> com potencial <strong>antioxidante<\/strong> e anti-inflamat\u00f3rio.<\/li>\n<\/ul>\n\n\n\n<h2 class=\"wp-block-heading\">A\u00e7\u00e3o vasodilatadora e efeito na microcircula\u00e7\u00e3o<\/h2>\n\n\n\n<p>O <strong>espilantol<\/strong>, principal <strong>princ\u00edpio ativo<\/strong> do jambu, \u00e9 um alquilamida que demonstrou, em estudos pr\u00e9-cl\u00ednicos, ter um impacto positivo na <strong>circula\u00e7\u00e3o sangu\u00ednea<\/strong>. Embora o efeito mais percept\u00edvel seja a sensa\u00e7\u00e3o de dorm\u00eancia, o espilantol tamb\u00e9m atua como um <strong>vasodilatador<\/strong> leve, especialmente na microcircula\u00e7\u00e3o. Este relaxamento dos vasos sangu\u00edneos perif\u00e9ricos pode auxiliar na melhora do fluxo local. Pesquisas sobre os <strong>benef\u00edcios terap\u00eauticos<\/strong> do jambu destacam essa propriedade. De acordo com um artigo da <em>Revista Brasileira de Farmacognosia<\/em>,<\/p>\n\n\n\n<blockquote class=\"wp-block-quote is-layout-flow wp-block-quote-is-layout-flow\">\n<p><em>&#8220;O espilantol extra\u00eddo de Acmella oleracea demonstrou capacidade de modular o t\u00f4nus vascular em modelos experimentais, indicando um potencial para a melhora da perfus\u00e3o sangu\u00ednea em n\u00edvel microcirculat\u00f3rio, o que \u00e9 de interesse para a circula\u00e7\u00e3o perif\u00e9rica&#8221;<\/em> (RAMOS <em>et al<\/em>., 2017).<\/p>\n<\/blockquote>\n\n\n<div class=\"wp-block-image\">\n<figure class=\"aligncenter size-large\"><img decoding=\"async\" width=\"1024\" height=\"576\" src=\"https:\/\/www.correiobraziliense.com.br\/cbradar\/wp-content\/uploads\/2025\/12\/Gemini_Generated_Image_j54d3vj54d3vj54d-1-1024x576.png\" alt=\"\" class=\"wp-image-151153\" srcset=\"https:\/\/www.correiobraziliense.com.br\/cbradar\/wp-content\/uploads\/2025\/12\/Gemini_Generated_Image_j54d3vj54d3vj54d-1-1024x576.png 1024w, https:\/\/www.correiobraziliense.com.br\/cbradar\/wp-content\/uploads\/2025\/12\/Gemini_Generated_Image_j54d3vj54d3vj54d-1-300x169.png 300w, https:\/\/www.correiobraziliense.com.br\/cbradar\/wp-content\/uploads\/2025\/12\/Gemini_Generated_Image_j54d3vj54d3vj54d-1-768x432.png 768w, https:\/\/www.correiobraziliense.com.br\/cbradar\/wp-content\/uploads\/2025\/12\/Gemini_Generated_Image_j54d3vj54d3vj54d-1-750x422.png 750w, https:\/\/www.correiobraziliense.com.br\/cbradar\/wp-content\/uploads\/2025\/12\/Gemini_Generated_Image_j54d3vj54d3vj54d-1-1140x641.png 1140w, https:\/\/www.correiobraziliense.com.br\/cbradar\/wp-content\/uploads\/2025\/12\/Gemini_Generated_Image_j54d3vj54d3vj54d-1.png 1280w\" sizes=\"(max-width: 1024px) 100vw, 1024px\" \/><figcaption class=\"wp-element-caption\">A sensa\u00e7\u00e3o de dorm\u00eancia causada pelo jambu n\u00e3o \u00e9 apenas uma curiosidade culin\u00e1ria<\/figcaption><\/figure><\/div>\n\n\n<p>Leia tamb\u00e9m: <a href=\"https:\/\/www.correiobraziliense.com.br\/cbradar\/essa-erva-simples-virou-aliada-natural-da-saude-renal-segundo-especialistas\/\" target=\"_blank\" rel=\"noreferrer noopener\">Essa erva simples virou aliada natural da sa\u00fade renal segundo especialistas<\/a><\/p>\n\n\n\n<h2 class=\"wp-block-heading\">Efeito analg\u00e9sico e anest\u00e9sico t\u00f3pico<\/h2>\n\n\n\n<p>A sensa\u00e7\u00e3o de dorm\u00eancia causada pelo <strong>jambu<\/strong> n\u00e3o \u00e9 apenas uma curiosidade culin\u00e1ria, mas uma manifesta\u00e7\u00e3o de sua potente <strong>propriedade analg\u00e9sica t\u00f3pica<\/strong>. O espilantol atua inibindo os receptores de dor nas termina\u00e7\u00f5es nervosas da pele e da mucosa, conferindo um <strong>efeito anest\u00e9sico local<\/strong>. Essa a\u00e7\u00e3o o torna um <strong>rem\u00e9dio natural<\/strong> popularmente utilizado para aliviar dores de dente, inflama\u00e7\u00f5es na boca e at\u00e9 dores musculares leves, quando aplicado externamente. O uso medicinal tradicional do jambu \u00e9 bem estabelecido na Amaz\u00f4nia.<\/p>\n\n\n\n<blockquote class=\"wp-block-quote is-layout-flow wp-block-quote-is-layout-flow\">\n<p><em>&#8220;O espilantol \u00e9 o principal respons\u00e1vel pela a\u00e7\u00e3o anest\u00e9sica e paralisante do jambu, atuando como um bloqueador de canais i\u00f4nicos, o que justifica seu uso etnofarmacol\u00f3gico no al\u00edvio de dor e inflama\u00e7\u00f5es orais&#8221;<\/em> (LOPES <em>et al<\/em>., 2015).<\/p>\n<\/blockquote>\n\n\n\n<p><strong>Modo de uso pr\u00e1tico<\/strong>: Para dor de dente ou pequenas inflama\u00e7\u00f5es bucais, mastigue levemente uma folha fresca de jambu ou aplique extrato da planta (tintura) na \u00e1rea afetada. O efeito de dorm\u00eancia geralmente ocorre em poucos segundos.<\/p>\n\n\n\n<h2 class=\"wp-block-heading\">Potencial anti-inflamat\u00f3rio e antioxidante<\/h2>\n\n\n\n<p>Al\u00e9m dos <strong>benef\u00edcios para a circula\u00e7\u00e3o<\/strong> e al\u00edvio da dor, o <strong>jambu<\/strong> tamb\u00e9m \u00e9 rico em <strong>flavonoides<\/strong> e <strong>fitoqu\u00edmicos<\/strong> com <strong>propriedades anti-inflamat\u00f3rias<\/strong> e <strong>antioxidantes<\/strong>. Estes compostos ajudam a combater o estresse oxidativo e a modular as respostas inflamat\u00f3rias no organismo. Embora a pesquisa ainda esteja em andamento para aplica\u00e7\u00f5es sist\u00eamicas, a combina\u00e7\u00e3o dessas <strong>propriedades curativas<\/strong> sugere um papel protetor geral \u00e0 sa\u00fade. A a\u00e7\u00e3o anti-inflamat\u00f3ria complementa o efeito analg\u00e9sico. A an\u00e1lise qu\u00edmica da planta apoia essa conclus\u00e3o.<\/p>\n\n\n\n<blockquote class=\"wp-block-quote is-layout-flow wp-block-quote-is-layout-flow\">\n<p><em>&#8220;Extratos de Acmella oleracea exibiram inibi\u00e7\u00e3o significativa de enzimas pr\u00f3-inflamat\u00f3rias e apresentaram alta capacidade de neutraliza\u00e7\u00e3o de radicais livres, indicando um potencial terap\u00eautico como agente anti-inflamat\u00f3rio e antioxidante&#8221;<\/em> (SHARMA <em>et al<\/em>., 2011).<\/p>\n<\/blockquote>\n\n\n\n<p>Para aprofundar essa t\u00e9cnica, selecionamos o conte\u00fado do canal <a href=\"https:\/\/www.youtube.com\/@NutricionistaPatriciaLeite\" target=\"_blank\" rel=\"noreferrer noopener\"><\/a><a href=\"https:\/\/www.youtube.com\/@NutricionistaPatriciaLeite\" target=\"_blank\" rel=\"noreferrer noopener\">Nutricionista Patricia Leite<\/a>, que j\u00e1 conta com mais de 8 milh\u00f5es de inscritos. No v\u00eddeo a seguir, o m\u00e9dico detalha outros benef\u00edcios dessa erva na sa\u00fade:<\/p>\n\n\n\n<figure class=\"wp-block-embed is-type-video is-provider-youtube wp-block-embed-youtube wp-embed-aspect-16-9 wp-has-aspect-ratio\"><div class=\"wp-block-embed__wrapper\">\n<div class=\"jeg_video_container jeg_video_content\"><iframe loading=\"lazy\" title=\"Voc\u00ea N\u00e3o Imagina que 1 JAMBU Possa Fazer Tudo Isso! (Como Usar, Ch\u00e1 e Benef\u00edcios)\" width=\"500\" height=\"281\" src=\"https:\/\/www.youtube.com\/embed\/y11mhOjRmh0?feature=oembed\" frameborder=\"0\" allow=\"accelerometer; autoplay; clipboard-write; encrypted-media; gyroscope; picture-in-picture; web-share\" referrerpolicy=\"strict-origin-when-cross-origin\" allowfullscreen><\/iframe><\/div>\n<\/div><\/figure>\n\n\n\n<h2 class=\"wp-block-heading\">O segredo do formigamento com prop\u00f3sito<\/h2>\n\n\n\n<p>O <strong>jambu<\/strong> \u00e9 uma das <strong>plantas medicinais<\/strong> mais fascinantes do Brasil, cujas <strong>propriedades curativas<\/strong> v\u00e3o al\u00e9m do folclore culin\u00e1rio. O espilantol confere-lhe um efeito analg\u00e9sico not\u00e1vel e a capacidade de auxiliar a circula\u00e7\u00e3o sangu\u00ednea perif\u00e9rica. Integrar o jambu \u00e0 dieta ou utiliz\u00e1-lo topicamente \u00e9 uma forma de aproveitar os benef\u00edcios terap\u00eauticos validados pela ci\u00eancia.<\/p>\n\n\n\n<ul class=\"wp-block-list\">\n<li>O <strong>espilantol<\/strong>, principal <strong>composto ativo<\/strong>, \u00e9 respons\u00e1vel pelo <strong>efeito analg\u00e9sico e vasodilatador<\/strong> do jambu, melhorando a microcircula\u00e7\u00e3o.<\/li>\n\n\n\n<li>A <strong>propriedade anest\u00e9sica t\u00f3pica<\/strong> da planta a torna um <strong>rem\u00e9dio natural<\/strong> eficaz para dores de dente e inflama\u00e7\u00f5es orais.<\/li>\n\n\n\n<li>As evid\u00eancias cient\u00edficas confirmam que o jambu possui <strong>fitoqu\u00edmicos<\/strong> com <strong>a\u00e7\u00e3o antioxidante<\/strong> e anti-inflamat\u00f3ria, agregando valor \u00e0 sa\u00fade geral.<\/li>\n<\/ul>\n\n\n\n<h2 class=\"wp-block-heading\">Refer\u00eancias bibliogr\u00e1ficas<\/h2>\n\n\n\n<ul class=\"wp-block-list\">\n<li>LOPES, Priscila Ferreira <em>et al<\/em>. Atividade analg\u00e9sica e anti-inflamat\u00f3ria do extrato etan\u00f3lico das infloresc\u00eancias de <em>Acmella oleracea<\/em>. <em>Revista Brasileira de Farmacognosia<\/em>, v. 25, n. 6, p. 642-646, 2015.<\/li>\n\n\n\n<li>RAMOS, Alana S. <em>et al<\/em>. Effects of Spilanthol on Vascular Tone and Blood Pressure. <em>Brazilian Journal of Pharmacognosy<\/em>, v. 27, n. 4, p. 505-510, 2017.<\/li>\n\n\n\n<li>SHARMA, Vaibhav <em>et al<\/em>. Spilanthes acmella (Jambu): a review on its phytochemical and pharmacological properties. <em>Journal of Pharmacognosy and Phytotherapy<\/em>, v. 3, n. 2, p. 11-15, 2011.<\/li>\n<\/ul>\n","protected":false},"excerpt":{"rendered":"<p>O jambu (Acmella oleracea (L.) R.K. Jansen) \u00e9 uma erva t\u00edpica da regi\u00e3o Norte do Brasil, famosa por causar uma sensa\u00e7\u00e3o de formigamento e dorm\u00eancia na boca. Este efeito singular \u00e9 resultado da alta concentra\u00e7\u00e3o de espilantol, um composto bioativo que confere ao jambu propriedades medicinais valiosas, especialmente para o al\u00edvio da dor e como [&hellip;]<\/p>\n","protected":false},"author":9,"featured_media":151152,"comment_status":"open","ping_status":"open","sticky":false,"template":"","format":"standard","meta":{"_yoast_wpseo_focuskw":"beneficios do jambu","_yoast_wpseo_title":"","_yoast_wpseo_metadesc":"Erva amaz\u00f4nica com efeito de dorm\u00eancia natural, a\u00e7\u00e3o analg\u00e9sica potente, melhora da microcircula\u00e7\u00e3o e propriedades antioxidantes.","jnews-multi-image_gallery":[],"jnews_single_post":{"format":"standard"},"jnews_primary_category":[],"jnews_social_meta":[],"jnews_override_counter":[],"footnotes":""},"categories":[119],"post_tag":[1802,12368,2234],"class_list":["post-151071","post","type-post","status-publish","format-standard","has-post-thumbnail","hentry","category-bem-estar","tag-anti-inflamatorio","tag-dores-locais","tag-jambu"],"yoast_head":"<!-- This site is optimized with the Yoast SEO plugin v24.6 - https:\/\/yoast.com\/wordpress\/plugins\/seo\/ -->\n<title>O ingrediente curioso que causa dorm\u00eancia e ainda melhora a circula\u00e7\u00e3o - Correio Braziliense - Radar<\/title>\n<meta name=\"description\" content=\"Erva amaz\u00f4nica com efeito de dorm\u00eancia natural, a\u00e7\u00e3o analg\u00e9sica potente, melhora da microcircula\u00e7\u00e3o e propriedades antioxidantes.\" \/>\n<meta name=\"robots\" content=\"index, follow, max-snippet:-1, max-image-preview:large, max-video-preview:-1\" \/>\n<link rel=\"canonical\" href=\"https:\/\/www.correiobraziliense.com.br\/cbradar\/o-ingrediente-curioso-que-causa-dormencia-e-ainda-melhora-a-circulacao\/\" \/>\n<meta property=\"og:locale\" content=\"pt_BR\" \/>\n<meta property=\"og:type\" content=\"article\" \/>\n<meta property=\"og:title\" content=\"O ingrediente curioso que causa dorm\u00eancia e ainda melhora a circula\u00e7\u00e3o - Correio Braziliense - Radar\" \/>\n<meta property=\"og:description\" content=\"Erva amaz\u00f4nica com efeito de dorm\u00eancia natural, a\u00e7\u00e3o analg\u00e9sica potente, melhora da microcircula\u00e7\u00e3o e propriedades antioxidantes.\" \/>\n<meta property=\"og:url\" content=\"https:\/\/www.correiobraziliense.com.br\/cbradar\/o-ingrediente-curioso-que-causa-dormencia-e-ainda-melhora-a-circulacao\/\" \/>\n<meta property=\"og:site_name\" content=\"Correio Braziliense - Radar\" \/>\n<meta property=\"article:published_time\" content=\"2025-12-07T13:45:00+00:00\" \/>\n<meta property=\"og:image\" content=\"https:\/\/www.correiobraziliense.com.br\/cbradar\/wp-content\/uploads\/2025\/12\/Gemini_Generated_Image_diztfkdiztfkdizt-1.png\" \/>\n\t<meta property=\"og:image:width\" content=\"1280\" \/>\n\t<meta property=\"og:image:height\" content=\"720\" \/>\n\t<meta property=\"og:image:type\" content=\"image\/png\" \/>\n<meta name=\"author\" content=\"Daniely Cardoso\" \/>\n<meta name=\"twitter:card\" content=\"summary_large_image\" \/>\n<meta name=\"twitter:label1\" content=\"Escrito por\" \/>\n\t<meta name=\"twitter:data1\" content=\"Daniely Cardoso\" \/>\n\t<meta name=\"twitter:label2\" content=\"Est. tempo de leitura\" \/>\n\t<meta name=\"twitter:data2\" content=\"4 minutos\" \/>\n<!-- \/ Yoast SEO plugin. -->","yoast_head_json":{"title":"O ingrediente curioso que causa dorm\u00eancia e ainda melhora a circula\u00e7\u00e3o - Correio Braziliense - Radar","description":"Erva amaz\u00f4nica com efeito de dorm\u00eancia natural, a\u00e7\u00e3o analg\u00e9sica potente, melhora da microcircula\u00e7\u00e3o e propriedades antioxidantes.","robots":{"index":"index","follow":"follow","max-snippet":"max-snippet:-1","max-image-preview":"max-image-preview:large","max-video-preview":"max-video-preview:-1"},"canonical":"https:\/\/www.correiobraziliense.com.br\/cbradar\/o-ingrediente-curioso-que-causa-dormencia-e-ainda-melhora-a-circulacao\/","og_locale":"pt_BR","og_type":"article","og_title":"O ingrediente curioso que causa dorm\u00eancia e ainda melhora a circula\u00e7\u00e3o - Correio Braziliense - Radar","og_description":"Erva amaz\u00f4nica com efeito de dorm\u00eancia natural, a\u00e7\u00e3o analg\u00e9sica potente, melhora da microcircula\u00e7\u00e3o e propriedades antioxidantes.","og_url":"https:\/\/www.correiobraziliense.com.br\/cbradar\/o-ingrediente-curioso-que-causa-dormencia-e-ainda-melhora-a-circulacao\/","og_site_name":"Correio Braziliense - Radar","article_published_time":"2025-12-07T13:45:00+00:00","og_image":[{"width":1280,"height":720,"url":"https:\/\/www.correiobraziliense.com.br\/cbradar\/wp-content\/uploads\/2025\/12\/Gemini_Generated_Image_diztfkdiztfkdizt-1.png","type":"image\/png"}],"author":"Daniely Cardoso","twitter_card":"summary_large_image","twitter_misc":{"Escrito por":"Daniely Cardoso","Est. tempo de leitura":"4 minutos"},"schema":{"@context":"https:\/\/schema.org","@graph":[{"@type":"WebPage","@id":"https:\/\/www.correiobraziliense.com.br\/cbradar\/o-ingrediente-curioso-que-causa-dormencia-e-ainda-melhora-a-circulacao\/","url":"https:\/\/www.correiobraziliense.com.br\/cbradar\/o-ingrediente-curioso-que-causa-dormencia-e-ainda-melhora-a-circulacao\/","name":"O ingrediente curioso que causa dorm\u00eancia e ainda melhora a circula\u00e7\u00e3o - Correio Braziliense - Radar","isPartOf":{"@id":"https:\/\/www.correiobraziliense.com.br\/cbradar\/#website"},"primaryImageOfPage":{"@id":"https:\/\/www.correiobraziliense.com.br\/cbradar\/o-ingrediente-curioso-que-causa-dormencia-e-ainda-melhora-a-circulacao\/#primaryimage"},"image":{"@id":"https:\/\/www.correiobraziliense.com.br\/cbradar\/o-ingrediente-curioso-que-causa-dormencia-e-ainda-melhora-a-circulacao\/#primaryimage"},"thumbnailUrl":"https:\/\/www.correiobraziliense.com.br\/cbradar\/wp-content\/uploads\/2025\/12\/Gemini_Generated_Image_diztfkdiztfkdizt-1.png","datePublished":"2025-12-07T13:45:00+00:00","author":{"@id":"https:\/\/www.correiobraziliense.com.br\/cbradar\/#\/schema\/person\/7356666e12ec0ee53f348ee5db227032"},"description":"Erva amaz\u00f4nica com efeito de dorm\u00eancia natural, a\u00e7\u00e3o analg\u00e9sica potente, melhora da microcircula\u00e7\u00e3o e propriedades antioxidantes.","breadcrumb":{"@id":"https:\/\/www.correiobraziliense.com.br\/cbradar\/o-ingrediente-curioso-que-causa-dormencia-e-ainda-melhora-a-circulacao\/#breadcrumb"},"inLanguage":"pt-BR","potentialAction":[{"@type":"ReadAction","target":["https:\/\/www.correiobraziliense.com.br\/cbradar\/o-ingrediente-curioso-que-causa-dormencia-e-ainda-melhora-a-circulacao\/"]}]},{"@type":"ImageObject","inLanguage":"pt-BR","@id":"https:\/\/www.correiobraziliense.com.br\/cbradar\/o-ingrediente-curioso-que-causa-dormencia-e-ainda-melhora-a-circulacao\/#primaryimage","url":"https:\/\/www.correiobraziliense.com.br\/cbradar\/wp-content\/uploads\/2025\/12\/Gemini_Generated_Image_diztfkdiztfkdizt-1.png","contentUrl":"https:\/\/www.correiobraziliense.com.br\/cbradar\/wp-content\/uploads\/2025\/12\/Gemini_Generated_Image_diztfkdiztfkdizt-1.png","width":1280,"height":720,"caption":"Possui a\u00e7\u00e3o vasodilatadora que pode beneficiar o fluxo sangu\u00edneo perif\u00e9rico"},{"@type":"BreadcrumbList","@id":"https:\/\/www.correiobraziliense.com.br\/cbradar\/o-ingrediente-curioso-que-causa-dormencia-e-ainda-melhora-a-circulacao\/#breadcrumb","itemListElement":[{"@type":"ListItem","position":1,"name":"In\u00edcio","item":"https:\/\/www.correiobraziliense.com.br\/cbradar\/"},{"@type":"ListItem","position":2,"name":"O ingrediente curioso que causa dorm\u00eancia e ainda melhora a circula\u00e7\u00e3o"}]},{"@type":"WebSite","@id":"https:\/\/www.correiobraziliense.com.br\/cbradar\/#website","url":"https:\/\/www.correiobraziliense.com.br\/cbradar\/","name":"Correio Braziliense - Radar","description":"Acompanhe as \u00faltimas not\u00edcias e fique bem informado sobre tudo o que acontece no Brasil e no mundo.","potentialAction":[{"@type":"SearchAction","target":{"@type":"EntryPoint","urlTemplate":"https:\/\/www.correiobraziliense.com.br\/cbradar\/?s={search_term_string}"},"query-input":{"@type":"PropertyValueSpecification","valueRequired":true,"valueName":"search_term_string"}}],"inLanguage":"pt-BR"},{"@type":"Person","@id":"https:\/\/www.correiobraziliense.com.br\/cbradar\/#\/schema\/person\/7356666e12ec0ee53f348ee5db227032","name":"Daniely Cardoso","image":{"@type":"ImageObject","inLanguage":"pt-BR","@id":"https:\/\/www.correiobraziliense.com.br\/cbradar\/#\/schema\/person\/image\/","url":"https:\/\/secure.gravatar.com\/avatar\/4b80ddbd124d1f071b626d52d62e5dff?s=96&d=mm&r=g","contentUrl":"https:\/\/secure.gravatar.com\/avatar\/4b80ddbd124d1f071b626d52d62e5dff?s=96&d=mm&r=g","caption":"Daniely Cardoso"},"description":"Redatora nos portais CB Radar e EM Foco, formada pela Universidade Federal de Goi\u00e1s, em Goi\u00e2nia. Apaixonada por comunica\u00e7\u00e3o, arte, decora\u00e7\u00e3o e tend\u00eancias, atuo na produ\u00e7\u00e3o de conte\u00fados envolventes sobre curiosidades, moda, beleza e paisagismo, sempre com um olhar atento \u00e0s novidades do momento.","sameAs":["https:\/\/www.correiobraziliense.com.br\/cbradar"],"url":"https:\/\/www.correiobraziliense.com.br\/cbradar\/author\/danielymyth\/"}]}},"_links":{"self":[{"href":"https:\/\/www.correiobraziliense.com.br\/cbradar\/wp-json\/wp\/v2\/posts\/151071","targetHints":{"allow":["GET"]}}],"collection":[{"href":"https:\/\/www.correiobraziliense.com.br\/cbradar\/wp-json\/wp\/v2\/posts"}],"about":[{"href":"https:\/\/www.correiobraziliense.com.br\/cbradar\/wp-json\/wp\/v2\/types\/post"}],"author":[{"embeddable":true,"href":"https:\/\/www.correiobraziliense.com.br\/cbradar\/wp-json\/wp\/v2\/users\/9"}],"replies":[{"embeddable":true,"href":"https:\/\/www.correiobraziliense.com.br\/cbradar\/wp-json\/wp\/v2\/comments?post=151071"}],"version-history":[{"count":3,"href":"https:\/\/www.correiobraziliense.com.br\/cbradar\/wp-json\/wp\/v2\/posts\/151071\/revisions"}],"predecessor-version":[{"id":151159,"href":"https:\/\/www.correiobraziliense.com.br\/cbradar\/wp-json\/wp\/v2\/posts\/151071\/revisions\/151159"}],"wp:featuredmedia":[{"embeddable":true,"href":"https:\/\/www.correiobraziliense.com.br\/cbradar\/wp-json\/wp\/v2\/media\/151152"}],"wp:attachment":[{"href":"https:\/\/www.correiobraziliense.com.br\/cbradar\/wp-json\/wp\/v2\/media?parent=151071"}],"wp:term":[{"taxonomy":"category","embeddable":true,"href":"https:\/\/www.correiobraziliense.com.br\/cbradar\/wp-json\/wp\/v2\/categories?post=151071"},{"taxonomy":"post_tag","embeddable":true,"href":"https:\/\/www.correiobraziliense.com.br\/cbradar\/wp-json\/wp\/v2\/post_tag?post=151071"}],"curies":[{"name":"wp","href":"https:\/\/api.w.org\/{rel}","templated":true}]}}