{"id":151076,"date":"2025-12-06T18:25:00","date_gmt":"2025-12-06T21:25:00","guid":{"rendered":"https:\/\/www.correiobraziliense.com.br\/cbradar\/?p=151076"},"modified":"2025-12-06T14:15:06","modified_gmt":"2025-12-06T17:15:06","slug":"fortaleca-suas-pernas-com-4-exercicios-simples-e-eficazes","status":"publish","type":"post","link":"https:\/\/www.correiobraziliense.com.br\/cbradar\/fortaleca-suas-pernas-com-4-exercicios-simples-e-eficazes\/","title":{"rendered":"Fortale\u00e7a suas pernas com 4 exerc\u00edcios simples e eficazes"},"content":{"rendered":"\n<p>O <strong>Fortalecimento das Pernas<\/strong> \u00e9 essencial para manter a estabilidade, melhorar o equil\u00edbrio e garantir a mobilidade, principalmente em idosos e pessoas com dificuldades motoras. Exerc\u00edcios como eleva\u00e7\u00e3o de pernas, abertura lateral, agachamento e eleva\u00e7\u00e3o de panturrilhas s\u00e3o amplamente recomendados para trabalhar diversos grupos musculares das pernas. Realizar esses exerc\u00edcios regularmente pode ajudar a prevenir les\u00f5es e melhorar a qualidade de vida.<\/p>\n\n\n\n<p>Essas atividades n\u00e3o s\u00e3o apenas ben\u00e9ficas para a parte inferior do corpo, mas tamb\u00e9m colaboram no fortalecimento de \u00e1reas como o abd\u00f4men e a regi\u00e3o lombar. Vale lembrar que qualquer exerc\u00edcio deve ser realizado sob orienta\u00e7\u00e3o profissional para evitar poss\u00edveis les\u00f5es e garantir que estejam sendo executados corretamente. A pr\u00e1tica regular, de duas a tr\u00eas vezes por semana, \u00e9 sugerida para alcan\u00e7ar resultados eficazes.<\/p>\n\n\n\n<h2 class=\"wp-block-heading\">Quais exerc\u00edcios podem ser feitos em casa?<\/h2>\n\n\n\n<p>O ambiente dom\u00e9stico oferece v\u00e1rias op\u00e7\u00f5es para realizar exerc\u00edcios eficientes de Fortalecimento das Pernas sem a necessidade de equipamentos sofisticados. A eleva\u00e7\u00e3o de pernas, por exemplo, \u00e9 uma atividade simples que trabalha a parte frontal das pernas, enquanto a abertura de pernas \u00e0 lateral \u00e9 eficaz para as coxas e gl\u00fateos. Ambos exerc\u00edcios podem ser realizados no ch\u00e3o, exigindo apenas um espa\u00e7o para deitar-se confortavelmente.<\/p>\n\n\n\n<p>Outro exerc\u00edcio \u00e9 a tesoura, que fortalece o abd\u00f4men conjuntamente com as pernas. Este pode ser feito deitando-se de costas, elevando as pernas e alternando os p\u00e9s em dire\u00e7\u00e3o ao ch\u00e3o. A vantagem desses exerc\u00edcios \u00e9 que, al\u00e9m de suas funcionalidades espec\u00edficas, eles promovem a estabilidade e uma boa postura corporal.<\/p>\n\n\n\n<h2 class=\"wp-block-heading\">Como executar corretamente o agachamento?<\/h2>\n\n\n\n<p>O agachamento \u00e9 um excelente exerc\u00edcio para desenvolver for\u00e7a nas coxas e gl\u00fateos. Para realiz\u00e1-lo corretamente, fique em p\u00e9 com os p\u00e9s na largura dos ombros e, ent\u00e3o, flexione os joelhos como se fosse sentar em uma cadeira. \u00c9 crucial manter os joelhos alinhados, evitando que ultrapassem a linha dos p\u00e9s, o que pode ser monitorado com o aux\u00edlio de um espelho.<\/p>\n\n\n\n<p>\u00c9 poss\u00edvel aumentar a efic\u00e1cia do agachamento mantendo os bra\u00e7os esticados \u00e0 frente do corpo para um melhor equil\u00edbrio. Variantes deste exerc\u00edcio incluem o agachamento isom\u00e9trico, que exige segurar a posi\u00e7\u00e3o de agachamento por determinado per\u00edodo, complementando o fortalecimento atrav\u00e9s da isometria.<\/p>\n\n\n<div class=\"wp-block-image\">\n<figure class=\"aligncenter size-large\"><img decoding=\"async\" width=\"1024\" height=\"576\" src=\"https:\/\/www.correiobraziliense.com.br\/cbradar\/wp-content\/uploads\/2025\/12\/Fortalecimento-das-Pernas_1765041758278-1024x576.jpg\" alt=\"\" class=\"wp-image-151079\" srcset=\"https:\/\/www.correiobraziliense.com.br\/cbradar\/wp-content\/uploads\/2025\/12\/Fortalecimento-das-Pernas_1765041758278-1024x576.jpg 1024w, https:\/\/www.correiobraziliense.com.br\/cbradar\/wp-content\/uploads\/2025\/12\/Fortalecimento-das-Pernas_1765041758278-300x169.jpg 300w, https:\/\/www.correiobraziliense.com.br\/cbradar\/wp-content\/uploads\/2025\/12\/Fortalecimento-das-Pernas_1765041758278-768x432.jpg 768w, https:\/\/www.correiobraziliense.com.br\/cbradar\/wp-content\/uploads\/2025\/12\/Fortalecimento-das-Pernas_1765041758278-750x422.jpg 750w, https:\/\/www.correiobraziliense.com.br\/cbradar\/wp-content\/uploads\/2025\/12\/Fortalecimento-das-Pernas_1765041758278-1140x641.jpg 1140w, https:\/\/www.correiobraziliense.com.br\/cbradar\/wp-content\/uploads\/2025\/12\/Fortalecimento-das-Pernas_1765041758278.jpg 1280w\" sizes=\"(max-width: 1024px) 100vw, 1024px\" \/><figcaption class=\"wp-element-caption\">Fortalecimento das Pernas &#8211; Cr\u00e9ditos: depositphotos.com \/ split271992.gmail.com<\/figcaption><\/figure><\/div>\n\n\n<h2 class=\"wp-block-heading\">Por que incluir a eleva\u00e7\u00e3o de panturrilhas no treino?<\/h2>\n\n\n\n<p>A eleva\u00e7\u00e3o de panturrilhas, tamb\u00e9m conhecida como eleva\u00e7\u00e3o de g\u00eameos, \u00e9 fundamental para fortalecer essa regi\u00e3o, contribuindo para o equil\u00edbrio e estabilidade do corpo. A execu\u00e7\u00e3o consiste em erguer os calcanhares do ch\u00e3o, transferindo o peso para a ponta dos p\u00e9s, enquanto contrai os m\u00fasculos da panturrilha. Mantendo essa posi\u00e7\u00e3o por alguns segundos antes de retornar \u00e0 posi\u00e7\u00e3o inicial.<\/p>\n\n\n\n<p>Esse exerc\u00edcio pode ser intensificado com apoio em uma superf\u00edcie est\u00e1vel para mais seguran\u00e7a, como uma parede ou cadeira, e \u00e9 recomendado realizar de tr\u00eas a quatro s\u00e9ries com 12 a 15 repeti\u00e7\u00f5es cada. Manter a postura \u00e9 fundamental para maximizar os benef\u00edcios e evitar sobrecargas sobre a coluna.<\/p>\n\n\n\n<h2 class=\"wp-block-heading\">Quais as pr\u00e1ticas adicionais para otimizar o Fortalecimento das Pernas?<\/h2>\n\n\n\n<p>Al\u00e9m dos exerc\u00edcios espec\u00edficos para as pernas, \u00e9 aconselh\u00e1vel incorporar atividades aer\u00f3bicas ao regime de treino, como caminhadas, nata\u00e7\u00e3o ou dan\u00e7as. Tais atividades n\u00e3o apenas complementam o treinamento de for\u00e7a, mas tamb\u00e9m melhoram a resist\u00eancia cardiovascular.<\/p>\n\n\n\n<p>Assegurar uma rotina equilibrada que integre tanto exerc\u00edcios de fortalecimento quanto aer\u00f3bicos \u00e9 crucial para uma <a href=\"https:\/\/www.correiobraziliense.com.br\/cbradar\/o-maior-vilao-do-natal-para-alergicos-pode-estar-na-sua-sala\/\" target=\"_blank\" rel=\"noreferrer noopener\">sa\u00fade <\/a>f\u00edsica geral, promovendo n\u00e3o apenas benef\u00edcio muscular, mas tamb\u00e9m bem-estar mental e emocional.<\/p>\n\n\n<a href=\"https:\/\/www.instagram.com\/dra.annaluisabf\/\" target=\"_blank\" rel=\"noopener\" style=\"text-decoration: none; color: inherit;\">\n    <span style=\"display: inline-block; border: 1px solid #ccc; border-radius: 10px; padding: 15px; max-width: 550px; font-family: sans-serif; box-shadow: 0 2px 5px rgba(0,0,0,0.1); width: 100%;\">\n\n      <!-- T\u00edtulo -->\n      <span style=\"display: block; margin: 0 0 15px 0; font-weight: bold; color: #2c3e50; text-align: center;\">\n        Entre em contato:\n      <\/span>\n\n      <!-- Linha do perfil -->\n      <span style=\"display: flex; align-items: center; gap: 15px;\">\n        <img decoding=\"async\"\n          src=\"https:\/\/www.correiobraziliense.com.br\/cbradar\/wp-content\/uploads\/2025\/08\/dra_anna_luisa.jpeg\"\n          alt=\"Foto da Dra. Anna Lu\u00edsa\"\n          style=\"border-radius: 50%; width: 80px; height: 80px; object-fit: cover;\"\n        \/>\n        <span style=\"display: flex; flex-direction: column;\">\n          <span style=\"font-size: 18px; font-weight: 700; color: #2c3e50;\">Dra. Anna Lu\u00edsa Barbosa Fernandes<\/span>\n          <span style=\"color: #555;\">CRM-GO 33.271<\/span>\n        <\/span>\n      <\/span>\n\n      <!-- Redes -->\n      <span style=\"display: flex; align-items: center; gap: 10px; margin-top: 12px;\">\n        <img decoding=\"async\" src=\"https:\/\/cdn-icons-png.flaticon.com\/24\/1384\/1384063.png\" alt=\"Instagram\" width=\"24\" height=\"24\" \/>\n        <span style=\"text-decoration: underline; color: #2c3e50;\">@dra.annaluisabf<\/span>\n      <\/span>\n\n    <\/span>\n  <\/a>","protected":false},"excerpt":{"rendered":"<p>O Fortalecimento das Pernas \u00e9 essencial para manter a estabilidade, melhorar o equil\u00edbrio e garantir a mobilidade, principalmente em idosos e pessoas com dificuldades motoras. Exerc\u00edcios como eleva\u00e7\u00e3o de pernas, abertura lateral, agachamento e eleva\u00e7\u00e3o de panturrilhas s\u00e3o amplamente recomendados para trabalhar diversos grupos musculares das pernas. Realizar esses exerc\u00edcios regularmente pode ajudar a prevenir [&hellip;]<\/p>\n","protected":false},"author":14,"featured_media":151078,"comment_status":"open","ping_status":"open","sticky":false,"template":"","format":"standard","meta":{"jnews-multi-image_gallery":[],"jnews_single_post":{"format":"standard"},"jnews_primary_category":[],"jnews_social_meta":[],"jnews_override_counter":[],"footnotes":""},"categories":[4404],"post_tag":[120,5227,1318],"class_list":["post-151076","post","type-post","status-publish","format-standard","has-post-thumbnail","hentry","category-saude","tag-bem-estar","tag-pernas","tag-saude-2"],"yoast_head":"<!-- This site is optimized with the Yoast SEO plugin v24.6 - https:\/\/yoast.com\/wordpress\/plugins\/seo\/ -->\n<title>Fortale\u00e7a suas pernas com 4 exerc\u00edcios simples e eficazes - Correio Braziliense - Radar<\/title>\n<meta name=\"description\" content=\"Fortalecer as pernas n\u00e3o exige academia. Descubra exerc\u00edcios eficazes que melhoram sua mobilidade e reduzem o risco de les\u00f5es, mesmo no dia a dia.\" \/>\n<meta name=\"robots\" content=\"index, follow, max-snippet:-1, max-image-preview:large, max-video-preview:-1\" \/>\n<link rel=\"canonical\" href=\"https:\/\/www.correiobraziliense.com.br\/cbradar\/fortaleca-suas-pernas-com-4-exercicios-simples-e-eficazes\/\" \/>\n<meta property=\"og:locale\" content=\"pt_BR\" \/>\n<meta property=\"og:type\" content=\"article\" \/>\n<meta property=\"og:title\" content=\"Fortale\u00e7a suas pernas com 4 exerc\u00edcios simples e eficazes - Correio Braziliense - Radar\" \/>\n<meta property=\"og:description\" content=\"Fortalecer as pernas n\u00e3o exige academia. Descubra exerc\u00edcios eficazes que melhoram sua mobilidade e reduzem o risco de les\u00f5es, mesmo no dia a dia.\" \/>\n<meta property=\"og:url\" content=\"https:\/\/www.correiobraziliense.com.br\/cbradar\/fortaleca-suas-pernas-com-4-exercicios-simples-e-eficazes\/\" \/>\n<meta property=\"og:site_name\" content=\"Correio Braziliense - Radar\" \/>\n<meta property=\"article:published_time\" content=\"2025-12-06T21:25:00+00:00\" \/>\n<meta property=\"og:image\" content=\"https:\/\/www.correiobraziliense.com.br\/cbradar\/wp-content\/uploads\/2025\/12\/Fortalecimento-das-Pernas_1765041726006.jpg\" \/>\n\t<meta property=\"og:image:width\" content=\"1280\" \/>\n\t<meta property=\"og:image:height\" content=\"720\" \/>\n\t<meta property=\"og:image:type\" content=\"image\/jpeg\" \/>\n<meta name=\"author\" content=\"guilherme_saude\" \/>\n<meta name=\"twitter:card\" content=\"summary_large_image\" \/>\n<meta name=\"twitter:label1\" content=\"Escrito por\" \/>\n\t<meta name=\"twitter:data1\" content=\"guilherme_saude\" \/>\n\t<meta name=\"twitter:label2\" content=\"Est. tempo de leitura\" \/>\n\t<meta name=\"twitter:data2\" content=\"4 minutos\" \/>\n<!-- \/ Yoast SEO plugin. -->","yoast_head_json":{"title":"Fortale\u00e7a suas pernas com 4 exerc\u00edcios simples e eficazes - Correio Braziliense - Radar","description":"Fortalecer as pernas n\u00e3o exige academia. Descubra exerc\u00edcios eficazes que melhoram sua mobilidade e reduzem o risco de les\u00f5es, mesmo no dia a dia.","robots":{"index":"index","follow":"follow","max-snippet":"max-snippet:-1","max-image-preview":"max-image-preview:large","max-video-preview":"max-video-preview:-1"},"canonical":"https:\/\/www.correiobraziliense.com.br\/cbradar\/fortaleca-suas-pernas-com-4-exercicios-simples-e-eficazes\/","og_locale":"pt_BR","og_type":"article","og_title":"Fortale\u00e7a suas pernas com 4 exerc\u00edcios simples e eficazes - Correio Braziliense - Radar","og_description":"Fortalecer as pernas n\u00e3o exige academia. Descubra exerc\u00edcios eficazes que melhoram sua mobilidade e reduzem o risco de les\u00f5es, mesmo no dia a dia.","og_url":"https:\/\/www.correiobraziliense.com.br\/cbradar\/fortaleca-suas-pernas-com-4-exercicios-simples-e-eficazes\/","og_site_name":"Correio Braziliense - Radar","article_published_time":"2025-12-06T21:25:00+00:00","og_image":[{"width":1280,"height":720,"url":"https:\/\/www.correiobraziliense.com.br\/cbradar\/wp-content\/uploads\/2025\/12\/Fortalecimento-das-Pernas_1765041726006.jpg","type":"image\/jpeg"}],"author":"guilherme_saude","twitter_card":"summary_large_image","twitter_misc":{"Escrito por":"guilherme_saude","Est. tempo de leitura":"4 minutos"},"schema":{"@context":"https:\/\/schema.org","@graph":[{"@type":"WebPage","@id":"https:\/\/www.correiobraziliense.com.br\/cbradar\/fortaleca-suas-pernas-com-4-exercicios-simples-e-eficazes\/","url":"https:\/\/www.correiobraziliense.com.br\/cbradar\/fortaleca-suas-pernas-com-4-exercicios-simples-e-eficazes\/","name":"Fortale\u00e7a suas pernas com 4 exerc\u00edcios simples e eficazes - Correio Braziliense - Radar","isPartOf":{"@id":"https:\/\/www.correiobraziliense.com.br\/cbradar\/#website"},"primaryImageOfPage":{"@id":"https:\/\/www.correiobraziliense.com.br\/cbradar\/fortaleca-suas-pernas-com-4-exercicios-simples-e-eficazes\/#primaryimage"},"image":{"@id":"https:\/\/www.correiobraziliense.com.br\/cbradar\/fortaleca-suas-pernas-com-4-exercicios-simples-e-eficazes\/#primaryimage"},"thumbnailUrl":"https:\/\/www.correiobraziliense.com.br\/cbradar\/wp-content\/uploads\/2025\/12\/Fortalecimento-das-Pernas_1765041726006.jpg","datePublished":"2025-12-06T21:25:00+00:00","author":{"@id":"https:\/\/www.correiobraziliense.com.br\/cbradar\/#\/schema\/person\/5aa4bf3c8fa699c267933611de12978b"},"description":"Fortalecer as pernas n\u00e3o exige academia. Descubra exerc\u00edcios eficazes que melhoram sua mobilidade e reduzem o risco de les\u00f5es, mesmo no dia a dia.","breadcrumb":{"@id":"https:\/\/www.correiobraziliense.com.br\/cbradar\/fortaleca-suas-pernas-com-4-exercicios-simples-e-eficazes\/#breadcrumb"},"inLanguage":"pt-BR","potentialAction":[{"@type":"ReadAction","target":["https:\/\/www.correiobraziliense.com.br\/cbradar\/fortaleca-suas-pernas-com-4-exercicios-simples-e-eficazes\/"]}]},{"@type":"ImageObject","inLanguage":"pt-BR","@id":"https:\/\/www.correiobraziliense.com.br\/cbradar\/fortaleca-suas-pernas-com-4-exercicios-simples-e-eficazes\/#primaryimage","url":"https:\/\/www.correiobraziliense.com.br\/cbradar\/wp-content\/uploads\/2025\/12\/Fortalecimento-das-Pernas_1765041726006.jpg","contentUrl":"https:\/\/www.correiobraziliense.com.br\/cbradar\/wp-content\/uploads\/2025\/12\/Fortalecimento-das-Pernas_1765041726006.jpg","width":1280,"height":720,"caption":"Fortalecimento das Pernas - Cr\u00e9ditos: depositphotos.com \/ split271992.gmail.com"},{"@type":"BreadcrumbList","@id":"https:\/\/www.correiobraziliense.com.br\/cbradar\/fortaleca-suas-pernas-com-4-exercicios-simples-e-eficazes\/#breadcrumb","itemListElement":[{"@type":"ListItem","position":1,"name":"In\u00edcio","item":"https:\/\/www.correiobraziliense.com.br\/cbradar\/"},{"@type":"ListItem","position":2,"name":"Fortale\u00e7a suas pernas com 4 exerc\u00edcios simples e eficazes"}]},{"@type":"WebSite","@id":"https:\/\/www.correiobraziliense.com.br\/cbradar\/#website","url":"https:\/\/www.correiobraziliense.com.br\/cbradar\/","name":"Correio Braziliense - Radar","description":"Acompanhe as \u00faltimas not\u00edcias e fique bem informado sobre tudo o que acontece no Brasil e no mundo.","potentialAction":[{"@type":"SearchAction","target":{"@type":"EntryPoint","urlTemplate":"https:\/\/www.correiobraziliense.com.br\/cbradar\/?s={search_term_string}"},"query-input":{"@type":"PropertyValueSpecification","valueRequired":true,"valueName":"search_term_string"}}],"inLanguage":"pt-BR"},{"@type":"Person","@id":"https:\/\/www.correiobraziliense.com.br\/cbradar\/#\/schema\/person\/5aa4bf3c8fa699c267933611de12978b","name":"guilherme_saude","image":{"@type":"ImageObject","inLanguage":"pt-BR","@id":"https:\/\/www.correiobraziliense.com.br\/cbradar\/#\/schema\/person\/image\/","url":"https:\/\/secure.gravatar.com\/avatar\/df9adfb835d344bc0af109d41756253f?s=96&d=mm&r=g","contentUrl":"https:\/\/secure.gravatar.com\/avatar\/df9adfb835d344bc0af109d41756253f?s=96&d=mm&r=g","caption":"guilherme_saude"},"url":"https:\/\/www.correiobraziliense.com.br\/cbradar\/author\/guilherme_saude\/"}]}},"_links":{"self":[{"href":"https:\/\/www.correiobraziliense.com.br\/cbradar\/wp-json\/wp\/v2\/posts\/151076","targetHints":{"allow":["GET"]}}],"collection":[{"href":"https:\/\/www.correiobraziliense.com.br\/cbradar\/wp-json\/wp\/v2\/posts"}],"about":[{"href":"https:\/\/www.correiobraziliense.com.br\/cbradar\/wp-json\/wp\/v2\/types\/post"}],"author":[{"embeddable":true,"href":"https:\/\/www.correiobraziliense.com.br\/cbradar\/wp-json\/wp\/v2\/users\/14"}],"replies":[{"embeddable":true,"href":"https:\/\/www.correiobraziliense.com.br\/cbradar\/wp-json\/wp\/v2\/comments?post=151076"}],"version-history":[{"count":1,"href":"https:\/\/www.correiobraziliense.com.br\/cbradar\/wp-json\/wp\/v2\/posts\/151076\/revisions"}],"predecessor-version":[{"id":151080,"href":"https:\/\/www.correiobraziliense.com.br\/cbradar\/wp-json\/wp\/v2\/posts\/151076\/revisions\/151080"}],"wp:featuredmedia":[{"embeddable":true,"href":"https:\/\/www.correiobraziliense.com.br\/cbradar\/wp-json\/wp\/v2\/media\/151078"}],"wp:attachment":[{"href":"https:\/\/www.correiobraziliense.com.br\/cbradar\/wp-json\/wp\/v2\/media?parent=151076"}],"wp:term":[{"taxonomy":"category","embeddable":true,"href":"https:\/\/www.correiobraziliense.com.br\/cbradar\/wp-json\/wp\/v2\/categories?post=151076"},{"taxonomy":"post_tag","embeddable":true,"href":"https:\/\/www.correiobraziliense.com.br\/cbradar\/wp-json\/wp\/v2\/post_tag?post=151076"}],"curies":[{"name":"wp","href":"https:\/\/api.w.org\/{rel}","templated":true}]}}