{"id":151081,"date":"2025-12-06T20:25:00","date_gmt":"2025-12-06T23:25:00","guid":{"rendered":"https:\/\/www.correiobraziliense.com.br\/cbradar\/?p=151081"},"modified":"2025-12-06T14:21:55","modified_gmt":"2025-12-06T17:21:55","slug":"a-frequencia-cardiaca-ideal-para-queimar-gordura-rapido","status":"publish","type":"post","link":"https:\/\/www.correiobraziliense.com.br\/cbradar\/a-frequencia-cardiaca-ideal-para-queimar-gordura-rapido\/","title":{"rendered":"A frequ\u00eancia card\u00edaca ideal para queimar gordura r\u00e1pido"},"content":{"rendered":"\n<p>Entender a <strong>Frequ\u00eancia Card\u00edaca<\/strong> ideal durante os treinos \u00e9 crucial para maximizar a queima de gordura e promover o emagrecimento de forma segura e eficaz. Quando o corpo opera em uma faixa de Frequ\u00eancia Card\u00edaca espec\u00edfica, utiliza mais gordura como fonte de energia, aumentando o potencial de perda de peso. A frequ\u00eancia ideal situa-se entre 60% e 75% da Frequ\u00eancia Card\u00edaca m\u00e1xima, um valor que varia dependendo da idade e do sexo do indiv\u00edduo.<\/p>\n\n\n\n<p>A obten\u00e7\u00e3o dessa frequ\u00eancia ideal pode ser facilitada pelo uso de um frequenc\u00edmetro, dispositivo que monitora e sinaliza quando os batimentos card\u00edacos excedem os limites recomendados para o objetivo do treino. Para implementar isso de maneira eficaz, \u00e9 essencial realizar c\u00e1lculos baseados em f\u00f3rmulas que levam em considera\u00e7\u00e3o a idade e o sexo, garantindo precis\u00e3o no alcance das zonas corretas de esfor\u00e7o.<\/p>\n\n\n\n<h2 class=\"wp-block-heading\">Como calcular a Frequ\u00eancia Card\u00edaca ideal?<\/h2>\n\n\n\n<p>Para determinar a faixa ideal de batimentos para queimar gordura, h\u00e1 f\u00f3rmulas espec\u00edficas. No caso dos homens, a f\u00f3rmula \u00e9 &#8220;220 menos a idade&#8221;, enquanto para mulheres \u00e9 &#8220;226 menos a idade&#8221;. Multiplica-se o resultado por 0.60 para obter a frequ\u00eancia m\u00ednima e por 0.75 para a frequ\u00eancia m\u00e1xima. Por exemplo, uma mulher de 30 anos deveria manter sua frequ\u00eancia entre 117 e 147 batimentos por minuto.<\/p>\n\n\n<div class=\"wp-block-image\">\n<figure class=\"aligncenter size-large\"><img decoding=\"async\" width=\"1024\" height=\"576\" src=\"https:\/\/www.correiobraziliense.com.br\/cbradar\/wp-content\/uploads\/2025\/12\/Frequencia-Cardiaca_1765042202277-1024x576.jpg\" alt=\"\" class=\"wp-image-151090\" srcset=\"https:\/\/www.correiobraziliense.com.br\/cbradar\/wp-content\/uploads\/2025\/12\/Frequencia-Cardiaca_1765042202277-1024x576.jpg 1024w, https:\/\/www.correiobraziliense.com.br\/cbradar\/wp-content\/uploads\/2025\/12\/Frequencia-Cardiaca_1765042202277-300x169.jpg 300w, https:\/\/www.correiobraziliense.com.br\/cbradar\/wp-content\/uploads\/2025\/12\/Frequencia-Cardiaca_1765042202277-768x432.jpg 768w, https:\/\/www.correiobraziliense.com.br\/cbradar\/wp-content\/uploads\/2025\/12\/Frequencia-Cardiaca_1765042202277-750x422.jpg 750w, https:\/\/www.correiobraziliense.com.br\/cbradar\/wp-content\/uploads\/2025\/12\/Frequencia-Cardiaca_1765042202277-1140x641.jpg 1140w, https:\/\/www.correiobraziliense.com.br\/cbradar\/wp-content\/uploads\/2025\/12\/Frequencia-Cardiaca_1765042202277.jpg 1280w\" sizes=\"(max-width: 1024px) 100vw, 1024px\" \/><figcaption class=\"wp-element-caption\">Frequ\u00eancia Card\u00edaca &#8211; Cr\u00e9ditos: depositphotos.com \/ adamson<\/figcaption><\/figure><\/div>\n\n\n<h2 class=\"wp-block-heading\">Quais s\u00e3o as zonas de Frequ\u00eancia Card\u00edaca?<\/h2>\n\n\n\n<p>O treino \u00e9 dividido em zonas que se alinham com diferentes inten\u00e7\u00f5es de exerc\u00edcio. A\u00a0<strong>zona de aquecimento<\/strong>\u00a0ou\u00a0<em>Zona 1<\/em>\u00a0atinge de 50% a 60% da Frequ\u00eancia Card\u00edaca m\u00e1xima e \u00e9 ideal para iniciantes ou para momentos de recupera\u00e7\u00e3o. J\u00e1 a\u00a0<strong>Zona 2<\/strong>, que vai de 60% a 70%, \u00e9 indicada para condicionamento f\u00edsico e representa um esfor\u00e7o aer\u00f3bico mais significativo.<\/p>\n\n\n\n<ul class=\"wp-block-list\">\n<li><strong>Zona 3 (Zona Aer\u00f3bica):<\/strong>\u00a0Opera entre 70% e 80% e \u00e9 onde a queima de gordura \u00e9 maximizada, utilizando gorduras, carboidratos e prote\u00ednas.<\/li>\n\n\n\n<li><strong>Zona 4 (Zona Anaer\u00f3bica):<\/strong>\u00a0Key na metaboliza\u00e7\u00e3o do \u00e1cido l\u00e1tico, \u00fatil principalmente para atletas experientes, situando-se entre 80% e 90%.<\/li>\n\n\n\n<li><strong>Zona 5 (Zona de Linha Vermelha):<\/strong>\u00a0\u00c9 associada a esfor\u00e7os m\u00e1ximos de 90% a 100%, sendo recomendada apenas sob rigoroso acompanhamento profissional e por curtos per\u00edodos.<\/li>\n<\/ul>\n\n\n\n<h2 class=\"wp-block-heading\">Cardiovascular, Emagrecimento e Condicionamento F\u00edsico<\/h2>\n\n\n\n<p>Os exerc\u00edcios cardiovasculares s\u00e3o fundamentais para aumentar a Frequ\u00eancia Card\u00edaca, resultando na queima de calorias e promovendo a perda de peso. No entanto, a integra\u00e7\u00e3o com uma dieta equilibrada \u00e9 essencial para otimizar resultados. As orienta\u00e7\u00f5es de um nutricionista podem potencializar a efic\u00e1cia de um regime de treinamentos.<\/p>\n\n\n\n<p>Recomenda-se uma pr\u00e1tica semanal de 150 a 300 minutos de exerc\u00edcios cardiovasculares em intensidade moderada, correspondente a cerca de 30 a 60 minutos di\u00e1rios, cinco vezes por semana. Esse treino deve ser adaptado \u00e0s necessidades e limita\u00e7\u00f5es individuais e sempre supervisionado por um profissional qualificado de educa\u00e7\u00e3o f\u00edsica.<\/p>\n\n\n\n<p>Desta forma, alinhar exerc\u00edcios cardiovasculares com muscula\u00e7\u00e3o pode aumentar significativamente o metabolismo e a consequente queima de gordura, promovendo um ambiente saud\u00e1vel para o emagrecimento sustent\u00e1vel. Al\u00e9m disso, uma avalia\u00e7\u00e3o m\u00e9dica pr\u00e9via \u00e9 sempre ben\u00e9fica para garantir a <a href=\"https:\/\/www.correiobraziliense.com.br\/cbradar\/o-maior-vilao-do-natal-para-alergicos-pode-estar-na-sua-sala\/\" target=\"_blank\" rel=\"noreferrer noopener\">sa\u00fade <\/a>cardiovascular antes de iniciar qualquer plano de treino intenso.<\/p>\n\n\n<a href=\"https:\/\/www.instagram.com\/dra.annaluisabf\/\" target=\"_blank\" rel=\"noopener\" style=\"text-decoration: none; color: inherit;\">\n    <span style=\"display: inline-block; border: 1px solid #ccc; border-radius: 10px; padding: 15px; max-width: 550px; font-family: sans-serif; box-shadow: 0 2px 5px rgba(0,0,0,0.1); width: 100%;\">\n\n      <!-- T\u00edtulo -->\n      <span style=\"display: block; margin: 0 0 15px 0; font-weight: bold; color: #2c3e50; text-align: center;\">\n        Entre em contato:\n      <\/span>\n\n      <!-- Linha do perfil -->\n      <span style=\"display: flex; align-items: center; gap: 15px;\">\n        <img decoding=\"async\"\n          src=\"https:\/\/www.correiobraziliense.com.br\/cbradar\/wp-content\/uploads\/2025\/08\/dra_anna_luisa.jpeg\"\n          alt=\"Foto da Dra. Anna Lu\u00edsa\"\n          style=\"border-radius: 50%; width: 80px; height: 80px; object-fit: cover;\"\n        \/>\n        <span style=\"display: flex; flex-direction: column;\">\n          <span style=\"font-size: 18px; font-weight: 700; color: #2c3e50;\">Dra. Anna Lu\u00edsa Barbosa Fernandes<\/span>\n          <span style=\"color: #555;\">CRM-GO 33.271<\/span>\n        <\/span>\n      <\/span>\n\n      <!-- Redes -->\n      <span style=\"display: flex; align-items: center; gap: 10px; margin-top: 12px;\">\n        <img decoding=\"async\" src=\"https:\/\/cdn-icons-png.flaticon.com\/24\/1384\/1384063.png\" alt=\"Instagram\" width=\"24\" height=\"24\" \/>\n        <span style=\"text-decoration: underline; color: #2c3e50;\">@dra.annaluisabf<\/span>\n      <\/span>\n\n    <\/span>\n  <\/a>","protected":false},"excerpt":{"rendered":"<p>Entender a Frequ\u00eancia Card\u00edaca ideal durante os treinos \u00e9 crucial para maximizar a queima de gordura e promover o emagrecimento de forma segura e eficaz. Quando o corpo opera em uma faixa de Frequ\u00eancia Card\u00edaca espec\u00edfica, utiliza mais gordura como fonte de energia, aumentando o potencial de perda de peso. A frequ\u00eancia ideal situa-se entre [&hellip;]<\/p>\n","protected":false},"author":14,"featured_media":48019,"comment_status":"open","ping_status":"open","sticky":false,"template":"","format":"standard","meta":{"_yoast_wpseo_focuskw":"Frequ\u00eancia Card\u00edaca","_yoast_wpseo_title":"","_yoast_wpseo_metadesc":"Emagrecer depende do ritmo certo. Descubra como usar a frequ\u00eancia card\u00edaca para potencializar a queima de gordura e transformar seu treino.","jnews-multi-image_gallery":[],"jnews_single_post":{"format":"standard"},"jnews_primary_category":[],"jnews_social_meta":[],"jnews_override_counter":[],"footnotes":""},"categories":[4404],"post_tag":[281,120,1318],"class_list":["post-151081","post","type-post","status-publish","format-standard","has-post-thumbnail","hentry","category-saude","tag-alimentacao","tag-bem-estar","tag-saude-2"],"yoast_head":"<!-- This site is optimized with the Yoast SEO plugin v24.6 - https:\/\/yoast.com\/wordpress\/plugins\/seo\/ -->\n<title>A frequ\u00eancia card\u00edaca ideal para queimar gordura r\u00e1pido - Correio Braziliense - Radar<\/title>\n<meta name=\"description\" content=\"Emagrecer depende do ritmo certo. Descubra como usar a frequ\u00eancia card\u00edaca para potencializar a queima de gordura e transformar seu treino.\" \/>\n<meta name=\"robots\" content=\"index, follow, max-snippet:-1, max-image-preview:large, max-video-preview:-1\" \/>\n<link rel=\"canonical\" href=\"https:\/\/www.correiobraziliense.com.br\/cbradar\/a-frequencia-cardiaca-ideal-para-queimar-gordura-rapido\/\" \/>\n<meta property=\"og:locale\" content=\"pt_BR\" \/>\n<meta property=\"og:type\" content=\"article\" \/>\n<meta property=\"og:title\" content=\"A frequ\u00eancia card\u00edaca ideal para queimar gordura r\u00e1pido - Correio Braziliense - Radar\" \/>\n<meta property=\"og:description\" content=\"Emagrecer depende do ritmo certo. Descubra como usar a frequ\u00eancia card\u00edaca para potencializar a queima de gordura e transformar seu treino.\" \/>\n<meta property=\"og:url\" content=\"https:\/\/www.correiobraziliense.com.br\/cbradar\/a-frequencia-cardiaca-ideal-para-queimar-gordura-rapido\/\" \/>\n<meta property=\"og:site_name\" content=\"Correio Braziliense - Radar\" \/>\n<meta property=\"article:published_time\" content=\"2025-12-06T23:25:00+00:00\" \/>\n<meta property=\"og:image\" content=\"https:\/\/www.correiobraziliense.com.br\/cbradar\/wp-content\/uploads\/2025\/06\/taquicardia_1749055751470.jpg\" \/>\n\t<meta property=\"og:image:width\" content=\"1280\" \/>\n\t<meta property=\"og:image:height\" content=\"720\" \/>\n\t<meta property=\"og:image:type\" content=\"image\/jpeg\" \/>\n<meta name=\"author\" content=\"guilherme_saude\" \/>\n<meta name=\"twitter:card\" content=\"summary_large_image\" \/>\n<meta name=\"twitter:label1\" content=\"Escrito por\" \/>\n\t<meta name=\"twitter:data1\" content=\"guilherme_saude\" \/>\n\t<meta name=\"twitter:label2\" content=\"Est. tempo de leitura\" \/>\n\t<meta name=\"twitter:data2\" content=\"4 minutos\" \/>\n<!-- \/ Yoast SEO plugin. -->","yoast_head_json":{"title":"A frequ\u00eancia card\u00edaca ideal para queimar gordura r\u00e1pido - Correio Braziliense - Radar","description":"Emagrecer depende do ritmo certo. Descubra como usar a frequ\u00eancia card\u00edaca para potencializar a queima de gordura e transformar seu treino.","robots":{"index":"index","follow":"follow","max-snippet":"max-snippet:-1","max-image-preview":"max-image-preview:large","max-video-preview":"max-video-preview:-1"},"canonical":"https:\/\/www.correiobraziliense.com.br\/cbradar\/a-frequencia-cardiaca-ideal-para-queimar-gordura-rapido\/","og_locale":"pt_BR","og_type":"article","og_title":"A frequ\u00eancia card\u00edaca ideal para queimar gordura r\u00e1pido - Correio Braziliense - Radar","og_description":"Emagrecer depende do ritmo certo. Descubra como usar a frequ\u00eancia card\u00edaca para potencializar a queima de gordura e transformar seu treino.","og_url":"https:\/\/www.correiobraziliense.com.br\/cbradar\/a-frequencia-cardiaca-ideal-para-queimar-gordura-rapido\/","og_site_name":"Correio Braziliense - Radar","article_published_time":"2025-12-06T23:25:00+00:00","og_image":[{"width":1280,"height":720,"url":"https:\/\/www.correiobraziliense.com.br\/cbradar\/wp-content\/uploads\/2025\/06\/taquicardia_1749055751470.jpg","type":"image\/jpeg"}],"author":"guilherme_saude","twitter_card":"summary_large_image","twitter_misc":{"Escrito por":"guilherme_saude","Est. tempo de leitura":"4 minutos"},"schema":{"@context":"https:\/\/schema.org","@graph":[{"@type":"WebPage","@id":"https:\/\/www.correiobraziliense.com.br\/cbradar\/a-frequencia-cardiaca-ideal-para-queimar-gordura-rapido\/","url":"https:\/\/www.correiobraziliense.com.br\/cbradar\/a-frequencia-cardiaca-ideal-para-queimar-gordura-rapido\/","name":"A frequ\u00eancia card\u00edaca ideal para queimar gordura r\u00e1pido - Correio Braziliense - Radar","isPartOf":{"@id":"https:\/\/www.correiobraziliense.com.br\/cbradar\/#website"},"primaryImageOfPage":{"@id":"https:\/\/www.correiobraziliense.com.br\/cbradar\/a-frequencia-cardiaca-ideal-para-queimar-gordura-rapido\/#primaryimage"},"image":{"@id":"https:\/\/www.correiobraziliense.com.br\/cbradar\/a-frequencia-cardiaca-ideal-para-queimar-gordura-rapido\/#primaryimage"},"thumbnailUrl":"https:\/\/www.correiobraziliense.com.br\/cbradar\/wp-content\/uploads\/2025\/06\/taquicardia_1749055751470.jpg","datePublished":"2025-12-06T23:25:00+00:00","author":{"@id":"https:\/\/www.correiobraziliense.com.br\/cbradar\/#\/schema\/person\/5aa4bf3c8fa699c267933611de12978b"},"description":"Emagrecer depende do ritmo certo. Descubra como usar a frequ\u00eancia card\u00edaca para potencializar a queima de gordura e transformar seu treino.","breadcrumb":{"@id":"https:\/\/www.correiobraziliense.com.br\/cbradar\/a-frequencia-cardiaca-ideal-para-queimar-gordura-rapido\/#breadcrumb"},"inLanguage":"pt-BR","potentialAction":[{"@type":"ReadAction","target":["https:\/\/www.correiobraziliense.com.br\/cbradar\/a-frequencia-cardiaca-ideal-para-queimar-gordura-rapido\/"]}]},{"@type":"ImageObject","inLanguage":"pt-BR","@id":"https:\/\/www.correiobraziliense.com.br\/cbradar\/a-frequencia-cardiaca-ideal-para-queimar-gordura-rapido\/#primaryimage","url":"https:\/\/www.correiobraziliense.com.br\/cbradar\/wp-content\/uploads\/2025\/06\/taquicardia_1749055751470.jpg","contentUrl":"https:\/\/www.correiobraziliense.com.br\/cbradar\/wp-content\/uploads\/2025\/06\/taquicardia_1749055751470.jpg","width":1280,"height":720,"caption":"Cora\u00e7\u00e3o acelerado - Cr\u00e9ditos: depositphotos.com \/ branchecarica"},{"@type":"BreadcrumbList","@id":"https:\/\/www.correiobraziliense.com.br\/cbradar\/a-frequencia-cardiaca-ideal-para-queimar-gordura-rapido\/#breadcrumb","itemListElement":[{"@type":"ListItem","position":1,"name":"In\u00edcio","item":"https:\/\/www.correiobraziliense.com.br\/cbradar\/"},{"@type":"ListItem","position":2,"name":"A frequ\u00eancia card\u00edaca ideal para queimar gordura r\u00e1pido"}]},{"@type":"WebSite","@id":"https:\/\/www.correiobraziliense.com.br\/cbradar\/#website","url":"https:\/\/www.correiobraziliense.com.br\/cbradar\/","name":"Correio Braziliense - Radar","description":"Acompanhe as \u00faltimas not\u00edcias e fique bem informado sobre tudo o que acontece no Brasil e no mundo.","potentialAction":[{"@type":"SearchAction","target":{"@type":"EntryPoint","urlTemplate":"https:\/\/www.correiobraziliense.com.br\/cbradar\/?s={search_term_string}"},"query-input":{"@type":"PropertyValueSpecification","valueRequired":true,"valueName":"search_term_string"}}],"inLanguage":"pt-BR"},{"@type":"Person","@id":"https:\/\/www.correiobraziliense.com.br\/cbradar\/#\/schema\/person\/5aa4bf3c8fa699c267933611de12978b","name":"guilherme_saude","image":{"@type":"ImageObject","inLanguage":"pt-BR","@id":"https:\/\/www.correiobraziliense.com.br\/cbradar\/#\/schema\/person\/image\/","url":"https:\/\/secure.gravatar.com\/avatar\/df9adfb835d344bc0af109d41756253f?s=96&d=mm&r=g","contentUrl":"https:\/\/secure.gravatar.com\/avatar\/df9adfb835d344bc0af109d41756253f?s=96&d=mm&r=g","caption":"guilherme_saude"},"url":"https:\/\/www.correiobraziliense.com.br\/cbradar\/author\/guilherme_saude\/"}]}},"_links":{"self":[{"href":"https:\/\/www.correiobraziliense.com.br\/cbradar\/wp-json\/wp\/v2\/posts\/151081","targetHints":{"allow":["GET"]}}],"collection":[{"href":"https:\/\/www.correiobraziliense.com.br\/cbradar\/wp-json\/wp\/v2\/posts"}],"about":[{"href":"https:\/\/www.correiobraziliense.com.br\/cbradar\/wp-json\/wp\/v2\/types\/post"}],"author":[{"embeddable":true,"href":"https:\/\/www.correiobraziliense.com.br\/cbradar\/wp-json\/wp\/v2\/users\/14"}],"replies":[{"embeddable":true,"href":"https:\/\/www.correiobraziliense.com.br\/cbradar\/wp-json\/wp\/v2\/comments?post=151081"}],"version-history":[{"count":1,"href":"https:\/\/www.correiobraziliense.com.br\/cbradar\/wp-json\/wp\/v2\/posts\/151081\/revisions"}],"predecessor-version":[{"id":151091,"href":"https:\/\/www.correiobraziliense.com.br\/cbradar\/wp-json\/wp\/v2\/posts\/151081\/revisions\/151091"}],"wp:featuredmedia":[{"embeddable":true,"href":"https:\/\/www.correiobraziliense.com.br\/cbradar\/wp-json\/wp\/v2\/media\/48019"}],"wp:attachment":[{"href":"https:\/\/www.correiobraziliense.com.br\/cbradar\/wp-json\/wp\/v2\/media?parent=151081"}],"wp:term":[{"taxonomy":"category","embeddable":true,"href":"https:\/\/www.correiobraziliense.com.br\/cbradar\/wp-json\/wp\/v2\/categories?post=151081"},{"taxonomy":"post_tag","embeddable":true,"href":"https:\/\/www.correiobraziliense.com.br\/cbradar\/wp-json\/wp\/v2\/post_tag?post=151081"}],"curies":[{"name":"wp","href":"https:\/\/api.w.org\/{rel}","templated":true}]}}