{"id":151089,"date":"2025-12-07T16:35:00","date_gmt":"2025-12-07T19:35:00","guid":{"rendered":"https:\/\/www.correiobraziliense.com.br\/cbradar\/?p=151089"},"modified":"2025-12-06T16:41:56","modified_gmt":"2025-12-06T19:41:56","slug":"a-erva-de-cheiro-marcante-que-esconde-um-poderoso-efeito-contra-dores","status":"publish","type":"post","link":"https:\/\/www.correiobraziliense.com.br\/cbradar\/a-erva-de-cheiro-marcante-que-esconde-um-poderoso-efeito-contra-dores\/","title":{"rendered":"A erva de cheiro marcante que esconde um poderoso efeito contra dores"},"content":{"rendered":"\n<p>A <strong>arruda<\/strong> (<em>Ruta graveolens<\/em> L.) \u00e9 uma <strong>planta medicinal<\/strong> com uma rica hist\u00f3ria na medicina popular, valorizada por seu aroma forte e distintivo. Suas folhas cont\u00eam um complexo de <strong>compostos bioativos<\/strong>, especialmente as <strong>furanocumarinas<\/strong> e os <strong>alcaloides<\/strong>, que lhe conferem <strong>propriedades curativas<\/strong> importantes, incluindo not\u00e1vel <strong>a\u00e7\u00e3o anti-inflamat\u00f3ria<\/strong>, antiespasm\u00f3dica e antif\u00fangica.<\/p>\n\n\n\n<ul class=\"wp-block-list\">\n<li>Possui <strong>a\u00e7\u00e3o anti-inflamat\u00f3ria<\/strong> e analg\u00e9sica, usada tradicionalmente para aliviar dores.<\/li>\n\n\n\n<li>Apresenta <strong>propriedades antif\u00fangicas<\/strong> e antimicrobianas, \u00fatil em infec\u00e7\u00f5es t\u00f3picas.<\/li>\n\n\n\n<li>Cont\u00e9m <strong>fitoqu\u00edmicos<\/strong> com <strong>efeito antiespasm\u00f3dico<\/strong>, auxiliando no al\u00edvio de c\u00f3licas.<\/li>\n<\/ul>\n\n\n\n<h2 class=\"wp-block-heading\">Propriedade anti-inflamat\u00f3ria e analg\u00e9sica<\/h2>\n\n\n\n<p>Os <strong>benef\u00edcios terap\u00eauticos<\/strong> da arruda no al\u00edvio da dor e da inflama\u00e7\u00e3o s\u00e3o amplamente reconhecidos na fitoterapia. Os <strong>princ\u00edpios ativos<\/strong> como a rutina e a querecetina, juntamente com o \u00f3leo essencial, exercem um <strong>efeito anti-inflamat\u00f3rio<\/strong> ao modular a produ\u00e7\u00e3o de mediadores da inflama\u00e7\u00e3o. Isso faz com que a arruda seja usada topicamente para aliviar dores reum\u00e1ticas, contus\u00f5es e incha\u00e7os. Estudos farmacol\u00f3gicos confirmam a base cient\u00edfica dessa aplica\u00e7\u00e3o. De acordo com um artigo da <em>Revista Brasileira de Plantas Medicinais<\/em>,<\/p>\n\n\n\n<blockquote class=\"wp-block-quote is-layout-flow wp-block-quote-is-layout-flow\">\n<p><em>&#8220;Extratos de Ruta graveolens demonstraram atividade anti-inflamat\u00f3ria significativa em modelos in vivo, o que est\u00e1 associado \u00e0 inibi\u00e7\u00e3o da migra\u00e7\u00e3o de leuc\u00f3citos e \u00e0 redu\u00e7\u00e3o da produ\u00e7\u00e3o de citocinas inflamat\u00f3rias&#8221;<\/em> (OLIVEIRA <em>et al<\/em>., 2014).<\/p>\n<\/blockquote>\n\n\n<div class=\"wp-block-image\">\n<figure class=\"aligncenter size-large\"><img decoding=\"async\" width=\"1024\" height=\"576\" src=\"https:\/\/www.correiobraziliense.com.br\/cbradar\/wp-content\/uploads\/2025\/05\/arruda-erva_1747404380911-1024x576.jpg\" alt=\"Aprenda a plantar arruda e purificar sua casa naturalmente\" class=\"wp-image-37824\" srcset=\"https:\/\/www.correiobraziliense.com.br\/cbradar\/wp-content\/uploads\/2025\/05\/arruda-erva_1747404380911-1024x576.jpg 1024w, https:\/\/www.correiobraziliense.com.br\/cbradar\/wp-content\/uploads\/2025\/05\/arruda-erva_1747404380911-300x169.jpg 300w, https:\/\/www.correiobraziliense.com.br\/cbradar\/wp-content\/uploads\/2025\/05\/arruda-erva_1747404380911-768x432.jpg 768w, https:\/\/www.correiobraziliense.com.br\/cbradar\/wp-content\/uploads\/2025\/05\/arruda-erva_1747404380911-750x422.jpg 750w, https:\/\/www.correiobraziliense.com.br\/cbradar\/wp-content\/uploads\/2025\/05\/arruda-erva_1747404380911-1140x641.jpg 1140w, https:\/\/www.correiobraziliense.com.br\/cbradar\/wp-content\/uploads\/2025\/05\/arruda-erva_1747404380911.jpg 1280w\" sizes=\"(max-width: 1024px) 100vw, 1024px\" \/><figcaption class=\"wp-element-caption\">A arruda \u00e9 conhecida por sua capacidade de atuar na circula\u00e7\u00e3o sangu\u00ednea &#8211; Cr\u00e9ditos: depositphotos.com \/ arousa<\/figcaption><\/figure><\/div>\n\n\n<p>Leia tamb\u00e9m: <a href=\"https:\/\/www.correiobraziliense.com.br\/cbradar\/essa-erva-simples-virou-aliada-natural-da-saude-renal-segundo-especialistas\/\" target=\"_blank\" rel=\"noreferrer noopener\">Essa erva simples virou aliada natural da sa\u00fade renal segundo especialistas<\/a><\/p>\n\n\n\n<h2 class=\"wp-block-heading\">A\u00e7\u00e3o antif\u00fangica e antimicrobiana t\u00f3pica<\/h2>\n\n\n\n<p>Outra importante <strong>propriedade medicinal<\/strong> da arruda \u00e9 sua <strong>a\u00e7\u00e3o antif\u00fangica e antimicrobiana<\/strong>, atribu\u00edda aos seus \u00f3leos vol\u00e1teis e aos alcaloides como a arborinina. Esses <strong>compostos bioativos<\/strong> s\u00e3o eficazes no combate a certos tipos de fungos e bact\u00e9rias, o que justifica o uso do extrato de arruda em infec\u00e7\u00f5es t\u00f3picas, como micoses cut\u00e2neas e piolhos (uso externo). Essa caracter\u00edstica \u00e9 de grande interesse na <strong>bot\u00e2nica medicinal<\/strong> para formula\u00e7\u00f5es t\u00f3picas. Pesquisas de microbiologia atestam a efic\u00e1cia do \u00f3leo.<\/p>\n\n\n\n<blockquote class=\"wp-block-quote is-layout-flow wp-block-quote-is-layout-flow\">\n<p><em>&#8220;O \u00f3leo essencial de arruda demonstrou atividade inibit\u00f3ria contra uma ampla gama de fungos patog\u00eanicos, incluindo esp\u00e9cies de Candida, sugerindo seu potencial uso como um agente antif\u00fangico natural em produtos de cuidado pessoal&#8221;<\/em> (PAVAN <em>et al<\/em>., 2010).<\/p>\n<\/blockquote>\n\n\n\n<p>Para mais curiosidades dessa erva, o canal do <strong>J\u00falio luchmann<\/strong> mostra outros benef\u00edcios:<\/p>\n\n\n\n<figure class=\"wp-block-embed is-type-video is-provider-tiktok wp-block-embed-tiktok\"><div class=\"wp-block-embed__wrapper\">\n<blockquote class=\"tiktok-embed\" cite=\"https:\/\/www.tiktok.com\/@julioluchmann\/video\/7296132266584018182\" data-video-id=\"7296132266584018182\" data-embed-from=\"oembed\" style=\"max-width:605px; min-width:325px;\"> <section> <a target=\"_blank\" title=\"@julioluchmann\" href=\"https:\/\/www.tiktok.com\/@julioluchmann?refer=embed\">@julioluchmann<\/a> <p>O poder da arruda  <a title=\"arruda\" target=\"_blank\" href=\"https:\/\/www.tiktok.com\/tag\/arruda?refer=embed\">#arruda<\/a> <a title=\"plantas\" target=\"_blank\" href=\"https:\/\/www.tiktok.com\/tag\/plantas?refer=embed\">#plantas<\/a> <a title=\"plantasmedicinais\" target=\"_blank\" href=\"https:\/\/www.tiktok.com\/tag\/plantasmedicinais?refer=embed\">#plantasmedicinais<\/a> <\/p> <a target=\"_blank\" title=\"\u266c som original - J\u00falio luchmann\" href=\"https:\/\/www.tiktok.com\/music\/som-original-7296132320230378246?refer=embed\">\u266c som original &#8211; J\u00falio\u2002luchmann<\/a> <\/section> <\/blockquote> <script async src=\"https:\/\/www.tiktok.com\/embed.js\"><\/script>\n<\/div><\/figure>\n\n\n\n<p><strong>Dica de uso externo<\/strong>: Para infec\u00e7\u00f5es f\u00fangicas leves (micoses), o \u00f3leo essencial dilu\u00eddo em um \u00f3leo vegetal carreador (como \u00f3leo de coco) pode ser aplicado na \u00e1rea afetada, sempre com cautela devido ao risco de fototoxicidade.<\/p>\n\n\n\n<h2 class=\"wp-block-heading\">Risco de fototoxicidade e cuidados com a furanocumarina<\/h2>\n\n\n\n<p>\u00c9 crucial abordar a principal contraindica\u00e7\u00e3o da <strong>arruda<\/strong>: a presen\u00e7a de <strong>furanocumarinas<\/strong> (como o psoraleno e a bergaptena). Esses <strong>fitoqu\u00edmicos<\/strong> tornam a pele extremamente sens\u00edvel \u00e0 luz solar (fototoxicidade). O contato da pele com a planta fresca, seguido pela exposi\u00e7\u00e3o ao sol, pode causar queimaduras, bolhas e dermatite severa. Este \u00e9 um risco s\u00e9rio que deve ser sempre considerado ao manipular a arruda. O livro <em>Plantas Medicinais no Brasil<\/em> adverte sobre o perigo.<\/p>\n\n\n\n<blockquote class=\"wp-block-quote is-layout-flow wp-block-quote-is-layout-flow\">\n<p><em>&#8220;As furanocumarinas presentes na Ruta graveolens s\u00e3o fotot\u00f3xicas, reagindo sob a luz ultravioleta e causando fotodermatite. O manuseio da planta deve ser feito com luvas, e a aplica\u00e7\u00e3o de seus extratos sobre a pele deve evitar rigorosamente a exposi\u00e7\u00e3o solar&#8221;<\/em> (CORR\u00caA, 2018).<\/p>\n<\/blockquote>\n\n\n\n<p>Para aprofundar essa t\u00e9cnica, selecionamos o conte\u00fado do canal <a href=\"https:\/\/www.youtube.com\/@NutricionistaPatriciaLeite\" target=\"_blank\" rel=\"noreferrer noopener\"><\/a><a href=\"https:\/\/www.youtube.com\/@NutricionistaPatriciaLeite\" target=\"_blank\" rel=\"noreferrer noopener\">Nutricionista Patricia Leite<\/a>, que j\u00e1 conta com mais de 8 milh\u00f5es de inscritos. No v\u00eddeo a seguir, o m\u00e9dico detalha outros benef\u00edcios dessa erva na sa\u00fade:<\/p>\n\n\n\n<figure class=\"wp-block-embed is-type-video is-provider-youtube wp-block-embed-youtube wp-embed-aspect-16-9 wp-has-aspect-ratio\"><div class=\"wp-block-embed__wrapper\">\n<div class=\"jeg_video_container jeg_video_content\"><iframe loading=\"lazy\" title=\"CH\u00c1 DE ARRUDA - PARA QUE SERVE e CUIDADOS IMPORTANTES - Como Fazer Certo e Como Tomar\" width=\"500\" height=\"281\" src=\"https:\/\/www.youtube.com\/embed\/u3oJGtPhaCY?feature=oembed\" frameborder=\"0\" allow=\"accelerometer; autoplay; clipboard-write; encrypted-media; gyroscope; picture-in-picture; web-share\" referrerpolicy=\"strict-origin-when-cross-origin\" allowfullscreen><\/iframe><\/div>\n<\/div><\/figure>\n\n\n\n<h2 class=\"wp-block-heading\">Potencial curativo com cautela<\/h2>\n\n\n\n<p>A <strong>arruda<\/strong> \u00e9 uma <strong>planta medicinal<\/strong> com um vasto leque de <strong>propriedades curativas<\/strong>, especialmente sua <strong>a\u00e7\u00e3o anti-inflamat\u00f3ria<\/strong> e antif\u00fangica. No entanto, o conhecimento de seus <strong>compostos bioativos<\/strong>, como as furanocumarinas, \u00e9 indispens\u00e1vel para um uso seguro e respons\u00e1vel, sempre priorizando a cautela devido ao risco de fototoxicidade.<\/p>\n\n\n\n<ul class=\"wp-block-list\">\n<li>Os <strong>flavonoides<\/strong> e <strong>alcaloides<\/strong> da arruda conferem-lhe <strong>propriedades anti-inflamat\u00f3rias<\/strong> e analg\u00e9sicas, \u00fateis para dores musculares.<\/li>\n\n\n\n<li>O <strong>\u00f3leo essencial<\/strong> apresenta <strong>a\u00e7\u00e3o antif\u00fangica<\/strong> e antimicrobiana, sendo estudado para o controle de infec\u00e7\u00f5es t\u00f3picas.<\/li>\n\n\n\n<li>\u00c9 fundamental ter extrema cautela com as furanocumarinas do extrato, que causam forte fototoxicidade na pele exposta ao sol.<\/li>\n<\/ul>\n\n\n\n<h2 class=\"wp-block-heading\">Refer\u00eancias bibliogr\u00e1ficas<\/h2>\n\n\n\n<ul class=\"wp-block-list\">\n<li>CORR\u00caA, Maria do Carmo Lacerda. <em>Plantas Medicinais no Brasil: Nativas e Ex\u00f3ticas<\/em>. 3. ed. Rio de Janeiro: Bertrand Brasil, 2018.<\/li>\n\n\n\n<li>OLIVEIRA, Ana L\u00facia S. <em>et al<\/em>. Estudo da atividade anti-inflamat\u00f3ria e analg\u00e9sica de extrato hidroalco\u00f3lico de <em>Ruta graveolens<\/em> L. <em>Revista Brasileira de Plantas Medicinais<\/em>, v. 16, n. 4, p. 817-823, 2014.<\/li>\n\n\n\n<li>PAVAN, F\u00e1bio R. <em>et al<\/em>. In vitro activity of <em>Ruta graveolens<\/em> L. against species of *Candida*. <em>Brazilian Journal of Microbiology<\/em>, v. 41, n. 2, p. 287-293, 2010.<\/li>\n<\/ul>\n","protected":false},"excerpt":{"rendered":"<p>A arruda (Ruta graveolens L.) \u00e9 uma planta medicinal com uma rica hist\u00f3ria na medicina popular, valorizada por seu aroma forte e distintivo. Suas folhas cont\u00eam um complexo de compostos bioativos, especialmente as furanocumarinas e os alcaloides, que lhe conferem propriedades curativas importantes, incluindo not\u00e1vel a\u00e7\u00e3o anti-inflamat\u00f3ria, antiespasm\u00f3dica e antif\u00fangica. Propriedade anti-inflamat\u00f3ria e analg\u00e9sica Os [&hellip;]<\/p>\n","protected":false},"author":9,"featured_media":151194,"comment_status":"open","ping_status":"open","sticky":false,"template":"","format":"standard","meta":{"_yoast_wpseo_focuskw":"arruda para a sa\u00fade","_yoast_wpseo_title":"","_yoast_wpseo_metadesc":"Erva arom\u00e1tica com a\u00e7\u00e3o anti-inflamat\u00f3ria e antif\u00fangica, eficaz para dores e infec\u00e7\u00f5es, mas que exige cautela pelo risco de fototoxicidade.","jnews-multi-image_gallery":[],"jnews_single_post":{"format":"standard"},"jnews_primary_category":[],"jnews_social_meta":[],"jnews_override_counter":[],"footnotes":""},"categories":[119],"tags":[12241,1720,12373],"class_list":["post-151089","post","type-post","status-publish","format-standard","has-post-thumbnail","hentry","category-bem-estar","tag-aliviar-dores","tag-arruda","tag-eneficios"],"yoast_head":"<!-- This site is optimized with the Yoast SEO plugin v24.6 - https:\/\/yoast.com\/wordpress\/plugins\/seo\/ -->\n<title>A erva de cheiro marcante que esconde um poderoso efeito contra dores - Correio Braziliense - Radar<\/title>\n<meta name=\"description\" content=\"Erva arom\u00e1tica com a\u00e7\u00e3o anti-inflamat\u00f3ria e antif\u00fangica, eficaz para dores e infec\u00e7\u00f5es, mas que exige cautela pelo risco de fototoxicidade.\" \/>\n<meta name=\"robots\" content=\"index, follow, max-snippet:-1, max-image-preview:large, max-video-preview:-1\" \/>\n<link rel=\"canonical\" href=\"https:\/\/www.correiobraziliense.com.br\/cbradar\/a-erva-de-cheiro-marcante-que-esconde-um-poderoso-efeito-contra-dores\/\" \/>\n<meta property=\"og:locale\" content=\"pt_BR\" \/>\n<meta property=\"og:type\" content=\"article\" \/>\n<meta property=\"og:title\" content=\"A erva de cheiro marcante que esconde um poderoso efeito contra dores - Correio Braziliense - Radar\" \/>\n<meta property=\"og:description\" content=\"Erva arom\u00e1tica com a\u00e7\u00e3o anti-inflamat\u00f3ria e antif\u00fangica, eficaz para dores e infec\u00e7\u00f5es, mas que exige cautela pelo risco de fototoxicidade.\" \/>\n<meta property=\"og:url\" content=\"https:\/\/www.correiobraziliense.com.br\/cbradar\/a-erva-de-cheiro-marcante-que-esconde-um-poderoso-efeito-contra-dores\/\" \/>\n<meta property=\"og:site_name\" content=\"Correio Braziliense - Radar\" \/>\n<meta property=\"article:published_time\" content=\"2025-12-07T19:35:00+00:00\" \/>\n<meta property=\"og:image\" content=\"https:\/\/www.correiobraziliense.com.br\/cbradar\/wp-content\/uploads\/2025\/12\/Gemini_Generated_Image_rj030vrj030vrj03-1.png\" \/>\n\t<meta property=\"og:image:width\" content=\"1280\" \/>\n\t<meta property=\"og:image:height\" content=\"720\" \/>\n\t<meta property=\"og:image:type\" content=\"image\/png\" \/>\n<meta name=\"author\" content=\"Daniely Cardoso\" \/>\n<meta name=\"twitter:card\" content=\"summary_large_image\" \/>\n<meta name=\"twitter:label1\" content=\"Escrito por\" \/>\n\t<meta name=\"twitter:data1\" content=\"Daniely Cardoso\" \/>\n\t<meta name=\"twitter:label2\" content=\"Est. tempo de leitura\" \/>\n\t<meta name=\"twitter:data2\" content=\"4 minutos\" \/>\n<!-- \/ Yoast SEO plugin. -->","yoast_head_json":{"title":"A erva de cheiro marcante que esconde um poderoso efeito contra dores - Correio Braziliense - Radar","description":"Erva arom\u00e1tica com a\u00e7\u00e3o anti-inflamat\u00f3ria e antif\u00fangica, eficaz para dores e infec\u00e7\u00f5es, mas que exige cautela pelo risco de fototoxicidade.","robots":{"index":"index","follow":"follow","max-snippet":"max-snippet:-1","max-image-preview":"max-image-preview:large","max-video-preview":"max-video-preview:-1"},"canonical":"https:\/\/www.correiobraziliense.com.br\/cbradar\/a-erva-de-cheiro-marcante-que-esconde-um-poderoso-efeito-contra-dores\/","og_locale":"pt_BR","og_type":"article","og_title":"A erva de cheiro marcante que esconde um poderoso efeito contra dores - Correio Braziliense - Radar","og_description":"Erva arom\u00e1tica com a\u00e7\u00e3o anti-inflamat\u00f3ria e antif\u00fangica, eficaz para dores e infec\u00e7\u00f5es, mas que exige cautela pelo risco de fototoxicidade.","og_url":"https:\/\/www.correiobraziliense.com.br\/cbradar\/a-erva-de-cheiro-marcante-que-esconde-um-poderoso-efeito-contra-dores\/","og_site_name":"Correio Braziliense - Radar","article_published_time":"2025-12-07T19:35:00+00:00","og_image":[{"width":1280,"height":720,"url":"https:\/\/www.correiobraziliense.com.br\/cbradar\/wp-content\/uploads\/2025\/12\/Gemini_Generated_Image_rj030vrj030vrj03-1.png","type":"image\/png"}],"author":"Daniely Cardoso","twitter_card":"summary_large_image","twitter_misc":{"Escrito por":"Daniely Cardoso","Est. tempo de leitura":"4 minutos"},"schema":{"@context":"https:\/\/schema.org","@graph":[{"@type":"WebPage","@id":"https:\/\/www.correiobraziliense.com.br\/cbradar\/a-erva-de-cheiro-marcante-que-esconde-um-poderoso-efeito-contra-dores\/","url":"https:\/\/www.correiobraziliense.com.br\/cbradar\/a-erva-de-cheiro-marcante-que-esconde-um-poderoso-efeito-contra-dores\/","name":"A erva de cheiro marcante que esconde um poderoso efeito contra dores - Correio Braziliense - Radar","isPartOf":{"@id":"https:\/\/www.correiobraziliense.com.br\/cbradar\/#website"},"primaryImageOfPage":{"@id":"https:\/\/www.correiobraziliense.com.br\/cbradar\/a-erva-de-cheiro-marcante-que-esconde-um-poderoso-efeito-contra-dores\/#primaryimage"},"image":{"@id":"https:\/\/www.correiobraziliense.com.br\/cbradar\/a-erva-de-cheiro-marcante-que-esconde-um-poderoso-efeito-contra-dores\/#primaryimage"},"thumbnailUrl":"https:\/\/www.correiobraziliense.com.br\/cbradar\/wp-content\/uploads\/2025\/12\/Gemini_Generated_Image_rj030vrj030vrj03-1.png","datePublished":"2025-12-07T19:35:00+00:00","author":{"@id":"https:\/\/www.correiobraziliense.com.br\/cbradar\/#\/schema\/person\/7356666e12ec0ee53f348ee5db227032"},"description":"Erva arom\u00e1tica com a\u00e7\u00e3o anti-inflamat\u00f3ria e antif\u00fangica, eficaz para dores e infec\u00e7\u00f5es, mas que exige cautela pelo risco de fototoxicidade.","breadcrumb":{"@id":"https:\/\/www.correiobraziliense.com.br\/cbradar\/a-erva-de-cheiro-marcante-que-esconde-um-poderoso-efeito-contra-dores\/#breadcrumb"},"inLanguage":"pt-BR","potentialAction":[{"@type":"ReadAction","target":["https:\/\/www.correiobraziliense.com.br\/cbradar\/a-erva-de-cheiro-marcante-que-esconde-um-poderoso-efeito-contra-dores\/"]}]},{"@type":"ImageObject","inLanguage":"pt-BR","@id":"https:\/\/www.correiobraziliense.com.br\/cbradar\/a-erva-de-cheiro-marcante-que-esconde-um-poderoso-efeito-contra-dores\/#primaryimage","url":"https:\/\/www.correiobraziliense.com.br\/cbradar\/wp-content\/uploads\/2025\/12\/Gemini_Generated_Image_rj030vrj030vrj03-1.png","contentUrl":"https:\/\/www.correiobraziliense.com.br\/cbradar\/wp-content\/uploads\/2025\/12\/Gemini_Generated_Image_rj030vrj030vrj03-1.png","width":1280,"height":720,"caption":"Outra importante propriedade medicinal da arruda \u00e9 sua a\u00e7\u00e3o antif\u00fangica e antimicrobiana"},{"@type":"BreadcrumbList","@id":"https:\/\/www.correiobraziliense.com.br\/cbradar\/a-erva-de-cheiro-marcante-que-esconde-um-poderoso-efeito-contra-dores\/#breadcrumb","itemListElement":[{"@type":"ListItem","position":1,"name":"In\u00edcio","item":"https:\/\/www.correiobraziliense.com.br\/cbradar\/"},{"@type":"ListItem","position":2,"name":"A erva de cheiro marcante que esconde um poderoso efeito contra dores"}]},{"@type":"WebSite","@id":"https:\/\/www.correiobraziliense.com.br\/cbradar\/#website","url":"https:\/\/www.correiobraziliense.com.br\/cbradar\/","name":"Correio Braziliense - Radar","description":"Acompanhe as \u00faltimas not\u00edcias e fique bem informado sobre tudo o que acontece no Brasil e no mundo.","potentialAction":[{"@type":"SearchAction","target":{"@type":"EntryPoint","urlTemplate":"https:\/\/www.correiobraziliense.com.br\/cbradar\/?s={search_term_string}"},"query-input":{"@type":"PropertyValueSpecification","valueRequired":true,"valueName":"search_term_string"}}],"inLanguage":"pt-BR"},{"@type":"Person","@id":"https:\/\/www.correiobraziliense.com.br\/cbradar\/#\/schema\/person\/7356666e12ec0ee53f348ee5db227032","name":"Daniely Cardoso","image":{"@type":"ImageObject","inLanguage":"pt-BR","@id":"https:\/\/www.correiobraziliense.com.br\/cbradar\/#\/schema\/person\/image\/","url":"https:\/\/secure.gravatar.com\/avatar\/4b80ddbd124d1f071b626d52d62e5dff?s=96&d=mm&r=g","contentUrl":"https:\/\/secure.gravatar.com\/avatar\/4b80ddbd124d1f071b626d52d62e5dff?s=96&d=mm&r=g","caption":"Daniely Cardoso"},"description":"Redatora nos portais CB Radar e EM Foco, formada pela Universidade Federal de Goi\u00e1s, em Goi\u00e2nia. Apaixonada por comunica\u00e7\u00e3o, arte, decora\u00e7\u00e3o e tend\u00eancias, atuo na produ\u00e7\u00e3o de conte\u00fados envolventes sobre curiosidades, moda, beleza e paisagismo, sempre com um olhar atento \u00e0s novidades do momento.","sameAs":["https:\/\/www.correiobraziliense.com.br\/cbradar"],"url":"https:\/\/www.correiobraziliense.com.br\/cbradar\/author\/danielymyth\/"}]}},"_links":{"self":[{"href":"https:\/\/www.correiobraziliense.com.br\/cbradar\/wp-json\/wp\/v2\/posts\/151089","targetHints":{"allow":["GET"]}}],"collection":[{"href":"https:\/\/www.correiobraziliense.com.br\/cbradar\/wp-json\/wp\/v2\/posts"}],"about":[{"href":"https:\/\/www.correiobraziliense.com.br\/cbradar\/wp-json\/wp\/v2\/types\/post"}],"author":[{"embeddable":true,"href":"https:\/\/www.correiobraziliense.com.br\/cbradar\/wp-json\/wp\/v2\/users\/9"}],"replies":[{"embeddable":true,"href":"https:\/\/www.correiobraziliense.com.br\/cbradar\/wp-json\/wp\/v2\/comments?post=151089"}],"version-history":[{"count":2,"href":"https:\/\/www.correiobraziliense.com.br\/cbradar\/wp-json\/wp\/v2\/posts\/151089\/revisions"}],"predecessor-version":[{"id":151195,"href":"https:\/\/www.correiobraziliense.com.br\/cbradar\/wp-json\/wp\/v2\/posts\/151089\/revisions\/151195"}],"wp:featuredmedia":[{"embeddable":true,"href":"https:\/\/www.correiobraziliense.com.br\/cbradar\/wp-json\/wp\/v2\/media\/151194"}],"wp:attachment":[{"href":"https:\/\/www.correiobraziliense.com.br\/cbradar\/wp-json\/wp\/v2\/media?parent=151089"}],"wp:term":[{"taxonomy":"category","embeddable":true,"href":"https:\/\/www.correiobraziliense.com.br\/cbradar\/wp-json\/wp\/v2\/categories?post=151089"},{"taxonomy":"post_tag","embeddable":true,"href":"https:\/\/www.correiobraziliense.com.br\/cbradar\/wp-json\/wp\/v2\/tags?post=151089"}],"curies":[{"name":"wp","href":"https:\/\/api.w.org\/{rel}","templated":true}]}}