{"id":151093,"date":"2025-12-06T21:35:00","date_gmt":"2025-12-07T00:35:00","guid":{"rendered":"https:\/\/www.correiobraziliense.com.br\/cbradar\/?p=151093"},"modified":"2025-12-06T14:25:32","modified_gmt":"2025-12-06T17:25:32","slug":"os-sinais-na-pele-que-podem-indicar-cancer-e-passam-despercebidos","status":"publish","type":"post","link":"https:\/\/www.correiobraziliense.com.br\/cbradar\/os-sinais-na-pele-que-podem-indicar-cancer-e-passam-despercebidos\/","title":{"rendered":"Os sinais na pele que podem indicar c\u00e2ncer e passam despercebidos"},"content":{"rendered":"\n<p>O <strong>C\u00e2ncer de Pele<\/strong> \u00e9 uma das doen\u00e7as mais comuns que afetam a popula\u00e7\u00e3o, e sua detec\u00e7\u00e3o precoce \u00e9 essencial para um tratamento eficaz. A identifica\u00e7\u00e3o de sinais suspeitos pode ser feita atrav\u00e9s de uma observa\u00e7\u00e3o atenta das mudan\u00e7as na pele, incluindo manchas, pintas e les\u00f5es que apresentem caracter\u00edsticas incomuns. O diagn\u00f3stico definitivo, contudo, deve sempre ser conduzido por um dermatologista, que pode realizar exames mais espec\u00edficos para confirmar ou descartar a presen\u00e7a de c\u00e2ncer.<\/p>\n\n\n\n<p>Um dos m\u00e9todos mais utilizados para identificar sinais sugestivos de C\u00e2ncer de Pele \u00e9 o exame ABCDE, que se baseia na observa\u00e7\u00e3o das caracter\u00edsticas das les\u00f5es cut\u00e2neas. Este m\u00e9todo focado na\u00a0<strong>assimetria<\/strong>\u00a0(A), bordas irregulares (B),\u00a0<em>varia\u00e7\u00f5es de cor<\/em>\u00a0(C),\u00a0<strong>di\u00e2metro maior que 6 mm<\/strong>\u00a0(D), e\u00a0<em>evolu\u00e7\u00e3o<\/em>\u00a0(E) da les\u00e3o ao longo do tempo. Essas caracter\u00edsticas podem levantar suspeitas de c\u00e2ncer, sendo crucial que qualquer mudan\u00e7a vis\u00edvel na pele seja prontamente avaliada por um especialista.<\/p>\n\n\n\n<h2 class=\"wp-block-heading\">Como identificar o C\u00e2ncer de Pele n\u00e3o melanoma?<\/h2>\n\n\n\n<p>O C\u00e2ncer de Pele n\u00e3o melanoma se manifesta frequentemente atrav\u00e9s de pequenas feridas, n\u00f3dulos ou verrugas na pele, que podem ter colora\u00e7\u00f5es variadas, como branco, vermelho ou rosa, e causar coceira. Esses sinais podem crescer rapidamente, desenvolver cascas e, em alguns casos, apresentar secre\u00e7\u00e3o. Manter-se atento a feridas que n\u00e3o cicatrizam em um per\u00edodo de um m\u00eas ou apresentam sangramentos frequentes \u00e9 fundamental para a detec\u00e7\u00e3o precoce.<\/p>\n\n\n\n<figure class=\"wp-block-image aligncenter size-large\"><img decoding=\"async\" width=\"1024\" height=\"576\" src=\"https:\/\/www.correiobraziliense.com.br\/cbradar\/wp-content\/uploads\/2025\/05\/melanoma_1748361373420-1024x576.jpg\" alt=\"\" class=\"wp-image-43704\" srcset=\"https:\/\/www.correiobraziliense.com.br\/cbradar\/wp-content\/uploads\/2025\/05\/melanoma_1748361373420-1024x576.jpg 1024w, https:\/\/www.correiobraziliense.com.br\/cbradar\/wp-content\/uploads\/2025\/05\/melanoma_1748361373420-300x169.jpg 300w, https:\/\/www.correiobraziliense.com.br\/cbradar\/wp-content\/uploads\/2025\/05\/melanoma_1748361373420-768x432.jpg 768w, https:\/\/www.correiobraziliense.com.br\/cbradar\/wp-content\/uploads\/2025\/05\/melanoma_1748361373420-750x422.jpg 750w, https:\/\/www.correiobraziliense.com.br\/cbradar\/wp-content\/uploads\/2025\/05\/melanoma_1748361373420-1140x641.jpg 1140w, https:\/\/www.correiobraziliense.com.br\/cbradar\/wp-content\/uploads\/2025\/05\/melanoma_1748361373420.jpg 1280w\" sizes=\"(max-width: 1024px) 100vw, 1024px\" \/><figcaption class=\"wp-element-caption\">Voc\u00ea est\u00e1 se protegendo do c\u00e2ncer de pele da forma certa? &#8211; Cr\u00e9ditos: depositphotos.com \/ AndrewLozovyi\n<\/figcaption><\/figure>\n\n\n\n<h2 class=\"wp-block-heading\">O que caracteriza o melanoma?<\/h2>\n\n\n\n<p>O melanoma \u00e9 o tipo de C\u00e2ncer de Pele mais agressivo e pode se desenvolver a partir da transforma\u00e7\u00e3o de uma pinta j\u00e1 existente. Os principais sintomas incluem bordas irregulares, altera\u00e7\u00f5es na cor e no tamanho da pinta, acompanhadas frequentemente por sintomas de descama\u00e7\u00e3o e coceira. O principal fator de risco para o melanoma \u00e9 a exposi\u00e7\u00e3o prolongada ao sol sem a devida prote\u00e7\u00e3o, o que torna o uso di\u00e1rio de protetor solar uma medida preventiva cr\u00edtica.<\/p>\n\n\n\n<h2 class=\"wp-block-heading\">Quais medidas ajudam a prevenir o c\u00e2ncer de pele?<\/h2>\n\n\n\n<p>A preven\u00e7\u00e3o eficaz do c\u00e2ncer de pele envolve a ado\u00e7\u00e3o de pr\u00e1ticas que minimizam a exposi\u00e7\u00e3o aos raios ultravioletas (UV) do sol. Assim, \u00e9 altamente recomendado evitar o sol entre 11h e 16h, utilizando chap\u00e9us de abas largas, roupas de algod\u00e3o ou com prote\u00e7\u00e3o solar, e \u00f3culos escuros com prote\u00e7\u00e3o UV. Aplicar protetor solar de amplo espectro com um fator de prote\u00e7\u00e3o solar (FPS) de pelo menos 30 em todas as \u00e1reas expostas do corpo \u00e9 vital, mesmo nos dias nublados ou durante o inverno.<\/p>\n\n\n\n<ul class=\"wp-block-list\">\n<li><strong>Observar a pele regularmente<\/strong>: Realizar autoexames mensais para identificar mudan\u00e7as em pintas, manchas e les\u00f5es.<\/li>\n\n\n\n<li><strong>Evitar o bronzeamento artificial<\/strong>: As c\u00e2maras de bronzeamento oferecem altos n\u00edveis de radia\u00e7\u00e3o que aumentam significativamente o risco de c\u00e2ncer de pele.<\/li>\n<\/ul>\n\n\n\n<h2 class=\"wp-block-heading\">Quando consultar um m\u00e9dico?<\/h2>\n\n\n\n<p>\u00c9 crucial procurar um dermatologista sempre que houver d\u00favidas ou preocupa\u00e7\u00f5es em rela\u00e7\u00e3o a altera\u00e7\u00f5es na pele. Exames regulares e avalia\u00e7\u00f5es especializadas garantem a detec\u00e7\u00e3o precoce de les\u00f5es malignas e possibilitam a interven\u00e7\u00e3o m\u00e9dica antes que a condi\u00e7\u00e3o avance. Dependendo dos achados iniciais, o m\u00e9dico pode realizar exames mais detalhados, como a bi\u00f3psia de pele, para estabelecer um diagn\u00f3stico conclusivo.<\/p>\n\n\n<a href=\"https:\/\/www.instagram.com\/dra.annaluisabf\/\" target=\"_blank\" rel=\"noopener\" style=\"text-decoration: none; color: inherit;\">\n    <span style=\"display: inline-block; border: 1px solid #ccc; border-radius: 10px; padding: 15px; max-width: 550px; font-family: sans-serif; box-shadow: 0 2px 5px rgba(0,0,0,0.1); width: 100%;\">\n\n      <!-- T\u00edtulo -->\n      <span style=\"display: block; margin: 0 0 15px 0; font-weight: bold; color: #2c3e50; text-align: center;\">\n        Entre em contato:\n      <\/span>\n\n      <!-- Linha do perfil -->\n      <span style=\"display: flex; align-items: center; gap: 15px;\">\n        <img decoding=\"async\"\n          src=\"https:\/\/www.correiobraziliense.com.br\/cbradar\/wp-content\/uploads\/2025\/08\/dra_anna_luisa.jpeg\"\n          alt=\"Foto da Dra. Anna Lu\u00edsa\"\n          style=\"border-radius: 50%; width: 80px; height: 80px; object-fit: cover;\"\n        \/>\n        <span style=\"display: flex; flex-direction: column;\">\n          <span style=\"font-size: 18px; font-weight: 700; color: #2c3e50;\">Dra. Anna Lu\u00edsa Barbosa Fernandes<\/span>\n          <span style=\"color: #555;\">CRM-GO 33.271<\/span>\n        <\/span>\n      <\/span>\n\n      <!-- Redes -->\n      <span style=\"display: flex; align-items: center; gap: 10px; margin-top: 12px;\">\n        <img decoding=\"async\" src=\"https:\/\/cdn-icons-png.flaticon.com\/24\/1384\/1384063.png\" alt=\"Instagram\" width=\"24\" height=\"24\" \/>\n        <span style=\"text-decoration: underline; color: #2c3e50;\">@dra.annaluisabf<\/span>\n      <\/span>\n\n    <\/span>\n  <\/a>","protected":false},"excerpt":{"rendered":"<p>O C\u00e2ncer de Pele \u00e9 uma das doen\u00e7as mais comuns que afetam a popula\u00e7\u00e3o, e sua detec\u00e7\u00e3o precoce \u00e9 essencial para um tratamento eficaz. A identifica\u00e7\u00e3o de sinais suspeitos pode ser feita atrav\u00e9s de uma observa\u00e7\u00e3o atenta das mudan\u00e7as na pele, incluindo manchas, pintas e les\u00f5es que apresentem caracter\u00edsticas incomuns. O diagn\u00f3stico definitivo, contudo, deve [&hellip;]<\/p>\n","protected":false},"author":14,"featured_media":43704,"comment_status":"open","ping_status":"open","sticky":false,"template":"","format":"standard","meta":{"_yoast_wpseo_focuskw":"C\u00e2ncer de Pele","_yoast_wpseo_title":"","_yoast_wpseo_metadesc":"Pinta que muda de cor ou ferida que n\u00e3o cicatriza pode ser c\u00e2ncer de pele. Entenda os sinais e como a detec\u00e7\u00e3o precoce pode salvar vidas.","jnews-multi-image_gallery":[],"jnews_single_post":{"format":"standard"},"jnews_primary_category":[],"jnews_social_meta":[],"jnews_override_counter":[],"footnotes":""},"categories":[4404],"tags":[281,120,1318],"class_list":["post-151093","post","type-post","status-publish","format-standard","has-post-thumbnail","hentry","category-saude","tag-alimentacao","tag-bem-estar","tag-saude-2"],"yoast_head":"<!-- This site is optimized with the Yoast SEO plugin v24.6 - https:\/\/yoast.com\/wordpress\/plugins\/seo\/ -->\n<title>Os sinais na pele que podem indicar c\u00e2ncer e passam despercebidos - Correio Braziliense - Radar<\/title>\n<meta name=\"description\" content=\"Pinta que muda de cor ou ferida que n\u00e3o cicatriza pode ser c\u00e2ncer de pele. Entenda os sinais e como a detec\u00e7\u00e3o precoce pode salvar vidas.\" \/>\n<meta name=\"robots\" content=\"index, follow, max-snippet:-1, max-image-preview:large, max-video-preview:-1\" \/>\n<link rel=\"canonical\" href=\"https:\/\/www.correiobraziliense.com.br\/cbradar\/os-sinais-na-pele-que-podem-indicar-cancer-e-passam-despercebidos\/\" \/>\n<meta property=\"og:locale\" content=\"pt_BR\" \/>\n<meta property=\"og:type\" content=\"article\" \/>\n<meta property=\"og:title\" content=\"Os sinais na pele que podem indicar c\u00e2ncer e passam despercebidos - Correio Braziliense - Radar\" \/>\n<meta property=\"og:description\" content=\"Pinta que muda de cor ou ferida que n\u00e3o cicatriza pode ser c\u00e2ncer de pele. Entenda os sinais e como a detec\u00e7\u00e3o precoce pode salvar vidas.\" \/>\n<meta property=\"og:url\" content=\"https:\/\/www.correiobraziliense.com.br\/cbradar\/os-sinais-na-pele-que-podem-indicar-cancer-e-passam-despercebidos\/\" \/>\n<meta property=\"og:site_name\" content=\"Correio Braziliense - Radar\" \/>\n<meta property=\"article:published_time\" content=\"2025-12-07T00:35:00+00:00\" \/>\n<meta property=\"og:image\" content=\"https:\/\/www.correiobraziliense.com.br\/cbradar\/wp-content\/uploads\/2025\/05\/melanoma_1748361373420.jpg\" \/>\n\t<meta property=\"og:image:width\" content=\"1280\" \/>\n\t<meta property=\"og:image:height\" content=\"720\" \/>\n\t<meta property=\"og:image:type\" content=\"image\/jpeg\" \/>\n<meta name=\"author\" content=\"guilherme_saude\" \/>\n<meta name=\"twitter:card\" content=\"summary_large_image\" \/>\n<meta name=\"twitter:label1\" content=\"Escrito por\" \/>\n\t<meta name=\"twitter:data1\" content=\"guilherme_saude\" \/>\n\t<meta name=\"twitter:label2\" content=\"Est. tempo de leitura\" \/>\n\t<meta name=\"twitter:data2\" content=\"4 minutos\" \/>\n<!-- \/ Yoast SEO plugin. -->","yoast_head_json":{"title":"Os sinais na pele que podem indicar c\u00e2ncer e passam despercebidos - Correio Braziliense - Radar","description":"Pinta que muda de cor ou ferida que n\u00e3o cicatriza pode ser c\u00e2ncer de pele. Entenda os sinais e como a detec\u00e7\u00e3o precoce pode salvar vidas.","robots":{"index":"index","follow":"follow","max-snippet":"max-snippet:-1","max-image-preview":"max-image-preview:large","max-video-preview":"max-video-preview:-1"},"canonical":"https:\/\/www.correiobraziliense.com.br\/cbradar\/os-sinais-na-pele-que-podem-indicar-cancer-e-passam-despercebidos\/","og_locale":"pt_BR","og_type":"article","og_title":"Os sinais na pele que podem indicar c\u00e2ncer e passam despercebidos - Correio Braziliense - Radar","og_description":"Pinta que muda de cor ou ferida que n\u00e3o cicatriza pode ser c\u00e2ncer de pele. Entenda os sinais e como a detec\u00e7\u00e3o precoce pode salvar vidas.","og_url":"https:\/\/www.correiobraziliense.com.br\/cbradar\/os-sinais-na-pele-que-podem-indicar-cancer-e-passam-despercebidos\/","og_site_name":"Correio Braziliense - Radar","article_published_time":"2025-12-07T00:35:00+00:00","og_image":[{"width":1280,"height":720,"url":"https:\/\/www.correiobraziliense.com.br\/cbradar\/wp-content\/uploads\/2025\/05\/melanoma_1748361373420.jpg","type":"image\/jpeg"}],"author":"guilherme_saude","twitter_card":"summary_large_image","twitter_misc":{"Escrito por":"guilherme_saude","Est. tempo de leitura":"4 minutos"},"schema":{"@context":"https:\/\/schema.org","@graph":[{"@type":"WebPage","@id":"https:\/\/www.correiobraziliense.com.br\/cbradar\/os-sinais-na-pele-que-podem-indicar-cancer-e-passam-despercebidos\/","url":"https:\/\/www.correiobraziliense.com.br\/cbradar\/os-sinais-na-pele-que-podem-indicar-cancer-e-passam-despercebidos\/","name":"Os sinais na pele que podem indicar c\u00e2ncer e passam despercebidos - Correio Braziliense - Radar","isPartOf":{"@id":"https:\/\/www.correiobraziliense.com.br\/cbradar\/#website"},"primaryImageOfPage":{"@id":"https:\/\/www.correiobraziliense.com.br\/cbradar\/os-sinais-na-pele-que-podem-indicar-cancer-e-passam-despercebidos\/#primaryimage"},"image":{"@id":"https:\/\/www.correiobraziliense.com.br\/cbradar\/os-sinais-na-pele-que-podem-indicar-cancer-e-passam-despercebidos\/#primaryimage"},"thumbnailUrl":"https:\/\/www.correiobraziliense.com.br\/cbradar\/wp-content\/uploads\/2025\/05\/melanoma_1748361373420.jpg","datePublished":"2025-12-07T00:35:00+00:00","author":{"@id":"https:\/\/www.correiobraziliense.com.br\/cbradar\/#\/schema\/person\/5aa4bf3c8fa699c267933611de12978b"},"description":"Pinta que muda de cor ou ferida que n\u00e3o cicatriza pode ser c\u00e2ncer de pele. Entenda os sinais e como a detec\u00e7\u00e3o precoce pode salvar vidas.","breadcrumb":{"@id":"https:\/\/www.correiobraziliense.com.br\/cbradar\/os-sinais-na-pele-que-podem-indicar-cancer-e-passam-despercebidos\/#breadcrumb"},"inLanguage":"pt-BR","potentialAction":[{"@type":"ReadAction","target":["https:\/\/www.correiobraziliense.com.br\/cbradar\/os-sinais-na-pele-que-podem-indicar-cancer-e-passam-despercebidos\/"]}]},{"@type":"ImageObject","inLanguage":"pt-BR","@id":"https:\/\/www.correiobraziliense.com.br\/cbradar\/os-sinais-na-pele-que-podem-indicar-cancer-e-passam-despercebidos\/#primaryimage","url":"https:\/\/www.correiobraziliense.com.br\/cbradar\/wp-content\/uploads\/2025\/05\/melanoma_1748361373420.jpg","contentUrl":"https:\/\/www.correiobraziliense.com.br\/cbradar\/wp-content\/uploads\/2025\/05\/melanoma_1748361373420.jpg","width":1280,"height":720,"caption":"Voc\u00ea est\u00e1 se protegendo do c\u00e2ncer de pele da forma certa? - Cr\u00e9ditos: depositphotos.com \/ AndrewLozovyi"},{"@type":"BreadcrumbList","@id":"https:\/\/www.correiobraziliense.com.br\/cbradar\/os-sinais-na-pele-que-podem-indicar-cancer-e-passam-despercebidos\/#breadcrumb","itemListElement":[{"@type":"ListItem","position":1,"name":"In\u00edcio","item":"https:\/\/www.correiobraziliense.com.br\/cbradar\/"},{"@type":"ListItem","position":2,"name":"Os sinais na pele que podem indicar c\u00e2ncer e passam despercebidos"}]},{"@type":"WebSite","@id":"https:\/\/www.correiobraziliense.com.br\/cbradar\/#website","url":"https:\/\/www.correiobraziliense.com.br\/cbradar\/","name":"Correio Braziliense - Radar","description":"Acompanhe as \u00faltimas not\u00edcias e fique bem informado sobre tudo o que acontece no Brasil e no mundo.","potentialAction":[{"@type":"SearchAction","target":{"@type":"EntryPoint","urlTemplate":"https:\/\/www.correiobraziliense.com.br\/cbradar\/?s={search_term_string}"},"query-input":{"@type":"PropertyValueSpecification","valueRequired":true,"valueName":"search_term_string"}}],"inLanguage":"pt-BR"},{"@type":"Person","@id":"https:\/\/www.correiobraziliense.com.br\/cbradar\/#\/schema\/person\/5aa4bf3c8fa699c267933611de12978b","name":"guilherme_saude","image":{"@type":"ImageObject","inLanguage":"pt-BR","@id":"https:\/\/www.correiobraziliense.com.br\/cbradar\/#\/schema\/person\/image\/","url":"https:\/\/secure.gravatar.com\/avatar\/df9adfb835d344bc0af109d41756253f?s=96&d=mm&r=g","contentUrl":"https:\/\/secure.gravatar.com\/avatar\/df9adfb835d344bc0af109d41756253f?s=96&d=mm&r=g","caption":"guilherme_saude"},"url":"https:\/\/www.correiobraziliense.com.br\/cbradar\/author\/guilherme_saude\/"}]}},"_links":{"self":[{"href":"https:\/\/www.correiobraziliense.com.br\/cbradar\/wp-json\/wp\/v2\/posts\/151093","targetHints":{"allow":["GET"]}}],"collection":[{"href":"https:\/\/www.correiobraziliense.com.br\/cbradar\/wp-json\/wp\/v2\/posts"}],"about":[{"href":"https:\/\/www.correiobraziliense.com.br\/cbradar\/wp-json\/wp\/v2\/types\/post"}],"author":[{"embeddable":true,"href":"https:\/\/www.correiobraziliense.com.br\/cbradar\/wp-json\/wp\/v2\/users\/14"}],"replies":[{"embeddable":true,"href":"https:\/\/www.correiobraziliense.com.br\/cbradar\/wp-json\/wp\/v2\/comments?post=151093"}],"version-history":[{"count":1,"href":"https:\/\/www.correiobraziliense.com.br\/cbradar\/wp-json\/wp\/v2\/posts\/151093\/revisions"}],"predecessor-version":[{"id":151096,"href":"https:\/\/www.correiobraziliense.com.br\/cbradar\/wp-json\/wp\/v2\/posts\/151093\/revisions\/151096"}],"wp:featuredmedia":[{"embeddable":true,"href":"https:\/\/www.correiobraziliense.com.br\/cbradar\/wp-json\/wp\/v2\/media\/43704"}],"wp:attachment":[{"href":"https:\/\/www.correiobraziliense.com.br\/cbradar\/wp-json\/wp\/v2\/media?parent=151093"}],"wp:term":[{"taxonomy":"category","embeddable":true,"href":"https:\/\/www.correiobraziliense.com.br\/cbradar\/wp-json\/wp\/v2\/categories?post=151093"},{"taxonomy":"post_tag","embeddable":true,"href":"https:\/\/www.correiobraziliense.com.br\/cbradar\/wp-json\/wp\/v2\/tags?post=151093"}],"curies":[{"name":"wp","href":"https:\/\/api.w.org\/{rel}","templated":true}]}}