{"id":151113,"date":"2025-12-07T12:15:00","date_gmt":"2025-12-07T15:15:00","guid":{"rendered":"https:\/\/www.correiobraziliense.com.br\/cbradar\/?p=151113"},"modified":"2025-12-06T15:10:41","modified_gmt":"2025-12-06T18:10:41","slug":"o-proverbio-chines-que-explica-por-que-a-educacao-ainda-e-o-maior-caminho-para-combater-a-pobreza","status":"publish","type":"post","link":"https:\/\/www.correiobraziliense.com.br\/cbradar\/o-proverbio-chines-que-explica-por-que-a-educacao-ainda-e-o-maior-caminho-para-combater-a-pobreza\/","title":{"rendered":"O prov\u00e9rbio chin\u00eas que explica por que a educa\u00e7\u00e3o ainda \u00e9 o maior caminho para combater a pobreza"},"content":{"rendered":"\n<p>Um antigo prov\u00e9rbio chin\u00eas voltou a circular em 2025 em debates sobre desenvolvimento social: <strong>\u201cSe queres um ano de prosperidade, cultiva gr\u00e3os; se queres dez anos, cultiva \u00e1rvores; mas se queres cem anos, educa as pessoas.\u201d<\/strong> A frase, atribu\u00edda a tradi\u00e7\u00f5es ancestrais da China, refor\u00e7a uma ideia amplamente estudada por economistas modernos: o acesso \u00e0 educa\u00e7\u00e3o tem impacto direto na redu\u00e7\u00e3o da pobreza e no crescimento de longo prazo.<\/p>\n\n\n\n<h2 class=\"wp-block-heading\">O que o prov\u00e9rbio realmente quer dizer?<\/h2>\n\n\n\n<p><a href=\"https:\/\/www.correiobraziliense.com.br\/cbradar\/o-proverbio-chines-mais-comentado-que-ensina-a-controlar-a-ira-e-encontrar-paz-mental\/\" target=\"_blank\" rel=\"noreferrer noopener\">A mensagem central \u00e9 simples<\/a>: investimentos econ\u00f4micos pontuais produzem resultados r\u00e1pidos, mas \u00e9 a educa\u00e7\u00e3o que transforma uma sociedade de forma duradoura. Para os s\u00e1bios da antiguidade chinesa, ensinar algu\u00e9m significava n\u00e3o apenas transmitir conhecimento, mas permitir que a pessoa desenvolvesse autonomia, pensamento cr\u00edtico e capacidade de sustento.<\/p>\n\n\n\n<p>Essa vis\u00e3o se encaixa perfeitamente nos debates contempor\u00e2neos, em que especialistas ressaltam que pol\u00edticas educacionais s\u00f3lidas t\u00eam efeito acumulativo, elas atravessam gera\u00e7\u00f5es ao abrir portas para empregos melhores, maior inova\u00e7\u00e3o e melhores condi\u00e7\u00f5es de vida.<\/p>\n\n\n<div class=\"wp-block-image\">\n<figure class=\"aligncenter size-large\"><img decoding=\"async\" width=\"1024\" height=\"576\" src=\"https:\/\/www.correiobraziliense.com.br\/cbradar\/wp-content\/uploads\/2025\/12\/pergaminhos_1765044148047-1024x576.jpg\" alt=\"O prov\u00e9rbio chin\u00eas que explica por que a educa\u00e7\u00e3o ainda \u00e9 o maior caminho para combater a pobreza\" class=\"wp-image-151122\" srcset=\"https:\/\/www.correiobraziliense.com.br\/cbradar\/wp-content\/uploads\/2025\/12\/pergaminhos_1765044148047-1024x576.jpg 1024w, https:\/\/www.correiobraziliense.com.br\/cbradar\/wp-content\/uploads\/2025\/12\/pergaminhos_1765044148047-300x169.jpg 300w, https:\/\/www.correiobraziliense.com.br\/cbradar\/wp-content\/uploads\/2025\/12\/pergaminhos_1765044148047-768x432.jpg 768w, https:\/\/www.correiobraziliense.com.br\/cbradar\/wp-content\/uploads\/2025\/12\/pergaminhos_1765044148047-750x422.jpg 750w, https:\/\/www.correiobraziliense.com.br\/cbradar\/wp-content\/uploads\/2025\/12\/pergaminhos_1765044148047-1140x641.jpg 1140w, https:\/\/www.correiobraziliense.com.br\/cbradar\/wp-content\/uploads\/2025\/12\/pergaminhos_1765044148047.jpg 1280w\" sizes=\"(max-width: 1024px) 100vw, 1024px\" \/><figcaption class=\"wp-element-caption\">Para os s\u00e1bios da antiguidade chinesa, ensinar algu\u00e9m significava n\u00e3o apenas transmitir conhecimento, mas permitir que a pessoa desenvolvesse autonomia &#8211; Cr\u00e9ditos: depositphotos.com \/ AllaSerebrina<\/figcaption><\/figure><\/div>\n\n\n<h2 class=\"wp-block-heading\">Por que o tema voltou a ser discutido em 2025?<\/h2>\n\n\n\n<p>Em 2025, diversos pa\u00edses enfrentam desafios econ\u00f4micos, desigualdades persistentes e mudan\u00e7as no mercado de trabalho provocadas pela digitaliza\u00e7\u00e3o. Esses fatores reacenderam a discuss\u00e3o sobre o papel da educa\u00e7\u00e3o no combate \u00e0 pobreza estrutural.<\/p>\n\n\n\n<p>Pesquisadores apontam que a falta de acesso a ensino de qualidade continua sendo uma das barreiras mais fortes ao desenvolvimento humano. Ao mesmo tempo, pa\u00edses que t\u00eam investido em educa\u00e7\u00e3o t\u00e9cnica, digital e b\u00e1sica mostram avan\u00e7os consistentes na renda m\u00e9dia da popula\u00e7\u00e3o.<\/p>\n\n\n\n<h2 class=\"wp-block-heading\">Como a educa\u00e7\u00e3o interfere diretamente na redu\u00e7\u00e3o da pobreza?<\/h2>\n\n\n\n<p>Estudos internacionais mostram que pessoas com maior escolaridade t\u00eam mais chances de conseguir empregos formais, sal\u00e1rios mais altos e estabilidade econ\u00f4mica. A educa\u00e7\u00e3o tamb\u00e9m reduz a vulnerabilidade a ciclos de pobreza, j\u00e1 que amplia possibilidades de mobilidade social.<\/p>\n\n\n\n<p>No longo prazo, sociedades mais educadas apresentam menor desigualdade, maior produtividade e capacidade de inova\u00e7\u00e3o, fatores essenciais para sustentar crescimento econ\u00f4mico cont\u00ednuo.<\/p>\n\n\n\n<figure class=\"wp-block-image size-large\"><img decoding=\"async\" width=\"1024\" height=\"576\" src=\"https:\/\/www.correiobraziliense.com.br\/cbradar\/wp-content\/uploads\/2025\/12\/kids-studying_1765044224255-1024x576.jpg\" alt=\"O prov\u00e9rbio chin\u00eas que explica por que a educa\u00e7\u00e3o ainda \u00e9 o maior caminho para combater a pobreza \" class=\"wp-image-151125\" srcset=\"https:\/\/www.correiobraziliense.com.br\/cbradar\/wp-content\/uploads\/2025\/12\/kids-studying_1765044224255-1024x576.jpg 1024w, https:\/\/www.correiobraziliense.com.br\/cbradar\/wp-content\/uploads\/2025\/12\/kids-studying_1765044224255-300x169.jpg 300w, https:\/\/www.correiobraziliense.com.br\/cbradar\/wp-content\/uploads\/2025\/12\/kids-studying_1765044224255-768x432.jpg 768w, https:\/\/www.correiobraziliense.com.br\/cbradar\/wp-content\/uploads\/2025\/12\/kids-studying_1765044224255-750x422.jpg 750w, https:\/\/www.correiobraziliense.com.br\/cbradar\/wp-content\/uploads\/2025\/12\/kids-studying_1765044224255-1140x641.jpg 1140w, https:\/\/www.correiobraziliense.com.br\/cbradar\/wp-content\/uploads\/2025\/12\/kids-studying_1765044224255.jpg 1280w\" sizes=\"(max-width: 1024px) 100vw, 1024px\" \/><figcaption class=\"wp-element-caption\">especialistas destacam que melhorar a educa\u00e7\u00e3o b\u00e1sica \u00e9 uma das estrat\u00e9gias mais importantes para reduzir desigualdades regionais &#8211; Cr\u00e9ditos: depositphotos.com \/ ArturVerkhovetskiy<\/figcaption><\/figure>\n\n\n\n<h2 class=\"wp-block-heading\">O prov\u00e9rbio e a realidade brasileira?<\/h2>\n\n\n\n<p>No Brasil, a frase ganha ainda mais for\u00e7a. Em 2025, especialistas destacam que melhorar a <a href=\"https:\/\/www.gov.br\/mec\/pt-br\/crianca-alfabetizada\" target=\"_blank\" rel=\"noreferrer noopener\">educa\u00e7\u00e3o b\u00e1sica <\/a>\u00e9 uma das estrat\u00e9gias mais importantes para reduzir desigualdades regionais e ampliar oportunidades em \u00e1reas vulner\u00e1veis. O investimento em escolas, professores e programas de perman\u00eancia escolar \u00e9 visto como um caminho de transforma\u00e7\u00e3o pr\u00e1tica e duradoura.<\/p>\n\n\n\n<p>A sabedoria chinesa, portanto, permanece atual: combater a pobreza exige a\u00e7\u00f5es amplas, mas nenhuma delas substitui o impacto que a educa\u00e7\u00e3o tem na vida das pessoas e no futuro do pa\u00eds.<\/p>\n","protected":false},"excerpt":{"rendered":"<p>Um antigo prov\u00e9rbio chin\u00eas voltou a circular em 2025 em debates sobre desenvolvimento social: \u201cSe queres um ano de prosperidade, cultiva gr\u00e3os; se queres dez anos, cultiva \u00e1rvores; mas se queres cem anos, educa as pessoas.\u201d A frase, atribu\u00edda a tradi\u00e7\u00f5es ancestrais da China, refor\u00e7a uma ideia amplamente estudada por economistas modernos: o acesso \u00e0 [&hellip;]<\/p>\n","protected":false},"author":18,"featured_media":151119,"comment_status":"open","ping_status":"open","sticky":false,"template":"","format":"standard","meta":{"jnews-multi-image_gallery":[],"jnews_single_post":{"format":"standard"},"jnews_primary_category":[],"jnews_social_meta":[],"jnews_override_counter":[],"footnotes":""},"categories":[112],"post_tag":[4376,12167,10657,7437],"class_list":["post-151113","post","type-post","status-publish","format-standard","has-post-thumbnail","hentry","category-curiosidades","tag-desenvolvimento","tag-proverbio-chines","tag-realidade","tag-sociedade"],"yoast_head":"<!-- This site is optimized with the Yoast SEO plugin v24.6 - https:\/\/yoast.com\/wordpress\/plugins\/seo\/ -->\n<title>O prov\u00e9rbio chin\u00eas que explica por que a educa\u00e7\u00e3o ainda \u00e9 o maior caminho para combater a pobreza - Correio Braziliense - Radar<\/title>\n<meta name=\"description\" content=\"Um antigo prov\u00e9rbio chin\u00eas voltou a circular em 2025 e diz tudo sobre como a educa\u00e7\u00e3o ainda \u00e9 a melhor forma de vencer a pobreza no Brasil.\" \/>\n<meta name=\"robots\" content=\"index, follow, max-snippet:-1, max-image-preview:large, max-video-preview:-1\" \/>\n<link rel=\"canonical\" href=\"https:\/\/www.correiobraziliense.com.br\/cbradar\/o-proverbio-chines-que-explica-por-que-a-educacao-ainda-e-o-maior-caminho-para-combater-a-pobreza\/\" \/>\n<meta property=\"og:locale\" content=\"pt_BR\" \/>\n<meta property=\"og:type\" content=\"article\" \/>\n<meta property=\"og:title\" content=\"O prov\u00e9rbio chin\u00eas que explica por que a educa\u00e7\u00e3o ainda \u00e9 o maior caminho para combater a pobreza - Correio Braziliense - Radar\" \/>\n<meta property=\"og:description\" content=\"Um antigo prov\u00e9rbio chin\u00eas voltou a circular em 2025 e diz tudo sobre como a educa\u00e7\u00e3o ainda \u00e9 a melhor forma de vencer a pobreza no Brasil.\" \/>\n<meta property=\"og:url\" content=\"https:\/\/www.correiobraziliense.com.br\/cbradar\/o-proverbio-chines-que-explica-por-que-a-educacao-ainda-e-o-maior-caminho-para-combater-a-pobreza\/\" \/>\n<meta property=\"og:site_name\" content=\"Correio Braziliense - Radar\" \/>\n<meta property=\"article:published_time\" content=\"2025-12-07T15:15:00+00:00\" \/>\n<meta property=\"og:image\" content=\"https:\/\/www.correiobraziliense.com.br\/cbradar\/wp-content\/uploads\/2025\/12\/china_1765043757803.jpg\" \/>\n\t<meta property=\"og:image:width\" content=\"1280\" \/>\n\t<meta property=\"og:image:height\" content=\"720\" \/>\n\t<meta property=\"og:image:type\" content=\"image\/jpeg\" \/>\n<meta name=\"author\" content=\"Maria Eduarda Pacheco\" \/>\n<meta name=\"twitter:card\" content=\"summary_large_image\" \/>\n<meta name=\"twitter:label1\" content=\"Escrito por\" \/>\n\t<meta name=\"twitter:data1\" content=\"Maria Eduarda Pacheco\" \/>\n\t<meta name=\"twitter:label2\" content=\"Est. tempo de leitura\" \/>\n\t<meta name=\"twitter:data2\" content=\"4 minutos\" \/>\n<!-- \/ Yoast SEO plugin. -->","yoast_head_json":{"title":"O prov\u00e9rbio chin\u00eas que explica por que a educa\u00e7\u00e3o ainda \u00e9 o maior caminho para combater a pobreza - Correio Braziliense - Radar","description":"Um antigo prov\u00e9rbio chin\u00eas voltou a circular em 2025 e diz tudo sobre como a educa\u00e7\u00e3o ainda \u00e9 a melhor forma de vencer a pobreza no Brasil.","robots":{"index":"index","follow":"follow","max-snippet":"max-snippet:-1","max-image-preview":"max-image-preview:large","max-video-preview":"max-video-preview:-1"},"canonical":"https:\/\/www.correiobraziliense.com.br\/cbradar\/o-proverbio-chines-que-explica-por-que-a-educacao-ainda-e-o-maior-caminho-para-combater-a-pobreza\/","og_locale":"pt_BR","og_type":"article","og_title":"O prov\u00e9rbio chin\u00eas que explica por que a educa\u00e7\u00e3o ainda \u00e9 o maior caminho para combater a pobreza - Correio Braziliense - Radar","og_description":"Um antigo prov\u00e9rbio chin\u00eas voltou a circular em 2025 e diz tudo sobre como a educa\u00e7\u00e3o ainda \u00e9 a melhor forma de vencer a pobreza no Brasil.","og_url":"https:\/\/www.correiobraziliense.com.br\/cbradar\/o-proverbio-chines-que-explica-por-que-a-educacao-ainda-e-o-maior-caminho-para-combater-a-pobreza\/","og_site_name":"Correio Braziliense - Radar","article_published_time":"2025-12-07T15:15:00+00:00","og_image":[{"width":1280,"height":720,"url":"https:\/\/www.correiobraziliense.com.br\/cbradar\/wp-content\/uploads\/2025\/12\/china_1765043757803.jpg","type":"image\/jpeg"}],"author":"Maria Eduarda Pacheco","twitter_card":"summary_large_image","twitter_misc":{"Escrito por":"Maria Eduarda Pacheco","Est. tempo de leitura":"4 minutos"},"schema":{"@context":"https:\/\/schema.org","@graph":[{"@type":"WebPage","@id":"https:\/\/www.correiobraziliense.com.br\/cbradar\/o-proverbio-chines-que-explica-por-que-a-educacao-ainda-e-o-maior-caminho-para-combater-a-pobreza\/","url":"https:\/\/www.correiobraziliense.com.br\/cbradar\/o-proverbio-chines-que-explica-por-que-a-educacao-ainda-e-o-maior-caminho-para-combater-a-pobreza\/","name":"O prov\u00e9rbio chin\u00eas que explica por que a educa\u00e7\u00e3o ainda \u00e9 o maior caminho para combater a pobreza - Correio Braziliense - Radar","isPartOf":{"@id":"https:\/\/www.correiobraziliense.com.br\/cbradar\/#website"},"primaryImageOfPage":{"@id":"https:\/\/www.correiobraziliense.com.br\/cbradar\/o-proverbio-chines-que-explica-por-que-a-educacao-ainda-e-o-maior-caminho-para-combater-a-pobreza\/#primaryimage"},"image":{"@id":"https:\/\/www.correiobraziliense.com.br\/cbradar\/o-proverbio-chines-que-explica-por-que-a-educacao-ainda-e-o-maior-caminho-para-combater-a-pobreza\/#primaryimage"},"thumbnailUrl":"https:\/\/www.correiobraziliense.com.br\/cbradar\/wp-content\/uploads\/2025\/12\/china_1765043757803.jpg","datePublished":"2025-12-07T15:15:00+00:00","author":{"@id":"https:\/\/www.correiobraziliense.com.br\/cbradar\/#\/schema\/person\/6fdd694c4c0d658f15df15f390ddf066"},"description":"Um antigo prov\u00e9rbio chin\u00eas voltou a circular em 2025 e diz tudo sobre como a educa\u00e7\u00e3o ainda \u00e9 a melhor forma de vencer a pobreza no Brasil.","breadcrumb":{"@id":"https:\/\/www.correiobraziliense.com.br\/cbradar\/o-proverbio-chines-que-explica-por-que-a-educacao-ainda-e-o-maior-caminho-para-combater-a-pobreza\/#breadcrumb"},"inLanguage":"pt-BR","potentialAction":[{"@type":"ReadAction","target":["https:\/\/www.correiobraziliense.com.br\/cbradar\/o-proverbio-chines-que-explica-por-que-a-educacao-ainda-e-o-maior-caminho-para-combater-a-pobreza\/"]}]},{"@type":"ImageObject","inLanguage":"pt-BR","@id":"https:\/\/www.correiobraziliense.com.br\/cbradar\/o-proverbio-chines-que-explica-por-que-a-educacao-ainda-e-o-maior-caminho-para-combater-a-pobreza\/#primaryimage","url":"https:\/\/www.correiobraziliense.com.br\/cbradar\/wp-content\/uploads\/2025\/12\/china_1765043757803.jpg","contentUrl":"https:\/\/www.correiobraziliense.com.br\/cbradar\/wp-content\/uploads\/2025\/12\/china_1765043757803.jpg","width":1280,"height":720,"caption":"Um antigo prov\u00e9rbio chin\u00eas voltou a circular em 2025 em debates sobre desenvolvimento social - Cr\u00e9ditos: depositphotos.com \/ elwynn"},{"@type":"BreadcrumbList","@id":"https:\/\/www.correiobraziliense.com.br\/cbradar\/o-proverbio-chines-que-explica-por-que-a-educacao-ainda-e-o-maior-caminho-para-combater-a-pobreza\/#breadcrumb","itemListElement":[{"@type":"ListItem","position":1,"name":"In\u00edcio","item":"https:\/\/www.correiobraziliense.com.br\/cbradar\/"},{"@type":"ListItem","position":2,"name":"O prov\u00e9rbio chin\u00eas que explica por que a educa\u00e7\u00e3o ainda \u00e9 o maior caminho para combater a pobreza"}]},{"@type":"WebSite","@id":"https:\/\/www.correiobraziliense.com.br\/cbradar\/#website","url":"https:\/\/www.correiobraziliense.com.br\/cbradar\/","name":"Correio Braziliense - Radar","description":"Acompanhe as \u00faltimas not\u00edcias e fique bem informado sobre tudo o que acontece no Brasil e no mundo.","potentialAction":[{"@type":"SearchAction","target":{"@type":"EntryPoint","urlTemplate":"https:\/\/www.correiobraziliense.com.br\/cbradar\/?s={search_term_string}"},"query-input":{"@type":"PropertyValueSpecification","valueRequired":true,"valueName":"search_term_string"}}],"inLanguage":"pt-BR"},{"@type":"Person","@id":"https:\/\/www.correiobraziliense.com.br\/cbradar\/#\/schema\/person\/6fdd694c4c0d658f15df15f390ddf066","name":"Maria Eduarda Pacheco","image":{"@type":"ImageObject","inLanguage":"pt-BR","@id":"https:\/\/www.correiobraziliense.com.br\/cbradar\/#\/schema\/person\/image\/","url":"https:\/\/secure.gravatar.com\/avatar\/f72a487b26fdeec08ba4868875ea328e?s=96&d=mm&r=g","contentUrl":"https:\/\/secure.gravatar.com\/avatar\/f72a487b26fdeec08ba4868875ea328e?s=96&d=mm&r=g","caption":"Maria Eduarda Pacheco"},"sameAs":["https:\/\/www.correiobraziliense.com.br\/cbradar\/"],"url":"https:\/\/www.correiobraziliense.com.br\/cbradar\/author\/maria-eduarda\/"}]}},"_links":{"self":[{"href":"https:\/\/www.correiobraziliense.com.br\/cbradar\/wp-json\/wp\/v2\/posts\/151113","targetHints":{"allow":["GET"]}}],"collection":[{"href":"https:\/\/www.correiobraziliense.com.br\/cbradar\/wp-json\/wp\/v2\/posts"}],"about":[{"href":"https:\/\/www.correiobraziliense.com.br\/cbradar\/wp-json\/wp\/v2\/types\/post"}],"author":[{"embeddable":true,"href":"https:\/\/www.correiobraziliense.com.br\/cbradar\/wp-json\/wp\/v2\/users\/18"}],"replies":[{"embeddable":true,"href":"https:\/\/www.correiobraziliense.com.br\/cbradar\/wp-json\/wp\/v2\/comments?post=151113"}],"version-history":[{"count":2,"href":"https:\/\/www.correiobraziliense.com.br\/cbradar\/wp-json\/wp\/v2\/posts\/151113\/revisions"}],"predecessor-version":[{"id":151130,"href":"https:\/\/www.correiobraziliense.com.br\/cbradar\/wp-json\/wp\/v2\/posts\/151113\/revisions\/151130"}],"wp:featuredmedia":[{"embeddable":true,"href":"https:\/\/www.correiobraziliense.com.br\/cbradar\/wp-json\/wp\/v2\/media\/151119"}],"wp:attachment":[{"href":"https:\/\/www.correiobraziliense.com.br\/cbradar\/wp-json\/wp\/v2\/media?parent=151113"}],"wp:term":[{"taxonomy":"category","embeddable":true,"href":"https:\/\/www.correiobraziliense.com.br\/cbradar\/wp-json\/wp\/v2\/categories?post=151113"},{"taxonomy":"post_tag","embeddable":true,"href":"https:\/\/www.correiobraziliense.com.br\/cbradar\/wp-json\/wp\/v2\/post_tag?post=151113"}],"curies":[{"name":"wp","href":"https:\/\/api.w.org\/{rel}","templated":true}]}}