{"id":151117,"date":"2025-12-07T16:25:00","date_gmt":"2025-12-07T19:25:00","guid":{"rendered":"https:\/\/www.correiobraziliense.com.br\/cbradar\/?p=151117"},"modified":"2025-12-06T17:41:05","modified_gmt":"2025-12-06T20:41:05","slug":"um-calmante-natural-que-voce-pode-plantar-em-casa-e-usar-para-aliviar-a-tensao-do-dia-a-dia","status":"publish","type":"post","link":"https:\/\/www.correiobraziliense.com.br\/cbradar\/um-calmante-natural-que-voce-pode-plantar-em-casa-e-usar-para-aliviar-a-tensao-do-dia-a-dia\/","title":{"rendered":"Um calmante natural que voc\u00ea pode plantar em casa e usar para aliviar a tens\u00e3o do dia a dia"},"content":{"rendered":"\n<p>O <strong>maracuj\u00e1 roxo<\/strong> (<em>Passiflora edulis<\/em> Sims f. <em>edulis<\/em>) \u00e9 uma variedade de maracuj\u00e1 popular por seu sabor intenso e polpa escura, mas \u00e9 na medicina tradicional que ele se destaca por suas <strong>propriedades curativas<\/strong>. As folhas, flores e frutos cont\u00eam <strong>compostos bioativos<\/strong>, como <strong>flavonoides<\/strong> e <strong>alcaloides<\/strong> (harmano e harmina), que oferecem <strong>benef\u00edcios terap\u00eauticos<\/strong> not\u00e1veis, em especial sua comprovada <strong>a\u00e7\u00e3o calmante<\/strong> e ansiol\u00edtica.<\/p>\n\n\n\n<ul class=\"wp-block-list\">\n<li>Possui forte <strong>a\u00e7\u00e3o ansiol\u00edtica<\/strong> e sedativa suave, auxiliando no combate ao estresse e nervosismo.<\/li>\n\n\n\n<li>Contribui para a melhora da <strong>qualidade do sono<\/strong>, sendo um fitoter\u00e1pico para ins\u00f4nia.<\/li>\n\n\n\n<li>\u00c9 uma planta trepadeira tropical de <strong>f\u00e1cil cultivo<\/strong>, com boa adapta\u00e7\u00e3o a diferentes tipos de solo.<\/li>\n<\/ul>\n\n\n\n<h2 class=\"wp-block-heading\">A\u00e7\u00e3o ansiol\u00edtica e sedativa dos flavonoides<\/h2>\n\n\n\n<p>O principal <strong>benef\u00edcio terap\u00eautico<\/strong> do maracuj\u00e1 roxo \u00e9 sua <strong>propriedade calmante<\/strong> e <strong>a\u00e7\u00e3o ansiol\u00edtica<\/strong>. Essa fun\u00e7\u00e3o \u00e9 amplamente atribu\u00edda aos <strong>flavonoides<\/strong> (especialmente a crisina e a apigenina) presentes nas folhas e flores, que atuam no sistema nervoso central. Esses <strong>princ\u00edpios ativos<\/strong> modulam os receptores do \u00e1cido gama-aminobut\u00edrico (GABA), o neurotransmissor que promove o relaxamento. O uso do ch\u00e1 de maracuj\u00e1 \u00e9 um <strong>rem\u00e9dio natural<\/strong> para a tens\u00e3o. Uma monografia da Comunidade Europeia destaca essa efic\u00e1cia.<\/p>\n\n\n\n<blockquote class=\"wp-block-quote is-layout-flow wp-block-quote-is-layout-flow\">\n<p><em>&#8220;O extrato de Passiflora edulis \u00e9 usado no tratamento sintom\u00e1tico de estados de tens\u00e3o nervosa, irritabilidade e para facilitar o sono, sendo sua a\u00e7\u00e3o atribu\u00edda \u00e0 sinergia entre flavonoides e alcaloides, que induzem um efeito sedativo e ansiol\u00edtico&#8221;<\/em> (EMA, 2014).<\/p>\n<\/blockquote>\n\n\n<div class=\"wp-block-image\">\n<figure class=\"aligncenter size-large\"><img decoding=\"async\" width=\"1024\" height=\"576\" src=\"https:\/\/www.correiobraziliense.com.br\/cbradar\/wp-content\/uploads\/2025\/02\/maracuja-arvore_1740072084509-1024x576.jpg\" alt=\"Como ter uma colheita de maracuj\u00e1 saborosa no seu pr\u00f3prio jardim\" class=\"wp-image-4248\" srcset=\"https:\/\/www.correiobraziliense.com.br\/cbradar\/wp-content\/uploads\/2025\/02\/maracuja-arvore_1740072084509-1024x576.jpg 1024w, https:\/\/www.correiobraziliense.com.br\/cbradar\/wp-content\/uploads\/2025\/02\/maracuja-arvore_1740072084509-300x169.jpg 300w, https:\/\/www.correiobraziliense.com.br\/cbradar\/wp-content\/uploads\/2025\/02\/maracuja-arvore_1740072084509-768x432.jpg 768w, https:\/\/www.correiobraziliense.com.br\/cbradar\/wp-content\/uploads\/2025\/02\/maracuja-arvore_1740072084509-750x422.jpg 750w, https:\/\/www.correiobraziliense.com.br\/cbradar\/wp-content\/uploads\/2025\/02\/maracuja-arvore_1740072084509-1140x642.jpg 1140w, https:\/\/www.correiobraziliense.com.br\/cbradar\/wp-content\/uploads\/2025\/02\/maracuja-arvore_1740072084509.jpg 1279w\" sizes=\"(max-width: 1024px) 100vw, 1024px\" \/><figcaption class=\"wp-element-caption\">O maracuj\u00e1 roxo (<em>Passiflora edulis<\/em> Sims f. <em>edulis<\/em>) \u00e9 uma variedade de maracuj\u00e1 popular por seu sabor intenso &#8211; Cr\u00e9ditos: depositphotos.com \/ aei_cei@hotmail.com<\/figcaption><\/figure><\/div>\n\n\n<p>Leia tamb\u00e9m: <a href=\"https:\/\/www.correiobraziliense.com.br\/cbradar\/como-plantar-em-casa-essa-fruta-poderosa-que-ajuda-a-evitar-caibras-naturalmente\/\" target=\"_blank\" rel=\"noreferrer noopener\">Como plantar em casa essa fruta poderosa que ajuda a evitar c\u00e3ibras naturalmente<\/a><\/p>\n\n\n\n<h2 class=\"wp-block-heading\">Melhora da qualidade do sono e ins\u00f4nia nervosa<\/h2>\n\n\n\n<p>Em decorr\u00eancia de sua <strong>propriedade calmante<\/strong>, o maracuj\u00e1 roxo \u00e9 amplamente recomendado para pessoas que sofrem de <strong>ins\u00f4nia nervosa<\/strong> ou dificuldade em manter o sono. A capacidade dos seus <strong>compostos bioativos<\/strong> em prolongar o tempo de sono e diminuir a lat\u00eancia (tempo para adormecer) o torna um <strong>fitoter\u00e1pico<\/strong> eficaz para promover um repouso mais reparador. Essa \u00e9 uma das <strong>propriedades medicinais<\/strong> mais valorizadas da planta. Pesquisas cl\u00ednicas apoiam o uso do extrato da Passiflora para esse fim.<\/p>\n\n\n\n<blockquote class=\"wp-block-quote is-layout-flow wp-block-quote-is-layout-flow\">\n<p><em>&#8220;O consumo regular do extrato de Passiflora \u00e9 associado \u00e0 melhora subjetiva da qualidade do sono em adultos, demonstrando ser uma alternativa segura para o tratamento de dist\u00farbios leves a moderados do sono relacionados \u00e0 ansiedade&#8221;<\/em> (NASCIMENTO <em>et al<\/em>., 2018).<\/p>\n<\/blockquote>\n\n\n\n<p><strong>Dica de preparo<\/strong>: Para fazer o ch\u00e1, utilize as folhas secas (onde os <strong>compostos bioativos<\/strong> est\u00e3o mais concentrados) em infus\u00e3o, e consuma a bebida morna aproximadamente 45 minutos antes de deitar.<\/p>\n\n\n\n<h2 class=\"wp-block-heading\">Guia pr\u00e1tico de plantio do maracuj\u00e1 roxo<\/h2>\n\n\n\n<p>O <strong>maracuj\u00e1 roxo<\/strong> \u00e9 uma trepadeira vigorosa que exige sol pleno e um bom suporte (como treli\u00e7as ou caramanch\u00f5es) para crescer e produzir. O <strong>plantio<\/strong> \u00e9 geralmente feito por sementes ou mudas. Para o <strong>cultivo<\/strong> caseiro, a prepara\u00e7\u00e3o de um solo f\u00e9rtil, rico em mat\u00e9ria org\u00e2nica e bem drenado, \u00e9 crucial. A planta necessita de umidade constante, mas nunca encharcamento. O sucesso da frutifica\u00e7\u00e3o depende de uma boa poliniza\u00e7\u00e3o. O <em>Manual de Cultivo de Frut\u00edferas<\/em> da EMBRAPA fornece orienta\u00e7\u00f5es essenciais.<\/p>\n\n\n\n<h3 class=\"wp-block-heading\">Requisitos de solo e suporte<\/h3>\n\n\n\n<p>Para plantar o maracuj\u00e1 roxo, escolha um local com <strong>sol pleno<\/strong> e prepare o solo adicionando bastante composto org\u00e2nico. Por ser uma trepadeira, a instala\u00e7\u00e3o de uma <strong>treli\u00e7a<\/strong> ou cerca antes do plantio \u00e9 fundamental para guiar o crescimento da planta e otimizar a colheita. A planta deve ser regada regularmente, especialmente durante o estabelecimento e a frutifica\u00e7\u00e3o. O manual de cultivo indica:<\/p>\n\n\n\n<blockquote class=\"wp-block-quote is-layout-flow wp-block-quote-is-layout-flow\">\n<p><em>&#8220;A Passiflora edulis prospera em solos areno-argilosos e profundos. O suporte f\u00edsico \u00e9 obrigat\u00f3rio, e a planta deve ser manejada em espaldeiras ou treli\u00e7as para garantir a aera\u00e7\u00e3o e facilitar o acesso \u00e0 luz, fatores que impactam a concentra\u00e7\u00e3o de seus fitoqu\u00edmicos&#8221;<\/em> (EMBRAPA, 2015).<\/p>\n<\/blockquote>\n\n\n\n<p>Para voc\u00ea que gosta de plantar em casa, separamos um v\u00eddeo do canal do<a href=\"https:\/\/www.youtube.com\/@AdemarSotoriva\" target=\"_blank\" rel=\"noreferrer noopener\"> Ademar Sotoriva<\/a> onde ele ensina como plantar e os cuidados necess\u00e1rios com o maracuj\u00e1 roxo:<\/p>\n\n\n\n<figure class=\"wp-block-embed is-type-video is-provider-youtube wp-block-embed-youtube wp-embed-aspect-16-9 wp-has-aspect-ratio\"><div class=\"wp-block-embed__wrapper\">\n<div class=\"jeg_video_container jeg_video_content\"><iframe loading=\"lazy\" title=\"Como plantar maracuj\u00e1 roxo\" width=\"500\" height=\"281\" src=\"https:\/\/www.youtube.com\/embed\/KQ2OI2D8TU4?feature=oembed\" frameborder=\"0\" allow=\"accelerometer; autoplay; clipboard-write; encrypted-media; gyroscope; picture-in-picture; web-share\" referrerpolicy=\"strict-origin-when-cross-origin\" allowfullscreen><\/iframe><\/div>\n<\/div><\/figure>\n\n\n\n<h2 class=\"wp-block-heading\">Calma e vitalidade<\/h2>\n\n\n\n<p>O <strong>maracuj\u00e1 roxo<\/strong> \u00e9 um <strong>fitoter\u00e1pico<\/strong> completo que oferece <strong>propriedades curativas<\/strong> poderosas para a sa\u00fade mental e f\u00edsica. Sua <strong>a\u00e7\u00e3o ansiol\u00edtica<\/strong>, suportada pelos <strong>flavonoides<\/strong> e <strong>alcaloides<\/strong>, o torna uma das op\u00e7\u00f5es naturais mais confi\u00e1veis para o combate ao estresse e \u00e0 ins\u00f4nia, facilmente integrado \u00e0 vida di\u00e1ria e ao <strong>cultivo<\/strong> dom\u00e9stico.<\/p>\n\n\n\n<ul class=\"wp-block-list\">\n<li>Os <strong>flavonoides<\/strong> e <strong>alcaloides<\/strong> do maracuj\u00e1 roxo s\u00e3o os <strong>compostos bioativos<\/strong> que conferem a <strong>propriedade calmante<\/strong> e ansiol\u00edtica da planta.<\/li>\n\n\n\n<li>O <strong>benef\u00edcio terap\u00eautico<\/strong> na melhora da <strong>qualidade do sono<\/strong> \u00e9 evidenciado em estudos cl\u00ednicos, sendo um aliado contra a ins\u00f4nia nervosa.<\/li>\n\n\n\n<li>O <strong>cultivo<\/strong> da trepadeira exige <strong>sol pleno<\/strong> e o uso de treli\u00e7as para suportar seu crescimento e maximizar a produ\u00e7\u00e3o.<\/li>\n<\/ul>\n\n\n\n<h2 class=\"wp-block-heading\">Refer\u00eancias Bibliogr\u00e1ficas<\/h2>\n\n\n\n<ul class=\"wp-block-list\">\n<li>EMA. <em>European Medicines Agency Assessment Report on Passiflora incarnata L., herba<\/em>. London: EMA, 2014.<\/li>\n\n\n\n<li>EMBRAPA. <em>Manual T\u00e9cnico de Cultivo do Maracujazeiro<\/em>. 2. ed. Bras\u00edlia: EMBRAPA, 2015.<\/li>\n\n\n\n<li>NASCIMENTO, Maria O. <em>et al<\/em>. Atividade sedativa e ansiol\u00edtica da <em>Passiflora edulis<\/em>: uma revis\u00e3o sistem\u00e1tica. <em>Revista Brasileira de Plantas Medicinais<\/em>, v. 20, n. 4, p. 800-807, 2018.<\/li>\n<\/ul>\n","protected":false},"excerpt":{"rendered":"<p>O maracuj\u00e1 roxo (Passiflora edulis Sims f. edulis) \u00e9 uma variedade de maracuj\u00e1 popular por seu sabor intenso e polpa escura, mas \u00e9 na medicina tradicional que ele se destaca por suas propriedades curativas. As folhas, flores e frutos cont\u00eam compostos bioativos, como flavonoides e alcaloides (harmano e harmina), que oferecem benef\u00edcios terap\u00eauticos not\u00e1veis, em [&hellip;]<\/p>\n","protected":false},"author":9,"featured_media":151257,"comment_status":"open","ping_status":"open","sticky":false,"template":"","format":"standard","meta":{"_yoast_wpseo_focuskw":"Como plantar maracuj\u00e1 roxo","_yoast_wpseo_title":"","_yoast_wpseo_metadesc":"Rico em flavonoides o maracuj\u00e1 roxo combate a ins\u00f4nia e a ansiedade. Saiba como cultivar esta trepadeira com sol pleno e suporte adequado.","jnews-multi-image_gallery":[],"jnews_single_post":{"format":"standard"},"jnews_primary_category":[],"jnews_social_meta":[],"jnews_override_counter":[],"footnotes":""},"categories":[119,4404],"tags":[12383,12382,1318],"class_list":["post-151117","post","type-post","status-publish","format-standard","has-post-thumbnail","hentry","category-bem-estar","category-saude","tag-como-plantar-maracuja-roxo","tag-maracuja-roxo","tag-saude-2"],"yoast_head":"<!-- This site is optimized with the Yoast SEO plugin v24.6 - https:\/\/yoast.com\/wordpress\/plugins\/seo\/ -->\n<title>Um calmante natural que voc\u00ea pode plantar em casa e usar para aliviar a tens\u00e3o do dia a dia - Correio Braziliense - Radar<\/title>\n<meta name=\"description\" content=\"Rico em flavonoides o maracuj\u00e1 roxo combate a ins\u00f4nia e a ansiedade. Saiba como cultivar esta trepadeira com sol pleno e suporte adequado.\" \/>\n<meta name=\"robots\" content=\"index, follow, max-snippet:-1, max-image-preview:large, max-video-preview:-1\" \/>\n<link rel=\"canonical\" href=\"https:\/\/www.correiobraziliense.com.br\/cbradar\/um-calmante-natural-que-voce-pode-plantar-em-casa-e-usar-para-aliviar-a-tensao-do-dia-a-dia\/\" \/>\n<meta property=\"og:locale\" content=\"pt_BR\" \/>\n<meta property=\"og:type\" content=\"article\" \/>\n<meta property=\"og:title\" content=\"Um calmante natural que voc\u00ea pode plantar em casa e usar para aliviar a tens\u00e3o do dia a dia - Correio Braziliense - Radar\" \/>\n<meta property=\"og:description\" content=\"Rico em flavonoides o maracuj\u00e1 roxo combate a ins\u00f4nia e a ansiedade. Saiba como cultivar esta trepadeira com sol pleno e suporte adequado.\" \/>\n<meta property=\"og:url\" content=\"https:\/\/www.correiobraziliense.com.br\/cbradar\/um-calmante-natural-que-voce-pode-plantar-em-casa-e-usar-para-aliviar-a-tensao-do-dia-a-dia\/\" \/>\n<meta property=\"og:site_name\" content=\"Correio Braziliense - Radar\" \/>\n<meta property=\"article:published_time\" content=\"2025-12-07T19:25:00+00:00\" \/>\n<meta property=\"og:image\" content=\"https:\/\/www.correiobraziliense.com.br\/cbradar\/wp-content\/uploads\/2025\/12\/Gemini_Generated_Image_hzxzeqhzxzeqhzxz-1.png\" \/>\n\t<meta property=\"og:image:width\" content=\"1280\" \/>\n\t<meta property=\"og:image:height\" content=\"720\" \/>\n\t<meta property=\"og:image:type\" content=\"image\/png\" \/>\n<meta name=\"author\" content=\"Daniely Cardoso\" \/>\n<meta name=\"twitter:card\" content=\"summary_large_image\" \/>\n<meta name=\"twitter:label1\" content=\"Escrito por\" \/>\n\t<meta name=\"twitter:data1\" content=\"Daniely Cardoso\" \/>\n\t<meta name=\"twitter:label2\" content=\"Est. tempo de leitura\" \/>\n\t<meta name=\"twitter:data2\" content=\"5 minutos\" \/>\n<!-- \/ Yoast SEO plugin. -->","yoast_head_json":{"title":"Um calmante natural que voc\u00ea pode plantar em casa e usar para aliviar a tens\u00e3o do dia a dia - Correio Braziliense - Radar","description":"Rico em flavonoides o maracuj\u00e1 roxo combate a ins\u00f4nia e a ansiedade. Saiba como cultivar esta trepadeira com sol pleno e suporte adequado.","robots":{"index":"index","follow":"follow","max-snippet":"max-snippet:-1","max-image-preview":"max-image-preview:large","max-video-preview":"max-video-preview:-1"},"canonical":"https:\/\/www.correiobraziliense.com.br\/cbradar\/um-calmante-natural-que-voce-pode-plantar-em-casa-e-usar-para-aliviar-a-tensao-do-dia-a-dia\/","og_locale":"pt_BR","og_type":"article","og_title":"Um calmante natural que voc\u00ea pode plantar em casa e usar para aliviar a tens\u00e3o do dia a dia - Correio Braziliense - Radar","og_description":"Rico em flavonoides o maracuj\u00e1 roxo combate a ins\u00f4nia e a ansiedade. Saiba como cultivar esta trepadeira com sol pleno e suporte adequado.","og_url":"https:\/\/www.correiobraziliense.com.br\/cbradar\/um-calmante-natural-que-voce-pode-plantar-em-casa-e-usar-para-aliviar-a-tensao-do-dia-a-dia\/","og_site_name":"Correio Braziliense - Radar","article_published_time":"2025-12-07T19:25:00+00:00","og_image":[{"width":1280,"height":720,"url":"https:\/\/www.correiobraziliense.com.br\/cbradar\/wp-content\/uploads\/2025\/12\/Gemini_Generated_Image_hzxzeqhzxzeqhzxz-1.png","type":"image\/png"}],"author":"Daniely Cardoso","twitter_card":"summary_large_image","twitter_misc":{"Escrito por":"Daniely Cardoso","Est. tempo de leitura":"5 minutos"},"schema":{"@context":"https:\/\/schema.org","@graph":[{"@type":"WebPage","@id":"https:\/\/www.correiobraziliense.com.br\/cbradar\/um-calmante-natural-que-voce-pode-plantar-em-casa-e-usar-para-aliviar-a-tensao-do-dia-a-dia\/","url":"https:\/\/www.correiobraziliense.com.br\/cbradar\/um-calmante-natural-que-voce-pode-plantar-em-casa-e-usar-para-aliviar-a-tensao-do-dia-a-dia\/","name":"Um calmante natural que voc\u00ea pode plantar em casa e usar para aliviar a tens\u00e3o do dia a dia - Correio Braziliense - Radar","isPartOf":{"@id":"https:\/\/www.correiobraziliense.com.br\/cbradar\/#website"},"primaryImageOfPage":{"@id":"https:\/\/www.correiobraziliense.com.br\/cbradar\/um-calmante-natural-que-voce-pode-plantar-em-casa-e-usar-para-aliviar-a-tensao-do-dia-a-dia\/#primaryimage"},"image":{"@id":"https:\/\/www.correiobraziliense.com.br\/cbradar\/um-calmante-natural-que-voce-pode-plantar-em-casa-e-usar-para-aliviar-a-tensao-do-dia-a-dia\/#primaryimage"},"thumbnailUrl":"https:\/\/www.correiobraziliense.com.br\/cbradar\/wp-content\/uploads\/2025\/12\/Gemini_Generated_Image_hzxzeqhzxzeqhzxz-1.png","datePublished":"2025-12-07T19:25:00+00:00","author":{"@id":"https:\/\/www.correiobraziliense.com.br\/cbradar\/#\/schema\/person\/7356666e12ec0ee53f348ee5db227032"},"description":"Rico em flavonoides o maracuj\u00e1 roxo combate a ins\u00f4nia e a ansiedade. Saiba como cultivar esta trepadeira com sol pleno e suporte adequado.","breadcrumb":{"@id":"https:\/\/www.correiobraziliense.com.br\/cbradar\/um-calmante-natural-que-voce-pode-plantar-em-casa-e-usar-para-aliviar-a-tensao-do-dia-a-dia\/#breadcrumb"},"inLanguage":"pt-BR","potentialAction":[{"@type":"ReadAction","target":["https:\/\/www.correiobraziliense.com.br\/cbradar\/um-calmante-natural-que-voce-pode-plantar-em-casa-e-usar-para-aliviar-a-tensao-do-dia-a-dia\/"]}]},{"@type":"ImageObject","inLanguage":"pt-BR","@id":"https:\/\/www.correiobraziliense.com.br\/cbradar\/um-calmante-natural-que-voce-pode-plantar-em-casa-e-usar-para-aliviar-a-tensao-do-dia-a-dia\/#primaryimage","url":"https:\/\/www.correiobraziliense.com.br\/cbradar\/wp-content\/uploads\/2025\/12\/Gemini_Generated_Image_hzxzeqhzxzeqhzxz-1.png","contentUrl":"https:\/\/www.correiobraziliense.com.br\/cbradar\/wp-content\/uploads\/2025\/12\/Gemini_Generated_Image_hzxzeqhzxzeqhzxz-1.png","width":1280,"height":720,"caption":"Contribui para a melhora da qualidade do sono, sendo um fitoter\u00e1pico para ins\u00f4nia."},{"@type":"BreadcrumbList","@id":"https:\/\/www.correiobraziliense.com.br\/cbradar\/um-calmante-natural-que-voce-pode-plantar-em-casa-e-usar-para-aliviar-a-tensao-do-dia-a-dia\/#breadcrumb","itemListElement":[{"@type":"ListItem","position":1,"name":"In\u00edcio","item":"https:\/\/www.correiobraziliense.com.br\/cbradar\/"},{"@type":"ListItem","position":2,"name":"Um calmante natural que voc\u00ea pode plantar em casa e usar para aliviar a tens\u00e3o do dia a dia"}]},{"@type":"WebSite","@id":"https:\/\/www.correiobraziliense.com.br\/cbradar\/#website","url":"https:\/\/www.correiobraziliense.com.br\/cbradar\/","name":"Correio Braziliense - Radar","description":"Acompanhe as \u00faltimas not\u00edcias e fique bem informado sobre tudo o que acontece no Brasil e no mundo.","potentialAction":[{"@type":"SearchAction","target":{"@type":"EntryPoint","urlTemplate":"https:\/\/www.correiobraziliense.com.br\/cbradar\/?s={search_term_string}"},"query-input":{"@type":"PropertyValueSpecification","valueRequired":true,"valueName":"search_term_string"}}],"inLanguage":"pt-BR"},{"@type":"Person","@id":"https:\/\/www.correiobraziliense.com.br\/cbradar\/#\/schema\/person\/7356666e12ec0ee53f348ee5db227032","name":"Daniely Cardoso","image":{"@type":"ImageObject","inLanguage":"pt-BR","@id":"https:\/\/www.correiobraziliense.com.br\/cbradar\/#\/schema\/person\/image\/","url":"https:\/\/secure.gravatar.com\/avatar\/4b80ddbd124d1f071b626d52d62e5dff?s=96&d=mm&r=g","contentUrl":"https:\/\/secure.gravatar.com\/avatar\/4b80ddbd124d1f071b626d52d62e5dff?s=96&d=mm&r=g","caption":"Daniely Cardoso"},"description":"Redatora nos portais CB Radar e EM Foco, formada pela Universidade Federal de Goi\u00e1s, em Goi\u00e2nia. Apaixonada por comunica\u00e7\u00e3o, arte, decora\u00e7\u00e3o e tend\u00eancias, atuo na produ\u00e7\u00e3o de conte\u00fados envolventes sobre curiosidades, moda, beleza e paisagismo, sempre com um olhar atento \u00e0s novidades do momento.","sameAs":["https:\/\/www.correiobraziliense.com.br\/cbradar"],"url":"https:\/\/www.correiobraziliense.com.br\/cbradar\/author\/danielymyth\/"}]}},"_links":{"self":[{"href":"https:\/\/www.correiobraziliense.com.br\/cbradar\/wp-json\/wp\/v2\/posts\/151117","targetHints":{"allow":["GET"]}}],"collection":[{"href":"https:\/\/www.correiobraziliense.com.br\/cbradar\/wp-json\/wp\/v2\/posts"}],"about":[{"href":"https:\/\/www.correiobraziliense.com.br\/cbradar\/wp-json\/wp\/v2\/types\/post"}],"author":[{"embeddable":true,"href":"https:\/\/www.correiobraziliense.com.br\/cbradar\/wp-json\/wp\/v2\/users\/9"}],"replies":[{"embeddable":true,"href":"https:\/\/www.correiobraziliense.com.br\/cbradar\/wp-json\/wp\/v2\/comments?post=151117"}],"version-history":[{"count":3,"href":"https:\/\/www.correiobraziliense.com.br\/cbradar\/wp-json\/wp\/v2\/posts\/151117\/revisions"}],"predecessor-version":[{"id":151259,"href":"https:\/\/www.correiobraziliense.com.br\/cbradar\/wp-json\/wp\/v2\/posts\/151117\/revisions\/151259"}],"wp:featuredmedia":[{"embeddable":true,"href":"https:\/\/www.correiobraziliense.com.br\/cbradar\/wp-json\/wp\/v2\/media\/151257"}],"wp:attachment":[{"href":"https:\/\/www.correiobraziliense.com.br\/cbradar\/wp-json\/wp\/v2\/media?parent=151117"}],"wp:term":[{"taxonomy":"category","embeddable":true,"href":"https:\/\/www.correiobraziliense.com.br\/cbradar\/wp-json\/wp\/v2\/categories?post=151117"},{"taxonomy":"post_tag","embeddable":true,"href":"https:\/\/www.correiobraziliense.com.br\/cbradar\/wp-json\/wp\/v2\/tags?post=151117"}],"curies":[{"name":"wp","href":"https:\/\/api.w.org\/{rel}","templated":true}]}}